{"id":31767,"date":"2025-08-25T13:35:54","date_gmt":"2025-08-25T13:35:54","guid":{"rendered":"https:\/\/www.manabi.gob.ec\/?p=31767"},"modified":"2025-08-25T13:35:56","modified_gmt":"2025-08-25T13:35:56","slug":"puente-128-inaugurado-en-cerro-verde-de-tosagua-representa-progreso-y-esperanza","status":"publish","type":"post","link":"https:\/\/www.manabi.gob.ec\/index.php\/puente-128-inaugurado-en-cerro-verde-de-tosagua-representa-progreso-y-esperanza\/","title":{"rendered":"Puente #128 inaugurado en Cerro Verde de Tosagua representa progreso y esperanza"},"content":{"rendered":"\n<p>Este s\u00e1bado 23 de agosto, el prefecto de Manab\u00ed, Leonardo Orlando, inaugur\u00f3 el puente n\u00famero 128 de su administraci\u00f3n, ubicado en la comunidad Cerro Verde del cant\u00f3n Tosagua. La obra fue recibida con alegr\u00eda por los habitantes, quienes durante a\u00f1os so\u00f1aron con esta conexi\u00f3n segura para mejorar su movilidad y calidad de vida.<\/p>\n\n\n\n<p>\u201cAl inaugurar este puente, usted, se\u00f1or prefecto, tambi\u00e9n ha inaugurado el desarrollo de cada una de las comunidades que se benefician\u201d, expres\u00f3 Antonio Delgado, presidente de los agricultores de Tosagua. \u201cMiles de quintales de ma\u00edz se sacan por aqu\u00ed, y ahora ya no habr\u00e1 inconvenientes en el invierno para transitar\u201d, agreg\u00f3.<\/p>\n\n\n\n<p>El nuevo viaducto, de 18 metros de longitud y 8 metros de ancho, brinda a las familias una infraestructura que garantiza seguridad, conectividad y oportunidades de desarrollo. La comunidad Cerro Verde, a trav\u00e9s de su presidente, entreg\u00f3 una placa de reconocimiento al prefecto Leonardo Orlando \u201cpor su arduo trabajo y compromiso\u201d.<\/p>\n\n\n\n<p>La obra, financiada con una inversi\u00f3n cercana a los 300 mil d\u00f3lares mediante un cr\u00e9dito del Banco de Desarrollo del Ecuador, beneficia directamente a comunidades como El Viento, Cerro Verde, El Polvar, El Venado, Los Pechiches, El Toro, Mutre Adentro, La Florida y Matapalo Adentro. Se estima que permitir\u00e1 movilizar de manera m\u00e1s \u00e1gil y segura un promedio de dos millones de quintales de ma\u00edz producidos en esta zona altamente agr\u00edcola.<\/p>\n\n\n\n<p>Durante el acto inaugural, que cont\u00f3 con la presencia de autoridades locales y dirigentes comunitarios, el Prefecto destac\u00f3 que adem\u00e1s del puente, la Prefectura viene atendiendo a los sectores aleda\u00f1os con proyectos viales planificados. Entre ellos, el mejoramiento de la v\u00eda desde la E15, entrada a El Viento, hasta Palo Verde (4,8 km), y el tramo Palo Verde \u2013 Cerro Verde \u2013 Pechichal (3,4 km).<\/p>\n\n\n\n<p>Orlando tambi\u00e9n resalt\u00f3 el impulso y la recuperaci\u00f3n del proyecto de riego San Agust\u00edn, actualmente en ejecuci\u00f3n con m\u00e1s del 90% de avance, que beneficiar\u00e1 a cientos de productores al garantizar un mejor aprovechamiento de los recursos h\u00eddricos.<\/p>\n\n\n\n<p>\u201cEstamos cumpliendo con obras hist\u00f3ricamente esperadas, pero tambi\u00e9n con una planificaci\u00f3n integral que combina caminos, riego y conectividad. Ratifico mi compromiso de seguir trabajando junto a ustedes, fortaleciendo el desarrollo y la integraci\u00f3n de las comunidades rurales de Tosagua y Sucre\u201d, afirm\u00f3 el prefecto.<\/p>\n","protected":false},"excerpt":{"rendered":"<p>Este s\u00e1bado 23 de agosto, el prefecto de Manab\u00ed, Leonardo Orlando, inaugur\u00f3 el puente n\u00famero 128 de su administraci\u00f3n, ubicado en la comunidad Cerro Verde del cant\u00f3n Tosagua. La obra fue recibida con alegr\u00eda por los habitantes, quienes durante a\u00f1os so\u00f1aron con esta conexi\u00f3n segura para mejorar su movilidad y calidad de vida. \u201cAl inaugurar [&hellip;]<\/p>\n","protected":false},"author":10,"featured_media":31768,"comment_status":"closed","ping_status":"closed","sticky":false,"template":"","format":"standard","meta":{"_joinchat":[],"footnotes":""},"categories":[150,142,92,181,91,130],"tags":[],"class_list":["post-31767","post","type-post","status-publish","format-standard","has-post-thumbnail","hentry","category-ambiente","category-desarrollo-social","category-noticias-manabi","category-obra-publica","category-todas","category-tosagua"],"yoast_head":"<!-- This site is optimized with the Yoast SEO plugin v27.4 - https:\/\/yoast.com\/product\/yoast-seo-wordpress\/ -->\n<title>Puente #128 inaugurado en Cerro Verde de Tosagua representa progreso y esperanza - Prefectura de Manab\u00ed<\/title>\n<meta name=\"robots\" content=\"index, follow, max-snippet:-1, max-image-preview:large, max-video-preview:-1\" \/>\n<link rel=\"canonical\" href=\"https:\/\/www.manabi.gob.ec\/index.php\/puente-128-inaugurado-en-cerro-verde-de-tosagua-representa-progreso-y-esperanza\/\" \/>\n<meta property=\"og:locale\" content=\"es_ES\" \/>\n<meta property=\"og:type\" content=\"article\" \/>\n<meta property=\"og:title\" content=\"Puente #128 inaugurado en Cerro Verde de Tosagua representa progreso y esperanza - Prefectura de Manab\u00ed\" \/>\n<meta property=\"og:description\" content=\"Este s\u00e1bado 23 de agosto, el prefecto de Manab\u00ed, Leonardo Orlando, inaugur\u00f3 el puente n\u00famero 128 de su administraci\u00f3n, ubicado en la comunidad Cerro Verde del cant\u00f3n Tosagua. La obra fue recibida con alegr\u00eda por los habitantes, quienes durante a\u00f1os so\u00f1aron con esta conexi\u00f3n segura para mejorar su movilidad y calidad de vida. \u201cAl inaugurar [&hellip;]\" \/>\n<meta property=\"og:url\" content=\"https:\/\/www.manabi.gob.ec\/index.php\/puente-128-inaugurado-en-cerro-verde-de-tosagua-representa-progreso-y-esperanza\/\" \/>\n<meta property=\"og:site_name\" content=\"Prefectura de Manab\u00ed\" \/>\n<meta property=\"article:published_time\" content=\"2025-08-25T13:35:54+00:00\" \/>\n<meta property=\"article:modified_time\" content=\"2025-08-25T13:35:56+00:00\" \/>\n<meta property=\"og:image\" content=\"https:\/\/www.manabi.gob.ec\/wp-content\/uploads\/2025\/08\/WhatsApp-Image-2025-08-25-at-8.32.05-AM-scaled.jpeg\" \/>\n\t<meta property=\"og:image:width\" content=\"2560\" \/>\n\t<meta property=\"og:image:height\" content=\"1706\" \/>\n\t<meta property=\"og:image:type\" content=\"image\/jpeg\" \/>\n<meta name=\"author\" content=\"Lui Ochoa\" \/>\n<meta name=\"twitter:card\" content=\"summary_large_image\" \/>\n<meta name=\"twitter:label1\" content=\"Escrito por\" \/>\n\t<meta name=\"twitter:data1\" content=\"Lui Ochoa\" \/>\n\t<meta name=\"twitter:label2\" content=\"Tiempo de lectura\" \/>\n\t<meta name=\"twitter:data2\" content=\"2 minutos\" \/>\n<script type=\"application\/ld+json\" class=\"yoast-schema-graph\">{\"@context\":\"https:\\\/\\\/schema.org\",\"@graph\":[{\"@type\":\"Article\",\"@id\":\"https:\\\/\\\/www.manabi.gob.ec\\\/index.php\\\/puente-128-inaugurado-en-cerro-verde-de-tosagua-representa-progreso-y-esperanza\\\/#article\",\"isPartOf\":{\"@id\":\"https:\\\/\\\/www.manabi.gob.ec\\\/index.php\\\/puente-128-inaugurado-en-cerro-verde-de-tosagua-representa-progreso-y-esperanza\\\/\"},\"author\":{\"name\":\"Lui Ochoa\",\"@id\":\"https:\\\/\\\/www.manabi.gob.ec\\\/#\\\/schema\\\/person\\\/c4f117989332ad723a6ced5994aa7d7a\"},\"headline\":\"Puente #128 inaugurado en Cerro Verde de Tosagua representa progreso y esperanza\",\"datePublished\":\"2025-08-25T13:35:54+00:00\",\"dateModified\":\"2025-08-25T13:35:56+00:00\",\"mainEntityOfPage\":{\"@id\":\"https:\\\/\\\/www.manabi.gob.ec\\\/index.php\\\/puente-128-inaugurado-en-cerro-verde-de-tosagua-representa-progreso-y-esperanza\\\/\"},\"wordCount\":405,\"image\":{\"@id\":\"https:\\\/\\\/www.manabi.gob.ec\\\/index.php\\\/puente-128-inaugurado-en-cerro-verde-de-tosagua-representa-progreso-y-esperanza\\\/#primaryimage\"},\"thumbnailUrl\":\"https:\\\/\\\/www.manabi.gob.ec\\\/wp-content\\\/uploads\\\/2025\\\/08\\\/WhatsApp-Image-2025-08-25-at-8.32.05-AM-scaled.jpeg\",\"articleSection\":[\"Ambiente\",\"Desarrollo Social\",\"Noticias\",\"Obra P\u00fablica\",\"Todas\",\"Tosagua\"],\"inLanguage\":\"es\"},{\"@type\":\"WebPage\",\"@id\":\"https:\\\/\\\/www.manabi.gob.ec\\\/index.php\\\/puente-128-inaugurado-en-cerro-verde-de-tosagua-representa-progreso-y-esperanza\\\/\",\"url\":\"https:\\\/\\\/www.manabi.gob.ec\\\/index.php\\\/puente-128-inaugurado-en-cerro-verde-de-tosagua-representa-progreso-y-esperanza\\\/\",\"name\":\"Puente #128 inaugurado en Cerro Verde de Tosagua representa progreso y esperanza - Prefectura de Manab\u00ed\",\"isPartOf\":{\"@id\":\"https:\\\/\\\/www.manabi.gob.ec\\\/#website\"},\"primaryImageOfPage\":{\"@id\":\"https:\\\/\\\/www.manabi.gob.ec\\\/index.php\\\/puente-128-inaugurado-en-cerro-verde-de-tosagua-representa-progreso-y-esperanza\\\/#primaryimage\"},\"image\":{\"@id\":\"https:\\\/\\\/www.manabi.gob.ec\\\/index.php\\\/puente-128-inaugurado-en-cerro-verde-de-tosagua-representa-progreso-y-esperanza\\\/#primaryimage\"},\"thumbnailUrl\":\"https:\\\/\\\/www.manabi.gob.ec\\\/wp-content\\\/uploads\\\/2025\\\/08\\\/WhatsApp-Image-2025-08-25-at-8.32.05-AM-scaled.jpeg\",\"datePublished\":\"2025-08-25T13:35:54+00:00\",\"dateModified\":\"2025-08-25T13:35:56+00:00\",\"author\":{\"@id\":\"https:\\\/\\\/www.manabi.gob.ec\\\/#\\\/schema\\\/person\\\/c4f117989332ad723a6ced5994aa7d7a\"},\"breadcrumb\":{\"@id\":\"https:\\\/\\\/www.manabi.gob.ec\\\/index.php\\\/puente-128-inaugurado-en-cerro-verde-de-tosagua-representa-progreso-y-esperanza\\\/#breadcrumb\"},\"inLanguage\":\"es\",\"potentialAction\":[{\"@type\":\"ReadAction\",\"target\":[\"https:\\\/\\\/www.manabi.gob.ec\\\/index.php\\\/puente-128-inaugurado-en-cerro-verde-de-tosagua-representa-progreso-y-esperanza\\\/\"]}]},{\"@type\":\"ImageObject\",\"inLanguage\":\"es\",\"@id\":\"https:\\\/\\\/www.manabi.gob.ec\\\/index.php\\\/puente-128-inaugurado-en-cerro-verde-de-tosagua-representa-progreso-y-esperanza\\\/#primaryimage\",\"url\":\"https:\\\/\\\/www.manabi.gob.ec\\\/wp-content\\\/uploads\\\/2025\\\/08\\\/WhatsApp-Image-2025-08-25-at-8.32.05-AM-scaled.jpeg\",\"contentUrl\":\"https:\\\/\\\/www.manabi.gob.ec\\\/wp-content\\\/uploads\\\/2025\\\/08\\\/WhatsApp-Image-2025-08-25-at-8.32.05-AM-scaled.jpeg\",\"width\":2560,\"height\":1706},{\"@type\":\"BreadcrumbList\",\"@id\":\"https:\\\/\\\/www.manabi.gob.ec\\\/index.php\\\/puente-128-inaugurado-en-cerro-verde-de-tosagua-representa-progreso-y-esperanza\\\/#breadcrumb\",\"itemListElement\":[{\"@type\":\"ListItem\",\"position\":1,\"name\":\"Portada\",\"item\":\"https:\\\/\\\/www.manabi.gob.ec\\\/\"},{\"@type\":\"ListItem\",\"position\":2,\"name\":\"Puente #128 inaugurado en Cerro Verde de Tosagua representa progreso y esperanza\"}]},{\"@type\":\"WebSite\",\"@id\":\"https:\\\/\\\/www.manabi.gob.ec\\\/#website\",\"url\":\"https:\\\/\\\/www.manabi.gob.ec\\\/\",\"name\":\"Prefectura de Manab\u00ed\",\"description\":\"P\u00e1gina web de la prefectura\",\"potentialAction\":[{\"@type\":\"SearchAction\",\"target\":{\"@type\":\"EntryPoint\",\"urlTemplate\":\"https:\\\/\\\/www.manabi.gob.ec\\\/?s={search_term_string}\"},\"query-input\":{\"@type\":\"PropertyValueSpecification\",\"valueRequired\":true,\"valueName\":\"search_term_string\"}}],\"inLanguage\":\"es\"},{\"@type\":\"Person\",\"@id\":\"https:\\\/\\\/www.manabi.gob.ec\\\/#\\\/schema\\\/person\\\/c4f117989332ad723a6ced5994aa7d7a\",\"name\":\"Lui Ochoa\",\"image\":{\"@type\":\"ImageObject\",\"inLanguage\":\"es\",\"@id\":\"https:\\\/\\\/secure.gravatar.com\\\/avatar\\\/6e8017d0fe69dead8a95864d2eb6e1e1d8bf8e01194ba49cf7b897ff038126ba?s=96&d=mm&r=g\",\"url\":\"https:\\\/\\\/secure.gravatar.com\\\/avatar\\\/6e8017d0fe69dead8a95864d2eb6e1e1d8bf8e01194ba49cf7b897ff038126ba?s=96&d=mm&r=g\",\"contentUrl\":\"https:\\\/\\\/secure.gravatar.com\\\/avatar\\\/6e8017d0fe69dead8a95864d2eb6e1e1d8bf8e01194ba49cf7b897ff038126ba?s=96&d=mm&r=g\",\"caption\":\"Lui Ochoa\"},\"url\":\"https:\\\/\\\/www.manabi.gob.ec\\\/index.php\\\/author\\\/lochoa\\\/\"}]}<\/script>\n<!-- \/ Yoast SEO plugin. -->","yoast_head_json":{"title":"Puente #128 inaugurado en Cerro Verde de Tosagua representa progreso y esperanza - Prefectura de Manab\u00ed","robots":{"index":"index","follow":"follow","max-snippet":"max-snippet:-1","max-image-preview":"max-image-preview:large","max-video-preview":"max-video-preview:-1"},"canonical":"https:\/\/www.manabi.gob.ec\/index.php\/puente-128-inaugurado-en-cerro-verde-de-tosagua-representa-progreso-y-esperanza\/","og_locale":"es_ES","og_type":"article","og_title":"Puente #128 inaugurado en Cerro Verde de Tosagua representa progreso y esperanza - Prefectura de Manab\u00ed","og_description":"Este s\u00e1bado 23 de agosto, el prefecto de Manab\u00ed, Leonardo Orlando, inaugur\u00f3 el puente n\u00famero 128 de su administraci\u00f3n, ubicado en la comunidad Cerro Verde del cant\u00f3n Tosagua. La obra fue recibida con alegr\u00eda por los habitantes, quienes durante a\u00f1os so\u00f1aron con esta conexi\u00f3n segura para mejorar su movilidad y calidad de vida. \u201cAl inaugurar [&hellip;]","og_url":"https:\/\/www.manabi.gob.ec\/index.php\/puente-128-inaugurado-en-cerro-verde-de-tosagua-representa-progreso-y-esperanza\/","og_site_name":"Prefectura de Manab\u00ed","article_published_time":"2025-08-25T13:35:54+00:00","article_modified_time":"2025-08-25T13:35:56+00:00","og_image":[{"width":2560,"height":1706,"url":"https:\/\/www.manabi.gob.ec\/wp-content\/uploads\/2025\/08\/WhatsApp-Image-2025-08-25-at-8.32.05-AM-scaled.jpeg","type":"image\/jpeg"}],"author":"Lui Ochoa","twitter_card":"summary_large_image","twitter_misc":{"Escrito por":"Lui Ochoa","Tiempo de lectura":"2 minutos"},"schema":{"@context":"https:\/\/schema.org","@graph":[{"@type":"Article","@id":"https:\/\/www.manabi.gob.ec\/index.php\/puente-128-inaugurado-en-cerro-verde-de-tosagua-representa-progreso-y-esperanza\/#article","isPartOf":{"@id":"https:\/\/www.manabi.gob.ec\/index.php\/puente-128-inaugurado-en-cerro-verde-de-tosagua-representa-progreso-y-esperanza\/"},"author":{"name":"Lui Ochoa","@id":"https:\/\/www.manabi.gob.ec\/#\/schema\/person\/c4f117989332ad723a6ced5994aa7d7a"},"headline":"Puente #128 inaugurado en Cerro Verde de Tosagua representa progreso y esperanza","datePublished":"2025-08-25T13:35:54+00:00","dateModified":"2025-08-25T13:35:56+00:00","mainEntityOfPage":{"@id":"https:\/\/www.manabi.gob.ec\/index.php\/puente-128-inaugurado-en-cerro-verde-de-tosagua-representa-progreso-y-esperanza\/"},"wordCount":405,"image":{"@id":"https:\/\/www.manabi.gob.ec\/index.php\/puente-128-inaugurado-en-cerro-verde-de-tosagua-representa-progreso-y-esperanza\/#primaryimage"},"thumbnailUrl":"https:\/\/www.manabi.gob.ec\/wp-content\/uploads\/2025\/08\/WhatsApp-Image-2025-08-25-at-8.32.05-AM-scaled.jpeg","articleSection":["Ambiente","Desarrollo Social","Noticias","Obra P\u00fablica","Todas","Tosagua"],"inLanguage":"es"},{"@type":"WebPage","@id":"https:\/\/www.manabi.gob.ec\/index.php\/puente-128-inaugurado-en-cerro-verde-de-tosagua-representa-progreso-y-esperanza\/","url":"https:\/\/www.manabi.gob.ec\/index.php\/puente-128-inaugurado-en-cerro-verde-de-tosagua-representa-progreso-y-esperanza\/","name":"Puente #128 inaugurado en Cerro Verde de Tosagua representa progreso y esperanza - Prefectura de Manab\u00ed","isPartOf":{"@id":"https:\/\/www.manabi.gob.ec\/#website"},"primaryImageOfPage":{"@id":"https:\/\/www.manabi.gob.ec\/index.php\/puente-128-inaugurado-en-cerro-verde-de-tosagua-representa-progreso-y-esperanza\/#primaryimage"},"image":{"@id":"https:\/\/www.manabi.gob.ec\/index.php\/puente-128-inaugurado-en-cerro-verde-de-tosagua-representa-progreso-y-esperanza\/#primaryimage"},"thumbnailUrl":"https:\/\/www.manabi.gob.ec\/wp-content\/uploads\/2025\/08\/WhatsApp-Image-2025-08-25-at-8.32.05-AM-scaled.jpeg","datePublished":"2025-08-25T13:35:54+00:00","dateModified":"2025-08-25T13:35:56+00:00","author":{"@id":"https:\/\/www.manabi.gob.ec\/#\/schema\/person\/c4f117989332ad723a6ced5994aa7d7a"},"breadcrumb":{"@id":"https:\/\/www.manabi.gob.ec\/index.php\/puente-128-inaugurado-en-cerro-verde-de-tosagua-representa-progreso-y-esperanza\/#breadcrumb"},"inLanguage":"es","potentialAction":[{"@type":"ReadAction","target":["https:\/\/www.manabi.gob.ec\/index.php\/puente-128-inaugurado-en-cerro-verde-de-tosagua-representa-progreso-y-esperanza\/"]}]},{"@type":"ImageObject","inLanguage":"es","@id":"https:\/\/www.manabi.gob.ec\/index.php\/puente-128-inaugurado-en-cerro-verde-de-tosagua-representa-progreso-y-esperanza\/#primaryimage","url":"https:\/\/www.manabi.gob.ec\/wp-content\/uploads\/2025\/08\/WhatsApp-Image-2025-08-25-at-8.32.05-AM-scaled.jpeg","contentUrl":"https:\/\/www.manabi.gob.ec\/wp-content\/uploads\/2025\/08\/WhatsApp-Image-2025-08-25-at-8.32.05-AM-scaled.jpeg","width":2560,"height":1706},{"@type":"BreadcrumbList","@id":"https:\/\/www.manabi.gob.ec\/index.php\/puente-128-inaugurado-en-cerro-verde-de-tosagua-representa-progreso-y-esperanza\/#breadcrumb","itemListElement":[{"@type":"ListItem","position":1,"name":"Portada","item":"https:\/\/www.manabi.gob.ec\/"},{"@type":"ListItem","position":2,"name":"Puente #128 inaugurado en Cerro Verde de Tosagua representa progreso y esperanza"}]},{"@type":"WebSite","@id":"https:\/\/www.manabi.gob.ec\/#website","url":"https:\/\/www.manabi.gob.ec\/","name":"Prefectura de Manab\u00ed","description":"P\u00e1gina web de la prefectura","potentialAction":[{"@type":"SearchAction","target":{"@type":"EntryPoint","urlTemplate":"https:\/\/www.manabi.gob.ec\/?s={search_term_string}"},"query-input":{"@type":"PropertyValueSpecification","valueRequired":true,"valueName":"search_term_string"}}],"inLanguage":"es"},{"@type":"Person","@id":"https:\/\/www.manabi.gob.ec\/#\/schema\/person\/c4f117989332ad723a6ced5994aa7d7a","name":"Lui Ochoa","image":{"@type":"ImageObject","inLanguage":"es","@id":"https:\/\/secure.gravatar.com\/avatar\/6e8017d0fe69dead8a95864d2eb6e1e1d8bf8e01194ba49cf7b897ff038126ba?s=96&d=mm&r=g","url":"https:\/\/secure.gravatar.com\/avatar\/6e8017d0fe69dead8a95864d2eb6e1e1d8bf8e01194ba49cf7b897ff038126ba?s=96&d=mm&r=g","contentUrl":"https:\/\/secure.gravatar.com\/avatar\/6e8017d0fe69dead8a95864d2eb6e1e1d8bf8e01194ba49cf7b897ff038126ba?s=96&d=mm&r=g","caption":"Lui Ochoa"},"url":"https:\/\/www.manabi.gob.ec\/index.php\/author\/lochoa\/"}]}},"jetpack_featured_media_url":"https:\/\/www.manabi.gob.ec\/wp-content\/uploads\/2025\/08\/WhatsApp-Image-2025-08-25-at-8.32.05-AM-scaled.jpeg","_links":{"self":[{"href":"https:\/\/www.manabi.gob.ec\/index.php\/wp-json\/wp\/v2\/posts\/31767","targetHints":{"allow":["GET"]}}],"collection":[{"href":"https:\/\/www.manabi.gob.ec\/index.php\/wp-json\/wp\/v2\/posts"}],"about":[{"href":"https:\/\/www.manabi.gob.ec\/index.php\/wp-json\/wp\/v2\/types\/post"}],"author":[{"embeddable":true,"href":"https:\/\/www.manabi.gob.ec\/index.php\/wp-json\/wp\/v2\/users\/10"}],"replies":[{"embeddable":true,"href":"https:\/\/www.manabi.gob.ec\/index.php\/wp-json\/wp\/v2\/comments?post=31767"}],"version-history":[{"count":1,"href":"https:\/\/www.manabi.gob.ec\/index.php\/wp-json\/wp\/v2\/posts\/31767\/revisions"}],"predecessor-version":[{"id":31769,"href":"https:\/\/www.manabi.gob.ec\/index.php\/wp-json\/wp\/v2\/posts\/31767\/revisions\/31769"}],"wp:featuredmedia":[{"embeddable":true,"href":"https:\/\/www.manabi.gob.ec\/index.php\/wp-json\/wp\/v2\/media\/31768"}],"wp:attachment":[{"href":"https:\/\/www.manabi.gob.ec\/index.php\/wp-json\/wp\/v2\/media?parent=31767"}],"wp:term":[{"taxonomy":"category","embeddable":true,"href":"https:\/\/www.manabi.gob.ec\/index.php\/wp-json\/wp\/v2\/categories?post=31767"},{"taxonomy":"post_tag","embeddable":true,"href":"https:\/\/www.manabi.gob.ec\/index.php\/wp-json\/wp\/v2\/tags?post=31767"}],"curies":[{"name":"wp","href":"https:\/\/api.w.org\/{rel}","templated":true}]}}