{"id":31784,"date":"2025-09-01T20:00:45","date_gmt":"2025-09-01T20:00:45","guid":{"rendered":"https:\/\/www.manabi.gob.ec\/?p=31784"},"modified":"2025-09-01T20:00:47","modified_gmt":"2025-09-01T20:00:47","slug":"prefecto-orlando-constata-avances-en-infraestructura-vial-e-hidrica","status":"publish","type":"post","link":"https:\/\/www.manabi.gob.ec\/index.php\/prefecto-orlando-constata-avances-en-infraestructura-vial-e-hidrica\/","title":{"rendered":"Prefecto Orlando constata avances en infraestructura vial e h\u00eddrica"},"content":{"rendered":"\n<p>El s\u00e1bado 30 de agosto, el prefecto de Manab\u00ed, Leonardo Orlando, desarroll\u00f3 una jornada de trabajo en los cantones Santa Ana y Portoviejo, donde constat\u00f3 el avance de obras viales, de riego y drenaje, adem\u00e1s di\u00e1log\u00f3 con las personas de las comunidades beneficiarias.<\/p>\n\n\n\n<p>En la parroquia Col\u00f3n de Portoviejo, inspeccion\u00f3 los trabajos de limpieza y desazolve del canal de drenaje de El Cady.<\/p>\n\n\n\n<p>Recorri\u00f3 los tramos viales Peminche Afuera \u2013 Peminche Adentro, Agua Fr\u00eda, as\u00ed como la comunidad La Poza, donde se proyecta la construcci\u00f3n de un puente sobre el r\u00edo Portoviejo, infraestructura esperada por a\u00f1os por la poblaci\u00f3n local.<\/p>\n\n\n\n<p>En la parroquia Honorato V\u00e1zquez, el prefecto verific\u00f3 la rehabilitaci\u00f3n de la v\u00eda Poza Honda \u2013 Las Mercedes 1 \u2013 Mercedes 2 \u2013 Los Cuyeyes \u2013 R\u00edo Mineral, adem\u00e1s de la v\u00eda R\u00edo Mineral \u2013 La Chontilla \u2013 Las Chacras. Tambi\u00e9n supervis\u00f3 la extracci\u00f3n de lechuguines en el vertedero del embalse de Poza Honda, trabajo ejecutado en coordinaci\u00f3n con la Empresa P\u00fablica del Agua (EPA) y el Ministerio de Ambiente.<\/p>\n\n\n\n<p>Tambi\u00e9n recorri\u00f3 la v\u00eda Guarumo Abajo \u2013 Entrada de Guarumo y en la parroquia Alhajuela, verific\u00f3 los trabajos del puente La Mocorita, obra de integraci\u00f3n que unir\u00e1 a las comunidades de Alhajuela, Chirijo y San Pl\u00e1cido, y que actualmente registra un avance del 38%<\/p>\n","protected":false},"excerpt":{"rendered":"<p>El s\u00e1bado 30 de agosto, el prefecto de Manab\u00ed, Leonardo Orlando, desarroll\u00f3 una jornada de trabajo en los cantones Santa Ana y Portoviejo, donde constat\u00f3 el avance de obras viales, de riego y drenaje, adem\u00e1s di\u00e1log\u00f3 con las personas de las comunidades beneficiarias. En la parroquia Col\u00f3n de Portoviejo, inspeccion\u00f3 los trabajos de limpieza y [&hellip;]<\/p>\n","protected":false},"author":1,"featured_media":31785,"comment_status":"closed","ping_status":"closed","sticky":false,"template":"","format":"standard","meta":{"_joinchat":[],"footnotes":""},"categories":[132,89,107,127],"tags":[],"class_list":["post-31784","post","type-post","status-publish","format-standard","has-post-thumbnail","hentry","category-portoviejo","category-riego-drenaje","category-santa-ana","category-vialidad"],"yoast_head":"<!-- This site is optimized with the Yoast SEO plugin v27.4 - https:\/\/yoast.com\/product\/yoast-seo-wordpress\/ -->\n<title>Prefecto Orlando constata avances en infraestructura vial e h\u00eddrica - Prefectura de Manab\u00ed<\/title>\n<meta name=\"robots\" content=\"index, follow, max-snippet:-1, max-image-preview:large, max-video-preview:-1\" \/>\n<link rel=\"canonical\" href=\"https:\/\/www.manabi.gob.ec\/index.php\/prefecto-orlando-constata-avances-en-infraestructura-vial-e-hidrica\/\" \/>\n<meta property=\"og:locale\" content=\"es_ES\" \/>\n<meta property=\"og:type\" content=\"article\" \/>\n<meta property=\"og:title\" content=\"Prefecto Orlando constata avances en infraestructura vial e h\u00eddrica - Prefectura de Manab\u00ed\" \/>\n<meta property=\"og:description\" content=\"El s\u00e1bado 30 de agosto, el prefecto de Manab\u00ed, Leonardo Orlando, desarroll\u00f3 una jornada de trabajo en los cantones Santa Ana y Portoviejo, donde constat\u00f3 el avance de obras viales, de riego y drenaje, adem\u00e1s di\u00e1log\u00f3 con las personas de las comunidades beneficiarias. En la parroquia Col\u00f3n de Portoviejo, inspeccion\u00f3 los trabajos de limpieza y [&hellip;]\" \/>\n<meta property=\"og:url\" content=\"https:\/\/www.manabi.gob.ec\/index.php\/prefecto-orlando-constata-avances-en-infraestructura-vial-e-hidrica\/\" \/>\n<meta property=\"og:site_name\" content=\"Prefectura de Manab\u00ed\" \/>\n<meta property=\"article:published_time\" content=\"2025-09-01T20:00:45+00:00\" \/>\n<meta property=\"article:modified_time\" content=\"2025-09-01T20:00:47+00:00\" \/>\n<meta property=\"og:image\" content=\"https:\/\/www.manabi.gob.ec\/wp-content\/uploads\/2025\/09\/WhatsApp-Image-2025-09-01-at-2.23.13-PM-scaled.jpeg\" \/>\n\t<meta property=\"og:image:width\" content=\"2560\" \/>\n\t<meta property=\"og:image:height\" content=\"1706\" \/>\n\t<meta property=\"og:image:type\" content=\"image\/jpeg\" \/>\n<meta name=\"author\" content=\"admin\" \/>\n<meta name=\"twitter:card\" content=\"summary_large_image\" \/>\n<meta name=\"twitter:label1\" content=\"Escrito por\" \/>\n\t<meta name=\"twitter:data1\" content=\"admin\" \/>\n\t<meta name=\"twitter:label2\" content=\"Tiempo de lectura\" \/>\n\t<meta name=\"twitter:data2\" content=\"2 minutos\" \/>\n<script type=\"application\/ld+json\" class=\"yoast-schema-graph\">{\"@context\":\"https:\\\/\\\/schema.org\",\"@graph\":[{\"@type\":\"Article\",\"@id\":\"https:\\\/\\\/www.manabi.gob.ec\\\/index.php\\\/prefecto-orlando-constata-avances-en-infraestructura-vial-e-hidrica\\\/#article\",\"isPartOf\":{\"@id\":\"https:\\\/\\\/www.manabi.gob.ec\\\/index.php\\\/prefecto-orlando-constata-avances-en-infraestructura-vial-e-hidrica\\\/\"},\"author\":{\"name\":\"admin\",\"@id\":\"https:\\\/\\\/www.manabi.gob.ec\\\/#\\\/schema\\\/person\\\/cfc71bd68fe2703b779edcc292a49722\"},\"headline\":\"Prefecto Orlando constata avances en infraestructura vial e h\u00eddrica\",\"datePublished\":\"2025-09-01T20:00:45+00:00\",\"dateModified\":\"2025-09-01T20:00:47+00:00\",\"mainEntityOfPage\":{\"@id\":\"https:\\\/\\\/www.manabi.gob.ec\\\/index.php\\\/prefecto-orlando-constata-avances-en-infraestructura-vial-e-hidrica\\\/\"},\"wordCount\":236,\"image\":{\"@id\":\"https:\\\/\\\/www.manabi.gob.ec\\\/index.php\\\/prefecto-orlando-constata-avances-en-infraestructura-vial-e-hidrica\\\/#primaryimage\"},\"thumbnailUrl\":\"https:\\\/\\\/www.manabi.gob.ec\\\/wp-content\\\/uploads\\\/2025\\\/09\\\/WhatsApp-Image-2025-09-01-at-2.23.13-PM-scaled.jpeg\",\"articleSection\":[\"Portoviejo\",\"Riego y drenaje\",\"Santa ana\",\"Vialidad\"],\"inLanguage\":\"es\"},{\"@type\":\"WebPage\",\"@id\":\"https:\\\/\\\/www.manabi.gob.ec\\\/index.php\\\/prefecto-orlando-constata-avances-en-infraestructura-vial-e-hidrica\\\/\",\"url\":\"https:\\\/\\\/www.manabi.gob.ec\\\/index.php\\\/prefecto-orlando-constata-avances-en-infraestructura-vial-e-hidrica\\\/\",\"name\":\"Prefecto Orlando constata avances en infraestructura vial e h\u00eddrica - Prefectura de Manab\u00ed\",\"isPartOf\":{\"@id\":\"https:\\\/\\\/www.manabi.gob.ec\\\/#website\"},\"primaryImageOfPage\":{\"@id\":\"https:\\\/\\\/www.manabi.gob.ec\\\/index.php\\\/prefecto-orlando-constata-avances-en-infraestructura-vial-e-hidrica\\\/#primaryimage\"},\"image\":{\"@id\":\"https:\\\/\\\/www.manabi.gob.ec\\\/index.php\\\/prefecto-orlando-constata-avances-en-infraestructura-vial-e-hidrica\\\/#primaryimage\"},\"thumbnailUrl\":\"https:\\\/\\\/www.manabi.gob.ec\\\/wp-content\\\/uploads\\\/2025\\\/09\\\/WhatsApp-Image-2025-09-01-at-2.23.13-PM-scaled.jpeg\",\"datePublished\":\"2025-09-01T20:00:45+00:00\",\"dateModified\":\"2025-09-01T20:00:47+00:00\",\"author\":{\"@id\":\"https:\\\/\\\/www.manabi.gob.ec\\\/#\\\/schema\\\/person\\\/cfc71bd68fe2703b779edcc292a49722\"},\"breadcrumb\":{\"@id\":\"https:\\\/\\\/www.manabi.gob.ec\\\/index.php\\\/prefecto-orlando-constata-avances-en-infraestructura-vial-e-hidrica\\\/#breadcrumb\"},\"inLanguage\":\"es\",\"potentialAction\":[{\"@type\":\"ReadAction\",\"target\":[\"https:\\\/\\\/www.manabi.gob.ec\\\/index.php\\\/prefecto-orlando-constata-avances-en-infraestructura-vial-e-hidrica\\\/\"]}]},{\"@type\":\"ImageObject\",\"inLanguage\":\"es\",\"@id\":\"https:\\\/\\\/www.manabi.gob.ec\\\/index.php\\\/prefecto-orlando-constata-avances-en-infraestructura-vial-e-hidrica\\\/#primaryimage\",\"url\":\"https:\\\/\\\/www.manabi.gob.ec\\\/wp-content\\\/uploads\\\/2025\\\/09\\\/WhatsApp-Image-2025-09-01-at-2.23.13-PM-scaled.jpeg\",\"contentUrl\":\"https:\\\/\\\/www.manabi.gob.ec\\\/wp-content\\\/uploads\\\/2025\\\/09\\\/WhatsApp-Image-2025-09-01-at-2.23.13-PM-scaled.jpeg\",\"width\":2560,\"height\":1706},{\"@type\":\"BreadcrumbList\",\"@id\":\"https:\\\/\\\/www.manabi.gob.ec\\\/index.php\\\/prefecto-orlando-constata-avances-en-infraestructura-vial-e-hidrica\\\/#breadcrumb\",\"itemListElement\":[{\"@type\":\"ListItem\",\"position\":1,\"name\":\"Portada\",\"item\":\"https:\\\/\\\/www.manabi.gob.ec\\\/\"},{\"@type\":\"ListItem\",\"position\":2,\"name\":\"Prefecto Orlando constata avances en infraestructura vial e h\u00eddrica\"}]},{\"@type\":\"WebSite\",\"@id\":\"https:\\\/\\\/www.manabi.gob.ec\\\/#website\",\"url\":\"https:\\\/\\\/www.manabi.gob.ec\\\/\",\"name\":\"Prefectura de Manab\u00ed\",\"description\":\"P\u00e1gina web de la prefectura\",\"potentialAction\":[{\"@type\":\"SearchAction\",\"target\":{\"@type\":\"EntryPoint\",\"urlTemplate\":\"https:\\\/\\\/www.manabi.gob.ec\\\/?s={search_term_string}\"},\"query-input\":{\"@type\":\"PropertyValueSpecification\",\"valueRequired\":true,\"valueName\":\"search_term_string\"}}],\"inLanguage\":\"es\"},{\"@type\":\"Person\",\"@id\":\"https:\\\/\\\/www.manabi.gob.ec\\\/#\\\/schema\\\/person\\\/cfc71bd68fe2703b779edcc292a49722\",\"name\":\"admin\",\"image\":{\"@type\":\"ImageObject\",\"inLanguage\":\"es\",\"@id\":\"https:\\\/\\\/secure.gravatar.com\\\/avatar\\\/23e9f919492b0a2f65aa168e0d8c5c867ea853b61deffbadf08c7031e15b8d78?s=96&d=mm&r=g\",\"url\":\"https:\\\/\\\/secure.gravatar.com\\\/avatar\\\/23e9f919492b0a2f65aa168e0d8c5c867ea853b61deffbadf08c7031e15b8d78?s=96&d=mm&r=g\",\"contentUrl\":\"https:\\\/\\\/secure.gravatar.com\\\/avatar\\\/23e9f919492b0a2f65aa168e0d8c5c867ea853b61deffbadf08c7031e15b8d78?s=96&d=mm&r=g\",\"caption\":\"admin\"},\"sameAs\":[\"http:\\\/\\\/www.manabi.gob.ec\"],\"url\":\"https:\\\/\\\/www.manabi.gob.ec\\\/index.php\\\/author\\\/admin\\\/\"}]}<\/script>\n<!-- \/ Yoast SEO plugin. -->","yoast_head_json":{"title":"Prefecto Orlando constata avances en infraestructura vial e h\u00eddrica - Prefectura de Manab\u00ed","robots":{"index":"index","follow":"follow","max-snippet":"max-snippet:-1","max-image-preview":"max-image-preview:large","max-video-preview":"max-video-preview:-1"},"canonical":"https:\/\/www.manabi.gob.ec\/index.php\/prefecto-orlando-constata-avances-en-infraestructura-vial-e-hidrica\/","og_locale":"es_ES","og_type":"article","og_title":"Prefecto Orlando constata avances en infraestructura vial e h\u00eddrica - Prefectura de Manab\u00ed","og_description":"El s\u00e1bado 30 de agosto, el prefecto de Manab\u00ed, Leonardo Orlando, desarroll\u00f3 una jornada de trabajo en los cantones Santa Ana y Portoviejo, donde constat\u00f3 el avance de obras viales, de riego y drenaje, adem\u00e1s di\u00e1log\u00f3 con las personas de las comunidades beneficiarias. En la parroquia Col\u00f3n de Portoviejo, inspeccion\u00f3 los trabajos de limpieza y [&hellip;]","og_url":"https:\/\/www.manabi.gob.ec\/index.php\/prefecto-orlando-constata-avances-en-infraestructura-vial-e-hidrica\/","og_site_name":"Prefectura de Manab\u00ed","article_published_time":"2025-09-01T20:00:45+00:00","article_modified_time":"2025-09-01T20:00:47+00:00","og_image":[{"width":2560,"height":1706,"url":"https:\/\/www.manabi.gob.ec\/wp-content\/uploads\/2025\/09\/WhatsApp-Image-2025-09-01-at-2.23.13-PM-scaled.jpeg","type":"image\/jpeg"}],"author":"admin","twitter_card":"summary_large_image","twitter_misc":{"Escrito por":"admin","Tiempo de lectura":"2 minutos"},"schema":{"@context":"https:\/\/schema.org","@graph":[{"@type":"Article","@id":"https:\/\/www.manabi.gob.ec\/index.php\/prefecto-orlando-constata-avances-en-infraestructura-vial-e-hidrica\/#article","isPartOf":{"@id":"https:\/\/www.manabi.gob.ec\/index.php\/prefecto-orlando-constata-avances-en-infraestructura-vial-e-hidrica\/"},"author":{"name":"admin","@id":"https:\/\/www.manabi.gob.ec\/#\/schema\/person\/cfc71bd68fe2703b779edcc292a49722"},"headline":"Prefecto Orlando constata avances en infraestructura vial e h\u00eddrica","datePublished":"2025-09-01T20:00:45+00:00","dateModified":"2025-09-01T20:00:47+00:00","mainEntityOfPage":{"@id":"https:\/\/www.manabi.gob.ec\/index.php\/prefecto-orlando-constata-avances-en-infraestructura-vial-e-hidrica\/"},"wordCount":236,"image":{"@id":"https:\/\/www.manabi.gob.ec\/index.php\/prefecto-orlando-constata-avances-en-infraestructura-vial-e-hidrica\/#primaryimage"},"thumbnailUrl":"https:\/\/www.manabi.gob.ec\/wp-content\/uploads\/2025\/09\/WhatsApp-Image-2025-09-01-at-2.23.13-PM-scaled.jpeg","articleSection":["Portoviejo","Riego y drenaje","Santa ana","Vialidad"],"inLanguage":"es"},{"@type":"WebPage","@id":"https:\/\/www.manabi.gob.ec\/index.php\/prefecto-orlando-constata-avances-en-infraestructura-vial-e-hidrica\/","url":"https:\/\/www.manabi.gob.ec\/index.php\/prefecto-orlando-constata-avances-en-infraestructura-vial-e-hidrica\/","name":"Prefecto Orlando constata avances en infraestructura vial e h\u00eddrica - Prefectura de Manab\u00ed","isPartOf":{"@id":"https:\/\/www.manabi.gob.ec\/#website"},"primaryImageOfPage":{"@id":"https:\/\/www.manabi.gob.ec\/index.php\/prefecto-orlando-constata-avances-en-infraestructura-vial-e-hidrica\/#primaryimage"},"image":{"@id":"https:\/\/www.manabi.gob.ec\/index.php\/prefecto-orlando-constata-avances-en-infraestructura-vial-e-hidrica\/#primaryimage"},"thumbnailUrl":"https:\/\/www.manabi.gob.ec\/wp-content\/uploads\/2025\/09\/WhatsApp-Image-2025-09-01-at-2.23.13-PM-scaled.jpeg","datePublished":"2025-09-01T20:00:45+00:00","dateModified":"2025-09-01T20:00:47+00:00","author":{"@id":"https:\/\/www.manabi.gob.ec\/#\/schema\/person\/cfc71bd68fe2703b779edcc292a49722"},"breadcrumb":{"@id":"https:\/\/www.manabi.gob.ec\/index.php\/prefecto-orlando-constata-avances-en-infraestructura-vial-e-hidrica\/#breadcrumb"},"inLanguage":"es","potentialAction":[{"@type":"ReadAction","target":["https:\/\/www.manabi.gob.ec\/index.php\/prefecto-orlando-constata-avances-en-infraestructura-vial-e-hidrica\/"]}]},{"@type":"ImageObject","inLanguage":"es","@id":"https:\/\/www.manabi.gob.ec\/index.php\/prefecto-orlando-constata-avances-en-infraestructura-vial-e-hidrica\/#primaryimage","url":"https:\/\/www.manabi.gob.ec\/wp-content\/uploads\/2025\/09\/WhatsApp-Image-2025-09-01-at-2.23.13-PM-scaled.jpeg","contentUrl":"https:\/\/www.manabi.gob.ec\/wp-content\/uploads\/2025\/09\/WhatsApp-Image-2025-09-01-at-2.23.13-PM-scaled.jpeg","width":2560,"height":1706},{"@type":"BreadcrumbList","@id":"https:\/\/www.manabi.gob.ec\/index.php\/prefecto-orlando-constata-avances-en-infraestructura-vial-e-hidrica\/#breadcrumb","itemListElement":[{"@type":"ListItem","position":1,"name":"Portada","item":"https:\/\/www.manabi.gob.ec\/"},{"@type":"ListItem","position":2,"name":"Prefecto Orlando constata avances en infraestructura vial e h\u00eddrica"}]},{"@type":"WebSite","@id":"https:\/\/www.manabi.gob.ec\/#website","url":"https:\/\/www.manabi.gob.ec\/","name":"Prefectura de Manab\u00ed","description":"P\u00e1gina web de la prefectura","potentialAction":[{"@type":"SearchAction","target":{"@type":"EntryPoint","urlTemplate":"https:\/\/www.manabi.gob.ec\/?s={search_term_string}"},"query-input":{"@type":"PropertyValueSpecification","valueRequired":true,"valueName":"search_term_string"}}],"inLanguage":"es"},{"@type":"Person","@id":"https:\/\/www.manabi.gob.ec\/#\/schema\/person\/cfc71bd68fe2703b779edcc292a49722","name":"admin","image":{"@type":"ImageObject","inLanguage":"es","@id":"https:\/\/secure.gravatar.com\/avatar\/23e9f919492b0a2f65aa168e0d8c5c867ea853b61deffbadf08c7031e15b8d78?s=96&d=mm&r=g","url":"https:\/\/secure.gravatar.com\/avatar\/23e9f919492b0a2f65aa168e0d8c5c867ea853b61deffbadf08c7031e15b8d78?s=96&d=mm&r=g","contentUrl":"https:\/\/secure.gravatar.com\/avatar\/23e9f919492b0a2f65aa168e0d8c5c867ea853b61deffbadf08c7031e15b8d78?s=96&d=mm&r=g","caption":"admin"},"sameAs":["http:\/\/www.manabi.gob.ec"],"url":"https:\/\/www.manabi.gob.ec\/index.php\/author\/admin\/"}]}},"jetpack_featured_media_url":"https:\/\/www.manabi.gob.ec\/wp-content\/uploads\/2025\/09\/WhatsApp-Image-2025-09-01-at-2.23.13-PM-scaled.jpeg","_links":{"self":[{"href":"https:\/\/www.manabi.gob.ec\/index.php\/wp-json\/wp\/v2\/posts\/31784","targetHints":{"allow":["GET"]}}],"collection":[{"href":"https:\/\/www.manabi.gob.ec\/index.php\/wp-json\/wp\/v2\/posts"}],"about":[{"href":"https:\/\/www.manabi.gob.ec\/index.php\/wp-json\/wp\/v2\/types\/post"}],"author":[{"embeddable":true,"href":"https:\/\/www.manabi.gob.ec\/index.php\/wp-json\/wp\/v2\/users\/1"}],"replies":[{"embeddable":true,"href":"https:\/\/www.manabi.gob.ec\/index.php\/wp-json\/wp\/v2\/comments?post=31784"}],"version-history":[{"count":1,"href":"https:\/\/www.manabi.gob.ec\/index.php\/wp-json\/wp\/v2\/posts\/31784\/revisions"}],"predecessor-version":[{"id":31787,"href":"https:\/\/www.manabi.gob.ec\/index.php\/wp-json\/wp\/v2\/posts\/31784\/revisions\/31787"}],"wp:featuredmedia":[{"embeddable":true,"href":"https:\/\/www.manabi.gob.ec\/index.php\/wp-json\/wp\/v2\/media\/31785"}],"wp:attachment":[{"href":"https:\/\/www.manabi.gob.ec\/index.php\/wp-json\/wp\/v2\/media?parent=31784"}],"wp:term":[{"taxonomy":"category","embeddable":true,"href":"https:\/\/www.manabi.gob.ec\/index.php\/wp-json\/wp\/v2\/categories?post=31784"},{"taxonomy":"post_tag","embeddable":true,"href":"https:\/\/www.manabi.gob.ec\/index.php\/wp-json\/wp\/v2\/tags?post=31784"}],"curies":[{"name":"wp","href":"https:\/\/api.w.org\/{rel}","templated":true}]}}