{"id":31793,"date":"2025-09-03T13:04:22","date_gmt":"2025-09-03T13:04:22","guid":{"rendered":"https:\/\/www.manabi.gob.ec\/?p=31793"},"modified":"2025-09-03T13:04:25","modified_gmt":"2025-09-03T13:04:25","slug":"prefectura-de-manabi-capacita-a-grupos-prioritarios-de-la-america-en-nuevas-alternativas-de-trabajo","status":"publish","type":"post","link":"https:\/\/www.manabi.gob.ec\/index.php\/prefectura-de-manabi-capacita-a-grupos-prioritarios-de-la-america-en-nuevas-alternativas-de-trabajo\/","title":{"rendered":"Prefectura de Manab\u00ed capacita a grupos prioritarios de La Am\u00e9rica en nuevas alternativas de trabajo"},"content":{"rendered":"\n<p>M\u00e1s de 50 personas, de la parroquia La Am\u00e9rica del cant\u00f3n Jipijapa, ser\u00e1n capacitadas en la confecci\u00f3n de prendas deportivas, ense\u00f1anza aprendizaje que les permitir\u00e1 aprender un nuevo oficio que puede constituirse en una alternativa de trabajo para ellos y su familia.<\/p>\n\n\n\n<p>Los participantes pertenecen a los grupos de atenci\u00f3n prioritaria, entre ellos 22 adolescentes, 25 adultos mayores y 5 personas con discapacidad. Ellos recibir\u00e1n capacitaci\u00f3n durante 2 meses.<\/p>\n\n\n\n<p>El proyecto, denominado \u201cFormaci\u00f3n en costura modalidad prendas de vestir como equipos deportivos\u201d, fue inaugurado este 1 de septiembre y es impulsado por la Prefectura de Manab\u00ed en convenio con el Gobierno de la parroquia La Am\u00e9rica.<\/p>\n\n\n\n<p>La inversi\u00f3n del proyecto es de $9.272,50, y contempla capacitaci\u00f3n t\u00e9cnica, materiales e insumos para la confecci\u00f3n de prendas deportivas. La Prefectura aporta $7.272,50 y el GAD Parroquial $2.000,00 en equipos y maquinaria.<\/p>\n\n\n\n<p>El poyecto tiene como objetivos capacitar a los beneficiarios en la confecci\u00f3n de prendas deportivas, generar espacios de inclusi\u00f3n y participaci\u00f3n social, y promover su independencia econ\u00f3mica a trav\u00e9s de emprendimientos sostenibles que les ayude a los participantes a mejoren su calidad de vida.<\/p>\n\n\n\n<p>Este programa se enmarca en los Objetivos de Desarrollo Sostenible (ODS 8: Trabajo decente y crecimiento econ\u00f3mico) y se suma a proyectos anteriores ejecutados en la parroquia, como la confecci\u00f3n de prendas de protecci\u00f3n (2022) y juegos de s\u00e1banas (2023), consolidando un proceso de formaci\u00f3n continua que fortalece las capacidades productivas de la comunidad.<\/p>\n","protected":false},"excerpt":{"rendered":"<p>M\u00e1s de 50 personas, de la parroquia La Am\u00e9rica del cant\u00f3n Jipijapa, ser\u00e1n capacitadas en la confecci\u00f3n de prendas deportivas, ense\u00f1anza aprendizaje que les permitir\u00e1 aprender un nuevo oficio que puede constituirse en una alternativa de trabajo para ellos y su familia. Los participantes pertenecen a los grupos de atenci\u00f3n prioritaria, entre ellos 22 adolescentes, [&hellip;]<\/p>\n","protected":false},"author":1,"featured_media":0,"comment_status":"closed","ping_status":"closed","sticky":false,"template":"","format":"standard","meta":{"_joinchat":[],"footnotes":""},"categories":[123],"tags":[],"class_list":["post-31793","post","type-post","status-publish","format-standard","hentry","category-jipijapa"],"yoast_head":"<!-- This site is optimized with the Yoast SEO plugin v27.4 - https:\/\/yoast.com\/product\/yoast-seo-wordpress\/ -->\n<title>Prefectura de Manab\u00ed capacita a grupos prioritarios de La Am\u00e9rica en nuevas alternativas de trabajo - Prefectura de Manab\u00ed<\/title>\n<meta name=\"robots\" content=\"index, follow, max-snippet:-1, max-image-preview:large, max-video-preview:-1\" \/>\n<link rel=\"canonical\" href=\"https:\/\/www.manabi.gob.ec\/index.php\/prefectura-de-manabi-capacita-a-grupos-prioritarios-de-la-america-en-nuevas-alternativas-de-trabajo\/\" \/>\n<meta property=\"og:locale\" content=\"es_ES\" \/>\n<meta property=\"og:type\" content=\"article\" \/>\n<meta property=\"og:title\" content=\"Prefectura de Manab\u00ed capacita a grupos prioritarios de La Am\u00e9rica en nuevas alternativas de trabajo - Prefectura de Manab\u00ed\" \/>\n<meta property=\"og:description\" content=\"M\u00e1s de 50 personas, de la parroquia La Am\u00e9rica del cant\u00f3n Jipijapa, ser\u00e1n capacitadas en la confecci\u00f3n de prendas deportivas, ense\u00f1anza aprendizaje que les permitir\u00e1 aprender un nuevo oficio que puede constituirse en una alternativa de trabajo para ellos y su familia. Los participantes pertenecen a los grupos de atenci\u00f3n prioritaria, entre ellos 22 adolescentes, [&hellip;]\" \/>\n<meta property=\"og:url\" content=\"https:\/\/www.manabi.gob.ec\/index.php\/prefectura-de-manabi-capacita-a-grupos-prioritarios-de-la-america-en-nuevas-alternativas-de-trabajo\/\" \/>\n<meta property=\"og:site_name\" content=\"Prefectura de Manab\u00ed\" \/>\n<meta property=\"article:published_time\" content=\"2025-09-03T13:04:22+00:00\" \/>\n<meta property=\"article:modified_time\" content=\"2025-09-03T13:04:25+00:00\" \/>\n<meta name=\"author\" content=\"admin\" \/>\n<meta name=\"twitter:card\" content=\"summary_large_image\" \/>\n<meta name=\"twitter:label1\" content=\"Escrito por\" \/>\n\t<meta name=\"twitter:data1\" content=\"admin\" \/>\n\t<meta name=\"twitter:label2\" content=\"Tiempo de lectura\" \/>\n\t<meta name=\"twitter:data2\" content=\"2 minutos\" \/>\n<script type=\"application\/ld+json\" class=\"yoast-schema-graph\">{\"@context\":\"https:\\\/\\\/schema.org\",\"@graph\":[{\"@type\":\"Article\",\"@id\":\"https:\\\/\\\/www.manabi.gob.ec\\\/index.php\\\/prefectura-de-manabi-capacita-a-grupos-prioritarios-de-la-america-en-nuevas-alternativas-de-trabajo\\\/#article\",\"isPartOf\":{\"@id\":\"https:\\\/\\\/www.manabi.gob.ec\\\/index.php\\\/prefectura-de-manabi-capacita-a-grupos-prioritarios-de-la-america-en-nuevas-alternativas-de-trabajo\\\/\"},\"author\":{\"name\":\"admin\",\"@id\":\"https:\\\/\\\/www.manabi.gob.ec\\\/#\\\/schema\\\/person\\\/cfc71bd68fe2703b779edcc292a49722\"},\"headline\":\"Prefectura de Manab\u00ed capacita a grupos prioritarios de La Am\u00e9rica en nuevas alternativas de trabajo\",\"datePublished\":\"2025-09-03T13:04:22+00:00\",\"dateModified\":\"2025-09-03T13:04:25+00:00\",\"mainEntityOfPage\":{\"@id\":\"https:\\\/\\\/www.manabi.gob.ec\\\/index.php\\\/prefectura-de-manabi-capacita-a-grupos-prioritarios-de-la-america-en-nuevas-alternativas-de-trabajo\\\/\"},\"wordCount\":266,\"articleSection\":[\"Jipijapa\"],\"inLanguage\":\"es\"},{\"@type\":\"WebPage\",\"@id\":\"https:\\\/\\\/www.manabi.gob.ec\\\/index.php\\\/prefectura-de-manabi-capacita-a-grupos-prioritarios-de-la-america-en-nuevas-alternativas-de-trabajo\\\/\",\"url\":\"https:\\\/\\\/www.manabi.gob.ec\\\/index.php\\\/prefectura-de-manabi-capacita-a-grupos-prioritarios-de-la-america-en-nuevas-alternativas-de-trabajo\\\/\",\"name\":\"Prefectura de Manab\u00ed capacita a grupos prioritarios de La Am\u00e9rica en nuevas alternativas de trabajo - Prefectura de Manab\u00ed\",\"isPartOf\":{\"@id\":\"https:\\\/\\\/www.manabi.gob.ec\\\/#website\"},\"datePublished\":\"2025-09-03T13:04:22+00:00\",\"dateModified\":\"2025-09-03T13:04:25+00:00\",\"author\":{\"@id\":\"https:\\\/\\\/www.manabi.gob.ec\\\/#\\\/schema\\\/person\\\/cfc71bd68fe2703b779edcc292a49722\"},\"breadcrumb\":{\"@id\":\"https:\\\/\\\/www.manabi.gob.ec\\\/index.php\\\/prefectura-de-manabi-capacita-a-grupos-prioritarios-de-la-america-en-nuevas-alternativas-de-trabajo\\\/#breadcrumb\"},\"inLanguage\":\"es\",\"potentialAction\":[{\"@type\":\"ReadAction\",\"target\":[\"https:\\\/\\\/www.manabi.gob.ec\\\/index.php\\\/prefectura-de-manabi-capacita-a-grupos-prioritarios-de-la-america-en-nuevas-alternativas-de-trabajo\\\/\"]}]},{\"@type\":\"BreadcrumbList\",\"@id\":\"https:\\\/\\\/www.manabi.gob.ec\\\/index.php\\\/prefectura-de-manabi-capacita-a-grupos-prioritarios-de-la-america-en-nuevas-alternativas-de-trabajo\\\/#breadcrumb\",\"itemListElement\":[{\"@type\":\"ListItem\",\"position\":1,\"name\":\"Portada\",\"item\":\"https:\\\/\\\/www.manabi.gob.ec\\\/\"},{\"@type\":\"ListItem\",\"position\":2,\"name\":\"Prefectura de Manab\u00ed capacita a grupos prioritarios de La Am\u00e9rica en nuevas alternativas de trabajo\"}]},{\"@type\":\"WebSite\",\"@id\":\"https:\\\/\\\/www.manabi.gob.ec\\\/#website\",\"url\":\"https:\\\/\\\/www.manabi.gob.ec\\\/\",\"name\":\"Prefectura de Manab\u00ed\",\"description\":\"P\u00e1gina web de la prefectura\",\"potentialAction\":[{\"@type\":\"SearchAction\",\"target\":{\"@type\":\"EntryPoint\",\"urlTemplate\":\"https:\\\/\\\/www.manabi.gob.ec\\\/?s={search_term_string}\"},\"query-input\":{\"@type\":\"PropertyValueSpecification\",\"valueRequired\":true,\"valueName\":\"search_term_string\"}}],\"inLanguage\":\"es\"},{\"@type\":\"Person\",\"@id\":\"https:\\\/\\\/www.manabi.gob.ec\\\/#\\\/schema\\\/person\\\/cfc71bd68fe2703b779edcc292a49722\",\"name\":\"admin\",\"image\":{\"@type\":\"ImageObject\",\"inLanguage\":\"es\",\"@id\":\"https:\\\/\\\/secure.gravatar.com\\\/avatar\\\/23e9f919492b0a2f65aa168e0d8c5c867ea853b61deffbadf08c7031e15b8d78?s=96&d=mm&r=g\",\"url\":\"https:\\\/\\\/secure.gravatar.com\\\/avatar\\\/23e9f919492b0a2f65aa168e0d8c5c867ea853b61deffbadf08c7031e15b8d78?s=96&d=mm&r=g\",\"contentUrl\":\"https:\\\/\\\/secure.gravatar.com\\\/avatar\\\/23e9f919492b0a2f65aa168e0d8c5c867ea853b61deffbadf08c7031e15b8d78?s=96&d=mm&r=g\",\"caption\":\"admin\"},\"sameAs\":[\"http:\\\/\\\/www.manabi.gob.ec\"],\"url\":\"https:\\\/\\\/www.manabi.gob.ec\\\/index.php\\\/author\\\/admin\\\/\"}]}<\/script>\n<!-- \/ Yoast SEO plugin. -->","yoast_head_json":{"title":"Prefectura de Manab\u00ed capacita a grupos prioritarios de La Am\u00e9rica en nuevas alternativas de trabajo - Prefectura de Manab\u00ed","robots":{"index":"index","follow":"follow","max-snippet":"max-snippet:-1","max-image-preview":"max-image-preview:large","max-video-preview":"max-video-preview:-1"},"canonical":"https:\/\/www.manabi.gob.ec\/index.php\/prefectura-de-manabi-capacita-a-grupos-prioritarios-de-la-america-en-nuevas-alternativas-de-trabajo\/","og_locale":"es_ES","og_type":"article","og_title":"Prefectura de Manab\u00ed capacita a grupos prioritarios de La Am\u00e9rica en nuevas alternativas de trabajo - Prefectura de Manab\u00ed","og_description":"M\u00e1s de 50 personas, de la parroquia La Am\u00e9rica del cant\u00f3n Jipijapa, ser\u00e1n capacitadas en la confecci\u00f3n de prendas deportivas, ense\u00f1anza aprendizaje que les permitir\u00e1 aprender un nuevo oficio que puede constituirse en una alternativa de trabajo para ellos y su familia. Los participantes pertenecen a los grupos de atenci\u00f3n prioritaria, entre ellos 22 adolescentes, [&hellip;]","og_url":"https:\/\/www.manabi.gob.ec\/index.php\/prefectura-de-manabi-capacita-a-grupos-prioritarios-de-la-america-en-nuevas-alternativas-de-trabajo\/","og_site_name":"Prefectura de Manab\u00ed","article_published_time":"2025-09-03T13:04:22+00:00","article_modified_time":"2025-09-03T13:04:25+00:00","author":"admin","twitter_card":"summary_large_image","twitter_misc":{"Escrito por":"admin","Tiempo de lectura":"2 minutos"},"schema":{"@context":"https:\/\/schema.org","@graph":[{"@type":"Article","@id":"https:\/\/www.manabi.gob.ec\/index.php\/prefectura-de-manabi-capacita-a-grupos-prioritarios-de-la-america-en-nuevas-alternativas-de-trabajo\/#article","isPartOf":{"@id":"https:\/\/www.manabi.gob.ec\/index.php\/prefectura-de-manabi-capacita-a-grupos-prioritarios-de-la-america-en-nuevas-alternativas-de-trabajo\/"},"author":{"name":"admin","@id":"https:\/\/www.manabi.gob.ec\/#\/schema\/person\/cfc71bd68fe2703b779edcc292a49722"},"headline":"Prefectura de Manab\u00ed capacita a grupos prioritarios de La Am\u00e9rica en nuevas alternativas de trabajo","datePublished":"2025-09-03T13:04:22+00:00","dateModified":"2025-09-03T13:04:25+00:00","mainEntityOfPage":{"@id":"https:\/\/www.manabi.gob.ec\/index.php\/prefectura-de-manabi-capacita-a-grupos-prioritarios-de-la-america-en-nuevas-alternativas-de-trabajo\/"},"wordCount":266,"articleSection":["Jipijapa"],"inLanguage":"es"},{"@type":"WebPage","@id":"https:\/\/www.manabi.gob.ec\/index.php\/prefectura-de-manabi-capacita-a-grupos-prioritarios-de-la-america-en-nuevas-alternativas-de-trabajo\/","url":"https:\/\/www.manabi.gob.ec\/index.php\/prefectura-de-manabi-capacita-a-grupos-prioritarios-de-la-america-en-nuevas-alternativas-de-trabajo\/","name":"Prefectura de Manab\u00ed capacita a grupos prioritarios de La Am\u00e9rica en nuevas alternativas de trabajo - Prefectura de Manab\u00ed","isPartOf":{"@id":"https:\/\/www.manabi.gob.ec\/#website"},"datePublished":"2025-09-03T13:04:22+00:00","dateModified":"2025-09-03T13:04:25+00:00","author":{"@id":"https:\/\/www.manabi.gob.ec\/#\/schema\/person\/cfc71bd68fe2703b779edcc292a49722"},"breadcrumb":{"@id":"https:\/\/www.manabi.gob.ec\/index.php\/prefectura-de-manabi-capacita-a-grupos-prioritarios-de-la-america-en-nuevas-alternativas-de-trabajo\/#breadcrumb"},"inLanguage":"es","potentialAction":[{"@type":"ReadAction","target":["https:\/\/www.manabi.gob.ec\/index.php\/prefectura-de-manabi-capacita-a-grupos-prioritarios-de-la-america-en-nuevas-alternativas-de-trabajo\/"]}]},{"@type":"BreadcrumbList","@id":"https:\/\/www.manabi.gob.ec\/index.php\/prefectura-de-manabi-capacita-a-grupos-prioritarios-de-la-america-en-nuevas-alternativas-de-trabajo\/#breadcrumb","itemListElement":[{"@type":"ListItem","position":1,"name":"Portada","item":"https:\/\/www.manabi.gob.ec\/"},{"@type":"ListItem","position":2,"name":"Prefectura de Manab\u00ed capacita a grupos prioritarios de La Am\u00e9rica en nuevas alternativas de trabajo"}]},{"@type":"WebSite","@id":"https:\/\/www.manabi.gob.ec\/#website","url":"https:\/\/www.manabi.gob.ec\/","name":"Prefectura de Manab\u00ed","description":"P\u00e1gina web de la prefectura","potentialAction":[{"@type":"SearchAction","target":{"@type":"EntryPoint","urlTemplate":"https:\/\/www.manabi.gob.ec\/?s={search_term_string}"},"query-input":{"@type":"PropertyValueSpecification","valueRequired":true,"valueName":"search_term_string"}}],"inLanguage":"es"},{"@type":"Person","@id":"https:\/\/www.manabi.gob.ec\/#\/schema\/person\/cfc71bd68fe2703b779edcc292a49722","name":"admin","image":{"@type":"ImageObject","inLanguage":"es","@id":"https:\/\/secure.gravatar.com\/avatar\/23e9f919492b0a2f65aa168e0d8c5c867ea853b61deffbadf08c7031e15b8d78?s=96&d=mm&r=g","url":"https:\/\/secure.gravatar.com\/avatar\/23e9f919492b0a2f65aa168e0d8c5c867ea853b61deffbadf08c7031e15b8d78?s=96&d=mm&r=g","contentUrl":"https:\/\/secure.gravatar.com\/avatar\/23e9f919492b0a2f65aa168e0d8c5c867ea853b61deffbadf08c7031e15b8d78?s=96&d=mm&r=g","caption":"admin"},"sameAs":["http:\/\/www.manabi.gob.ec"],"url":"https:\/\/www.manabi.gob.ec\/index.php\/author\/admin\/"}]}},"jetpack_featured_media_url":"","_links":{"self":[{"href":"https:\/\/www.manabi.gob.ec\/index.php\/wp-json\/wp\/v2\/posts\/31793","targetHints":{"allow":["GET"]}}],"collection":[{"href":"https:\/\/www.manabi.gob.ec\/index.php\/wp-json\/wp\/v2\/posts"}],"about":[{"href":"https:\/\/www.manabi.gob.ec\/index.php\/wp-json\/wp\/v2\/types\/post"}],"author":[{"embeddable":true,"href":"https:\/\/www.manabi.gob.ec\/index.php\/wp-json\/wp\/v2\/users\/1"}],"replies":[{"embeddable":true,"href":"https:\/\/www.manabi.gob.ec\/index.php\/wp-json\/wp\/v2\/comments?post=31793"}],"version-history":[{"count":1,"href":"https:\/\/www.manabi.gob.ec\/index.php\/wp-json\/wp\/v2\/posts\/31793\/revisions"}],"predecessor-version":[{"id":31795,"href":"https:\/\/www.manabi.gob.ec\/index.php\/wp-json\/wp\/v2\/posts\/31793\/revisions\/31795"}],"wp:attachment":[{"href":"https:\/\/www.manabi.gob.ec\/index.php\/wp-json\/wp\/v2\/media?parent=31793"}],"wp:term":[{"taxonomy":"category","embeddable":true,"href":"https:\/\/www.manabi.gob.ec\/index.php\/wp-json\/wp\/v2\/categories?post=31793"},{"taxonomy":"post_tag","embeddable":true,"href":"https:\/\/www.manabi.gob.ec\/index.php\/wp-json\/wp\/v2\/tags?post=31793"}],"curies":[{"name":"wp","href":"https:\/\/api.w.org\/{rel}","templated":true}]}}