{"id":32010,"date":"2025-09-25T21:22:20","date_gmt":"2025-09-25T21:22:20","guid":{"rendered":"https:\/\/www.manabi.gob.ec\/?p=32010"},"modified":"2025-09-25T21:22:20","modified_gmt":"2025-09-25T21:22:20","slug":"manabi-ya-cuenta-con-una-cartografia-de-rutas-culturales-con-fines-turisticos","status":"publish","type":"post","link":"https:\/\/www.manabi.gob.ec\/index.php\/manabi-ya-cuenta-con-una-cartografia-de-rutas-culturales-con-fines-turisticos\/","title":{"rendered":"Manab\u00ed ya cuenta con una cartograf\u00eda de rutas culturales con fines tur\u00edsticos"},"content":{"rendered":"\n<p class=\"p1\">La Prefectura y el Ministerio de Educaci\u00f3n, Deporte y Cultura (MINIDEC) presentaron el proyecto \u201cRutas Culturales y Creativas de Manab\u00ed\u201d, que contempla una cartograf\u00eda con rutas culturales de los 22 cantones manabitas, para fomentar la cultura e identidad de&nbsp; la provincia en sus diversas expresiones e impulsar&nbsp; la pr\u00e1ctica art\u00edstica con fines tur\u00edsticos.&nbsp;<\/p>\n\n\n\n<p class=\"p1\">En un act se desarroll\u00f3 el&nbsp; 23 de septiembre en el Paraninfo de la Universidad T\u00e9cnica de Manab\u00ed, y estuvo presidido por el prefecto Leonardo Orlando y la viceministra de Cultura, Romina Mu\u00f1oz Procel, quie&nbsp; entreg\u00f3 los ejemplares a la autoridad provincial, y posteriormente se lo hizo a&nbsp; los alcaldes o delegados. Este material visibiliza la riqueza cultural, creativa y tur\u00edstica de todos los cantones de la provincia.&nbsp;<\/p>\n\n\n\n<p class=\"p1\">\u201cVenimos a reafirmar que la cultura no es un lujo sino una catalizadora esencial para el cambio social. Es la herramienta, el medio que reconstruye comunidades, fomenta la empat\u00eda y resalta lo mejor de cada uno de nosotros, nuestra&nbsp; creatividad innata, emotivo y profundamente humano,&nbsp; y eso es lo que caracteriza a Manab\u00ed\u201d, expres\u00f3 la viceministra de Cultura, Romina Mu\u00f1oz.&nbsp;<\/p>\n\n\n\n<p class=\"p1\">El prefecto indic\u00f3 que la acartografia Cultural de Manab\u00ed, es un conjunto de lienzos que entrelazan informaci\u00f3n territorial con una mirada art\u00edstica para resaltar la riqueza de nuestras expresiones culturales, tradiciones, gastronom\u00eda e identidades locales. \u201cEste proyecto ha sido un camino de aprendizaje y crecimiento colectivo, hoy es un d\u00eda hist\u00f3rico para la provincia\u201d, indic\u00f3.&nbsp;<\/p>\n\n\n\n<p class=\"p1\">Para quienes deseen conocer la cartograf\u00eda de los 22 cantones, se ha habilitado un c\u00f3digo QR que permite acceder de manera directa a este recurso digital.&nbsp;<\/p>\n\n\n\n<p class=\"p1\">El proyecto \u201cRutas Culturales y Creativas de Manab\u00ed\u201d,&nbsp; es resultado de un trabajo en conjunto entre la Prefectura de Manab\u00ed y el Ministerio de Cultura y Patrimonio (MCYP), gracias a un convenio interinstitucional, que se firm\u00f3 en diciembre del 2024, con el objetivo de fortalecer el ecosistema cultural de la provincia y promover expresiones art\u00edsticas y creativas locales, que&nbsp; contribuyan a la descentralizaci\u00f3n de las pol\u00edtica p\u00fablica.<\/p>\n\n\n\n<p class=\"p1\">Este convenio interinstitucional ha permitido ejecutar una serie de actividades con los grupos culturales manabitas, sobre la base de una planificaci\u00f3n participativa, visibilizar el patrimonio provincial&nbsp; y fortalecer la gobernanza cultural territorial.&nbsp;<\/p>\n\n\n\n<p class=\"p1\">Uno de los ejes m\u00e1s importantes de este convenio es la Cartograf\u00eda Cultural&nbsp; manabita concebida como herramienta viva para conocer y articular hitos&nbsp; culturales patrimoniales y creativo de cada cant\u00f3n de la provincia, que registra una rica historia cultural, que ha permitido definir rutas con fines tur\u00edsticos, un trabajo que se desarroll\u00f3 con la&nbsp; participaci\u00f3n de gestores culturales y autoridades.&nbsp; Tambi\u00e9n se defini\u00f3 el desarrollo de una plataforma digital interactiva que permita navegar la cartograf\u00eda con fines pedag\u00f3gicos, tur\u00edsticos y de gesti\u00f3n cultural.<\/p>\n","protected":false},"excerpt":{"rendered":"<p>La Prefectura y el Ministerio de Educaci\u00f3n, Deporte y Cultura (MINIDEC) presentaron el proyecto \u201cRutas Culturales y Creativas de Manab\u00ed\u201d, que contempla una cartograf\u00eda con rutas culturales de los 22 cantones manabitas, para fomentar la cultura e identidad de&nbsp; la provincia en sus diversas expresiones e impulsar&nbsp; la pr\u00e1ctica art\u00edstica con fines tur\u00edsticos.&nbsp; En un [&hellip;]<\/p>\n","protected":false},"author":10,"featured_media":32009,"comment_status":"closed","ping_status":"","sticky":false,"template":"","format":"standard","meta":{"_joinchat":[],"footnotes":""},"categories":[150,142,92,91,81],"tags":[],"class_list":["post-32010","post","type-post","status-publish","format-standard","has-post-thumbnail","hentry","category-ambiente","category-desarrollo-social","category-noticias-manabi","category-todas","category-turismo"],"yoast_head":"<!-- This site is optimized with the Yoast SEO plugin v27.4 - https:\/\/yoast.com\/product\/yoast-seo-wordpress\/ -->\n<title>Manab\u00ed ya cuenta con una cartograf\u00eda de rutas culturales con fines tur\u00edsticos - Prefectura de Manab\u00ed<\/title>\n<meta name=\"robots\" content=\"index, follow, max-snippet:-1, max-image-preview:large, max-video-preview:-1\" \/>\n<link rel=\"canonical\" href=\"https:\/\/www.manabi.gob.ec\/index.php\/manabi-ya-cuenta-con-una-cartografia-de-rutas-culturales-con-fines-turisticos\/\" \/>\n<meta property=\"og:locale\" content=\"es_ES\" \/>\n<meta property=\"og:type\" content=\"article\" \/>\n<meta property=\"og:title\" content=\"Manab\u00ed ya cuenta con una cartograf\u00eda de rutas culturales con fines tur\u00edsticos - Prefectura de Manab\u00ed\" \/>\n<meta property=\"og:description\" content=\"La Prefectura y el Ministerio de Educaci\u00f3n, Deporte y Cultura (MINIDEC) presentaron el proyecto \u201cRutas Culturales y Creativas de Manab\u00ed\u201d, que contempla una cartograf\u00eda con rutas culturales de los 22 cantones manabitas, para fomentar la cultura e identidad de&nbsp; la provincia en sus diversas expresiones e impulsar&nbsp; la pr\u00e1ctica art\u00edstica con fines tur\u00edsticos.&nbsp; En un [&hellip;]\" \/>\n<meta property=\"og:url\" content=\"https:\/\/www.manabi.gob.ec\/index.php\/manabi-ya-cuenta-con-una-cartografia-de-rutas-culturales-con-fines-turisticos\/\" \/>\n<meta property=\"og:site_name\" content=\"Prefectura de Manab\u00ed\" \/>\n<meta property=\"article:published_time\" content=\"2025-09-25T21:22:20+00:00\" \/>\n<meta property=\"og:image\" content=\"https:\/\/www.manabi.gob.ec\/wp-content\/uploads\/2025\/09\/a3621e47-1b4c-428e-918d-79a7d4b58cea.jpg\" \/>\n\t<meta property=\"og:image:width\" content=\"2000\" \/>\n\t<meta property=\"og:image:height\" content=\"1333\" \/>\n\t<meta property=\"og:image:type\" content=\"image\/jpeg\" \/>\n<meta name=\"author\" content=\"Lui Ochoa\" \/>\n<meta name=\"twitter:card\" content=\"summary_large_image\" \/>\n<meta name=\"twitter:label1\" content=\"Escrito por\" \/>\n\t<meta name=\"twitter:data1\" content=\"Lui Ochoa\" \/>\n\t<meta name=\"twitter:label2\" content=\"Tiempo de lectura\" \/>\n\t<meta name=\"twitter:data2\" content=\"2 minutos\" \/>\n<script type=\"application\/ld+json\" class=\"yoast-schema-graph\">{\"@context\":\"https:\\\/\\\/schema.org\",\"@graph\":[{\"@type\":\"Article\",\"@id\":\"https:\\\/\\\/www.manabi.gob.ec\\\/index.php\\\/manabi-ya-cuenta-con-una-cartografia-de-rutas-culturales-con-fines-turisticos\\\/#article\",\"isPartOf\":{\"@id\":\"https:\\\/\\\/www.manabi.gob.ec\\\/index.php\\\/manabi-ya-cuenta-con-una-cartografia-de-rutas-culturales-con-fines-turisticos\\\/\"},\"author\":{\"name\":\"Lui Ochoa\",\"@id\":\"https:\\\/\\\/www.manabi.gob.ec\\\/#\\\/schema\\\/person\\\/c4f117989332ad723a6ced5994aa7d7a\"},\"headline\":\"Manab\u00ed ya cuenta con una cartograf\u00eda de rutas culturales con fines tur\u00edsticos\",\"datePublished\":\"2025-09-25T21:22:20+00:00\",\"mainEntityOfPage\":{\"@id\":\"https:\\\/\\\/www.manabi.gob.ec\\\/index.php\\\/manabi-ya-cuenta-con-una-cartografia-de-rutas-culturales-con-fines-turisticos\\\/\"},\"wordCount\":506,\"image\":{\"@id\":\"https:\\\/\\\/www.manabi.gob.ec\\\/index.php\\\/manabi-ya-cuenta-con-una-cartografia-de-rutas-culturales-con-fines-turisticos\\\/#primaryimage\"},\"thumbnailUrl\":\"https:\\\/\\\/www.manabi.gob.ec\\\/wp-content\\\/uploads\\\/2025\\\/09\\\/a3621e47-1b4c-428e-918d-79a7d4b58cea.jpg\",\"articleSection\":[\"Ambiente\",\"Desarrollo Social\",\"Noticias\",\"Todas\",\"Turismo\"],\"inLanguage\":\"es\"},{\"@type\":\"WebPage\",\"@id\":\"https:\\\/\\\/www.manabi.gob.ec\\\/index.php\\\/manabi-ya-cuenta-con-una-cartografia-de-rutas-culturales-con-fines-turisticos\\\/\",\"url\":\"https:\\\/\\\/www.manabi.gob.ec\\\/index.php\\\/manabi-ya-cuenta-con-una-cartografia-de-rutas-culturales-con-fines-turisticos\\\/\",\"name\":\"Manab\u00ed ya cuenta con una cartograf\u00eda de rutas culturales con fines tur\u00edsticos - Prefectura de Manab\u00ed\",\"isPartOf\":{\"@id\":\"https:\\\/\\\/www.manabi.gob.ec\\\/#website\"},\"primaryImageOfPage\":{\"@id\":\"https:\\\/\\\/www.manabi.gob.ec\\\/index.php\\\/manabi-ya-cuenta-con-una-cartografia-de-rutas-culturales-con-fines-turisticos\\\/#primaryimage\"},\"image\":{\"@id\":\"https:\\\/\\\/www.manabi.gob.ec\\\/index.php\\\/manabi-ya-cuenta-con-una-cartografia-de-rutas-culturales-con-fines-turisticos\\\/#primaryimage\"},\"thumbnailUrl\":\"https:\\\/\\\/www.manabi.gob.ec\\\/wp-content\\\/uploads\\\/2025\\\/09\\\/a3621e47-1b4c-428e-918d-79a7d4b58cea.jpg\",\"datePublished\":\"2025-09-25T21:22:20+00:00\",\"author\":{\"@id\":\"https:\\\/\\\/www.manabi.gob.ec\\\/#\\\/schema\\\/person\\\/c4f117989332ad723a6ced5994aa7d7a\"},\"breadcrumb\":{\"@id\":\"https:\\\/\\\/www.manabi.gob.ec\\\/index.php\\\/manabi-ya-cuenta-con-una-cartografia-de-rutas-culturales-con-fines-turisticos\\\/#breadcrumb\"},\"inLanguage\":\"es\",\"potentialAction\":[{\"@type\":\"ReadAction\",\"target\":[\"https:\\\/\\\/www.manabi.gob.ec\\\/index.php\\\/manabi-ya-cuenta-con-una-cartografia-de-rutas-culturales-con-fines-turisticos\\\/\"]}]},{\"@type\":\"ImageObject\",\"inLanguage\":\"es\",\"@id\":\"https:\\\/\\\/www.manabi.gob.ec\\\/index.php\\\/manabi-ya-cuenta-con-una-cartografia-de-rutas-culturales-con-fines-turisticos\\\/#primaryimage\",\"url\":\"https:\\\/\\\/www.manabi.gob.ec\\\/wp-content\\\/uploads\\\/2025\\\/09\\\/a3621e47-1b4c-428e-918d-79a7d4b58cea.jpg\",\"contentUrl\":\"https:\\\/\\\/www.manabi.gob.ec\\\/wp-content\\\/uploads\\\/2025\\\/09\\\/a3621e47-1b4c-428e-918d-79a7d4b58cea.jpg\",\"width\":2000,\"height\":1333},{\"@type\":\"BreadcrumbList\",\"@id\":\"https:\\\/\\\/www.manabi.gob.ec\\\/index.php\\\/manabi-ya-cuenta-con-una-cartografia-de-rutas-culturales-con-fines-turisticos\\\/#breadcrumb\",\"itemListElement\":[{\"@type\":\"ListItem\",\"position\":1,\"name\":\"Portada\",\"item\":\"https:\\\/\\\/www.manabi.gob.ec\\\/\"},{\"@type\":\"ListItem\",\"position\":2,\"name\":\"Manab\u00ed ya cuenta con una cartograf\u00eda de rutas culturales con fines tur\u00edsticos\"}]},{\"@type\":\"WebSite\",\"@id\":\"https:\\\/\\\/www.manabi.gob.ec\\\/#website\",\"url\":\"https:\\\/\\\/www.manabi.gob.ec\\\/\",\"name\":\"Prefectura de Manab\u00ed\",\"description\":\"P\u00e1gina web de la prefectura\",\"potentialAction\":[{\"@type\":\"SearchAction\",\"target\":{\"@type\":\"EntryPoint\",\"urlTemplate\":\"https:\\\/\\\/www.manabi.gob.ec\\\/?s={search_term_string}\"},\"query-input\":{\"@type\":\"PropertyValueSpecification\",\"valueRequired\":true,\"valueName\":\"search_term_string\"}}],\"inLanguage\":\"es\"},{\"@type\":\"Person\",\"@id\":\"https:\\\/\\\/www.manabi.gob.ec\\\/#\\\/schema\\\/person\\\/c4f117989332ad723a6ced5994aa7d7a\",\"name\":\"Lui Ochoa\",\"image\":{\"@type\":\"ImageObject\",\"inLanguage\":\"es\",\"@id\":\"https:\\\/\\\/secure.gravatar.com\\\/avatar\\\/6e8017d0fe69dead8a95864d2eb6e1e1d8bf8e01194ba49cf7b897ff038126ba?s=96&d=mm&r=g\",\"url\":\"https:\\\/\\\/secure.gravatar.com\\\/avatar\\\/6e8017d0fe69dead8a95864d2eb6e1e1d8bf8e01194ba49cf7b897ff038126ba?s=96&d=mm&r=g\",\"contentUrl\":\"https:\\\/\\\/secure.gravatar.com\\\/avatar\\\/6e8017d0fe69dead8a95864d2eb6e1e1d8bf8e01194ba49cf7b897ff038126ba?s=96&d=mm&r=g\",\"caption\":\"Lui Ochoa\"},\"url\":\"https:\\\/\\\/www.manabi.gob.ec\\\/index.php\\\/author\\\/lochoa\\\/\"}]}<\/script>\n<!-- \/ Yoast SEO plugin. -->","yoast_head_json":{"title":"Manab\u00ed ya cuenta con una cartograf\u00eda de rutas culturales con fines tur\u00edsticos - Prefectura de Manab\u00ed","robots":{"index":"index","follow":"follow","max-snippet":"max-snippet:-1","max-image-preview":"max-image-preview:large","max-video-preview":"max-video-preview:-1"},"canonical":"https:\/\/www.manabi.gob.ec\/index.php\/manabi-ya-cuenta-con-una-cartografia-de-rutas-culturales-con-fines-turisticos\/","og_locale":"es_ES","og_type":"article","og_title":"Manab\u00ed ya cuenta con una cartograf\u00eda de rutas culturales con fines tur\u00edsticos - Prefectura de Manab\u00ed","og_description":"La Prefectura y el Ministerio de Educaci\u00f3n, Deporte y Cultura (MINIDEC) presentaron el proyecto \u201cRutas Culturales y Creativas de Manab\u00ed\u201d, que contempla una cartograf\u00eda con rutas culturales de los 22 cantones manabitas, para fomentar la cultura e identidad de&nbsp; la provincia en sus diversas expresiones e impulsar&nbsp; la pr\u00e1ctica art\u00edstica con fines tur\u00edsticos.&nbsp; En un [&hellip;]","og_url":"https:\/\/www.manabi.gob.ec\/index.php\/manabi-ya-cuenta-con-una-cartografia-de-rutas-culturales-con-fines-turisticos\/","og_site_name":"Prefectura de Manab\u00ed","article_published_time":"2025-09-25T21:22:20+00:00","og_image":[{"width":2000,"height":1333,"url":"https:\/\/www.manabi.gob.ec\/wp-content\/uploads\/2025\/09\/a3621e47-1b4c-428e-918d-79a7d4b58cea.jpg","type":"image\/jpeg"}],"author":"Lui Ochoa","twitter_card":"summary_large_image","twitter_misc":{"Escrito por":"Lui Ochoa","Tiempo de lectura":"2 minutos"},"schema":{"@context":"https:\/\/schema.org","@graph":[{"@type":"Article","@id":"https:\/\/www.manabi.gob.ec\/index.php\/manabi-ya-cuenta-con-una-cartografia-de-rutas-culturales-con-fines-turisticos\/#article","isPartOf":{"@id":"https:\/\/www.manabi.gob.ec\/index.php\/manabi-ya-cuenta-con-una-cartografia-de-rutas-culturales-con-fines-turisticos\/"},"author":{"name":"Lui Ochoa","@id":"https:\/\/www.manabi.gob.ec\/#\/schema\/person\/c4f117989332ad723a6ced5994aa7d7a"},"headline":"Manab\u00ed ya cuenta con una cartograf\u00eda de rutas culturales con fines tur\u00edsticos","datePublished":"2025-09-25T21:22:20+00:00","mainEntityOfPage":{"@id":"https:\/\/www.manabi.gob.ec\/index.php\/manabi-ya-cuenta-con-una-cartografia-de-rutas-culturales-con-fines-turisticos\/"},"wordCount":506,"image":{"@id":"https:\/\/www.manabi.gob.ec\/index.php\/manabi-ya-cuenta-con-una-cartografia-de-rutas-culturales-con-fines-turisticos\/#primaryimage"},"thumbnailUrl":"https:\/\/www.manabi.gob.ec\/wp-content\/uploads\/2025\/09\/a3621e47-1b4c-428e-918d-79a7d4b58cea.jpg","articleSection":["Ambiente","Desarrollo Social","Noticias","Todas","Turismo"],"inLanguage":"es"},{"@type":"WebPage","@id":"https:\/\/www.manabi.gob.ec\/index.php\/manabi-ya-cuenta-con-una-cartografia-de-rutas-culturales-con-fines-turisticos\/","url":"https:\/\/www.manabi.gob.ec\/index.php\/manabi-ya-cuenta-con-una-cartografia-de-rutas-culturales-con-fines-turisticos\/","name":"Manab\u00ed ya cuenta con una cartograf\u00eda de rutas culturales con fines tur\u00edsticos - Prefectura de Manab\u00ed","isPartOf":{"@id":"https:\/\/www.manabi.gob.ec\/#website"},"primaryImageOfPage":{"@id":"https:\/\/www.manabi.gob.ec\/index.php\/manabi-ya-cuenta-con-una-cartografia-de-rutas-culturales-con-fines-turisticos\/#primaryimage"},"image":{"@id":"https:\/\/www.manabi.gob.ec\/index.php\/manabi-ya-cuenta-con-una-cartografia-de-rutas-culturales-con-fines-turisticos\/#primaryimage"},"thumbnailUrl":"https:\/\/www.manabi.gob.ec\/wp-content\/uploads\/2025\/09\/a3621e47-1b4c-428e-918d-79a7d4b58cea.jpg","datePublished":"2025-09-25T21:22:20+00:00","author":{"@id":"https:\/\/www.manabi.gob.ec\/#\/schema\/person\/c4f117989332ad723a6ced5994aa7d7a"},"breadcrumb":{"@id":"https:\/\/www.manabi.gob.ec\/index.php\/manabi-ya-cuenta-con-una-cartografia-de-rutas-culturales-con-fines-turisticos\/#breadcrumb"},"inLanguage":"es","potentialAction":[{"@type":"ReadAction","target":["https:\/\/www.manabi.gob.ec\/index.php\/manabi-ya-cuenta-con-una-cartografia-de-rutas-culturales-con-fines-turisticos\/"]}]},{"@type":"ImageObject","inLanguage":"es","@id":"https:\/\/www.manabi.gob.ec\/index.php\/manabi-ya-cuenta-con-una-cartografia-de-rutas-culturales-con-fines-turisticos\/#primaryimage","url":"https:\/\/www.manabi.gob.ec\/wp-content\/uploads\/2025\/09\/a3621e47-1b4c-428e-918d-79a7d4b58cea.jpg","contentUrl":"https:\/\/www.manabi.gob.ec\/wp-content\/uploads\/2025\/09\/a3621e47-1b4c-428e-918d-79a7d4b58cea.jpg","width":2000,"height":1333},{"@type":"BreadcrumbList","@id":"https:\/\/www.manabi.gob.ec\/index.php\/manabi-ya-cuenta-con-una-cartografia-de-rutas-culturales-con-fines-turisticos\/#breadcrumb","itemListElement":[{"@type":"ListItem","position":1,"name":"Portada","item":"https:\/\/www.manabi.gob.ec\/"},{"@type":"ListItem","position":2,"name":"Manab\u00ed ya cuenta con una cartograf\u00eda de rutas culturales con fines tur\u00edsticos"}]},{"@type":"WebSite","@id":"https:\/\/www.manabi.gob.ec\/#website","url":"https:\/\/www.manabi.gob.ec\/","name":"Prefectura de Manab\u00ed","description":"P\u00e1gina web de la prefectura","potentialAction":[{"@type":"SearchAction","target":{"@type":"EntryPoint","urlTemplate":"https:\/\/www.manabi.gob.ec\/?s={search_term_string}"},"query-input":{"@type":"PropertyValueSpecification","valueRequired":true,"valueName":"search_term_string"}}],"inLanguage":"es"},{"@type":"Person","@id":"https:\/\/www.manabi.gob.ec\/#\/schema\/person\/c4f117989332ad723a6ced5994aa7d7a","name":"Lui Ochoa","image":{"@type":"ImageObject","inLanguage":"es","@id":"https:\/\/secure.gravatar.com\/avatar\/6e8017d0fe69dead8a95864d2eb6e1e1d8bf8e01194ba49cf7b897ff038126ba?s=96&d=mm&r=g","url":"https:\/\/secure.gravatar.com\/avatar\/6e8017d0fe69dead8a95864d2eb6e1e1d8bf8e01194ba49cf7b897ff038126ba?s=96&d=mm&r=g","contentUrl":"https:\/\/secure.gravatar.com\/avatar\/6e8017d0fe69dead8a95864d2eb6e1e1d8bf8e01194ba49cf7b897ff038126ba?s=96&d=mm&r=g","caption":"Lui Ochoa"},"url":"https:\/\/www.manabi.gob.ec\/index.php\/author\/lochoa\/"}]}},"jetpack_featured_media_url":"https:\/\/www.manabi.gob.ec\/wp-content\/uploads\/2025\/09\/a3621e47-1b4c-428e-918d-79a7d4b58cea.jpg","_links":{"self":[{"href":"https:\/\/www.manabi.gob.ec\/index.php\/wp-json\/wp\/v2\/posts\/32010","targetHints":{"allow":["GET"]}}],"collection":[{"href":"https:\/\/www.manabi.gob.ec\/index.php\/wp-json\/wp\/v2\/posts"}],"about":[{"href":"https:\/\/www.manabi.gob.ec\/index.php\/wp-json\/wp\/v2\/types\/post"}],"author":[{"embeddable":true,"href":"https:\/\/www.manabi.gob.ec\/index.php\/wp-json\/wp\/v2\/users\/10"}],"replies":[{"embeddable":true,"href":"https:\/\/www.manabi.gob.ec\/index.php\/wp-json\/wp\/v2\/comments?post=32010"}],"version-history":[{"count":1,"href":"https:\/\/www.manabi.gob.ec\/index.php\/wp-json\/wp\/v2\/posts\/32010\/revisions"}],"predecessor-version":[{"id":32011,"href":"https:\/\/www.manabi.gob.ec\/index.php\/wp-json\/wp\/v2\/posts\/32010\/revisions\/32011"}],"wp:featuredmedia":[{"embeddable":true,"href":"https:\/\/www.manabi.gob.ec\/index.php\/wp-json\/wp\/v2\/media\/32009"}],"wp:attachment":[{"href":"https:\/\/www.manabi.gob.ec\/index.php\/wp-json\/wp\/v2\/media?parent=32010"}],"wp:term":[{"taxonomy":"category","embeddable":true,"href":"https:\/\/www.manabi.gob.ec\/index.php\/wp-json\/wp\/v2\/categories?post=32010"},{"taxonomy":"post_tag","embeddable":true,"href":"https:\/\/www.manabi.gob.ec\/index.php\/wp-json\/wp\/v2\/tags?post=32010"}],"curies":[{"name":"wp","href":"https:\/\/api.w.org\/{rel}","templated":true}]}}