{"id":32036,"date":"2025-09-29T19:58:08","date_gmt":"2025-09-29T19:58:08","guid":{"rendered":"https:\/\/www.manabi.gob.ec\/?p=32036"},"modified":"2025-09-29T19:58:10","modified_gmt":"2025-09-29T19:58:10","slug":"tecnicos-de-la-prefectura-se-preparan-para-impulsar-produccion-sostenible-de-cacao-en-manabi","status":"publish","type":"post","link":"https:\/\/www.manabi.gob.ec\/index.php\/tecnicos-de-la-prefectura-se-preparan-para-impulsar-produccion-sostenible-de-cacao-en-manabi\/","title":{"rendered":"T\u00e9cnicos de la Prefectura se preparan para impulsar producci\u00f3n sostenible de cacao en Manab\u00ed"},"content":{"rendered":"\n<p>\u201cCalibraci\u00f3n de huertas en el cultivo de cacao\u00bb es el tema del taller que se imparti\u00f3 a los t\u00e9cnicos de la Direcci\u00f3n de Fomento Productivo de la Prefectura de Manab\u00ed, que busca dar las herramientas t\u00e9cnicas para mejorar la calibraci\u00f3n y el manejo de las huertas cacaoteras, con miras a incrementar la productividad y asegurar la calidad del grano.<\/p>\n\n\n\n<p>Como parte del proceso formativo, los t\u00e9cnicos participaron de pr\u00e1cticas de campo en las plantaciones, para aplicar los conocimientos adquiridos. Esta experiencia pr\u00e1ctica fortalece la transferencia de saberes hacia los agricultores, asegurando que los beneficios lleguen a las comunidades productoras de los cantones de Manab\u00ed.<\/p>\n\n\n\n<p>El taller se dict\u00f3 el viernes 26 de septiembre, en la Estaci\u00f3n Experimental Portoviejo del Instituto Nacional de Investigaciones Agropecuarias (INIAP), enmarcado en el proyecto fomento de pr\u00e1cticas para la prevenci\u00f3n y manejo integrado de plagas para el desarrollo de una agricultura sostenible, sustentable y eficiente.<\/p>\n\n\n\n<p>Las Escuelas del Productor inici\u00f3 su segunda edici\u00f3n que para esta etapa ya suman 192, que beneficiar\u00e1n a 7.400 productores agropecuarios y pescadores artesanales de la provincia.<\/p>\n\n\n\n<p>De esas Escuelas 123 trabajan con enfoque agroecol\u00f3gico en cultivos como: cacao, caf\u00e9, pl\u00e1tano, lim\u00f3n y ma\u00edz, de las que se benefician directamente m\u00e1s de 3.000 agricultores, quienes han asumido con responsabilidad y entusiasmo pr\u00e1cticas m\u00e1s limpias, productivas y sostenibles.<\/p>\n\n\n\n<p>De esta manera, la Prefectura de Manab\u00ed promueve el fortalecimiento de las econom\u00edas rurales, la innovaci\u00f3n en el campo y la construcci\u00f3n de un modelo agr\u00edcola que responda a los retos de la sostenibilidad.<\/p>\n","protected":false},"excerpt":{"rendered":"<p>\u201cCalibraci\u00f3n de huertas en el cultivo de cacao\u00bb es el tema del taller que se imparti\u00f3 a los t\u00e9cnicos de la Direcci\u00f3n de Fomento Productivo de la Prefectura de Manab\u00ed, que busca dar las herramientas t\u00e9cnicas para mejorar la calibraci\u00f3n y el manejo de las huertas cacaoteras, con miras a incrementar la productividad y asegurar [&hellip;]<\/p>\n","protected":false},"author":10,"featured_media":32037,"comment_status":"closed","ping_status":"closed","sticky":false,"template":"","format":"standard","meta":{"_joinchat":[],"footnotes":""},"categories":[150,142,92,140,91],"tags":[],"class_list":["post-32036","post","type-post","status-publish","format-standard","has-post-thumbnail","hentry","category-ambiente","category-desarrollo-social","category-noticias-manabi","category-produccion","category-todas"],"yoast_head":"<!-- This site is optimized with the Yoast SEO plugin v27.4 - https:\/\/yoast.com\/product\/yoast-seo-wordpress\/ -->\n<title>T\u00e9cnicos de la Prefectura se preparan para impulsar producci\u00f3n sostenible de cacao en Manab\u00ed - Prefectura de Manab\u00ed<\/title>\n<meta name=\"robots\" content=\"index, follow, max-snippet:-1, max-image-preview:large, max-video-preview:-1\" \/>\n<link rel=\"canonical\" href=\"https:\/\/www.manabi.gob.ec\/index.php\/tecnicos-de-la-prefectura-se-preparan-para-impulsar-produccion-sostenible-de-cacao-en-manabi\/\" \/>\n<meta property=\"og:locale\" content=\"es_ES\" \/>\n<meta property=\"og:type\" content=\"article\" \/>\n<meta property=\"og:title\" content=\"T\u00e9cnicos de la Prefectura se preparan para impulsar producci\u00f3n sostenible de cacao en Manab\u00ed - Prefectura de Manab\u00ed\" \/>\n<meta property=\"og:description\" content=\"\u201cCalibraci\u00f3n de huertas en el cultivo de cacao\u00bb es el tema del taller que se imparti\u00f3 a los t\u00e9cnicos de la Direcci\u00f3n de Fomento Productivo de la Prefectura de Manab\u00ed, que busca dar las herramientas t\u00e9cnicas para mejorar la calibraci\u00f3n y el manejo de las huertas cacaoteras, con miras a incrementar la productividad y asegurar [&hellip;]\" \/>\n<meta property=\"og:url\" content=\"https:\/\/www.manabi.gob.ec\/index.php\/tecnicos-de-la-prefectura-se-preparan-para-impulsar-produccion-sostenible-de-cacao-en-manabi\/\" \/>\n<meta property=\"og:site_name\" content=\"Prefectura de Manab\u00ed\" \/>\n<meta property=\"article:published_time\" content=\"2025-09-29T19:58:08+00:00\" \/>\n<meta property=\"article:modified_time\" content=\"2025-09-29T19:58:10+00:00\" \/>\n<meta property=\"og:image\" content=\"https:\/\/www.manabi.gob.ec\/wp-content\/uploads\/2025\/09\/WhatsApp-Image-2025-09-29-at-2.10.03-PM.jpeg\" \/>\n\t<meta property=\"og:image:width\" content=\"1600\" \/>\n\t<meta property=\"og:image:height\" content=\"1200\" \/>\n\t<meta property=\"og:image:type\" content=\"image\/jpeg\" \/>\n<meta name=\"author\" content=\"Lui Ochoa\" \/>\n<meta name=\"twitter:card\" content=\"summary_large_image\" \/>\n<meta name=\"twitter:label1\" content=\"Escrito por\" \/>\n\t<meta name=\"twitter:data1\" content=\"Lui Ochoa\" \/>\n\t<meta name=\"twitter:label2\" content=\"Tiempo de lectura\" \/>\n\t<meta name=\"twitter:data2\" content=\"2 minutos\" \/>\n<script type=\"application\/ld+json\" class=\"yoast-schema-graph\">{\"@context\":\"https:\\\/\\\/schema.org\",\"@graph\":[{\"@type\":\"Article\",\"@id\":\"https:\\\/\\\/www.manabi.gob.ec\\\/index.php\\\/tecnicos-de-la-prefectura-se-preparan-para-impulsar-produccion-sostenible-de-cacao-en-manabi\\\/#article\",\"isPartOf\":{\"@id\":\"https:\\\/\\\/www.manabi.gob.ec\\\/index.php\\\/tecnicos-de-la-prefectura-se-preparan-para-impulsar-produccion-sostenible-de-cacao-en-manabi\\\/\"},\"author\":{\"name\":\"Lui Ochoa\",\"@id\":\"https:\\\/\\\/www.manabi.gob.ec\\\/#\\\/schema\\\/person\\\/c4f117989332ad723a6ced5994aa7d7a\"},\"headline\":\"T\u00e9cnicos de la Prefectura se preparan para impulsar producci\u00f3n sostenible de cacao en Manab\u00ed\",\"datePublished\":\"2025-09-29T19:58:08+00:00\",\"dateModified\":\"2025-09-29T19:58:10+00:00\",\"mainEntityOfPage\":{\"@id\":\"https:\\\/\\\/www.manabi.gob.ec\\\/index.php\\\/tecnicos-de-la-prefectura-se-preparan-para-impulsar-produccion-sostenible-de-cacao-en-manabi\\\/\"},\"wordCount\":286,\"image\":{\"@id\":\"https:\\\/\\\/www.manabi.gob.ec\\\/index.php\\\/tecnicos-de-la-prefectura-se-preparan-para-impulsar-produccion-sostenible-de-cacao-en-manabi\\\/#primaryimage\"},\"thumbnailUrl\":\"https:\\\/\\\/www.manabi.gob.ec\\\/wp-content\\\/uploads\\\/2025\\\/09\\\/WhatsApp-Image-2025-09-29-at-2.10.03-PM.jpeg\",\"articleSection\":[\"Ambiente\",\"Desarrollo Social\",\"Noticias\",\"Producci\u00f3n\",\"Todas\"],\"inLanguage\":\"es\"},{\"@type\":\"WebPage\",\"@id\":\"https:\\\/\\\/www.manabi.gob.ec\\\/index.php\\\/tecnicos-de-la-prefectura-se-preparan-para-impulsar-produccion-sostenible-de-cacao-en-manabi\\\/\",\"url\":\"https:\\\/\\\/www.manabi.gob.ec\\\/index.php\\\/tecnicos-de-la-prefectura-se-preparan-para-impulsar-produccion-sostenible-de-cacao-en-manabi\\\/\",\"name\":\"T\u00e9cnicos de la Prefectura se preparan para impulsar producci\u00f3n sostenible de cacao en Manab\u00ed - Prefectura de Manab\u00ed\",\"isPartOf\":{\"@id\":\"https:\\\/\\\/www.manabi.gob.ec\\\/#website\"},\"primaryImageOfPage\":{\"@id\":\"https:\\\/\\\/www.manabi.gob.ec\\\/index.php\\\/tecnicos-de-la-prefectura-se-preparan-para-impulsar-produccion-sostenible-de-cacao-en-manabi\\\/#primaryimage\"},\"image\":{\"@id\":\"https:\\\/\\\/www.manabi.gob.ec\\\/index.php\\\/tecnicos-de-la-prefectura-se-preparan-para-impulsar-produccion-sostenible-de-cacao-en-manabi\\\/#primaryimage\"},\"thumbnailUrl\":\"https:\\\/\\\/www.manabi.gob.ec\\\/wp-content\\\/uploads\\\/2025\\\/09\\\/WhatsApp-Image-2025-09-29-at-2.10.03-PM.jpeg\",\"datePublished\":\"2025-09-29T19:58:08+00:00\",\"dateModified\":\"2025-09-29T19:58:10+00:00\",\"author\":{\"@id\":\"https:\\\/\\\/www.manabi.gob.ec\\\/#\\\/schema\\\/person\\\/c4f117989332ad723a6ced5994aa7d7a\"},\"breadcrumb\":{\"@id\":\"https:\\\/\\\/www.manabi.gob.ec\\\/index.php\\\/tecnicos-de-la-prefectura-se-preparan-para-impulsar-produccion-sostenible-de-cacao-en-manabi\\\/#breadcrumb\"},\"inLanguage\":\"es\",\"potentialAction\":[{\"@type\":\"ReadAction\",\"target\":[\"https:\\\/\\\/www.manabi.gob.ec\\\/index.php\\\/tecnicos-de-la-prefectura-se-preparan-para-impulsar-produccion-sostenible-de-cacao-en-manabi\\\/\"]}]},{\"@type\":\"ImageObject\",\"inLanguage\":\"es\",\"@id\":\"https:\\\/\\\/www.manabi.gob.ec\\\/index.php\\\/tecnicos-de-la-prefectura-se-preparan-para-impulsar-produccion-sostenible-de-cacao-en-manabi\\\/#primaryimage\",\"url\":\"https:\\\/\\\/www.manabi.gob.ec\\\/wp-content\\\/uploads\\\/2025\\\/09\\\/WhatsApp-Image-2025-09-29-at-2.10.03-PM.jpeg\",\"contentUrl\":\"https:\\\/\\\/www.manabi.gob.ec\\\/wp-content\\\/uploads\\\/2025\\\/09\\\/WhatsApp-Image-2025-09-29-at-2.10.03-PM.jpeg\",\"width\":1600,\"height\":1200},{\"@type\":\"BreadcrumbList\",\"@id\":\"https:\\\/\\\/www.manabi.gob.ec\\\/index.php\\\/tecnicos-de-la-prefectura-se-preparan-para-impulsar-produccion-sostenible-de-cacao-en-manabi\\\/#breadcrumb\",\"itemListElement\":[{\"@type\":\"ListItem\",\"position\":1,\"name\":\"Portada\",\"item\":\"https:\\\/\\\/www.manabi.gob.ec\\\/\"},{\"@type\":\"ListItem\",\"position\":2,\"name\":\"T\u00e9cnicos de la Prefectura se preparan para impulsar producci\u00f3n sostenible de cacao en Manab\u00ed\"}]},{\"@type\":\"WebSite\",\"@id\":\"https:\\\/\\\/www.manabi.gob.ec\\\/#website\",\"url\":\"https:\\\/\\\/www.manabi.gob.ec\\\/\",\"name\":\"Prefectura de Manab\u00ed\",\"description\":\"P\u00e1gina web de la prefectura\",\"potentialAction\":[{\"@type\":\"SearchAction\",\"target\":{\"@type\":\"EntryPoint\",\"urlTemplate\":\"https:\\\/\\\/www.manabi.gob.ec\\\/?s={search_term_string}\"},\"query-input\":{\"@type\":\"PropertyValueSpecification\",\"valueRequired\":true,\"valueName\":\"search_term_string\"}}],\"inLanguage\":\"es\"},{\"@type\":\"Person\",\"@id\":\"https:\\\/\\\/www.manabi.gob.ec\\\/#\\\/schema\\\/person\\\/c4f117989332ad723a6ced5994aa7d7a\",\"name\":\"Lui Ochoa\",\"image\":{\"@type\":\"ImageObject\",\"inLanguage\":\"es\",\"@id\":\"https:\\\/\\\/secure.gravatar.com\\\/avatar\\\/6e8017d0fe69dead8a95864d2eb6e1e1d8bf8e01194ba49cf7b897ff038126ba?s=96&d=mm&r=g\",\"url\":\"https:\\\/\\\/secure.gravatar.com\\\/avatar\\\/6e8017d0fe69dead8a95864d2eb6e1e1d8bf8e01194ba49cf7b897ff038126ba?s=96&d=mm&r=g\",\"contentUrl\":\"https:\\\/\\\/secure.gravatar.com\\\/avatar\\\/6e8017d0fe69dead8a95864d2eb6e1e1d8bf8e01194ba49cf7b897ff038126ba?s=96&d=mm&r=g\",\"caption\":\"Lui Ochoa\"},\"url\":\"https:\\\/\\\/www.manabi.gob.ec\\\/index.php\\\/author\\\/lochoa\\\/\"}]}<\/script>\n<!-- \/ Yoast SEO plugin. -->","yoast_head_json":{"title":"T\u00e9cnicos de la Prefectura se preparan para impulsar producci\u00f3n sostenible de cacao en Manab\u00ed - Prefectura de Manab\u00ed","robots":{"index":"index","follow":"follow","max-snippet":"max-snippet:-1","max-image-preview":"max-image-preview:large","max-video-preview":"max-video-preview:-1"},"canonical":"https:\/\/www.manabi.gob.ec\/index.php\/tecnicos-de-la-prefectura-se-preparan-para-impulsar-produccion-sostenible-de-cacao-en-manabi\/","og_locale":"es_ES","og_type":"article","og_title":"T\u00e9cnicos de la Prefectura se preparan para impulsar producci\u00f3n sostenible de cacao en Manab\u00ed - Prefectura de Manab\u00ed","og_description":"\u201cCalibraci\u00f3n de huertas en el cultivo de cacao\u00bb es el tema del taller que se imparti\u00f3 a los t\u00e9cnicos de la Direcci\u00f3n de Fomento Productivo de la Prefectura de Manab\u00ed, que busca dar las herramientas t\u00e9cnicas para mejorar la calibraci\u00f3n y el manejo de las huertas cacaoteras, con miras a incrementar la productividad y asegurar [&hellip;]","og_url":"https:\/\/www.manabi.gob.ec\/index.php\/tecnicos-de-la-prefectura-se-preparan-para-impulsar-produccion-sostenible-de-cacao-en-manabi\/","og_site_name":"Prefectura de Manab\u00ed","article_published_time":"2025-09-29T19:58:08+00:00","article_modified_time":"2025-09-29T19:58:10+00:00","og_image":[{"width":1600,"height":1200,"url":"https:\/\/www.manabi.gob.ec\/wp-content\/uploads\/2025\/09\/WhatsApp-Image-2025-09-29-at-2.10.03-PM.jpeg","type":"image\/jpeg"}],"author":"Lui Ochoa","twitter_card":"summary_large_image","twitter_misc":{"Escrito por":"Lui Ochoa","Tiempo de lectura":"2 minutos"},"schema":{"@context":"https:\/\/schema.org","@graph":[{"@type":"Article","@id":"https:\/\/www.manabi.gob.ec\/index.php\/tecnicos-de-la-prefectura-se-preparan-para-impulsar-produccion-sostenible-de-cacao-en-manabi\/#article","isPartOf":{"@id":"https:\/\/www.manabi.gob.ec\/index.php\/tecnicos-de-la-prefectura-se-preparan-para-impulsar-produccion-sostenible-de-cacao-en-manabi\/"},"author":{"name":"Lui Ochoa","@id":"https:\/\/www.manabi.gob.ec\/#\/schema\/person\/c4f117989332ad723a6ced5994aa7d7a"},"headline":"T\u00e9cnicos de la Prefectura se preparan para impulsar producci\u00f3n sostenible de cacao en Manab\u00ed","datePublished":"2025-09-29T19:58:08+00:00","dateModified":"2025-09-29T19:58:10+00:00","mainEntityOfPage":{"@id":"https:\/\/www.manabi.gob.ec\/index.php\/tecnicos-de-la-prefectura-se-preparan-para-impulsar-produccion-sostenible-de-cacao-en-manabi\/"},"wordCount":286,"image":{"@id":"https:\/\/www.manabi.gob.ec\/index.php\/tecnicos-de-la-prefectura-se-preparan-para-impulsar-produccion-sostenible-de-cacao-en-manabi\/#primaryimage"},"thumbnailUrl":"https:\/\/www.manabi.gob.ec\/wp-content\/uploads\/2025\/09\/WhatsApp-Image-2025-09-29-at-2.10.03-PM.jpeg","articleSection":["Ambiente","Desarrollo Social","Noticias","Producci\u00f3n","Todas"],"inLanguage":"es"},{"@type":"WebPage","@id":"https:\/\/www.manabi.gob.ec\/index.php\/tecnicos-de-la-prefectura-se-preparan-para-impulsar-produccion-sostenible-de-cacao-en-manabi\/","url":"https:\/\/www.manabi.gob.ec\/index.php\/tecnicos-de-la-prefectura-se-preparan-para-impulsar-produccion-sostenible-de-cacao-en-manabi\/","name":"T\u00e9cnicos de la Prefectura se preparan para impulsar producci\u00f3n sostenible de cacao en Manab\u00ed - Prefectura de Manab\u00ed","isPartOf":{"@id":"https:\/\/www.manabi.gob.ec\/#website"},"primaryImageOfPage":{"@id":"https:\/\/www.manabi.gob.ec\/index.php\/tecnicos-de-la-prefectura-se-preparan-para-impulsar-produccion-sostenible-de-cacao-en-manabi\/#primaryimage"},"image":{"@id":"https:\/\/www.manabi.gob.ec\/index.php\/tecnicos-de-la-prefectura-se-preparan-para-impulsar-produccion-sostenible-de-cacao-en-manabi\/#primaryimage"},"thumbnailUrl":"https:\/\/www.manabi.gob.ec\/wp-content\/uploads\/2025\/09\/WhatsApp-Image-2025-09-29-at-2.10.03-PM.jpeg","datePublished":"2025-09-29T19:58:08+00:00","dateModified":"2025-09-29T19:58:10+00:00","author":{"@id":"https:\/\/www.manabi.gob.ec\/#\/schema\/person\/c4f117989332ad723a6ced5994aa7d7a"},"breadcrumb":{"@id":"https:\/\/www.manabi.gob.ec\/index.php\/tecnicos-de-la-prefectura-se-preparan-para-impulsar-produccion-sostenible-de-cacao-en-manabi\/#breadcrumb"},"inLanguage":"es","potentialAction":[{"@type":"ReadAction","target":["https:\/\/www.manabi.gob.ec\/index.php\/tecnicos-de-la-prefectura-se-preparan-para-impulsar-produccion-sostenible-de-cacao-en-manabi\/"]}]},{"@type":"ImageObject","inLanguage":"es","@id":"https:\/\/www.manabi.gob.ec\/index.php\/tecnicos-de-la-prefectura-se-preparan-para-impulsar-produccion-sostenible-de-cacao-en-manabi\/#primaryimage","url":"https:\/\/www.manabi.gob.ec\/wp-content\/uploads\/2025\/09\/WhatsApp-Image-2025-09-29-at-2.10.03-PM.jpeg","contentUrl":"https:\/\/www.manabi.gob.ec\/wp-content\/uploads\/2025\/09\/WhatsApp-Image-2025-09-29-at-2.10.03-PM.jpeg","width":1600,"height":1200},{"@type":"BreadcrumbList","@id":"https:\/\/www.manabi.gob.ec\/index.php\/tecnicos-de-la-prefectura-se-preparan-para-impulsar-produccion-sostenible-de-cacao-en-manabi\/#breadcrumb","itemListElement":[{"@type":"ListItem","position":1,"name":"Portada","item":"https:\/\/www.manabi.gob.ec\/"},{"@type":"ListItem","position":2,"name":"T\u00e9cnicos de la Prefectura se preparan para impulsar producci\u00f3n sostenible de cacao en Manab\u00ed"}]},{"@type":"WebSite","@id":"https:\/\/www.manabi.gob.ec\/#website","url":"https:\/\/www.manabi.gob.ec\/","name":"Prefectura de Manab\u00ed","description":"P\u00e1gina web de la prefectura","potentialAction":[{"@type":"SearchAction","target":{"@type":"EntryPoint","urlTemplate":"https:\/\/www.manabi.gob.ec\/?s={search_term_string}"},"query-input":{"@type":"PropertyValueSpecification","valueRequired":true,"valueName":"search_term_string"}}],"inLanguage":"es"},{"@type":"Person","@id":"https:\/\/www.manabi.gob.ec\/#\/schema\/person\/c4f117989332ad723a6ced5994aa7d7a","name":"Lui Ochoa","image":{"@type":"ImageObject","inLanguage":"es","@id":"https:\/\/secure.gravatar.com\/avatar\/6e8017d0fe69dead8a95864d2eb6e1e1d8bf8e01194ba49cf7b897ff038126ba?s=96&d=mm&r=g","url":"https:\/\/secure.gravatar.com\/avatar\/6e8017d0fe69dead8a95864d2eb6e1e1d8bf8e01194ba49cf7b897ff038126ba?s=96&d=mm&r=g","contentUrl":"https:\/\/secure.gravatar.com\/avatar\/6e8017d0fe69dead8a95864d2eb6e1e1d8bf8e01194ba49cf7b897ff038126ba?s=96&d=mm&r=g","caption":"Lui Ochoa"},"url":"https:\/\/www.manabi.gob.ec\/index.php\/author\/lochoa\/"}]}},"jetpack_featured_media_url":"https:\/\/www.manabi.gob.ec\/wp-content\/uploads\/2025\/09\/WhatsApp-Image-2025-09-29-at-2.10.03-PM.jpeg","_links":{"self":[{"href":"https:\/\/www.manabi.gob.ec\/index.php\/wp-json\/wp\/v2\/posts\/32036","targetHints":{"allow":["GET"]}}],"collection":[{"href":"https:\/\/www.manabi.gob.ec\/index.php\/wp-json\/wp\/v2\/posts"}],"about":[{"href":"https:\/\/www.manabi.gob.ec\/index.php\/wp-json\/wp\/v2\/types\/post"}],"author":[{"embeddable":true,"href":"https:\/\/www.manabi.gob.ec\/index.php\/wp-json\/wp\/v2\/users\/10"}],"replies":[{"embeddable":true,"href":"https:\/\/www.manabi.gob.ec\/index.php\/wp-json\/wp\/v2\/comments?post=32036"}],"version-history":[{"count":1,"href":"https:\/\/www.manabi.gob.ec\/index.php\/wp-json\/wp\/v2\/posts\/32036\/revisions"}],"predecessor-version":[{"id":32038,"href":"https:\/\/www.manabi.gob.ec\/index.php\/wp-json\/wp\/v2\/posts\/32036\/revisions\/32038"}],"wp:featuredmedia":[{"embeddable":true,"href":"https:\/\/www.manabi.gob.ec\/index.php\/wp-json\/wp\/v2\/media\/32037"}],"wp:attachment":[{"href":"https:\/\/www.manabi.gob.ec\/index.php\/wp-json\/wp\/v2\/media?parent=32036"}],"wp:term":[{"taxonomy":"category","embeddable":true,"href":"https:\/\/www.manabi.gob.ec\/index.php\/wp-json\/wp\/v2\/categories?post=32036"},{"taxonomy":"post_tag","embeddable":true,"href":"https:\/\/www.manabi.gob.ec\/index.php\/wp-json\/wp\/v2\/tags?post=32036"}],"curies":[{"name":"wp","href":"https:\/\/api.w.org\/{rel}","templated":true}]}}