{"id":32044,"date":"2025-10-01T19:41:15","date_gmt":"2025-10-01T19:41:15","guid":{"rendered":"https:\/\/www.manabi.gob.ec\/?p=32044"},"modified":"2025-10-01T19:41:17","modified_gmt":"2025-10-01T19:41:17","slug":"entregamos-300-protesis-dentales-y-atencion-en-salud-a-los-adultos-mayores-en-su-dia","status":"publish","type":"post","link":"https:\/\/www.manabi.gob.ec\/index.php\/entregamos-300-protesis-dentales-y-atencion-en-salud-a-los-adultos-mayores-en-su-dia\/","title":{"rendered":"Entregamos 300 pr\u00f3tesis dentales y atenci\u00f3n en salud a los adultos mayores en su d\u00eda"},"content":{"rendered":"\n<p>Por la conmemoraci\u00f3n del D\u00eda Internacional de las Personas de Edad (adultos mayores), que se celebra cada 1 de octubre, la Prefectura de Manab\u00ed realiz\u00f3 una feria integral de salud dirigida a este grupo de la poblaci\u00f3n. Tambi\u00e9n se entregaron 300 pr\u00f3tesis, que benefici\u00f3 a 150 adultos mayores.<\/p>\n\n\n\n<p>Durante la jornada, que se desarroll\u00f3 en el parque La Rotonda del cant\u00f3n Portoviejo, las personas de la tercera edad, reconocidas como parte de los grupos prioritarios, recibieron atenci\u00f3n m\u00e9dica gratuita en: medicina general, odontolog\u00eda, optometr\u00eda, nutrici\u00f3n y psicolog\u00eda, adem\u00e1s recibieron medicamentos sin costo alguno.<\/p>\n\n\n\n<p>El evento cont\u00f3 con la presencia de la prefecta subrogante, Kelly Buenaventura Moreira, quien resalt\u00f3 la importancia de rendir homenaje y retribuir a los adultos mayores por todo lo que han aportado a lo largo de su vida.<\/p>\n\n\n\n<p>\u00abEsta es la mejor edad de todos los tiempos. Ustedes que nos han brindado tanto en la vida, es hora de retribuirles. Desde la Prefectura, junto al compa\u00f1ero Leonardo Orlando, rendimos homenaje a ustedes, nuestros adultos mayores\u00bb, expres\u00f3 la prefecta subrogante.<\/p>\n\n\n\n<p>Con estas acciones, la Prefectura de Manab\u00ed reafirma su compromiso de garantizar la salud, inclusi\u00f3n y dignidad de los adultos mayores, reconociendo su valiosa contribuci\u00f3n a la sociedad manabita.<\/p>\n","protected":false},"excerpt":{"rendered":"<p>Por la conmemoraci\u00f3n del D\u00eda Internacional de las Personas de Edad (adultos mayores), que se celebra cada 1 de octubre, la Prefectura de Manab\u00ed realiz\u00f3 una feria integral de salud dirigida a este grupo de la poblaci\u00f3n. Tambi\u00e9n se entregaron 300 pr\u00f3tesis, que benefici\u00f3 a 150 adultos mayores. Durante la jornada, que se desarroll\u00f3 en [&hellip;]<\/p>\n","protected":false},"author":10,"featured_media":32047,"comment_status":"closed","ping_status":"closed","sticky":false,"template":"","format":"standard","meta":{"_joinchat":[],"footnotes":""},"categories":[150,142,92,91],"tags":[],"class_list":["post-32044","post","type-post","status-publish","format-standard","has-post-thumbnail","hentry","category-ambiente","category-desarrollo-social","category-noticias-manabi","category-todas"],"yoast_head":"<!-- This site is optimized with the Yoast SEO plugin v27.4 - https:\/\/yoast.com\/product\/yoast-seo-wordpress\/ -->\n<title>Entregamos 300 pr\u00f3tesis dentales y atenci\u00f3n en salud a los adultos mayores en su d\u00eda - Prefectura de Manab\u00ed<\/title>\n<meta name=\"robots\" content=\"index, follow, max-snippet:-1, max-image-preview:large, max-video-preview:-1\" \/>\n<link rel=\"canonical\" href=\"https:\/\/www.manabi.gob.ec\/index.php\/entregamos-300-protesis-dentales-y-atencion-en-salud-a-los-adultos-mayores-en-su-dia\/\" \/>\n<meta property=\"og:locale\" content=\"es_ES\" \/>\n<meta property=\"og:type\" content=\"article\" \/>\n<meta property=\"og:title\" content=\"Entregamos 300 pr\u00f3tesis dentales y atenci\u00f3n en salud a los adultos mayores en su d\u00eda - Prefectura de Manab\u00ed\" \/>\n<meta property=\"og:description\" content=\"Por la conmemoraci\u00f3n del D\u00eda Internacional de las Personas de Edad (adultos mayores), que se celebra cada 1 de octubre, la Prefectura de Manab\u00ed realiz\u00f3 una feria integral de salud dirigida a este grupo de la poblaci\u00f3n. Tambi\u00e9n se entregaron 300 pr\u00f3tesis, que benefici\u00f3 a 150 adultos mayores. Durante la jornada, que se desarroll\u00f3 en [&hellip;]\" \/>\n<meta property=\"og:url\" content=\"https:\/\/www.manabi.gob.ec\/index.php\/entregamos-300-protesis-dentales-y-atencion-en-salud-a-los-adultos-mayores-en-su-dia\/\" \/>\n<meta property=\"og:site_name\" content=\"Prefectura de Manab\u00ed\" \/>\n<meta property=\"article:published_time\" content=\"2025-10-01T19:41:15+00:00\" \/>\n<meta property=\"article:modified_time\" content=\"2025-10-01T19:41:17+00:00\" \/>\n<meta property=\"og:image\" content=\"https:\/\/www.manabi.gob.ec\/wp-content\/uploads\/2025\/10\/WhatsApp-Image-2025-10-01-at-2.14.15-PM.jpg\" \/>\n\t<meta property=\"og:image:width\" content=\"1372\" \/>\n\t<meta property=\"og:image:height\" content=\"1066\" \/>\n\t<meta property=\"og:image:type\" content=\"image\/jpeg\" \/>\n<meta name=\"author\" content=\"Lui Ochoa\" \/>\n<meta name=\"twitter:card\" content=\"summary_large_image\" \/>\n<meta name=\"twitter:label1\" content=\"Escrito por\" \/>\n\t<meta name=\"twitter:data1\" content=\"Lui Ochoa\" \/>\n\t<meta name=\"twitter:label2\" content=\"Tiempo de lectura\" \/>\n\t<meta name=\"twitter:data2\" content=\"2 minutos\" \/>\n<script type=\"application\/ld+json\" class=\"yoast-schema-graph\">{\"@context\":\"https:\\\/\\\/schema.org\",\"@graph\":[{\"@type\":\"Article\",\"@id\":\"https:\\\/\\\/www.manabi.gob.ec\\\/index.php\\\/entregamos-300-protesis-dentales-y-atencion-en-salud-a-los-adultos-mayores-en-su-dia\\\/#article\",\"isPartOf\":{\"@id\":\"https:\\\/\\\/www.manabi.gob.ec\\\/index.php\\\/entregamos-300-protesis-dentales-y-atencion-en-salud-a-los-adultos-mayores-en-su-dia\\\/\"},\"author\":{\"name\":\"Lui Ochoa\",\"@id\":\"https:\\\/\\\/www.manabi.gob.ec\\\/#\\\/schema\\\/person\\\/c4f117989332ad723a6ced5994aa7d7a\"},\"headline\":\"Entregamos 300 pr\u00f3tesis dentales y atenci\u00f3n en salud a los adultos mayores en su d\u00eda\",\"datePublished\":\"2025-10-01T19:41:15+00:00\",\"dateModified\":\"2025-10-01T19:41:17+00:00\",\"mainEntityOfPage\":{\"@id\":\"https:\\\/\\\/www.manabi.gob.ec\\\/index.php\\\/entregamos-300-protesis-dentales-y-atencion-en-salud-a-los-adultos-mayores-en-su-dia\\\/\"},\"wordCount\":231,\"image\":{\"@id\":\"https:\\\/\\\/www.manabi.gob.ec\\\/index.php\\\/entregamos-300-protesis-dentales-y-atencion-en-salud-a-los-adultos-mayores-en-su-dia\\\/#primaryimage\"},\"thumbnailUrl\":\"https:\\\/\\\/www.manabi.gob.ec\\\/wp-content\\\/uploads\\\/2025\\\/10\\\/WhatsApp-Image-2025-10-01-at-2.14.15-PM.jpg\",\"articleSection\":[\"Ambiente\",\"Desarrollo Social\",\"Noticias\",\"Todas\"],\"inLanguage\":\"es\"},{\"@type\":\"WebPage\",\"@id\":\"https:\\\/\\\/www.manabi.gob.ec\\\/index.php\\\/entregamos-300-protesis-dentales-y-atencion-en-salud-a-los-adultos-mayores-en-su-dia\\\/\",\"url\":\"https:\\\/\\\/www.manabi.gob.ec\\\/index.php\\\/entregamos-300-protesis-dentales-y-atencion-en-salud-a-los-adultos-mayores-en-su-dia\\\/\",\"name\":\"Entregamos 300 pr\u00f3tesis dentales y atenci\u00f3n en salud a los adultos mayores en su d\u00eda - Prefectura de Manab\u00ed\",\"isPartOf\":{\"@id\":\"https:\\\/\\\/www.manabi.gob.ec\\\/#website\"},\"primaryImageOfPage\":{\"@id\":\"https:\\\/\\\/www.manabi.gob.ec\\\/index.php\\\/entregamos-300-protesis-dentales-y-atencion-en-salud-a-los-adultos-mayores-en-su-dia\\\/#primaryimage\"},\"image\":{\"@id\":\"https:\\\/\\\/www.manabi.gob.ec\\\/index.php\\\/entregamos-300-protesis-dentales-y-atencion-en-salud-a-los-adultos-mayores-en-su-dia\\\/#primaryimage\"},\"thumbnailUrl\":\"https:\\\/\\\/www.manabi.gob.ec\\\/wp-content\\\/uploads\\\/2025\\\/10\\\/WhatsApp-Image-2025-10-01-at-2.14.15-PM.jpg\",\"datePublished\":\"2025-10-01T19:41:15+00:00\",\"dateModified\":\"2025-10-01T19:41:17+00:00\",\"author\":{\"@id\":\"https:\\\/\\\/www.manabi.gob.ec\\\/#\\\/schema\\\/person\\\/c4f117989332ad723a6ced5994aa7d7a\"},\"breadcrumb\":{\"@id\":\"https:\\\/\\\/www.manabi.gob.ec\\\/index.php\\\/entregamos-300-protesis-dentales-y-atencion-en-salud-a-los-adultos-mayores-en-su-dia\\\/#breadcrumb\"},\"inLanguage\":\"es\",\"potentialAction\":[{\"@type\":\"ReadAction\",\"target\":[\"https:\\\/\\\/www.manabi.gob.ec\\\/index.php\\\/entregamos-300-protesis-dentales-y-atencion-en-salud-a-los-adultos-mayores-en-su-dia\\\/\"]}]},{\"@type\":\"ImageObject\",\"inLanguage\":\"es\",\"@id\":\"https:\\\/\\\/www.manabi.gob.ec\\\/index.php\\\/entregamos-300-protesis-dentales-y-atencion-en-salud-a-los-adultos-mayores-en-su-dia\\\/#primaryimage\",\"url\":\"https:\\\/\\\/www.manabi.gob.ec\\\/wp-content\\\/uploads\\\/2025\\\/10\\\/WhatsApp-Image-2025-10-01-at-2.14.15-PM.jpg\",\"contentUrl\":\"https:\\\/\\\/www.manabi.gob.ec\\\/wp-content\\\/uploads\\\/2025\\\/10\\\/WhatsApp-Image-2025-10-01-at-2.14.15-PM.jpg\",\"width\":1372,\"height\":1066},{\"@type\":\"BreadcrumbList\",\"@id\":\"https:\\\/\\\/www.manabi.gob.ec\\\/index.php\\\/entregamos-300-protesis-dentales-y-atencion-en-salud-a-los-adultos-mayores-en-su-dia\\\/#breadcrumb\",\"itemListElement\":[{\"@type\":\"ListItem\",\"position\":1,\"name\":\"Portada\",\"item\":\"https:\\\/\\\/www.manabi.gob.ec\\\/\"},{\"@type\":\"ListItem\",\"position\":2,\"name\":\"Entregamos 300 pr\u00f3tesis dentales y atenci\u00f3n en salud a los adultos mayores en su d\u00eda\"}]},{\"@type\":\"WebSite\",\"@id\":\"https:\\\/\\\/www.manabi.gob.ec\\\/#website\",\"url\":\"https:\\\/\\\/www.manabi.gob.ec\\\/\",\"name\":\"Prefectura de Manab\u00ed\",\"description\":\"P\u00e1gina web de la prefectura\",\"potentialAction\":[{\"@type\":\"SearchAction\",\"target\":{\"@type\":\"EntryPoint\",\"urlTemplate\":\"https:\\\/\\\/www.manabi.gob.ec\\\/?s={search_term_string}\"},\"query-input\":{\"@type\":\"PropertyValueSpecification\",\"valueRequired\":true,\"valueName\":\"search_term_string\"}}],\"inLanguage\":\"es\"},{\"@type\":\"Person\",\"@id\":\"https:\\\/\\\/www.manabi.gob.ec\\\/#\\\/schema\\\/person\\\/c4f117989332ad723a6ced5994aa7d7a\",\"name\":\"Lui Ochoa\",\"image\":{\"@type\":\"ImageObject\",\"inLanguage\":\"es\",\"@id\":\"https:\\\/\\\/secure.gravatar.com\\\/avatar\\\/6e8017d0fe69dead8a95864d2eb6e1e1d8bf8e01194ba49cf7b897ff038126ba?s=96&d=mm&r=g\",\"url\":\"https:\\\/\\\/secure.gravatar.com\\\/avatar\\\/6e8017d0fe69dead8a95864d2eb6e1e1d8bf8e01194ba49cf7b897ff038126ba?s=96&d=mm&r=g\",\"contentUrl\":\"https:\\\/\\\/secure.gravatar.com\\\/avatar\\\/6e8017d0fe69dead8a95864d2eb6e1e1d8bf8e01194ba49cf7b897ff038126ba?s=96&d=mm&r=g\",\"caption\":\"Lui Ochoa\"},\"url\":\"https:\\\/\\\/www.manabi.gob.ec\\\/index.php\\\/author\\\/lochoa\\\/\"}]}<\/script>\n<!-- \/ Yoast SEO plugin. -->","yoast_head_json":{"title":"Entregamos 300 pr\u00f3tesis dentales y atenci\u00f3n en salud a los adultos mayores en su d\u00eda - Prefectura de Manab\u00ed","robots":{"index":"index","follow":"follow","max-snippet":"max-snippet:-1","max-image-preview":"max-image-preview:large","max-video-preview":"max-video-preview:-1"},"canonical":"https:\/\/www.manabi.gob.ec\/index.php\/entregamos-300-protesis-dentales-y-atencion-en-salud-a-los-adultos-mayores-en-su-dia\/","og_locale":"es_ES","og_type":"article","og_title":"Entregamos 300 pr\u00f3tesis dentales y atenci\u00f3n en salud a los adultos mayores en su d\u00eda - Prefectura de Manab\u00ed","og_description":"Por la conmemoraci\u00f3n del D\u00eda Internacional de las Personas de Edad (adultos mayores), que se celebra cada 1 de octubre, la Prefectura de Manab\u00ed realiz\u00f3 una feria integral de salud dirigida a este grupo de la poblaci\u00f3n. Tambi\u00e9n se entregaron 300 pr\u00f3tesis, que benefici\u00f3 a 150 adultos mayores. Durante la jornada, que se desarroll\u00f3 en [&hellip;]","og_url":"https:\/\/www.manabi.gob.ec\/index.php\/entregamos-300-protesis-dentales-y-atencion-en-salud-a-los-adultos-mayores-en-su-dia\/","og_site_name":"Prefectura de Manab\u00ed","article_published_time":"2025-10-01T19:41:15+00:00","article_modified_time":"2025-10-01T19:41:17+00:00","og_image":[{"width":1372,"height":1066,"url":"https:\/\/www.manabi.gob.ec\/wp-content\/uploads\/2025\/10\/WhatsApp-Image-2025-10-01-at-2.14.15-PM.jpg","type":"image\/jpeg"}],"author":"Lui Ochoa","twitter_card":"summary_large_image","twitter_misc":{"Escrito por":"Lui Ochoa","Tiempo de lectura":"2 minutos"},"schema":{"@context":"https:\/\/schema.org","@graph":[{"@type":"Article","@id":"https:\/\/www.manabi.gob.ec\/index.php\/entregamos-300-protesis-dentales-y-atencion-en-salud-a-los-adultos-mayores-en-su-dia\/#article","isPartOf":{"@id":"https:\/\/www.manabi.gob.ec\/index.php\/entregamos-300-protesis-dentales-y-atencion-en-salud-a-los-adultos-mayores-en-su-dia\/"},"author":{"name":"Lui Ochoa","@id":"https:\/\/www.manabi.gob.ec\/#\/schema\/person\/c4f117989332ad723a6ced5994aa7d7a"},"headline":"Entregamos 300 pr\u00f3tesis dentales y atenci\u00f3n en salud a los adultos mayores en su d\u00eda","datePublished":"2025-10-01T19:41:15+00:00","dateModified":"2025-10-01T19:41:17+00:00","mainEntityOfPage":{"@id":"https:\/\/www.manabi.gob.ec\/index.php\/entregamos-300-protesis-dentales-y-atencion-en-salud-a-los-adultos-mayores-en-su-dia\/"},"wordCount":231,"image":{"@id":"https:\/\/www.manabi.gob.ec\/index.php\/entregamos-300-protesis-dentales-y-atencion-en-salud-a-los-adultos-mayores-en-su-dia\/#primaryimage"},"thumbnailUrl":"https:\/\/www.manabi.gob.ec\/wp-content\/uploads\/2025\/10\/WhatsApp-Image-2025-10-01-at-2.14.15-PM.jpg","articleSection":["Ambiente","Desarrollo Social","Noticias","Todas"],"inLanguage":"es"},{"@type":"WebPage","@id":"https:\/\/www.manabi.gob.ec\/index.php\/entregamos-300-protesis-dentales-y-atencion-en-salud-a-los-adultos-mayores-en-su-dia\/","url":"https:\/\/www.manabi.gob.ec\/index.php\/entregamos-300-protesis-dentales-y-atencion-en-salud-a-los-adultos-mayores-en-su-dia\/","name":"Entregamos 300 pr\u00f3tesis dentales y atenci\u00f3n en salud a los adultos mayores en su d\u00eda - Prefectura de Manab\u00ed","isPartOf":{"@id":"https:\/\/www.manabi.gob.ec\/#website"},"primaryImageOfPage":{"@id":"https:\/\/www.manabi.gob.ec\/index.php\/entregamos-300-protesis-dentales-y-atencion-en-salud-a-los-adultos-mayores-en-su-dia\/#primaryimage"},"image":{"@id":"https:\/\/www.manabi.gob.ec\/index.php\/entregamos-300-protesis-dentales-y-atencion-en-salud-a-los-adultos-mayores-en-su-dia\/#primaryimage"},"thumbnailUrl":"https:\/\/www.manabi.gob.ec\/wp-content\/uploads\/2025\/10\/WhatsApp-Image-2025-10-01-at-2.14.15-PM.jpg","datePublished":"2025-10-01T19:41:15+00:00","dateModified":"2025-10-01T19:41:17+00:00","author":{"@id":"https:\/\/www.manabi.gob.ec\/#\/schema\/person\/c4f117989332ad723a6ced5994aa7d7a"},"breadcrumb":{"@id":"https:\/\/www.manabi.gob.ec\/index.php\/entregamos-300-protesis-dentales-y-atencion-en-salud-a-los-adultos-mayores-en-su-dia\/#breadcrumb"},"inLanguage":"es","potentialAction":[{"@type":"ReadAction","target":["https:\/\/www.manabi.gob.ec\/index.php\/entregamos-300-protesis-dentales-y-atencion-en-salud-a-los-adultos-mayores-en-su-dia\/"]}]},{"@type":"ImageObject","inLanguage":"es","@id":"https:\/\/www.manabi.gob.ec\/index.php\/entregamos-300-protesis-dentales-y-atencion-en-salud-a-los-adultos-mayores-en-su-dia\/#primaryimage","url":"https:\/\/www.manabi.gob.ec\/wp-content\/uploads\/2025\/10\/WhatsApp-Image-2025-10-01-at-2.14.15-PM.jpg","contentUrl":"https:\/\/www.manabi.gob.ec\/wp-content\/uploads\/2025\/10\/WhatsApp-Image-2025-10-01-at-2.14.15-PM.jpg","width":1372,"height":1066},{"@type":"BreadcrumbList","@id":"https:\/\/www.manabi.gob.ec\/index.php\/entregamos-300-protesis-dentales-y-atencion-en-salud-a-los-adultos-mayores-en-su-dia\/#breadcrumb","itemListElement":[{"@type":"ListItem","position":1,"name":"Portada","item":"https:\/\/www.manabi.gob.ec\/"},{"@type":"ListItem","position":2,"name":"Entregamos 300 pr\u00f3tesis dentales y atenci\u00f3n en salud a los adultos mayores en su d\u00eda"}]},{"@type":"WebSite","@id":"https:\/\/www.manabi.gob.ec\/#website","url":"https:\/\/www.manabi.gob.ec\/","name":"Prefectura de Manab\u00ed","description":"P\u00e1gina web de la prefectura","potentialAction":[{"@type":"SearchAction","target":{"@type":"EntryPoint","urlTemplate":"https:\/\/www.manabi.gob.ec\/?s={search_term_string}"},"query-input":{"@type":"PropertyValueSpecification","valueRequired":true,"valueName":"search_term_string"}}],"inLanguage":"es"},{"@type":"Person","@id":"https:\/\/www.manabi.gob.ec\/#\/schema\/person\/c4f117989332ad723a6ced5994aa7d7a","name":"Lui Ochoa","image":{"@type":"ImageObject","inLanguage":"es","@id":"https:\/\/secure.gravatar.com\/avatar\/6e8017d0fe69dead8a95864d2eb6e1e1d8bf8e01194ba49cf7b897ff038126ba?s=96&d=mm&r=g","url":"https:\/\/secure.gravatar.com\/avatar\/6e8017d0fe69dead8a95864d2eb6e1e1d8bf8e01194ba49cf7b897ff038126ba?s=96&d=mm&r=g","contentUrl":"https:\/\/secure.gravatar.com\/avatar\/6e8017d0fe69dead8a95864d2eb6e1e1d8bf8e01194ba49cf7b897ff038126ba?s=96&d=mm&r=g","caption":"Lui Ochoa"},"url":"https:\/\/www.manabi.gob.ec\/index.php\/author\/lochoa\/"}]}},"jetpack_featured_media_url":"https:\/\/www.manabi.gob.ec\/wp-content\/uploads\/2025\/10\/WhatsApp-Image-2025-10-01-at-2.14.15-PM.jpg","_links":{"self":[{"href":"https:\/\/www.manabi.gob.ec\/index.php\/wp-json\/wp\/v2\/posts\/32044","targetHints":{"allow":["GET"]}}],"collection":[{"href":"https:\/\/www.manabi.gob.ec\/index.php\/wp-json\/wp\/v2\/posts"}],"about":[{"href":"https:\/\/www.manabi.gob.ec\/index.php\/wp-json\/wp\/v2\/types\/post"}],"author":[{"embeddable":true,"href":"https:\/\/www.manabi.gob.ec\/index.php\/wp-json\/wp\/v2\/users\/10"}],"replies":[{"embeddable":true,"href":"https:\/\/www.manabi.gob.ec\/index.php\/wp-json\/wp\/v2\/comments?post=32044"}],"version-history":[{"count":1,"href":"https:\/\/www.manabi.gob.ec\/index.php\/wp-json\/wp\/v2\/posts\/32044\/revisions"}],"predecessor-version":[{"id":32048,"href":"https:\/\/www.manabi.gob.ec\/index.php\/wp-json\/wp\/v2\/posts\/32044\/revisions\/32048"}],"wp:featuredmedia":[{"embeddable":true,"href":"https:\/\/www.manabi.gob.ec\/index.php\/wp-json\/wp\/v2\/media\/32047"}],"wp:attachment":[{"href":"https:\/\/www.manabi.gob.ec\/index.php\/wp-json\/wp\/v2\/media?parent=32044"}],"wp:term":[{"taxonomy":"category","embeddable":true,"href":"https:\/\/www.manabi.gob.ec\/index.php\/wp-json\/wp\/v2\/categories?post=32044"},{"taxonomy":"post_tag","embeddable":true,"href":"https:\/\/www.manabi.gob.ec\/index.php\/wp-json\/wp\/v2\/tags?post=32044"}],"curies":[{"name":"wp","href":"https:\/\/api.w.org\/{rel}","templated":true}]}}