{"id":32106,"date":"2025-10-21T16:01:15","date_gmt":"2025-10-21T16:01:15","guid":{"rendered":"https:\/\/www.manabi.gob.ec\/?p=32106"},"modified":"2025-10-21T16:01:17","modified_gmt":"2025-10-21T16:01:17","slug":"prefectura-llego-a-canuto-con-brigada-integral-de-salud-para-prevenir-el-cancer-de-mamas","status":"publish","type":"post","link":"https:\/\/www.manabi.gob.ec\/index.php\/prefectura-llego-a-canuto-con-brigada-integral-de-salud-para-prevenir-el-cancer-de-mamas\/","title":{"rendered":"Prefectura lleg\u00f3 a Canuto con brigada integral de salud para prevenir el c\u00e1ncer de mamas."},"content":{"rendered":"\n<p>En un acto lleno de solidaridad y compromiso social, la Prefectura de Manab\u00ed, a trav\u00e9s de la Direcci\u00f3n de Desarrollo Humano, llev\u00f3 a cabo una brigada integral de salud en el Centro de Atenci\u00f3n F\u00edsica de la parroquia Canuto, en el cant\u00f3n Chone. Esta acci\u00f3n se desarroll\u00f3 en el marco del D\u00eda Mundial de la Lucha Contra el C\u00e1ncer de Mama, con una atenci\u00f3n especial dirigida a las mujeres de la comunidad.<\/p>\n\n\n\n<p>Desde las 9:00 hasta la 13:00 horas, cientos de personas accedieron gratuitamente a servicios m\u00e9dicos fundamentales como medicina General, Odontolog\u00eda, Nutrici\u00f3n, Optometr\u00eda y, de manera especial, a exploraciones mamarias, un examen crucial para la detecci\u00f3n temprana del c\u00e1ncer de mama.<\/p>\n\n\n\n<p>Resultados de la brigada en Medicina general: 80 personas atendidas, en Odontolog\u00eda: 60 atenciones, Nutrici\u00f3n: 50 y en Optometr\u00eda 50 consultas. En exploraci\u00f3n mamaria con ex\u00e1menes especializados 40 mujeres.<\/p>\n\n\n\n<p>Durante la jornada, tambi\u00e9n se ofrecieron charlas informativas sobre la prevenci\u00f3n del c\u00e1ncer de mama, donde se compartieron datos, consejos y testimonios que buscan generar conciencia sobre la importancia de cuidarse y detectar a tiempo esta enfermedad.<\/p>\n\n\n\n<p>\u201cQue 40 mujeres se hayan hecho su primer examen de mama en esta brigada nos llena de esperanza. Son acciones que pueden cambiar una vida y hasta salvarla\u201d, expres\u00f3 la doctora Dolores Redrov\u00e1n Coordinadora del Proyecto Manab\u00ed Saludable que lleva adelante Prefectura de Provincial.<\/p>\n","protected":false},"excerpt":{"rendered":"<p>En un acto lleno de solidaridad y compromiso social, la Prefectura de Manab\u00ed, a trav\u00e9s de la Direcci\u00f3n de Desarrollo Humano, llev\u00f3 a cabo una brigada integral de salud en el Centro de Atenci\u00f3n F\u00edsica de la parroquia Canuto, en el cant\u00f3n Chone. Esta acci\u00f3n se desarroll\u00f3 en el marco del D\u00eda Mundial de la [&hellip;]<\/p>\n","protected":false},"author":10,"featured_media":32107,"comment_status":"closed","ping_status":"closed","sticky":false,"template":"","format":"standard","meta":{"_joinchat":[],"footnotes":""},"categories":[150,141,92,181,72,91],"tags":[],"class_list":["post-32106","post","type-post","status-publish","format-standard","has-post-thumbnail","hentry","category-ambiente","category-chone","category-noticias-manabi","category-obra-publica","category-salud","category-todas"],"yoast_head":"<!-- This site is optimized with the Yoast SEO plugin v27.4 - https:\/\/yoast.com\/product\/yoast-seo-wordpress\/ -->\n<title>Prefectura lleg\u00f3 a Canuto con brigada integral de salud para prevenir el c\u00e1ncer de mamas. - Prefectura de Manab\u00ed<\/title>\n<meta name=\"robots\" content=\"index, follow, max-snippet:-1, max-image-preview:large, max-video-preview:-1\" \/>\n<link rel=\"canonical\" href=\"https:\/\/www.manabi.gob.ec\/index.php\/prefectura-llego-a-canuto-con-brigada-integral-de-salud-para-prevenir-el-cancer-de-mamas\/\" \/>\n<meta property=\"og:locale\" content=\"es_ES\" \/>\n<meta property=\"og:type\" content=\"article\" \/>\n<meta property=\"og:title\" content=\"Prefectura lleg\u00f3 a Canuto con brigada integral de salud para prevenir el c\u00e1ncer de mamas. - Prefectura de Manab\u00ed\" \/>\n<meta property=\"og:description\" content=\"En un acto lleno de solidaridad y compromiso social, la Prefectura de Manab\u00ed, a trav\u00e9s de la Direcci\u00f3n de Desarrollo Humano, llev\u00f3 a cabo una brigada integral de salud en el Centro de Atenci\u00f3n F\u00edsica de la parroquia Canuto, en el cant\u00f3n Chone. Esta acci\u00f3n se desarroll\u00f3 en el marco del D\u00eda Mundial de la [&hellip;]\" \/>\n<meta property=\"og:url\" content=\"https:\/\/www.manabi.gob.ec\/index.php\/prefectura-llego-a-canuto-con-brigada-integral-de-salud-para-prevenir-el-cancer-de-mamas\/\" \/>\n<meta property=\"og:site_name\" content=\"Prefectura de Manab\u00ed\" \/>\n<meta property=\"article:published_time\" content=\"2025-10-21T16:01:15+00:00\" \/>\n<meta property=\"article:modified_time\" content=\"2025-10-21T16:01:17+00:00\" \/>\n<meta property=\"og:image\" content=\"https:\/\/www.manabi.gob.ec\/wp-content\/uploads\/2025\/10\/WhatsApp-Image-2025-10-20-at-12.06.51-PM.jpeg\" \/>\n\t<meta property=\"og:image:width\" content=\"1280\" \/>\n\t<meta property=\"og:image:height\" content=\"853\" \/>\n\t<meta property=\"og:image:type\" content=\"image\/jpeg\" \/>\n<meta name=\"author\" content=\"Lui Ochoa\" \/>\n<meta name=\"twitter:card\" content=\"summary_large_image\" \/>\n<meta name=\"twitter:label1\" content=\"Escrito por\" \/>\n\t<meta name=\"twitter:data1\" content=\"Lui Ochoa\" \/>\n\t<meta name=\"twitter:label2\" content=\"Tiempo de lectura\" \/>\n\t<meta name=\"twitter:data2\" content=\"2 minutos\" \/>\n<script type=\"application\/ld+json\" class=\"yoast-schema-graph\">{\"@context\":\"https:\\\/\\\/schema.org\",\"@graph\":[{\"@type\":\"Article\",\"@id\":\"https:\\\/\\\/www.manabi.gob.ec\\\/index.php\\\/prefectura-llego-a-canuto-con-brigada-integral-de-salud-para-prevenir-el-cancer-de-mamas\\\/#article\",\"isPartOf\":{\"@id\":\"https:\\\/\\\/www.manabi.gob.ec\\\/index.php\\\/prefectura-llego-a-canuto-con-brigada-integral-de-salud-para-prevenir-el-cancer-de-mamas\\\/\"},\"author\":{\"name\":\"Lui Ochoa\",\"@id\":\"https:\\\/\\\/www.manabi.gob.ec\\\/#\\\/schema\\\/person\\\/c4f117989332ad723a6ced5994aa7d7a\"},\"headline\":\"Prefectura lleg\u00f3 a Canuto con brigada integral de salud para prevenir el c\u00e1ncer de mamas.\",\"datePublished\":\"2025-10-21T16:01:15+00:00\",\"dateModified\":\"2025-10-21T16:01:17+00:00\",\"mainEntityOfPage\":{\"@id\":\"https:\\\/\\\/www.manabi.gob.ec\\\/index.php\\\/prefectura-llego-a-canuto-con-brigada-integral-de-salud-para-prevenir-el-cancer-de-mamas\\\/\"},\"wordCount\":254,\"image\":{\"@id\":\"https:\\\/\\\/www.manabi.gob.ec\\\/index.php\\\/prefectura-llego-a-canuto-con-brigada-integral-de-salud-para-prevenir-el-cancer-de-mamas\\\/#primaryimage\"},\"thumbnailUrl\":\"https:\\\/\\\/www.manabi.gob.ec\\\/wp-content\\\/uploads\\\/2025\\\/10\\\/WhatsApp-Image-2025-10-20-at-12.06.51-PM.jpeg\",\"articleSection\":[\"Ambiente\",\"Chone\",\"Noticias\",\"Obra P\u00fablica\",\"salud\",\"Todas\"],\"inLanguage\":\"es\"},{\"@type\":\"WebPage\",\"@id\":\"https:\\\/\\\/www.manabi.gob.ec\\\/index.php\\\/prefectura-llego-a-canuto-con-brigada-integral-de-salud-para-prevenir-el-cancer-de-mamas\\\/\",\"url\":\"https:\\\/\\\/www.manabi.gob.ec\\\/index.php\\\/prefectura-llego-a-canuto-con-brigada-integral-de-salud-para-prevenir-el-cancer-de-mamas\\\/\",\"name\":\"Prefectura lleg\u00f3 a Canuto con brigada integral de salud para prevenir el c\u00e1ncer de mamas. - Prefectura de Manab\u00ed\",\"isPartOf\":{\"@id\":\"https:\\\/\\\/www.manabi.gob.ec\\\/#website\"},\"primaryImageOfPage\":{\"@id\":\"https:\\\/\\\/www.manabi.gob.ec\\\/index.php\\\/prefectura-llego-a-canuto-con-brigada-integral-de-salud-para-prevenir-el-cancer-de-mamas\\\/#primaryimage\"},\"image\":{\"@id\":\"https:\\\/\\\/www.manabi.gob.ec\\\/index.php\\\/prefectura-llego-a-canuto-con-brigada-integral-de-salud-para-prevenir-el-cancer-de-mamas\\\/#primaryimage\"},\"thumbnailUrl\":\"https:\\\/\\\/www.manabi.gob.ec\\\/wp-content\\\/uploads\\\/2025\\\/10\\\/WhatsApp-Image-2025-10-20-at-12.06.51-PM.jpeg\",\"datePublished\":\"2025-10-21T16:01:15+00:00\",\"dateModified\":\"2025-10-21T16:01:17+00:00\",\"author\":{\"@id\":\"https:\\\/\\\/www.manabi.gob.ec\\\/#\\\/schema\\\/person\\\/c4f117989332ad723a6ced5994aa7d7a\"},\"breadcrumb\":{\"@id\":\"https:\\\/\\\/www.manabi.gob.ec\\\/index.php\\\/prefectura-llego-a-canuto-con-brigada-integral-de-salud-para-prevenir-el-cancer-de-mamas\\\/#breadcrumb\"},\"inLanguage\":\"es\",\"potentialAction\":[{\"@type\":\"ReadAction\",\"target\":[\"https:\\\/\\\/www.manabi.gob.ec\\\/index.php\\\/prefectura-llego-a-canuto-con-brigada-integral-de-salud-para-prevenir-el-cancer-de-mamas\\\/\"]}]},{\"@type\":\"ImageObject\",\"inLanguage\":\"es\",\"@id\":\"https:\\\/\\\/www.manabi.gob.ec\\\/index.php\\\/prefectura-llego-a-canuto-con-brigada-integral-de-salud-para-prevenir-el-cancer-de-mamas\\\/#primaryimage\",\"url\":\"https:\\\/\\\/www.manabi.gob.ec\\\/wp-content\\\/uploads\\\/2025\\\/10\\\/WhatsApp-Image-2025-10-20-at-12.06.51-PM.jpeg\",\"contentUrl\":\"https:\\\/\\\/www.manabi.gob.ec\\\/wp-content\\\/uploads\\\/2025\\\/10\\\/WhatsApp-Image-2025-10-20-at-12.06.51-PM.jpeg\",\"width\":1280,\"height\":853},{\"@type\":\"BreadcrumbList\",\"@id\":\"https:\\\/\\\/www.manabi.gob.ec\\\/index.php\\\/prefectura-llego-a-canuto-con-brigada-integral-de-salud-para-prevenir-el-cancer-de-mamas\\\/#breadcrumb\",\"itemListElement\":[{\"@type\":\"ListItem\",\"position\":1,\"name\":\"Portada\",\"item\":\"https:\\\/\\\/www.manabi.gob.ec\\\/\"},{\"@type\":\"ListItem\",\"position\":2,\"name\":\"Prefectura lleg\u00f3 a Canuto con brigada integral de salud para prevenir el c\u00e1ncer de mamas.\"}]},{\"@type\":\"WebSite\",\"@id\":\"https:\\\/\\\/www.manabi.gob.ec\\\/#website\",\"url\":\"https:\\\/\\\/www.manabi.gob.ec\\\/\",\"name\":\"Prefectura de Manab\u00ed\",\"description\":\"P\u00e1gina web de la prefectura\",\"potentialAction\":[{\"@type\":\"SearchAction\",\"target\":{\"@type\":\"EntryPoint\",\"urlTemplate\":\"https:\\\/\\\/www.manabi.gob.ec\\\/?s={search_term_string}\"},\"query-input\":{\"@type\":\"PropertyValueSpecification\",\"valueRequired\":true,\"valueName\":\"search_term_string\"}}],\"inLanguage\":\"es\"},{\"@type\":\"Person\",\"@id\":\"https:\\\/\\\/www.manabi.gob.ec\\\/#\\\/schema\\\/person\\\/c4f117989332ad723a6ced5994aa7d7a\",\"name\":\"Lui Ochoa\",\"image\":{\"@type\":\"ImageObject\",\"inLanguage\":\"es\",\"@id\":\"https:\\\/\\\/secure.gravatar.com\\\/avatar\\\/6e8017d0fe69dead8a95864d2eb6e1e1d8bf8e01194ba49cf7b897ff038126ba?s=96&d=mm&r=g\",\"url\":\"https:\\\/\\\/secure.gravatar.com\\\/avatar\\\/6e8017d0fe69dead8a95864d2eb6e1e1d8bf8e01194ba49cf7b897ff038126ba?s=96&d=mm&r=g\",\"contentUrl\":\"https:\\\/\\\/secure.gravatar.com\\\/avatar\\\/6e8017d0fe69dead8a95864d2eb6e1e1d8bf8e01194ba49cf7b897ff038126ba?s=96&d=mm&r=g\",\"caption\":\"Lui Ochoa\"},\"url\":\"https:\\\/\\\/www.manabi.gob.ec\\\/index.php\\\/author\\\/lochoa\\\/\"}]}<\/script>\n<!-- \/ Yoast SEO plugin. -->","yoast_head_json":{"title":"Prefectura lleg\u00f3 a Canuto con brigada integral de salud para prevenir el c\u00e1ncer de mamas. - Prefectura de Manab\u00ed","robots":{"index":"index","follow":"follow","max-snippet":"max-snippet:-1","max-image-preview":"max-image-preview:large","max-video-preview":"max-video-preview:-1"},"canonical":"https:\/\/www.manabi.gob.ec\/index.php\/prefectura-llego-a-canuto-con-brigada-integral-de-salud-para-prevenir-el-cancer-de-mamas\/","og_locale":"es_ES","og_type":"article","og_title":"Prefectura lleg\u00f3 a Canuto con brigada integral de salud para prevenir el c\u00e1ncer de mamas. - Prefectura de Manab\u00ed","og_description":"En un acto lleno de solidaridad y compromiso social, la Prefectura de Manab\u00ed, a trav\u00e9s de la Direcci\u00f3n de Desarrollo Humano, llev\u00f3 a cabo una brigada integral de salud en el Centro de Atenci\u00f3n F\u00edsica de la parroquia Canuto, en el cant\u00f3n Chone. Esta acci\u00f3n se desarroll\u00f3 en el marco del D\u00eda Mundial de la [&hellip;]","og_url":"https:\/\/www.manabi.gob.ec\/index.php\/prefectura-llego-a-canuto-con-brigada-integral-de-salud-para-prevenir-el-cancer-de-mamas\/","og_site_name":"Prefectura de Manab\u00ed","article_published_time":"2025-10-21T16:01:15+00:00","article_modified_time":"2025-10-21T16:01:17+00:00","og_image":[{"width":1280,"height":853,"url":"https:\/\/www.manabi.gob.ec\/wp-content\/uploads\/2025\/10\/WhatsApp-Image-2025-10-20-at-12.06.51-PM.jpeg","type":"image\/jpeg"}],"author":"Lui Ochoa","twitter_card":"summary_large_image","twitter_misc":{"Escrito por":"Lui Ochoa","Tiempo de lectura":"2 minutos"},"schema":{"@context":"https:\/\/schema.org","@graph":[{"@type":"Article","@id":"https:\/\/www.manabi.gob.ec\/index.php\/prefectura-llego-a-canuto-con-brigada-integral-de-salud-para-prevenir-el-cancer-de-mamas\/#article","isPartOf":{"@id":"https:\/\/www.manabi.gob.ec\/index.php\/prefectura-llego-a-canuto-con-brigada-integral-de-salud-para-prevenir-el-cancer-de-mamas\/"},"author":{"name":"Lui Ochoa","@id":"https:\/\/www.manabi.gob.ec\/#\/schema\/person\/c4f117989332ad723a6ced5994aa7d7a"},"headline":"Prefectura lleg\u00f3 a Canuto con brigada integral de salud para prevenir el c\u00e1ncer de mamas.","datePublished":"2025-10-21T16:01:15+00:00","dateModified":"2025-10-21T16:01:17+00:00","mainEntityOfPage":{"@id":"https:\/\/www.manabi.gob.ec\/index.php\/prefectura-llego-a-canuto-con-brigada-integral-de-salud-para-prevenir-el-cancer-de-mamas\/"},"wordCount":254,"image":{"@id":"https:\/\/www.manabi.gob.ec\/index.php\/prefectura-llego-a-canuto-con-brigada-integral-de-salud-para-prevenir-el-cancer-de-mamas\/#primaryimage"},"thumbnailUrl":"https:\/\/www.manabi.gob.ec\/wp-content\/uploads\/2025\/10\/WhatsApp-Image-2025-10-20-at-12.06.51-PM.jpeg","articleSection":["Ambiente","Chone","Noticias","Obra P\u00fablica","salud","Todas"],"inLanguage":"es"},{"@type":"WebPage","@id":"https:\/\/www.manabi.gob.ec\/index.php\/prefectura-llego-a-canuto-con-brigada-integral-de-salud-para-prevenir-el-cancer-de-mamas\/","url":"https:\/\/www.manabi.gob.ec\/index.php\/prefectura-llego-a-canuto-con-brigada-integral-de-salud-para-prevenir-el-cancer-de-mamas\/","name":"Prefectura lleg\u00f3 a Canuto con brigada integral de salud para prevenir el c\u00e1ncer de mamas. - Prefectura de Manab\u00ed","isPartOf":{"@id":"https:\/\/www.manabi.gob.ec\/#website"},"primaryImageOfPage":{"@id":"https:\/\/www.manabi.gob.ec\/index.php\/prefectura-llego-a-canuto-con-brigada-integral-de-salud-para-prevenir-el-cancer-de-mamas\/#primaryimage"},"image":{"@id":"https:\/\/www.manabi.gob.ec\/index.php\/prefectura-llego-a-canuto-con-brigada-integral-de-salud-para-prevenir-el-cancer-de-mamas\/#primaryimage"},"thumbnailUrl":"https:\/\/www.manabi.gob.ec\/wp-content\/uploads\/2025\/10\/WhatsApp-Image-2025-10-20-at-12.06.51-PM.jpeg","datePublished":"2025-10-21T16:01:15+00:00","dateModified":"2025-10-21T16:01:17+00:00","author":{"@id":"https:\/\/www.manabi.gob.ec\/#\/schema\/person\/c4f117989332ad723a6ced5994aa7d7a"},"breadcrumb":{"@id":"https:\/\/www.manabi.gob.ec\/index.php\/prefectura-llego-a-canuto-con-brigada-integral-de-salud-para-prevenir-el-cancer-de-mamas\/#breadcrumb"},"inLanguage":"es","potentialAction":[{"@type":"ReadAction","target":["https:\/\/www.manabi.gob.ec\/index.php\/prefectura-llego-a-canuto-con-brigada-integral-de-salud-para-prevenir-el-cancer-de-mamas\/"]}]},{"@type":"ImageObject","inLanguage":"es","@id":"https:\/\/www.manabi.gob.ec\/index.php\/prefectura-llego-a-canuto-con-brigada-integral-de-salud-para-prevenir-el-cancer-de-mamas\/#primaryimage","url":"https:\/\/www.manabi.gob.ec\/wp-content\/uploads\/2025\/10\/WhatsApp-Image-2025-10-20-at-12.06.51-PM.jpeg","contentUrl":"https:\/\/www.manabi.gob.ec\/wp-content\/uploads\/2025\/10\/WhatsApp-Image-2025-10-20-at-12.06.51-PM.jpeg","width":1280,"height":853},{"@type":"BreadcrumbList","@id":"https:\/\/www.manabi.gob.ec\/index.php\/prefectura-llego-a-canuto-con-brigada-integral-de-salud-para-prevenir-el-cancer-de-mamas\/#breadcrumb","itemListElement":[{"@type":"ListItem","position":1,"name":"Portada","item":"https:\/\/www.manabi.gob.ec\/"},{"@type":"ListItem","position":2,"name":"Prefectura lleg\u00f3 a Canuto con brigada integral de salud para prevenir el c\u00e1ncer de mamas."}]},{"@type":"WebSite","@id":"https:\/\/www.manabi.gob.ec\/#website","url":"https:\/\/www.manabi.gob.ec\/","name":"Prefectura de Manab\u00ed","description":"P\u00e1gina web de la prefectura","potentialAction":[{"@type":"SearchAction","target":{"@type":"EntryPoint","urlTemplate":"https:\/\/www.manabi.gob.ec\/?s={search_term_string}"},"query-input":{"@type":"PropertyValueSpecification","valueRequired":true,"valueName":"search_term_string"}}],"inLanguage":"es"},{"@type":"Person","@id":"https:\/\/www.manabi.gob.ec\/#\/schema\/person\/c4f117989332ad723a6ced5994aa7d7a","name":"Lui Ochoa","image":{"@type":"ImageObject","inLanguage":"es","@id":"https:\/\/secure.gravatar.com\/avatar\/6e8017d0fe69dead8a95864d2eb6e1e1d8bf8e01194ba49cf7b897ff038126ba?s=96&d=mm&r=g","url":"https:\/\/secure.gravatar.com\/avatar\/6e8017d0fe69dead8a95864d2eb6e1e1d8bf8e01194ba49cf7b897ff038126ba?s=96&d=mm&r=g","contentUrl":"https:\/\/secure.gravatar.com\/avatar\/6e8017d0fe69dead8a95864d2eb6e1e1d8bf8e01194ba49cf7b897ff038126ba?s=96&d=mm&r=g","caption":"Lui Ochoa"},"url":"https:\/\/www.manabi.gob.ec\/index.php\/author\/lochoa\/"}]}},"jetpack_featured_media_url":"https:\/\/www.manabi.gob.ec\/wp-content\/uploads\/2025\/10\/WhatsApp-Image-2025-10-20-at-12.06.51-PM.jpeg","_links":{"self":[{"href":"https:\/\/www.manabi.gob.ec\/index.php\/wp-json\/wp\/v2\/posts\/32106","targetHints":{"allow":["GET"]}}],"collection":[{"href":"https:\/\/www.manabi.gob.ec\/index.php\/wp-json\/wp\/v2\/posts"}],"about":[{"href":"https:\/\/www.manabi.gob.ec\/index.php\/wp-json\/wp\/v2\/types\/post"}],"author":[{"embeddable":true,"href":"https:\/\/www.manabi.gob.ec\/index.php\/wp-json\/wp\/v2\/users\/10"}],"replies":[{"embeddable":true,"href":"https:\/\/www.manabi.gob.ec\/index.php\/wp-json\/wp\/v2\/comments?post=32106"}],"version-history":[{"count":1,"href":"https:\/\/www.manabi.gob.ec\/index.php\/wp-json\/wp\/v2\/posts\/32106\/revisions"}],"predecessor-version":[{"id":32108,"href":"https:\/\/www.manabi.gob.ec\/index.php\/wp-json\/wp\/v2\/posts\/32106\/revisions\/32108"}],"wp:featuredmedia":[{"embeddable":true,"href":"https:\/\/www.manabi.gob.ec\/index.php\/wp-json\/wp\/v2\/media\/32107"}],"wp:attachment":[{"href":"https:\/\/www.manabi.gob.ec\/index.php\/wp-json\/wp\/v2\/media?parent=32106"}],"wp:term":[{"taxonomy":"category","embeddable":true,"href":"https:\/\/www.manabi.gob.ec\/index.php\/wp-json\/wp\/v2\/categories?post=32106"},{"taxonomy":"post_tag","embeddable":true,"href":"https:\/\/www.manabi.gob.ec\/index.php\/wp-json\/wp\/v2\/tags?post=32106"}],"curies":[{"name":"wp","href":"https:\/\/api.w.org\/{rel}","templated":true}]}}