{"id":32297,"date":"2025-11-17T21:38:34","date_gmt":"2025-11-17T21:38:34","guid":{"rendered":"https:\/\/www.manabi.gob.ec\/?p=32297"},"modified":"2025-11-17T21:38:34","modified_gmt":"2025-11-17T21:38:34","slug":"lo-mejor-de-nuestra-provincia-se-exhibira-en-manta-en-la-feria-hecho-en-manabi","status":"publish","type":"post","link":"https:\/\/www.manabi.gob.ec\/index.php\/lo-mejor-de-nuestra-provincia-se-exhibira-en-manta-en-la-feria-hecho-en-manabi\/","title":{"rendered":"Lo mejor de nuestra provincia se exhibir\u00e1 en Manta en la Feria Hecho en Manab\u00ed"},"content":{"rendered":"\n<p class=\"p1\">Durante los d\u00edas 21, 22 y 23 de noviembre, los emprendedores manabitas&nbsp; expondr\u00e1n sus productos en la feria \u201cHecho en Manab\u00ed\u201d, evento lanzado lanzado este 17 de noviembre por parte del prefecto, Leonardo Orlando. Se desarrollar\u00e1 en Manta, en laTerminal de Cruceros de Manta.&nbsp;<\/p>\n\n\n\n<p class=\"p1\">El acto se realiz\u00f3 desde el hotel Oro Verde en Portoviejo y cont\u00f3 con la presencia de los representantes del CONGOPE, Programa Mundial de Alimentos, Terminal Portuario de Manta, y diferentes asociaciones, representantes de las universidades manabitas, sector productivo, empresarios, emprendedores y medios de comunicaci\u00f3n.<\/p>\n\n\n\n<p class=\"p1\">El prefecto destac\u00f3 la productividad, creatividad y la innovaci\u00f3n de nuestro sector productivo que a\u00f1o a a\u00f1o ha venido brindando lo mejor de Manab\u00ed, en un solo lugar, con alimentos, bebidas, artesan\u00edas y productos con valor agregado.<\/p>\n\n\n\n<p class=\"p1\">\u00abQueremos que el p\u00fablico conozca y valore el esfuerzo de nuestros productores\u00bb, expres\u00f3 la autoridad provincial, quien adem\u00e1s hizo un recuerdo de la agenda que inicia el viernes 21 de noviembre a partir de las 11:00. La inauguraci\u00f3n oficial del acto ser\u00e1 a partir de las 19:00 del mismo d\u00eda.<\/p>\n\n\n\n<p class=\"p1\">Este encuentro productivo adem\u00e1s contar\u00e1 con capacitaciones, cocina en vivo, show de barismo, masterclass, presentaciones art\u00edsticas, entre otros, para que las familias manabitas puedan acudir. La entrada a los tres d\u00edas de evento es totalmente gratuita.<\/p>\n","protected":false},"excerpt":{"rendered":"<p>Durante los d\u00edas 21, 22 y 23 de noviembre, los emprendedores manabitas&nbsp; expondr\u00e1n sus productos en la feria \u201cHecho en Manab\u00ed\u201d, evento lanzado lanzado este 17 de noviembre por parte del prefecto, Leonardo Orlando. Se desarrollar\u00e1 en Manta, en laTerminal de Cruceros de Manta.&nbsp; El acto se realiz\u00f3 desde el hotel Oro Verde en Portoviejo [&hellip;]<\/p>\n","protected":false},"author":10,"featured_media":32296,"comment_status":"closed","ping_status":"","sticky":false,"template":"","format":"standard","meta":{"_joinchat":[],"footnotes":""},"categories":[150,142,92,91],"tags":[],"class_list":["post-32297","post","type-post","status-publish","format-standard","has-post-thumbnail","hentry","category-ambiente","category-desarrollo-social","category-noticias-manabi","category-todas"],"yoast_head":"<!-- This site is optimized with the Yoast SEO plugin v27.4 - https:\/\/yoast.com\/product\/yoast-seo-wordpress\/ -->\n<title>Lo mejor de nuestra provincia se exhibir\u00e1 en Manta en la Feria Hecho en Manab\u00ed - Prefectura de Manab\u00ed<\/title>\n<meta name=\"robots\" content=\"index, follow, max-snippet:-1, max-image-preview:large, max-video-preview:-1\" \/>\n<link rel=\"canonical\" href=\"https:\/\/www.manabi.gob.ec\/index.php\/lo-mejor-de-nuestra-provincia-se-exhibira-en-manta-en-la-feria-hecho-en-manabi\/\" \/>\n<meta property=\"og:locale\" content=\"es_ES\" \/>\n<meta property=\"og:type\" content=\"article\" \/>\n<meta property=\"og:title\" content=\"Lo mejor de nuestra provincia se exhibir\u00e1 en Manta en la Feria Hecho en Manab\u00ed - Prefectura de Manab\u00ed\" \/>\n<meta property=\"og:description\" content=\"Durante los d\u00edas 21, 22 y 23 de noviembre, los emprendedores manabitas&nbsp; expondr\u00e1n sus productos en la feria \u201cHecho en Manab\u00ed\u201d, evento lanzado lanzado este 17 de noviembre por parte del prefecto, Leonardo Orlando. Se desarrollar\u00e1 en Manta, en laTerminal de Cruceros de Manta.&nbsp; El acto se realiz\u00f3 desde el hotel Oro Verde en Portoviejo [&hellip;]\" \/>\n<meta property=\"og:url\" content=\"https:\/\/www.manabi.gob.ec\/index.php\/lo-mejor-de-nuestra-provincia-se-exhibira-en-manta-en-la-feria-hecho-en-manabi\/\" \/>\n<meta property=\"og:site_name\" content=\"Prefectura de Manab\u00ed\" \/>\n<meta property=\"article:published_time\" content=\"2025-11-17T21:38:34+00:00\" \/>\n<meta property=\"og:image\" content=\"https:\/\/www.manabi.gob.ec\/wp-content\/uploads\/2025\/11\/d0364528-f427-4bb9-a7a8-88a0e81ffcee.jpg\" \/>\n\t<meta property=\"og:image:width\" content=\"2000\" \/>\n\t<meta property=\"og:image:height\" content=\"1600\" \/>\n\t<meta property=\"og:image:type\" content=\"image\/jpeg\" \/>\n<meta name=\"author\" content=\"Lui Ochoa\" \/>\n<meta name=\"twitter:card\" content=\"summary_large_image\" \/>\n<meta name=\"twitter:label1\" content=\"Escrito por\" \/>\n\t<meta name=\"twitter:data1\" content=\"Lui Ochoa\" \/>\n\t<meta name=\"twitter:label2\" content=\"Tiempo de lectura\" \/>\n\t<meta name=\"twitter:data2\" content=\"1 minuto\" \/>\n<script type=\"application\/ld+json\" class=\"yoast-schema-graph\">{\"@context\":\"https:\\\/\\\/schema.org\",\"@graph\":[{\"@type\":\"Article\",\"@id\":\"https:\\\/\\\/www.manabi.gob.ec\\\/index.php\\\/lo-mejor-de-nuestra-provincia-se-exhibira-en-manta-en-la-feria-hecho-en-manabi\\\/#article\",\"isPartOf\":{\"@id\":\"https:\\\/\\\/www.manabi.gob.ec\\\/index.php\\\/lo-mejor-de-nuestra-provincia-se-exhibira-en-manta-en-la-feria-hecho-en-manabi\\\/\"},\"author\":{\"name\":\"Lui Ochoa\",\"@id\":\"https:\\\/\\\/www.manabi.gob.ec\\\/#\\\/schema\\\/person\\\/c4f117989332ad723a6ced5994aa7d7a\"},\"headline\":\"Lo mejor de nuestra provincia se exhibir\u00e1 en Manta en la Feria Hecho en Manab\u00ed\",\"datePublished\":\"2025-11-17T21:38:34+00:00\",\"mainEntityOfPage\":{\"@id\":\"https:\\\/\\\/www.manabi.gob.ec\\\/index.php\\\/lo-mejor-de-nuestra-provincia-se-exhibira-en-manta-en-la-feria-hecho-en-manabi\\\/\"},\"wordCount\":236,\"image\":{\"@id\":\"https:\\\/\\\/www.manabi.gob.ec\\\/index.php\\\/lo-mejor-de-nuestra-provincia-se-exhibira-en-manta-en-la-feria-hecho-en-manabi\\\/#primaryimage\"},\"thumbnailUrl\":\"https:\\\/\\\/www.manabi.gob.ec\\\/wp-content\\\/uploads\\\/2025\\\/11\\\/d0364528-f427-4bb9-a7a8-88a0e81ffcee.jpg\",\"articleSection\":[\"Ambiente\",\"Desarrollo Social\",\"Noticias\",\"Todas\"],\"inLanguage\":\"es\"},{\"@type\":\"WebPage\",\"@id\":\"https:\\\/\\\/www.manabi.gob.ec\\\/index.php\\\/lo-mejor-de-nuestra-provincia-se-exhibira-en-manta-en-la-feria-hecho-en-manabi\\\/\",\"url\":\"https:\\\/\\\/www.manabi.gob.ec\\\/index.php\\\/lo-mejor-de-nuestra-provincia-se-exhibira-en-manta-en-la-feria-hecho-en-manabi\\\/\",\"name\":\"Lo mejor de nuestra provincia se exhibir\u00e1 en Manta en la Feria Hecho en Manab\u00ed - Prefectura de Manab\u00ed\",\"isPartOf\":{\"@id\":\"https:\\\/\\\/www.manabi.gob.ec\\\/#website\"},\"primaryImageOfPage\":{\"@id\":\"https:\\\/\\\/www.manabi.gob.ec\\\/index.php\\\/lo-mejor-de-nuestra-provincia-se-exhibira-en-manta-en-la-feria-hecho-en-manabi\\\/#primaryimage\"},\"image\":{\"@id\":\"https:\\\/\\\/www.manabi.gob.ec\\\/index.php\\\/lo-mejor-de-nuestra-provincia-se-exhibira-en-manta-en-la-feria-hecho-en-manabi\\\/#primaryimage\"},\"thumbnailUrl\":\"https:\\\/\\\/www.manabi.gob.ec\\\/wp-content\\\/uploads\\\/2025\\\/11\\\/d0364528-f427-4bb9-a7a8-88a0e81ffcee.jpg\",\"datePublished\":\"2025-11-17T21:38:34+00:00\",\"author\":{\"@id\":\"https:\\\/\\\/www.manabi.gob.ec\\\/#\\\/schema\\\/person\\\/c4f117989332ad723a6ced5994aa7d7a\"},\"breadcrumb\":{\"@id\":\"https:\\\/\\\/www.manabi.gob.ec\\\/index.php\\\/lo-mejor-de-nuestra-provincia-se-exhibira-en-manta-en-la-feria-hecho-en-manabi\\\/#breadcrumb\"},\"inLanguage\":\"es\",\"potentialAction\":[{\"@type\":\"ReadAction\",\"target\":[\"https:\\\/\\\/www.manabi.gob.ec\\\/index.php\\\/lo-mejor-de-nuestra-provincia-se-exhibira-en-manta-en-la-feria-hecho-en-manabi\\\/\"]}]},{\"@type\":\"ImageObject\",\"inLanguage\":\"es\",\"@id\":\"https:\\\/\\\/www.manabi.gob.ec\\\/index.php\\\/lo-mejor-de-nuestra-provincia-se-exhibira-en-manta-en-la-feria-hecho-en-manabi\\\/#primaryimage\",\"url\":\"https:\\\/\\\/www.manabi.gob.ec\\\/wp-content\\\/uploads\\\/2025\\\/11\\\/d0364528-f427-4bb9-a7a8-88a0e81ffcee.jpg\",\"contentUrl\":\"https:\\\/\\\/www.manabi.gob.ec\\\/wp-content\\\/uploads\\\/2025\\\/11\\\/d0364528-f427-4bb9-a7a8-88a0e81ffcee.jpg\",\"width\":2000,\"height\":1600},{\"@type\":\"BreadcrumbList\",\"@id\":\"https:\\\/\\\/www.manabi.gob.ec\\\/index.php\\\/lo-mejor-de-nuestra-provincia-se-exhibira-en-manta-en-la-feria-hecho-en-manabi\\\/#breadcrumb\",\"itemListElement\":[{\"@type\":\"ListItem\",\"position\":1,\"name\":\"Portada\",\"item\":\"https:\\\/\\\/www.manabi.gob.ec\\\/\"},{\"@type\":\"ListItem\",\"position\":2,\"name\":\"Lo mejor de nuestra provincia se exhibir\u00e1 en Manta en la Feria Hecho en Manab\u00ed\"}]},{\"@type\":\"WebSite\",\"@id\":\"https:\\\/\\\/www.manabi.gob.ec\\\/#website\",\"url\":\"https:\\\/\\\/www.manabi.gob.ec\\\/\",\"name\":\"Prefectura de Manab\u00ed\",\"description\":\"P\u00e1gina web de la prefectura\",\"potentialAction\":[{\"@type\":\"SearchAction\",\"target\":{\"@type\":\"EntryPoint\",\"urlTemplate\":\"https:\\\/\\\/www.manabi.gob.ec\\\/?s={search_term_string}\"},\"query-input\":{\"@type\":\"PropertyValueSpecification\",\"valueRequired\":true,\"valueName\":\"search_term_string\"}}],\"inLanguage\":\"es\"},{\"@type\":\"Person\",\"@id\":\"https:\\\/\\\/www.manabi.gob.ec\\\/#\\\/schema\\\/person\\\/c4f117989332ad723a6ced5994aa7d7a\",\"name\":\"Lui Ochoa\",\"image\":{\"@type\":\"ImageObject\",\"inLanguage\":\"es\",\"@id\":\"https:\\\/\\\/secure.gravatar.com\\\/avatar\\\/6e8017d0fe69dead8a95864d2eb6e1e1d8bf8e01194ba49cf7b897ff038126ba?s=96&d=mm&r=g\",\"url\":\"https:\\\/\\\/secure.gravatar.com\\\/avatar\\\/6e8017d0fe69dead8a95864d2eb6e1e1d8bf8e01194ba49cf7b897ff038126ba?s=96&d=mm&r=g\",\"contentUrl\":\"https:\\\/\\\/secure.gravatar.com\\\/avatar\\\/6e8017d0fe69dead8a95864d2eb6e1e1d8bf8e01194ba49cf7b897ff038126ba?s=96&d=mm&r=g\",\"caption\":\"Lui Ochoa\"},\"url\":\"https:\\\/\\\/www.manabi.gob.ec\\\/index.php\\\/author\\\/lochoa\\\/\"}]}<\/script>\n<!-- \/ Yoast SEO plugin. -->","yoast_head_json":{"title":"Lo mejor de nuestra provincia se exhibir\u00e1 en Manta en la Feria Hecho en Manab\u00ed - Prefectura de Manab\u00ed","robots":{"index":"index","follow":"follow","max-snippet":"max-snippet:-1","max-image-preview":"max-image-preview:large","max-video-preview":"max-video-preview:-1"},"canonical":"https:\/\/www.manabi.gob.ec\/index.php\/lo-mejor-de-nuestra-provincia-se-exhibira-en-manta-en-la-feria-hecho-en-manabi\/","og_locale":"es_ES","og_type":"article","og_title":"Lo mejor de nuestra provincia se exhibir\u00e1 en Manta en la Feria Hecho en Manab\u00ed - Prefectura de Manab\u00ed","og_description":"Durante los d\u00edas 21, 22 y 23 de noviembre, los emprendedores manabitas&nbsp; expondr\u00e1n sus productos en la feria \u201cHecho en Manab\u00ed\u201d, evento lanzado lanzado este 17 de noviembre por parte del prefecto, Leonardo Orlando. Se desarrollar\u00e1 en Manta, en laTerminal de Cruceros de Manta.&nbsp; El acto se realiz\u00f3 desde el hotel Oro Verde en Portoviejo [&hellip;]","og_url":"https:\/\/www.manabi.gob.ec\/index.php\/lo-mejor-de-nuestra-provincia-se-exhibira-en-manta-en-la-feria-hecho-en-manabi\/","og_site_name":"Prefectura de Manab\u00ed","article_published_time":"2025-11-17T21:38:34+00:00","og_image":[{"width":2000,"height":1600,"url":"https:\/\/www.manabi.gob.ec\/wp-content\/uploads\/2025\/11\/d0364528-f427-4bb9-a7a8-88a0e81ffcee.jpg","type":"image\/jpeg"}],"author":"Lui Ochoa","twitter_card":"summary_large_image","twitter_misc":{"Escrito por":"Lui Ochoa","Tiempo de lectura":"1 minuto"},"schema":{"@context":"https:\/\/schema.org","@graph":[{"@type":"Article","@id":"https:\/\/www.manabi.gob.ec\/index.php\/lo-mejor-de-nuestra-provincia-se-exhibira-en-manta-en-la-feria-hecho-en-manabi\/#article","isPartOf":{"@id":"https:\/\/www.manabi.gob.ec\/index.php\/lo-mejor-de-nuestra-provincia-se-exhibira-en-manta-en-la-feria-hecho-en-manabi\/"},"author":{"name":"Lui Ochoa","@id":"https:\/\/www.manabi.gob.ec\/#\/schema\/person\/c4f117989332ad723a6ced5994aa7d7a"},"headline":"Lo mejor de nuestra provincia se exhibir\u00e1 en Manta en la Feria Hecho en Manab\u00ed","datePublished":"2025-11-17T21:38:34+00:00","mainEntityOfPage":{"@id":"https:\/\/www.manabi.gob.ec\/index.php\/lo-mejor-de-nuestra-provincia-se-exhibira-en-manta-en-la-feria-hecho-en-manabi\/"},"wordCount":236,"image":{"@id":"https:\/\/www.manabi.gob.ec\/index.php\/lo-mejor-de-nuestra-provincia-se-exhibira-en-manta-en-la-feria-hecho-en-manabi\/#primaryimage"},"thumbnailUrl":"https:\/\/www.manabi.gob.ec\/wp-content\/uploads\/2025\/11\/d0364528-f427-4bb9-a7a8-88a0e81ffcee.jpg","articleSection":["Ambiente","Desarrollo Social","Noticias","Todas"],"inLanguage":"es"},{"@type":"WebPage","@id":"https:\/\/www.manabi.gob.ec\/index.php\/lo-mejor-de-nuestra-provincia-se-exhibira-en-manta-en-la-feria-hecho-en-manabi\/","url":"https:\/\/www.manabi.gob.ec\/index.php\/lo-mejor-de-nuestra-provincia-se-exhibira-en-manta-en-la-feria-hecho-en-manabi\/","name":"Lo mejor de nuestra provincia se exhibir\u00e1 en Manta en la Feria Hecho en Manab\u00ed - Prefectura de Manab\u00ed","isPartOf":{"@id":"https:\/\/www.manabi.gob.ec\/#website"},"primaryImageOfPage":{"@id":"https:\/\/www.manabi.gob.ec\/index.php\/lo-mejor-de-nuestra-provincia-se-exhibira-en-manta-en-la-feria-hecho-en-manabi\/#primaryimage"},"image":{"@id":"https:\/\/www.manabi.gob.ec\/index.php\/lo-mejor-de-nuestra-provincia-se-exhibira-en-manta-en-la-feria-hecho-en-manabi\/#primaryimage"},"thumbnailUrl":"https:\/\/www.manabi.gob.ec\/wp-content\/uploads\/2025\/11\/d0364528-f427-4bb9-a7a8-88a0e81ffcee.jpg","datePublished":"2025-11-17T21:38:34+00:00","author":{"@id":"https:\/\/www.manabi.gob.ec\/#\/schema\/person\/c4f117989332ad723a6ced5994aa7d7a"},"breadcrumb":{"@id":"https:\/\/www.manabi.gob.ec\/index.php\/lo-mejor-de-nuestra-provincia-se-exhibira-en-manta-en-la-feria-hecho-en-manabi\/#breadcrumb"},"inLanguage":"es","potentialAction":[{"@type":"ReadAction","target":["https:\/\/www.manabi.gob.ec\/index.php\/lo-mejor-de-nuestra-provincia-se-exhibira-en-manta-en-la-feria-hecho-en-manabi\/"]}]},{"@type":"ImageObject","inLanguage":"es","@id":"https:\/\/www.manabi.gob.ec\/index.php\/lo-mejor-de-nuestra-provincia-se-exhibira-en-manta-en-la-feria-hecho-en-manabi\/#primaryimage","url":"https:\/\/www.manabi.gob.ec\/wp-content\/uploads\/2025\/11\/d0364528-f427-4bb9-a7a8-88a0e81ffcee.jpg","contentUrl":"https:\/\/www.manabi.gob.ec\/wp-content\/uploads\/2025\/11\/d0364528-f427-4bb9-a7a8-88a0e81ffcee.jpg","width":2000,"height":1600},{"@type":"BreadcrumbList","@id":"https:\/\/www.manabi.gob.ec\/index.php\/lo-mejor-de-nuestra-provincia-se-exhibira-en-manta-en-la-feria-hecho-en-manabi\/#breadcrumb","itemListElement":[{"@type":"ListItem","position":1,"name":"Portada","item":"https:\/\/www.manabi.gob.ec\/"},{"@type":"ListItem","position":2,"name":"Lo mejor de nuestra provincia se exhibir\u00e1 en Manta en la Feria Hecho en Manab\u00ed"}]},{"@type":"WebSite","@id":"https:\/\/www.manabi.gob.ec\/#website","url":"https:\/\/www.manabi.gob.ec\/","name":"Prefectura de Manab\u00ed","description":"P\u00e1gina web de la prefectura","potentialAction":[{"@type":"SearchAction","target":{"@type":"EntryPoint","urlTemplate":"https:\/\/www.manabi.gob.ec\/?s={search_term_string}"},"query-input":{"@type":"PropertyValueSpecification","valueRequired":true,"valueName":"search_term_string"}}],"inLanguage":"es"},{"@type":"Person","@id":"https:\/\/www.manabi.gob.ec\/#\/schema\/person\/c4f117989332ad723a6ced5994aa7d7a","name":"Lui Ochoa","image":{"@type":"ImageObject","inLanguage":"es","@id":"https:\/\/secure.gravatar.com\/avatar\/6e8017d0fe69dead8a95864d2eb6e1e1d8bf8e01194ba49cf7b897ff038126ba?s=96&d=mm&r=g","url":"https:\/\/secure.gravatar.com\/avatar\/6e8017d0fe69dead8a95864d2eb6e1e1d8bf8e01194ba49cf7b897ff038126ba?s=96&d=mm&r=g","contentUrl":"https:\/\/secure.gravatar.com\/avatar\/6e8017d0fe69dead8a95864d2eb6e1e1d8bf8e01194ba49cf7b897ff038126ba?s=96&d=mm&r=g","caption":"Lui Ochoa"},"url":"https:\/\/www.manabi.gob.ec\/index.php\/author\/lochoa\/"}]}},"jetpack_featured_media_url":"https:\/\/www.manabi.gob.ec\/wp-content\/uploads\/2025\/11\/d0364528-f427-4bb9-a7a8-88a0e81ffcee.jpg","_links":{"self":[{"href":"https:\/\/www.manabi.gob.ec\/index.php\/wp-json\/wp\/v2\/posts\/32297","targetHints":{"allow":["GET"]}}],"collection":[{"href":"https:\/\/www.manabi.gob.ec\/index.php\/wp-json\/wp\/v2\/posts"}],"about":[{"href":"https:\/\/www.manabi.gob.ec\/index.php\/wp-json\/wp\/v2\/types\/post"}],"author":[{"embeddable":true,"href":"https:\/\/www.manabi.gob.ec\/index.php\/wp-json\/wp\/v2\/users\/10"}],"replies":[{"embeddable":true,"href":"https:\/\/www.manabi.gob.ec\/index.php\/wp-json\/wp\/v2\/comments?post=32297"}],"version-history":[{"count":1,"href":"https:\/\/www.manabi.gob.ec\/index.php\/wp-json\/wp\/v2\/posts\/32297\/revisions"}],"predecessor-version":[{"id":32298,"href":"https:\/\/www.manabi.gob.ec\/index.php\/wp-json\/wp\/v2\/posts\/32297\/revisions\/32298"}],"wp:featuredmedia":[{"embeddable":true,"href":"https:\/\/www.manabi.gob.ec\/index.php\/wp-json\/wp\/v2\/media\/32296"}],"wp:attachment":[{"href":"https:\/\/www.manabi.gob.ec\/index.php\/wp-json\/wp\/v2\/media?parent=32297"}],"wp:term":[{"taxonomy":"category","embeddable":true,"href":"https:\/\/www.manabi.gob.ec\/index.php\/wp-json\/wp\/v2\/categories?post=32297"},{"taxonomy":"post_tag","embeddable":true,"href":"https:\/\/www.manabi.gob.ec\/index.php\/wp-json\/wp\/v2\/tags?post=32297"}],"curies":[{"name":"wp","href":"https:\/\/api.w.org\/{rel}","templated":true}]}}