{"id":32317,"date":"2025-11-18T20:08:47","date_gmt":"2025-11-18T20:08:47","guid":{"rendered":"https:\/\/www.manabi.gob.ec\/?p=32317"},"modified":"2025-11-18T20:08:48","modified_gmt":"2025-11-18T20:08:48","slug":"prefectura-de-manabi-expone-su-trabajo-frente-a-la-adaptacion-y-mitigacion-del-cambio-climatico-en-encuentro-regional-del-programa-eba-lac","status":"publish","type":"post","link":"https:\/\/www.manabi.gob.ec\/index.php\/prefectura-de-manabi-expone-su-trabajo-frente-a-la-adaptacion-y-mitigacion-del-cambio-climatico-en-encuentro-regional-del-programa-eba-lac\/","title":{"rendered":"Prefectura de Manab\u00ed expone su trabajo frente a la adaptaci\u00f3n y mitigaci\u00f3n del cambio clim\u00e1tico en encuentro regional del programa EbA LAC"},"content":{"rendered":"\n<p>El prefecto de Manab\u00ed, Leonardo Orlando, particip\u00f3 en el Encuentro Regional del Programa EbA LAC, junto a Costa Rica, Guatemala y la Cooperaci\u00f3n Alemana (GIZ), un espacio clave para compartir avances, experiencias y desaf\u00edos de los territorios frente al cambio clim\u00e1tico.<\/p>\n\n\n\n<p>El evento se desarroll\u00f3 el 13 de noviembre, en el que el Prefecto Orlando habl\u00f3 sobre el modelo de gesti\u00f3n provincial centrado en la resiliencia comunitaria y destac\u00f3 las acciones que se ejecutan en el marco de la cooperaci\u00f3n con el programa EbA LAC para promover una adaptaci\u00f3n basada en ecosistemas.<\/p>\n\n\n\n<p>\u201cEn todos los ejes de nuestro plan de desarrollo, la sostenibilidad y adaptaci\u00f3n al cambio clim\u00e1tico es transversal. De hecho queremos ser una de las primeras provincias en alinear una estrategia provincial de cambio clim\u00e1tico a una estrategia nacional\u201d, resalt\u00f3.<\/p>\n\n\n\n<p>En el 2022, la Prefectura de Manab\u00ed suscribi\u00f3 un memorando de entendimiento con la Uni\u00f3n Internacional para la Conservaci\u00f3n de la Naturaleza (UICN), como parte del consorcio del programa, para ejecutar medidas conjuntas de Adaptaci\u00f3n al Cambio Clim\u00e1tico, con \u00e9nfasis en el enfoque AbE (Adaptaci\u00f3n Basada en Ecosistemas). Este acuerdo busca reducir la vulnerabilidad clim\u00e1tica en comunidades rurales de cantones priorizados de la provincia.<\/p>\n\n\n\n<p>El programa trabaja en cuatro componentes esenciales: fortalecimiento de la gobernanza territorial, implementaci\u00f3n de medidas AbE, desarrollo de capacidades t\u00e9cnicas y la creaci\u00f3n de mecanismos financieros para facilitar el acceso a recursos clim\u00e1ticos. En Manab\u00ed, \u00e9sto se traduce en acciones concretas que protegen los ecosistemas, mejoran medios de vida y empoderan a las comunidades rurales.<\/p>\n\n\n\n<p>La participaci\u00f3n de la Prefectura en este espacio reafirma su compromiso con una gesti\u00f3n ambiental estrat\u00e9gica, alineada con los Objetivos de Desarrollo Sostenible y con una visi\u00f3n a largo plazo para enfrentar los retos del cambio clim\u00e1tico.<\/p>\n","protected":false},"excerpt":{"rendered":"<p>El prefecto de Manab\u00ed, Leonardo Orlando, particip\u00f3 en el Encuentro Regional del Programa EbA LAC, junto a Costa Rica, Guatemala y la Cooperaci\u00f3n Alemana (GIZ), un espacio clave para compartir avances, experiencias y desaf\u00edos de los territorios frente al cambio clim\u00e1tico. El evento se desarroll\u00f3 el 13 de noviembre, en el que el Prefecto Orlando [&hellip;]<\/p>\n","protected":false},"author":10,"featured_media":32318,"comment_status":"closed","ping_status":"closed","sticky":false,"template":"","format":"standard","meta":{"_joinchat":[],"footnotes":""},"categories":[150,142,92,91],"tags":[],"class_list":["post-32317","post","type-post","status-publish","format-standard","has-post-thumbnail","hentry","category-ambiente","category-desarrollo-social","category-noticias-manabi","category-todas"],"yoast_head":"<!-- This site is optimized with the Yoast SEO plugin v27.4 - https:\/\/yoast.com\/product\/yoast-seo-wordpress\/ -->\n<title>Prefectura de Manab\u00ed expone su trabajo frente a la adaptaci\u00f3n y mitigaci\u00f3n del cambio clim\u00e1tico en encuentro regional del programa EbA LAC - Prefectura de Manab\u00ed<\/title>\n<meta name=\"robots\" content=\"index, follow, max-snippet:-1, max-image-preview:large, max-video-preview:-1\" \/>\n<link rel=\"canonical\" href=\"https:\/\/www.manabi.gob.ec\/index.php\/prefectura-de-manabi-expone-su-trabajo-frente-a-la-adaptacion-y-mitigacion-del-cambio-climatico-en-encuentro-regional-del-programa-eba-lac\/\" \/>\n<meta property=\"og:locale\" content=\"es_ES\" \/>\n<meta property=\"og:type\" content=\"article\" \/>\n<meta property=\"og:title\" content=\"Prefectura de Manab\u00ed expone su trabajo frente a la adaptaci\u00f3n y mitigaci\u00f3n del cambio clim\u00e1tico en encuentro regional del programa EbA LAC - Prefectura de Manab\u00ed\" \/>\n<meta property=\"og:description\" content=\"El prefecto de Manab\u00ed, Leonardo Orlando, particip\u00f3 en el Encuentro Regional del Programa EbA LAC, junto a Costa Rica, Guatemala y la Cooperaci\u00f3n Alemana (GIZ), un espacio clave para compartir avances, experiencias y desaf\u00edos de los territorios frente al cambio clim\u00e1tico. El evento se desarroll\u00f3 el 13 de noviembre, en el que el Prefecto Orlando [&hellip;]\" \/>\n<meta property=\"og:url\" content=\"https:\/\/www.manabi.gob.ec\/index.php\/prefectura-de-manabi-expone-su-trabajo-frente-a-la-adaptacion-y-mitigacion-del-cambio-climatico-en-encuentro-regional-del-programa-eba-lac\/\" \/>\n<meta property=\"og:site_name\" content=\"Prefectura de Manab\u00ed\" \/>\n<meta property=\"article:published_time\" content=\"2025-11-18T20:08:47+00:00\" \/>\n<meta property=\"article:modified_time\" content=\"2025-11-18T20:08:48+00:00\" \/>\n<meta property=\"og:image\" content=\"https:\/\/www.manabi.gob.ec\/wp-content\/uploads\/2025\/11\/580832431_1370364181122931_6510756886692707562_n.jpg\" \/>\n\t<meta property=\"og:image:width\" content=\"2048\" \/>\n\t<meta property=\"og:image:height\" content=\"1366\" \/>\n\t<meta property=\"og:image:type\" content=\"image\/jpeg\" \/>\n<meta name=\"author\" content=\"Lui Ochoa\" \/>\n<meta name=\"twitter:card\" content=\"summary_large_image\" \/>\n<meta name=\"twitter:label1\" content=\"Escrito por\" \/>\n\t<meta name=\"twitter:data1\" content=\"Lui Ochoa\" \/>\n\t<meta name=\"twitter:label2\" content=\"Tiempo de lectura\" \/>\n\t<meta name=\"twitter:data2\" content=\"2 minutos\" \/>\n<script type=\"application\/ld+json\" class=\"yoast-schema-graph\">{\"@context\":\"https:\\\/\\\/schema.org\",\"@graph\":[{\"@type\":\"Article\",\"@id\":\"https:\\\/\\\/www.manabi.gob.ec\\\/index.php\\\/prefectura-de-manabi-expone-su-trabajo-frente-a-la-adaptacion-y-mitigacion-del-cambio-climatico-en-encuentro-regional-del-programa-eba-lac\\\/#article\",\"isPartOf\":{\"@id\":\"https:\\\/\\\/www.manabi.gob.ec\\\/index.php\\\/prefectura-de-manabi-expone-su-trabajo-frente-a-la-adaptacion-y-mitigacion-del-cambio-climatico-en-encuentro-regional-del-programa-eba-lac\\\/\"},\"author\":{\"name\":\"Lui Ochoa\",\"@id\":\"https:\\\/\\\/www.manabi.gob.ec\\\/#\\\/schema\\\/person\\\/c4f117989332ad723a6ced5994aa7d7a\"},\"headline\":\"Prefectura de Manab\u00ed expone su trabajo frente a la adaptaci\u00f3n y mitigaci\u00f3n del cambio clim\u00e1tico en encuentro regional del programa EbA LAC\",\"datePublished\":\"2025-11-18T20:08:47+00:00\",\"dateModified\":\"2025-11-18T20:08:48+00:00\",\"mainEntityOfPage\":{\"@id\":\"https:\\\/\\\/www.manabi.gob.ec\\\/index.php\\\/prefectura-de-manabi-expone-su-trabajo-frente-a-la-adaptacion-y-mitigacion-del-cambio-climatico-en-encuentro-regional-del-programa-eba-lac\\\/\"},\"wordCount\":335,\"image\":{\"@id\":\"https:\\\/\\\/www.manabi.gob.ec\\\/index.php\\\/prefectura-de-manabi-expone-su-trabajo-frente-a-la-adaptacion-y-mitigacion-del-cambio-climatico-en-encuentro-regional-del-programa-eba-lac\\\/#primaryimage\"},\"thumbnailUrl\":\"https:\\\/\\\/www.manabi.gob.ec\\\/wp-content\\\/uploads\\\/2025\\\/11\\\/580832431_1370364181122931_6510756886692707562_n.jpg\",\"articleSection\":[\"Ambiente\",\"Desarrollo Social\",\"Noticias\",\"Todas\"],\"inLanguage\":\"es\"},{\"@type\":\"WebPage\",\"@id\":\"https:\\\/\\\/www.manabi.gob.ec\\\/index.php\\\/prefectura-de-manabi-expone-su-trabajo-frente-a-la-adaptacion-y-mitigacion-del-cambio-climatico-en-encuentro-regional-del-programa-eba-lac\\\/\",\"url\":\"https:\\\/\\\/www.manabi.gob.ec\\\/index.php\\\/prefectura-de-manabi-expone-su-trabajo-frente-a-la-adaptacion-y-mitigacion-del-cambio-climatico-en-encuentro-regional-del-programa-eba-lac\\\/\",\"name\":\"Prefectura de Manab\u00ed expone su trabajo frente a la adaptaci\u00f3n y mitigaci\u00f3n del cambio clim\u00e1tico en encuentro regional del programa EbA LAC - Prefectura de Manab\u00ed\",\"isPartOf\":{\"@id\":\"https:\\\/\\\/www.manabi.gob.ec\\\/#website\"},\"primaryImageOfPage\":{\"@id\":\"https:\\\/\\\/www.manabi.gob.ec\\\/index.php\\\/prefectura-de-manabi-expone-su-trabajo-frente-a-la-adaptacion-y-mitigacion-del-cambio-climatico-en-encuentro-regional-del-programa-eba-lac\\\/#primaryimage\"},\"image\":{\"@id\":\"https:\\\/\\\/www.manabi.gob.ec\\\/index.php\\\/prefectura-de-manabi-expone-su-trabajo-frente-a-la-adaptacion-y-mitigacion-del-cambio-climatico-en-encuentro-regional-del-programa-eba-lac\\\/#primaryimage\"},\"thumbnailUrl\":\"https:\\\/\\\/www.manabi.gob.ec\\\/wp-content\\\/uploads\\\/2025\\\/11\\\/580832431_1370364181122931_6510756886692707562_n.jpg\",\"datePublished\":\"2025-11-18T20:08:47+00:00\",\"dateModified\":\"2025-11-18T20:08:48+00:00\",\"author\":{\"@id\":\"https:\\\/\\\/www.manabi.gob.ec\\\/#\\\/schema\\\/person\\\/c4f117989332ad723a6ced5994aa7d7a\"},\"breadcrumb\":{\"@id\":\"https:\\\/\\\/www.manabi.gob.ec\\\/index.php\\\/prefectura-de-manabi-expone-su-trabajo-frente-a-la-adaptacion-y-mitigacion-del-cambio-climatico-en-encuentro-regional-del-programa-eba-lac\\\/#breadcrumb\"},\"inLanguage\":\"es\",\"potentialAction\":[{\"@type\":\"ReadAction\",\"target\":[\"https:\\\/\\\/www.manabi.gob.ec\\\/index.php\\\/prefectura-de-manabi-expone-su-trabajo-frente-a-la-adaptacion-y-mitigacion-del-cambio-climatico-en-encuentro-regional-del-programa-eba-lac\\\/\"]}]},{\"@type\":\"ImageObject\",\"inLanguage\":\"es\",\"@id\":\"https:\\\/\\\/www.manabi.gob.ec\\\/index.php\\\/prefectura-de-manabi-expone-su-trabajo-frente-a-la-adaptacion-y-mitigacion-del-cambio-climatico-en-encuentro-regional-del-programa-eba-lac\\\/#primaryimage\",\"url\":\"https:\\\/\\\/www.manabi.gob.ec\\\/wp-content\\\/uploads\\\/2025\\\/11\\\/580832431_1370364181122931_6510756886692707562_n.jpg\",\"contentUrl\":\"https:\\\/\\\/www.manabi.gob.ec\\\/wp-content\\\/uploads\\\/2025\\\/11\\\/580832431_1370364181122931_6510756886692707562_n.jpg\",\"width\":2048,\"height\":1366},{\"@type\":\"BreadcrumbList\",\"@id\":\"https:\\\/\\\/www.manabi.gob.ec\\\/index.php\\\/prefectura-de-manabi-expone-su-trabajo-frente-a-la-adaptacion-y-mitigacion-del-cambio-climatico-en-encuentro-regional-del-programa-eba-lac\\\/#breadcrumb\",\"itemListElement\":[{\"@type\":\"ListItem\",\"position\":1,\"name\":\"Portada\",\"item\":\"https:\\\/\\\/www.manabi.gob.ec\\\/\"},{\"@type\":\"ListItem\",\"position\":2,\"name\":\"Prefectura de Manab\u00ed expone su trabajo frente a la adaptaci\u00f3n y mitigaci\u00f3n del cambio clim\u00e1tico en encuentro regional del programa EbA LAC\"}]},{\"@type\":\"WebSite\",\"@id\":\"https:\\\/\\\/www.manabi.gob.ec\\\/#website\",\"url\":\"https:\\\/\\\/www.manabi.gob.ec\\\/\",\"name\":\"Prefectura de Manab\u00ed\",\"description\":\"P\u00e1gina web de la prefectura\",\"potentialAction\":[{\"@type\":\"SearchAction\",\"target\":{\"@type\":\"EntryPoint\",\"urlTemplate\":\"https:\\\/\\\/www.manabi.gob.ec\\\/?s={search_term_string}\"},\"query-input\":{\"@type\":\"PropertyValueSpecification\",\"valueRequired\":true,\"valueName\":\"search_term_string\"}}],\"inLanguage\":\"es\"},{\"@type\":\"Person\",\"@id\":\"https:\\\/\\\/www.manabi.gob.ec\\\/#\\\/schema\\\/person\\\/c4f117989332ad723a6ced5994aa7d7a\",\"name\":\"Lui Ochoa\",\"image\":{\"@type\":\"ImageObject\",\"inLanguage\":\"es\",\"@id\":\"https:\\\/\\\/secure.gravatar.com\\\/avatar\\\/6e8017d0fe69dead8a95864d2eb6e1e1d8bf8e01194ba49cf7b897ff038126ba?s=96&d=mm&r=g\",\"url\":\"https:\\\/\\\/secure.gravatar.com\\\/avatar\\\/6e8017d0fe69dead8a95864d2eb6e1e1d8bf8e01194ba49cf7b897ff038126ba?s=96&d=mm&r=g\",\"contentUrl\":\"https:\\\/\\\/secure.gravatar.com\\\/avatar\\\/6e8017d0fe69dead8a95864d2eb6e1e1d8bf8e01194ba49cf7b897ff038126ba?s=96&d=mm&r=g\",\"caption\":\"Lui Ochoa\"},\"url\":\"https:\\\/\\\/www.manabi.gob.ec\\\/index.php\\\/author\\\/lochoa\\\/\"}]}<\/script>\n<!-- \/ Yoast SEO plugin. -->","yoast_head_json":{"title":"Prefectura de Manab\u00ed expone su trabajo frente a la adaptaci\u00f3n y mitigaci\u00f3n del cambio clim\u00e1tico en encuentro regional del programa EbA LAC - Prefectura de Manab\u00ed","robots":{"index":"index","follow":"follow","max-snippet":"max-snippet:-1","max-image-preview":"max-image-preview:large","max-video-preview":"max-video-preview:-1"},"canonical":"https:\/\/www.manabi.gob.ec\/index.php\/prefectura-de-manabi-expone-su-trabajo-frente-a-la-adaptacion-y-mitigacion-del-cambio-climatico-en-encuentro-regional-del-programa-eba-lac\/","og_locale":"es_ES","og_type":"article","og_title":"Prefectura de Manab\u00ed expone su trabajo frente a la adaptaci\u00f3n y mitigaci\u00f3n del cambio clim\u00e1tico en encuentro regional del programa EbA LAC - Prefectura de Manab\u00ed","og_description":"El prefecto de Manab\u00ed, Leonardo Orlando, particip\u00f3 en el Encuentro Regional del Programa EbA LAC, junto a Costa Rica, Guatemala y la Cooperaci\u00f3n Alemana (GIZ), un espacio clave para compartir avances, experiencias y desaf\u00edos de los territorios frente al cambio clim\u00e1tico. El evento se desarroll\u00f3 el 13 de noviembre, en el que el Prefecto Orlando [&hellip;]","og_url":"https:\/\/www.manabi.gob.ec\/index.php\/prefectura-de-manabi-expone-su-trabajo-frente-a-la-adaptacion-y-mitigacion-del-cambio-climatico-en-encuentro-regional-del-programa-eba-lac\/","og_site_name":"Prefectura de Manab\u00ed","article_published_time":"2025-11-18T20:08:47+00:00","article_modified_time":"2025-11-18T20:08:48+00:00","og_image":[{"width":2048,"height":1366,"url":"https:\/\/www.manabi.gob.ec\/wp-content\/uploads\/2025\/11\/580832431_1370364181122931_6510756886692707562_n.jpg","type":"image\/jpeg"}],"author":"Lui Ochoa","twitter_card":"summary_large_image","twitter_misc":{"Escrito por":"Lui Ochoa","Tiempo de lectura":"2 minutos"},"schema":{"@context":"https:\/\/schema.org","@graph":[{"@type":"Article","@id":"https:\/\/www.manabi.gob.ec\/index.php\/prefectura-de-manabi-expone-su-trabajo-frente-a-la-adaptacion-y-mitigacion-del-cambio-climatico-en-encuentro-regional-del-programa-eba-lac\/#article","isPartOf":{"@id":"https:\/\/www.manabi.gob.ec\/index.php\/prefectura-de-manabi-expone-su-trabajo-frente-a-la-adaptacion-y-mitigacion-del-cambio-climatico-en-encuentro-regional-del-programa-eba-lac\/"},"author":{"name":"Lui Ochoa","@id":"https:\/\/www.manabi.gob.ec\/#\/schema\/person\/c4f117989332ad723a6ced5994aa7d7a"},"headline":"Prefectura de Manab\u00ed expone su trabajo frente a la adaptaci\u00f3n y mitigaci\u00f3n del cambio clim\u00e1tico en encuentro regional del programa EbA LAC","datePublished":"2025-11-18T20:08:47+00:00","dateModified":"2025-11-18T20:08:48+00:00","mainEntityOfPage":{"@id":"https:\/\/www.manabi.gob.ec\/index.php\/prefectura-de-manabi-expone-su-trabajo-frente-a-la-adaptacion-y-mitigacion-del-cambio-climatico-en-encuentro-regional-del-programa-eba-lac\/"},"wordCount":335,"image":{"@id":"https:\/\/www.manabi.gob.ec\/index.php\/prefectura-de-manabi-expone-su-trabajo-frente-a-la-adaptacion-y-mitigacion-del-cambio-climatico-en-encuentro-regional-del-programa-eba-lac\/#primaryimage"},"thumbnailUrl":"https:\/\/www.manabi.gob.ec\/wp-content\/uploads\/2025\/11\/580832431_1370364181122931_6510756886692707562_n.jpg","articleSection":["Ambiente","Desarrollo Social","Noticias","Todas"],"inLanguage":"es"},{"@type":"WebPage","@id":"https:\/\/www.manabi.gob.ec\/index.php\/prefectura-de-manabi-expone-su-trabajo-frente-a-la-adaptacion-y-mitigacion-del-cambio-climatico-en-encuentro-regional-del-programa-eba-lac\/","url":"https:\/\/www.manabi.gob.ec\/index.php\/prefectura-de-manabi-expone-su-trabajo-frente-a-la-adaptacion-y-mitigacion-del-cambio-climatico-en-encuentro-regional-del-programa-eba-lac\/","name":"Prefectura de Manab\u00ed expone su trabajo frente a la adaptaci\u00f3n y mitigaci\u00f3n del cambio clim\u00e1tico en encuentro regional del programa EbA LAC - Prefectura de Manab\u00ed","isPartOf":{"@id":"https:\/\/www.manabi.gob.ec\/#website"},"primaryImageOfPage":{"@id":"https:\/\/www.manabi.gob.ec\/index.php\/prefectura-de-manabi-expone-su-trabajo-frente-a-la-adaptacion-y-mitigacion-del-cambio-climatico-en-encuentro-regional-del-programa-eba-lac\/#primaryimage"},"image":{"@id":"https:\/\/www.manabi.gob.ec\/index.php\/prefectura-de-manabi-expone-su-trabajo-frente-a-la-adaptacion-y-mitigacion-del-cambio-climatico-en-encuentro-regional-del-programa-eba-lac\/#primaryimage"},"thumbnailUrl":"https:\/\/www.manabi.gob.ec\/wp-content\/uploads\/2025\/11\/580832431_1370364181122931_6510756886692707562_n.jpg","datePublished":"2025-11-18T20:08:47+00:00","dateModified":"2025-11-18T20:08:48+00:00","author":{"@id":"https:\/\/www.manabi.gob.ec\/#\/schema\/person\/c4f117989332ad723a6ced5994aa7d7a"},"breadcrumb":{"@id":"https:\/\/www.manabi.gob.ec\/index.php\/prefectura-de-manabi-expone-su-trabajo-frente-a-la-adaptacion-y-mitigacion-del-cambio-climatico-en-encuentro-regional-del-programa-eba-lac\/#breadcrumb"},"inLanguage":"es","potentialAction":[{"@type":"ReadAction","target":["https:\/\/www.manabi.gob.ec\/index.php\/prefectura-de-manabi-expone-su-trabajo-frente-a-la-adaptacion-y-mitigacion-del-cambio-climatico-en-encuentro-regional-del-programa-eba-lac\/"]}]},{"@type":"ImageObject","inLanguage":"es","@id":"https:\/\/www.manabi.gob.ec\/index.php\/prefectura-de-manabi-expone-su-trabajo-frente-a-la-adaptacion-y-mitigacion-del-cambio-climatico-en-encuentro-regional-del-programa-eba-lac\/#primaryimage","url":"https:\/\/www.manabi.gob.ec\/wp-content\/uploads\/2025\/11\/580832431_1370364181122931_6510756886692707562_n.jpg","contentUrl":"https:\/\/www.manabi.gob.ec\/wp-content\/uploads\/2025\/11\/580832431_1370364181122931_6510756886692707562_n.jpg","width":2048,"height":1366},{"@type":"BreadcrumbList","@id":"https:\/\/www.manabi.gob.ec\/index.php\/prefectura-de-manabi-expone-su-trabajo-frente-a-la-adaptacion-y-mitigacion-del-cambio-climatico-en-encuentro-regional-del-programa-eba-lac\/#breadcrumb","itemListElement":[{"@type":"ListItem","position":1,"name":"Portada","item":"https:\/\/www.manabi.gob.ec\/"},{"@type":"ListItem","position":2,"name":"Prefectura de Manab\u00ed expone su trabajo frente a la adaptaci\u00f3n y mitigaci\u00f3n del cambio clim\u00e1tico en encuentro regional del programa EbA LAC"}]},{"@type":"WebSite","@id":"https:\/\/www.manabi.gob.ec\/#website","url":"https:\/\/www.manabi.gob.ec\/","name":"Prefectura de Manab\u00ed","description":"P\u00e1gina web de la prefectura","potentialAction":[{"@type":"SearchAction","target":{"@type":"EntryPoint","urlTemplate":"https:\/\/www.manabi.gob.ec\/?s={search_term_string}"},"query-input":{"@type":"PropertyValueSpecification","valueRequired":true,"valueName":"search_term_string"}}],"inLanguage":"es"},{"@type":"Person","@id":"https:\/\/www.manabi.gob.ec\/#\/schema\/person\/c4f117989332ad723a6ced5994aa7d7a","name":"Lui Ochoa","image":{"@type":"ImageObject","inLanguage":"es","@id":"https:\/\/secure.gravatar.com\/avatar\/6e8017d0fe69dead8a95864d2eb6e1e1d8bf8e01194ba49cf7b897ff038126ba?s=96&d=mm&r=g","url":"https:\/\/secure.gravatar.com\/avatar\/6e8017d0fe69dead8a95864d2eb6e1e1d8bf8e01194ba49cf7b897ff038126ba?s=96&d=mm&r=g","contentUrl":"https:\/\/secure.gravatar.com\/avatar\/6e8017d0fe69dead8a95864d2eb6e1e1d8bf8e01194ba49cf7b897ff038126ba?s=96&d=mm&r=g","caption":"Lui Ochoa"},"url":"https:\/\/www.manabi.gob.ec\/index.php\/author\/lochoa\/"}]}},"jetpack_featured_media_url":"https:\/\/www.manabi.gob.ec\/wp-content\/uploads\/2025\/11\/580832431_1370364181122931_6510756886692707562_n.jpg","_links":{"self":[{"href":"https:\/\/www.manabi.gob.ec\/index.php\/wp-json\/wp\/v2\/posts\/32317","targetHints":{"allow":["GET"]}}],"collection":[{"href":"https:\/\/www.manabi.gob.ec\/index.php\/wp-json\/wp\/v2\/posts"}],"about":[{"href":"https:\/\/www.manabi.gob.ec\/index.php\/wp-json\/wp\/v2\/types\/post"}],"author":[{"embeddable":true,"href":"https:\/\/www.manabi.gob.ec\/index.php\/wp-json\/wp\/v2\/users\/10"}],"replies":[{"embeddable":true,"href":"https:\/\/www.manabi.gob.ec\/index.php\/wp-json\/wp\/v2\/comments?post=32317"}],"version-history":[{"count":1,"href":"https:\/\/www.manabi.gob.ec\/index.php\/wp-json\/wp\/v2\/posts\/32317\/revisions"}],"predecessor-version":[{"id":32319,"href":"https:\/\/www.manabi.gob.ec\/index.php\/wp-json\/wp\/v2\/posts\/32317\/revisions\/32319"}],"wp:featuredmedia":[{"embeddable":true,"href":"https:\/\/www.manabi.gob.ec\/index.php\/wp-json\/wp\/v2\/media\/32318"}],"wp:attachment":[{"href":"https:\/\/www.manabi.gob.ec\/index.php\/wp-json\/wp\/v2\/media?parent=32317"}],"wp:term":[{"taxonomy":"category","embeddable":true,"href":"https:\/\/www.manabi.gob.ec\/index.php\/wp-json\/wp\/v2\/categories?post=32317"},{"taxonomy":"post_tag","embeddable":true,"href":"https:\/\/www.manabi.gob.ec\/index.php\/wp-json\/wp\/v2\/tags?post=32317"}],"curies":[{"name":"wp","href":"https:\/\/api.w.org\/{rel}","templated":true}]}}