{"id":32329,"date":"2025-11-19T20:21:25","date_gmt":"2025-11-19T20:21:25","guid":{"rendered":"https:\/\/www.manabi.gob.ec\/?p=32329"},"modified":"2025-11-19T20:21:49","modified_gmt":"2025-11-19T20:21:49","slug":"acciones-preventivas-en-el-rio-manta-protegen-a-mas-de-2-mil-personas","status":"publish","type":"post","link":"https:\/\/www.manabi.gob.ec\/index.php\/acciones-preventivas-en-el-rio-manta-protegen-a-mas-de-2-mil-personas\/","title":{"rendered":"Acciones preventivas en el r\u00edo Manta protegen a m\u00e1s de 2 mil personas"},"content":{"rendered":"\n<p>Como parte del Plan Prevenci\u00f3n, La Prefectura de Manab\u00ed ejecut\u00f3 obras de mitigaci\u00f3n con limpieza, desazolve y reconformaci\u00f3n de muros en el r\u00edo Manta, en el sector de San Juan, para reducir el riesgo de afectaciones de cara a la pr\u00f3xima temporada invernal.<\/p>\n\n\n\n<p>El prefecto, Leonardo Orlando, recorri\u00f3 la zona y constat\u00f3 la intervenci\u00f3n realizada a lo largo de 4.650 metros lineales del cauce, donde se retiraron 158.100 metros c\u00fabicos de sedimentos, volumen que equivale aproximadamente a 64 piscinas ol\u00edmpicas.<\/p>\n\n\n\n<p>Esta obra beneficia directamente a m\u00e1s de 2 mil personas que habitan en zonas aleda\u00f1as, reduciendo el riesgo de inundaciones y protegiendo la infraestructura local. \u201cSiempre la Prefectura ha estado pendiente. Con estos trabajos la gente est\u00e1 feliz y contenta porque tenemos ya una protecci\u00f3n en el r\u00edo\u201d, dijo Diana Rubio, dirigente del sector.<\/p>\n\n\n\n<p>Los trabajos en esta zona iniciaron el 1 de junio y concluyeron el pasado 2 de octubre. La obra se ejecut\u00f3 con una inversi\u00f3n de $177.419,61. Estas acciones se ejecutan en toda la provincia para mitigar posibles afectaciones previo al invierno.<\/p>\n","protected":false},"excerpt":{"rendered":"<p>Como parte del Plan Prevenci\u00f3n, La Prefectura de Manab\u00ed ejecut\u00f3 obras de mitigaci\u00f3n con limpieza, desazolve y reconformaci\u00f3n de muros en el r\u00edo Manta, en el sector de San Juan, para reducir el riesgo de afectaciones de cara a la pr\u00f3xima temporada invernal. El prefecto, Leonardo Orlando, recorri\u00f3 la zona y constat\u00f3 la intervenci\u00f3n realizada [&hellip;]<\/p>\n","protected":false},"author":10,"featured_media":32330,"comment_status":"closed","ping_status":"closed","sticky":false,"template":"","format":"standard","meta":{"_joinchat":[],"footnotes":""},"categories":[150,142,156,92,181,91],"tags":[],"class_list":["post-32329","post","type-post","status-publish","format-standard","has-post-thumbnail","hentry","category-ambiente","category-desarrollo-social","category-manta","category-noticias-manabi","category-obra-publica","category-todas"],"yoast_head":"<!-- This site is optimized with the Yoast SEO plugin v27.4 - https:\/\/yoast.com\/product\/yoast-seo-wordpress\/ -->\n<title>Acciones preventivas en el r\u00edo Manta protegen a m\u00e1s de 2 mil personas - Prefectura de Manab\u00ed<\/title>\n<meta name=\"robots\" content=\"index, follow, max-snippet:-1, max-image-preview:large, max-video-preview:-1\" \/>\n<link rel=\"canonical\" href=\"https:\/\/www.manabi.gob.ec\/index.php\/acciones-preventivas-en-el-rio-manta-protegen-a-mas-de-2-mil-personas\/\" \/>\n<meta property=\"og:locale\" content=\"es_ES\" \/>\n<meta property=\"og:type\" content=\"article\" \/>\n<meta property=\"og:title\" content=\"Acciones preventivas en el r\u00edo Manta protegen a m\u00e1s de 2 mil personas - Prefectura de Manab\u00ed\" \/>\n<meta property=\"og:description\" content=\"Como parte del Plan Prevenci\u00f3n, La Prefectura de Manab\u00ed ejecut\u00f3 obras de mitigaci\u00f3n con limpieza, desazolve y reconformaci\u00f3n de muros en el r\u00edo Manta, en el sector de San Juan, para reducir el riesgo de afectaciones de cara a la pr\u00f3xima temporada invernal. El prefecto, Leonardo Orlando, recorri\u00f3 la zona y constat\u00f3 la intervenci\u00f3n realizada [&hellip;]\" \/>\n<meta property=\"og:url\" content=\"https:\/\/www.manabi.gob.ec\/index.php\/acciones-preventivas-en-el-rio-manta-protegen-a-mas-de-2-mil-personas\/\" \/>\n<meta property=\"og:site_name\" content=\"Prefectura de Manab\u00ed\" \/>\n<meta property=\"article:published_time\" content=\"2025-11-19T20:21:25+00:00\" \/>\n<meta property=\"article:modified_time\" content=\"2025-11-19T20:21:49+00:00\" \/>\n<meta property=\"og:image\" content=\"https:\/\/www.manabi.gob.ec\/wp-content\/uploads\/2025\/11\/WhatsApp-Image-2025-11-19-at-2.07.55-PM-857x1024.png\" \/>\n\t<meta property=\"og:image:width\" content=\"857\" \/>\n\t<meta property=\"og:image:height\" content=\"1024\" \/>\n\t<meta property=\"og:image:type\" content=\"image\/png\" \/>\n<meta name=\"author\" content=\"Lui Ochoa\" \/>\n<meta name=\"twitter:card\" content=\"summary_large_image\" \/>\n<meta name=\"twitter:label1\" content=\"Escrito por\" \/>\n\t<meta name=\"twitter:data1\" content=\"Lui Ochoa\" \/>\n\t<meta name=\"twitter:label2\" content=\"Tiempo de lectura\" \/>\n\t<meta name=\"twitter:data2\" content=\"2 minutos\" \/>\n<script type=\"application\/ld+json\" class=\"yoast-schema-graph\">{\"@context\":\"https:\\\/\\\/schema.org\",\"@graph\":[{\"@type\":\"Article\",\"@id\":\"https:\\\/\\\/www.manabi.gob.ec\\\/index.php\\\/acciones-preventivas-en-el-rio-manta-protegen-a-mas-de-2-mil-personas\\\/#article\",\"isPartOf\":{\"@id\":\"https:\\\/\\\/www.manabi.gob.ec\\\/index.php\\\/acciones-preventivas-en-el-rio-manta-protegen-a-mas-de-2-mil-personas\\\/\"},\"author\":{\"name\":\"Lui Ochoa\",\"@id\":\"https:\\\/\\\/www.manabi.gob.ec\\\/#\\\/schema\\\/person\\\/c4f117989332ad723a6ced5994aa7d7a\"},\"headline\":\"Acciones preventivas en el r\u00edo Manta protegen a m\u00e1s de 2 mil personas\",\"datePublished\":\"2025-11-19T20:21:25+00:00\",\"dateModified\":\"2025-11-19T20:21:49+00:00\",\"mainEntityOfPage\":{\"@id\":\"https:\\\/\\\/www.manabi.gob.ec\\\/index.php\\\/acciones-preventivas-en-el-rio-manta-protegen-a-mas-de-2-mil-personas\\\/\"},\"wordCount\":195,\"image\":{\"@id\":\"https:\\\/\\\/www.manabi.gob.ec\\\/index.php\\\/acciones-preventivas-en-el-rio-manta-protegen-a-mas-de-2-mil-personas\\\/#primaryimage\"},\"thumbnailUrl\":\"https:\\\/\\\/www.manabi.gob.ec\\\/wp-content\\\/uploads\\\/2025\\\/11\\\/WhatsApp-Image-2025-11-19-at-2.07.55-PM-scaled.png\",\"articleSection\":[\"Ambiente\",\"Desarrollo Social\",\"Manta\",\"Noticias\",\"Obra P\u00fablica\",\"Todas\"],\"inLanguage\":\"es\"},{\"@type\":\"WebPage\",\"@id\":\"https:\\\/\\\/www.manabi.gob.ec\\\/index.php\\\/acciones-preventivas-en-el-rio-manta-protegen-a-mas-de-2-mil-personas\\\/\",\"url\":\"https:\\\/\\\/www.manabi.gob.ec\\\/index.php\\\/acciones-preventivas-en-el-rio-manta-protegen-a-mas-de-2-mil-personas\\\/\",\"name\":\"Acciones preventivas en el r\u00edo Manta protegen a m\u00e1s de 2 mil personas - Prefectura de Manab\u00ed\",\"isPartOf\":{\"@id\":\"https:\\\/\\\/www.manabi.gob.ec\\\/#website\"},\"primaryImageOfPage\":{\"@id\":\"https:\\\/\\\/www.manabi.gob.ec\\\/index.php\\\/acciones-preventivas-en-el-rio-manta-protegen-a-mas-de-2-mil-personas\\\/#primaryimage\"},\"image\":{\"@id\":\"https:\\\/\\\/www.manabi.gob.ec\\\/index.php\\\/acciones-preventivas-en-el-rio-manta-protegen-a-mas-de-2-mil-personas\\\/#primaryimage\"},\"thumbnailUrl\":\"https:\\\/\\\/www.manabi.gob.ec\\\/wp-content\\\/uploads\\\/2025\\\/11\\\/WhatsApp-Image-2025-11-19-at-2.07.55-PM-scaled.png\",\"datePublished\":\"2025-11-19T20:21:25+00:00\",\"dateModified\":\"2025-11-19T20:21:49+00:00\",\"author\":{\"@id\":\"https:\\\/\\\/www.manabi.gob.ec\\\/#\\\/schema\\\/person\\\/c4f117989332ad723a6ced5994aa7d7a\"},\"breadcrumb\":{\"@id\":\"https:\\\/\\\/www.manabi.gob.ec\\\/index.php\\\/acciones-preventivas-en-el-rio-manta-protegen-a-mas-de-2-mil-personas\\\/#breadcrumb\"},\"inLanguage\":\"es\",\"potentialAction\":[{\"@type\":\"ReadAction\",\"target\":[\"https:\\\/\\\/www.manabi.gob.ec\\\/index.php\\\/acciones-preventivas-en-el-rio-manta-protegen-a-mas-de-2-mil-personas\\\/\"]}]},{\"@type\":\"ImageObject\",\"inLanguage\":\"es\",\"@id\":\"https:\\\/\\\/www.manabi.gob.ec\\\/index.php\\\/acciones-preventivas-en-el-rio-manta-protegen-a-mas-de-2-mil-personas\\\/#primaryimage\",\"url\":\"https:\\\/\\\/www.manabi.gob.ec\\\/wp-content\\\/uploads\\\/2025\\\/11\\\/WhatsApp-Image-2025-11-19-at-2.07.55-PM-scaled.png\",\"contentUrl\":\"https:\\\/\\\/www.manabi.gob.ec\\\/wp-content\\\/uploads\\\/2025\\\/11\\\/WhatsApp-Image-2025-11-19-at-2.07.55-PM-scaled.png\",\"width\":2142,\"height\":2560},{\"@type\":\"BreadcrumbList\",\"@id\":\"https:\\\/\\\/www.manabi.gob.ec\\\/index.php\\\/acciones-preventivas-en-el-rio-manta-protegen-a-mas-de-2-mil-personas\\\/#breadcrumb\",\"itemListElement\":[{\"@type\":\"ListItem\",\"position\":1,\"name\":\"Portada\",\"item\":\"https:\\\/\\\/www.manabi.gob.ec\\\/\"},{\"@type\":\"ListItem\",\"position\":2,\"name\":\"Acciones preventivas en el r\u00edo Manta protegen a m\u00e1s de 2 mil personas\"}]},{\"@type\":\"WebSite\",\"@id\":\"https:\\\/\\\/www.manabi.gob.ec\\\/#website\",\"url\":\"https:\\\/\\\/www.manabi.gob.ec\\\/\",\"name\":\"Prefectura de Manab\u00ed\",\"description\":\"P\u00e1gina web de la prefectura\",\"potentialAction\":[{\"@type\":\"SearchAction\",\"target\":{\"@type\":\"EntryPoint\",\"urlTemplate\":\"https:\\\/\\\/www.manabi.gob.ec\\\/?s={search_term_string}\"},\"query-input\":{\"@type\":\"PropertyValueSpecification\",\"valueRequired\":true,\"valueName\":\"search_term_string\"}}],\"inLanguage\":\"es\"},{\"@type\":\"Person\",\"@id\":\"https:\\\/\\\/www.manabi.gob.ec\\\/#\\\/schema\\\/person\\\/c4f117989332ad723a6ced5994aa7d7a\",\"name\":\"Lui Ochoa\",\"image\":{\"@type\":\"ImageObject\",\"inLanguage\":\"es\",\"@id\":\"https:\\\/\\\/secure.gravatar.com\\\/avatar\\\/6e8017d0fe69dead8a95864d2eb6e1e1d8bf8e01194ba49cf7b897ff038126ba?s=96&d=mm&r=g\",\"url\":\"https:\\\/\\\/secure.gravatar.com\\\/avatar\\\/6e8017d0fe69dead8a95864d2eb6e1e1d8bf8e01194ba49cf7b897ff038126ba?s=96&d=mm&r=g\",\"contentUrl\":\"https:\\\/\\\/secure.gravatar.com\\\/avatar\\\/6e8017d0fe69dead8a95864d2eb6e1e1d8bf8e01194ba49cf7b897ff038126ba?s=96&d=mm&r=g\",\"caption\":\"Lui Ochoa\"},\"url\":\"https:\\\/\\\/www.manabi.gob.ec\\\/index.php\\\/author\\\/lochoa\\\/\"}]}<\/script>\n<!-- \/ Yoast SEO plugin. -->","yoast_head_json":{"title":"Acciones preventivas en el r\u00edo Manta protegen a m\u00e1s de 2 mil personas - Prefectura de Manab\u00ed","robots":{"index":"index","follow":"follow","max-snippet":"max-snippet:-1","max-image-preview":"max-image-preview:large","max-video-preview":"max-video-preview:-1"},"canonical":"https:\/\/www.manabi.gob.ec\/index.php\/acciones-preventivas-en-el-rio-manta-protegen-a-mas-de-2-mil-personas\/","og_locale":"es_ES","og_type":"article","og_title":"Acciones preventivas en el r\u00edo Manta protegen a m\u00e1s de 2 mil personas - Prefectura de Manab\u00ed","og_description":"Como parte del Plan Prevenci\u00f3n, La Prefectura de Manab\u00ed ejecut\u00f3 obras de mitigaci\u00f3n con limpieza, desazolve y reconformaci\u00f3n de muros en el r\u00edo Manta, en el sector de San Juan, para reducir el riesgo de afectaciones de cara a la pr\u00f3xima temporada invernal. El prefecto, Leonardo Orlando, recorri\u00f3 la zona y constat\u00f3 la intervenci\u00f3n realizada [&hellip;]","og_url":"https:\/\/www.manabi.gob.ec\/index.php\/acciones-preventivas-en-el-rio-manta-protegen-a-mas-de-2-mil-personas\/","og_site_name":"Prefectura de Manab\u00ed","article_published_time":"2025-11-19T20:21:25+00:00","article_modified_time":"2025-11-19T20:21:49+00:00","og_image":[{"width":857,"height":1024,"url":"https:\/\/www.manabi.gob.ec\/wp-content\/uploads\/2025\/11\/WhatsApp-Image-2025-11-19-at-2.07.55-PM-857x1024.png","type":"image\/png"}],"author":"Lui Ochoa","twitter_card":"summary_large_image","twitter_misc":{"Escrito por":"Lui Ochoa","Tiempo de lectura":"2 minutos"},"schema":{"@context":"https:\/\/schema.org","@graph":[{"@type":"Article","@id":"https:\/\/www.manabi.gob.ec\/index.php\/acciones-preventivas-en-el-rio-manta-protegen-a-mas-de-2-mil-personas\/#article","isPartOf":{"@id":"https:\/\/www.manabi.gob.ec\/index.php\/acciones-preventivas-en-el-rio-manta-protegen-a-mas-de-2-mil-personas\/"},"author":{"name":"Lui Ochoa","@id":"https:\/\/www.manabi.gob.ec\/#\/schema\/person\/c4f117989332ad723a6ced5994aa7d7a"},"headline":"Acciones preventivas en el r\u00edo Manta protegen a m\u00e1s de 2 mil personas","datePublished":"2025-11-19T20:21:25+00:00","dateModified":"2025-11-19T20:21:49+00:00","mainEntityOfPage":{"@id":"https:\/\/www.manabi.gob.ec\/index.php\/acciones-preventivas-en-el-rio-manta-protegen-a-mas-de-2-mil-personas\/"},"wordCount":195,"image":{"@id":"https:\/\/www.manabi.gob.ec\/index.php\/acciones-preventivas-en-el-rio-manta-protegen-a-mas-de-2-mil-personas\/#primaryimage"},"thumbnailUrl":"https:\/\/www.manabi.gob.ec\/wp-content\/uploads\/2025\/11\/WhatsApp-Image-2025-11-19-at-2.07.55-PM-scaled.png","articleSection":["Ambiente","Desarrollo Social","Manta","Noticias","Obra P\u00fablica","Todas"],"inLanguage":"es"},{"@type":"WebPage","@id":"https:\/\/www.manabi.gob.ec\/index.php\/acciones-preventivas-en-el-rio-manta-protegen-a-mas-de-2-mil-personas\/","url":"https:\/\/www.manabi.gob.ec\/index.php\/acciones-preventivas-en-el-rio-manta-protegen-a-mas-de-2-mil-personas\/","name":"Acciones preventivas en el r\u00edo Manta protegen a m\u00e1s de 2 mil personas - Prefectura de Manab\u00ed","isPartOf":{"@id":"https:\/\/www.manabi.gob.ec\/#website"},"primaryImageOfPage":{"@id":"https:\/\/www.manabi.gob.ec\/index.php\/acciones-preventivas-en-el-rio-manta-protegen-a-mas-de-2-mil-personas\/#primaryimage"},"image":{"@id":"https:\/\/www.manabi.gob.ec\/index.php\/acciones-preventivas-en-el-rio-manta-protegen-a-mas-de-2-mil-personas\/#primaryimage"},"thumbnailUrl":"https:\/\/www.manabi.gob.ec\/wp-content\/uploads\/2025\/11\/WhatsApp-Image-2025-11-19-at-2.07.55-PM-scaled.png","datePublished":"2025-11-19T20:21:25+00:00","dateModified":"2025-11-19T20:21:49+00:00","author":{"@id":"https:\/\/www.manabi.gob.ec\/#\/schema\/person\/c4f117989332ad723a6ced5994aa7d7a"},"breadcrumb":{"@id":"https:\/\/www.manabi.gob.ec\/index.php\/acciones-preventivas-en-el-rio-manta-protegen-a-mas-de-2-mil-personas\/#breadcrumb"},"inLanguage":"es","potentialAction":[{"@type":"ReadAction","target":["https:\/\/www.manabi.gob.ec\/index.php\/acciones-preventivas-en-el-rio-manta-protegen-a-mas-de-2-mil-personas\/"]}]},{"@type":"ImageObject","inLanguage":"es","@id":"https:\/\/www.manabi.gob.ec\/index.php\/acciones-preventivas-en-el-rio-manta-protegen-a-mas-de-2-mil-personas\/#primaryimage","url":"https:\/\/www.manabi.gob.ec\/wp-content\/uploads\/2025\/11\/WhatsApp-Image-2025-11-19-at-2.07.55-PM-scaled.png","contentUrl":"https:\/\/www.manabi.gob.ec\/wp-content\/uploads\/2025\/11\/WhatsApp-Image-2025-11-19-at-2.07.55-PM-scaled.png","width":2142,"height":2560},{"@type":"BreadcrumbList","@id":"https:\/\/www.manabi.gob.ec\/index.php\/acciones-preventivas-en-el-rio-manta-protegen-a-mas-de-2-mil-personas\/#breadcrumb","itemListElement":[{"@type":"ListItem","position":1,"name":"Portada","item":"https:\/\/www.manabi.gob.ec\/"},{"@type":"ListItem","position":2,"name":"Acciones preventivas en el r\u00edo Manta protegen a m\u00e1s de 2 mil personas"}]},{"@type":"WebSite","@id":"https:\/\/www.manabi.gob.ec\/#website","url":"https:\/\/www.manabi.gob.ec\/","name":"Prefectura de Manab\u00ed","description":"P\u00e1gina web de la prefectura","potentialAction":[{"@type":"SearchAction","target":{"@type":"EntryPoint","urlTemplate":"https:\/\/www.manabi.gob.ec\/?s={search_term_string}"},"query-input":{"@type":"PropertyValueSpecification","valueRequired":true,"valueName":"search_term_string"}}],"inLanguage":"es"},{"@type":"Person","@id":"https:\/\/www.manabi.gob.ec\/#\/schema\/person\/c4f117989332ad723a6ced5994aa7d7a","name":"Lui Ochoa","image":{"@type":"ImageObject","inLanguage":"es","@id":"https:\/\/secure.gravatar.com\/avatar\/6e8017d0fe69dead8a95864d2eb6e1e1d8bf8e01194ba49cf7b897ff038126ba?s=96&d=mm&r=g","url":"https:\/\/secure.gravatar.com\/avatar\/6e8017d0fe69dead8a95864d2eb6e1e1d8bf8e01194ba49cf7b897ff038126ba?s=96&d=mm&r=g","contentUrl":"https:\/\/secure.gravatar.com\/avatar\/6e8017d0fe69dead8a95864d2eb6e1e1d8bf8e01194ba49cf7b897ff038126ba?s=96&d=mm&r=g","caption":"Lui Ochoa"},"url":"https:\/\/www.manabi.gob.ec\/index.php\/author\/lochoa\/"}]}},"jetpack_featured_media_url":"https:\/\/www.manabi.gob.ec\/wp-content\/uploads\/2025\/11\/WhatsApp-Image-2025-11-19-at-2.07.55-PM-scaled.png","_links":{"self":[{"href":"https:\/\/www.manabi.gob.ec\/index.php\/wp-json\/wp\/v2\/posts\/32329","targetHints":{"allow":["GET"]}}],"collection":[{"href":"https:\/\/www.manabi.gob.ec\/index.php\/wp-json\/wp\/v2\/posts"}],"about":[{"href":"https:\/\/www.manabi.gob.ec\/index.php\/wp-json\/wp\/v2\/types\/post"}],"author":[{"embeddable":true,"href":"https:\/\/www.manabi.gob.ec\/index.php\/wp-json\/wp\/v2\/users\/10"}],"replies":[{"embeddable":true,"href":"https:\/\/www.manabi.gob.ec\/index.php\/wp-json\/wp\/v2\/comments?post=32329"}],"version-history":[{"count":1,"href":"https:\/\/www.manabi.gob.ec\/index.php\/wp-json\/wp\/v2\/posts\/32329\/revisions"}],"predecessor-version":[{"id":32331,"href":"https:\/\/www.manabi.gob.ec\/index.php\/wp-json\/wp\/v2\/posts\/32329\/revisions\/32331"}],"wp:featuredmedia":[{"embeddable":true,"href":"https:\/\/www.manabi.gob.ec\/index.php\/wp-json\/wp\/v2\/media\/32330"}],"wp:attachment":[{"href":"https:\/\/www.manabi.gob.ec\/index.php\/wp-json\/wp\/v2\/media?parent=32329"}],"wp:term":[{"taxonomy":"category","embeddable":true,"href":"https:\/\/www.manabi.gob.ec\/index.php\/wp-json\/wp\/v2\/categories?post=32329"},{"taxonomy":"post_tag","embeddable":true,"href":"https:\/\/www.manabi.gob.ec\/index.php\/wp-json\/wp\/v2\/tags?post=32329"}],"curies":[{"name":"wp","href":"https:\/\/api.w.org\/{rel}","templated":true}]}}