{"id":32364,"date":"2025-11-24T15:37:23","date_gmt":"2025-11-24T15:37:23","guid":{"rendered":"https:\/\/www.manabi.gob.ec\/?p=32364"},"modified":"2025-11-24T15:37:24","modified_gmt":"2025-11-24T15:37:24","slug":"apoyamos-las-cirugias-reconstructivas-de-100-ninos-del-proyecto-rostros-felices","status":"publish","type":"post","link":"https:\/\/www.manabi.gob.ec\/index.php\/apoyamos-las-cirugias-reconstructivas-de-100-ninos-del-proyecto-rostros-felices\/","title":{"rendered":"Apoyamos las cirug\u00edas reconstructivas de 100 ni\u00f1os del proyecto \u201cRostros Felices\u201d"},"content":{"rendered":"\n<p>El s\u00e1bado 22 de noviembre, se valoraron a 100 ni\u00f1os, ni\u00f1as y adolescentes con malformaciones cong\u00e9nitas o adquiridas, como parte del proceso previo a cirug\u00edas reconstructivas que se ejecutan mediante el convenio tripartito entre el Rotary Club Portoviejo, la Fundaci\u00f3n Rostros Felices y la Prefectura de Manab\u00ed.<\/p>\n\n\n\n<p>En esta jornada m\u00e9dica particip\u00f3 el prefecto, de Manab\u00ed, Leonardo Orlando, quien destac\u00f3 el valor social del trabajo articulado entre las tres instituciones y reiter\u00f3 el respaldo de la Prefectura para estas acciones.\u201cCada intervenci\u00f3n representa la posibilidad de transformar una vida. Continuaremos fortaleciendo estas alianzas que devuelven esperanza y bienestar a nuestras familias\u201d, se\u00f1al\u00f3<\/p>\n\n\n\n<p>En esta valoraci\u00f3n, los especialistas realizaron evaluaciones integrales para determinar los procedimientos quir\u00fargicos requeridos a los pacientes que ser\u00e1n intervenidos en los pr\u00f3ximos d\u00edas. Tambi\u00e9n se entreg\u00f3 medicamentos, insumos necesarios para las jornadas quir\u00fargicas contempladas en el convenio vigente.<\/p>\n\n\n\n<p>\u201cRostros Felices\u201d, es un proyecto que brinda atenci\u00f3n gratuita a familias en situaci\u00f3n de vulnerabilidad, contribuyendo a mejorar su calidad de vida y garantizando el acceso a servicios de salud altamente especializados.<\/p>\n\n\n\n<p>\u201cPara nosotros esta oportunidad significa alivio y esperanza. No ten\u00edamos los recursos para acceder a una cirug\u00eda as\u00ed, y hoy sentimos que se abre un camino para que mi hijo tenga una vida m\u00e1s plena. Agradezco a la Prefectura y a las instituciones aliadas por pensar en nuestras familias\u201d, expres\u00f3 Erika Mendoza, y agradeci\u00f3 por la atenci\u00f3n brindada a su hijo de 11 meses, quien naci\u00f3 una malformaci\u00f3n cong\u00e9nita que le ha causado dificultades desde su nacimiento.<\/p>\n\n\n\n<p>La jornada se desarroll\u00f3 en el Club Rotario de Portoviejo, donde los menores fueron valorados para acceder a cirug\u00edas reconstructivas programadas, consolidando a Manab\u00ed como un territorio comprometido con la inclusi\u00f3n, la salud y la atenci\u00f3n humana.<\/p>\n","protected":false},"excerpt":{"rendered":"<p>El s\u00e1bado 22 de noviembre, se valoraron a 100 ni\u00f1os, ni\u00f1as y adolescentes con malformaciones cong\u00e9nitas o adquiridas, como parte del proceso previo a cirug\u00edas reconstructivas que se ejecutan mediante el convenio tripartito entre el Rotary Club Portoviejo, la Fundaci\u00f3n Rostros Felices y la Prefectura de Manab\u00ed. En esta jornada m\u00e9dica particip\u00f3 el prefecto, de [&hellip;]<\/p>\n","protected":false},"author":10,"featured_media":32365,"comment_status":"closed","ping_status":"closed","sticky":false,"template":"","format":"standard","meta":{"_joinchat":[],"footnotes":""},"categories":[150,142,92,91],"tags":[],"class_list":["post-32364","post","type-post","status-publish","format-standard","has-post-thumbnail","hentry","category-ambiente","category-desarrollo-social","category-noticias-manabi","category-todas"],"yoast_head":"<!-- This site is optimized with the Yoast SEO plugin v27.4 - https:\/\/yoast.com\/product\/yoast-seo-wordpress\/ -->\n<title>Apoyamos las cirug\u00edas reconstructivas de 100 ni\u00f1os del proyecto \u201cRostros Felices\u201d - Prefectura de Manab\u00ed<\/title>\n<meta name=\"robots\" content=\"index, follow, max-snippet:-1, max-image-preview:large, max-video-preview:-1\" \/>\n<link rel=\"canonical\" href=\"https:\/\/www.manabi.gob.ec\/index.php\/apoyamos-las-cirugias-reconstructivas-de-100-ninos-del-proyecto-rostros-felices\/\" \/>\n<meta property=\"og:locale\" content=\"es_ES\" \/>\n<meta property=\"og:type\" content=\"article\" \/>\n<meta property=\"og:title\" content=\"Apoyamos las cirug\u00edas reconstructivas de 100 ni\u00f1os del proyecto \u201cRostros Felices\u201d - Prefectura de Manab\u00ed\" \/>\n<meta property=\"og:description\" content=\"El s\u00e1bado 22 de noviembre, se valoraron a 100 ni\u00f1os, ni\u00f1as y adolescentes con malformaciones cong\u00e9nitas o adquiridas, como parte del proceso previo a cirug\u00edas reconstructivas que se ejecutan mediante el convenio tripartito entre el Rotary Club Portoviejo, la Fundaci\u00f3n Rostros Felices y la Prefectura de Manab\u00ed. En esta jornada m\u00e9dica particip\u00f3 el prefecto, de [&hellip;]\" \/>\n<meta property=\"og:url\" content=\"https:\/\/www.manabi.gob.ec\/index.php\/apoyamos-las-cirugias-reconstructivas-de-100-ninos-del-proyecto-rostros-felices\/\" \/>\n<meta property=\"og:site_name\" content=\"Prefectura de Manab\u00ed\" \/>\n<meta property=\"article:published_time\" content=\"2025-11-24T15:37:23+00:00\" \/>\n<meta property=\"article:modified_time\" content=\"2025-11-24T15:37:24+00:00\" \/>\n<meta property=\"og:image\" content=\"https:\/\/www.manabi.gob.ec\/wp-content\/uploads\/2025\/11\/WhatsApp-Image-2025-11-24-at-8.53.55-AM-scaled.jpeg\" \/>\n\t<meta property=\"og:image:width\" content=\"2560\" \/>\n\t<meta property=\"og:image:height\" content=\"1706\" \/>\n\t<meta property=\"og:image:type\" content=\"image\/jpeg\" \/>\n<meta name=\"author\" content=\"Lui Ochoa\" \/>\n<meta name=\"twitter:card\" content=\"summary_large_image\" \/>\n<meta name=\"twitter:label1\" content=\"Escrito por\" \/>\n\t<meta name=\"twitter:data1\" content=\"Lui Ochoa\" \/>\n\t<meta name=\"twitter:label2\" content=\"Tiempo de lectura\" \/>\n\t<meta name=\"twitter:data2\" content=\"2 minutos\" \/>\n<script type=\"application\/ld+json\" class=\"yoast-schema-graph\">{\"@context\":\"https:\\\/\\\/schema.org\",\"@graph\":[{\"@type\":\"Article\",\"@id\":\"https:\\\/\\\/www.manabi.gob.ec\\\/index.php\\\/apoyamos-las-cirugias-reconstructivas-de-100-ninos-del-proyecto-rostros-felices\\\/#article\",\"isPartOf\":{\"@id\":\"https:\\\/\\\/www.manabi.gob.ec\\\/index.php\\\/apoyamos-las-cirugias-reconstructivas-de-100-ninos-del-proyecto-rostros-felices\\\/\"},\"author\":{\"name\":\"Lui Ochoa\",\"@id\":\"https:\\\/\\\/www.manabi.gob.ec\\\/#\\\/schema\\\/person\\\/c4f117989332ad723a6ced5994aa7d7a\"},\"headline\":\"Apoyamos las cirug\u00edas reconstructivas de 100 ni\u00f1os del proyecto \u201cRostros Felices\u201d\",\"datePublished\":\"2025-11-24T15:37:23+00:00\",\"dateModified\":\"2025-11-24T15:37:24+00:00\",\"mainEntityOfPage\":{\"@id\":\"https:\\\/\\\/www.manabi.gob.ec\\\/index.php\\\/apoyamos-las-cirugias-reconstructivas-de-100-ninos-del-proyecto-rostros-felices\\\/\"},\"wordCount\":323,\"image\":{\"@id\":\"https:\\\/\\\/www.manabi.gob.ec\\\/index.php\\\/apoyamos-las-cirugias-reconstructivas-de-100-ninos-del-proyecto-rostros-felices\\\/#primaryimage\"},\"thumbnailUrl\":\"https:\\\/\\\/www.manabi.gob.ec\\\/wp-content\\\/uploads\\\/2025\\\/11\\\/WhatsApp-Image-2025-11-24-at-8.53.55-AM-scaled.jpeg\",\"articleSection\":[\"Ambiente\",\"Desarrollo Social\",\"Noticias\",\"Todas\"],\"inLanguage\":\"es\"},{\"@type\":\"WebPage\",\"@id\":\"https:\\\/\\\/www.manabi.gob.ec\\\/index.php\\\/apoyamos-las-cirugias-reconstructivas-de-100-ninos-del-proyecto-rostros-felices\\\/\",\"url\":\"https:\\\/\\\/www.manabi.gob.ec\\\/index.php\\\/apoyamos-las-cirugias-reconstructivas-de-100-ninos-del-proyecto-rostros-felices\\\/\",\"name\":\"Apoyamos las cirug\u00edas reconstructivas de 100 ni\u00f1os del proyecto \u201cRostros Felices\u201d - Prefectura de Manab\u00ed\",\"isPartOf\":{\"@id\":\"https:\\\/\\\/www.manabi.gob.ec\\\/#website\"},\"primaryImageOfPage\":{\"@id\":\"https:\\\/\\\/www.manabi.gob.ec\\\/index.php\\\/apoyamos-las-cirugias-reconstructivas-de-100-ninos-del-proyecto-rostros-felices\\\/#primaryimage\"},\"image\":{\"@id\":\"https:\\\/\\\/www.manabi.gob.ec\\\/index.php\\\/apoyamos-las-cirugias-reconstructivas-de-100-ninos-del-proyecto-rostros-felices\\\/#primaryimage\"},\"thumbnailUrl\":\"https:\\\/\\\/www.manabi.gob.ec\\\/wp-content\\\/uploads\\\/2025\\\/11\\\/WhatsApp-Image-2025-11-24-at-8.53.55-AM-scaled.jpeg\",\"datePublished\":\"2025-11-24T15:37:23+00:00\",\"dateModified\":\"2025-11-24T15:37:24+00:00\",\"author\":{\"@id\":\"https:\\\/\\\/www.manabi.gob.ec\\\/#\\\/schema\\\/person\\\/c4f117989332ad723a6ced5994aa7d7a\"},\"breadcrumb\":{\"@id\":\"https:\\\/\\\/www.manabi.gob.ec\\\/index.php\\\/apoyamos-las-cirugias-reconstructivas-de-100-ninos-del-proyecto-rostros-felices\\\/#breadcrumb\"},\"inLanguage\":\"es\",\"potentialAction\":[{\"@type\":\"ReadAction\",\"target\":[\"https:\\\/\\\/www.manabi.gob.ec\\\/index.php\\\/apoyamos-las-cirugias-reconstructivas-de-100-ninos-del-proyecto-rostros-felices\\\/\"]}]},{\"@type\":\"ImageObject\",\"inLanguage\":\"es\",\"@id\":\"https:\\\/\\\/www.manabi.gob.ec\\\/index.php\\\/apoyamos-las-cirugias-reconstructivas-de-100-ninos-del-proyecto-rostros-felices\\\/#primaryimage\",\"url\":\"https:\\\/\\\/www.manabi.gob.ec\\\/wp-content\\\/uploads\\\/2025\\\/11\\\/WhatsApp-Image-2025-11-24-at-8.53.55-AM-scaled.jpeg\",\"contentUrl\":\"https:\\\/\\\/www.manabi.gob.ec\\\/wp-content\\\/uploads\\\/2025\\\/11\\\/WhatsApp-Image-2025-11-24-at-8.53.55-AM-scaled.jpeg\",\"width\":2560,\"height\":1706},{\"@type\":\"BreadcrumbList\",\"@id\":\"https:\\\/\\\/www.manabi.gob.ec\\\/index.php\\\/apoyamos-las-cirugias-reconstructivas-de-100-ninos-del-proyecto-rostros-felices\\\/#breadcrumb\",\"itemListElement\":[{\"@type\":\"ListItem\",\"position\":1,\"name\":\"Portada\",\"item\":\"https:\\\/\\\/www.manabi.gob.ec\\\/\"},{\"@type\":\"ListItem\",\"position\":2,\"name\":\"Apoyamos las cirug\u00edas reconstructivas de 100 ni\u00f1os del proyecto \u201cRostros Felices\u201d\"}]},{\"@type\":\"WebSite\",\"@id\":\"https:\\\/\\\/www.manabi.gob.ec\\\/#website\",\"url\":\"https:\\\/\\\/www.manabi.gob.ec\\\/\",\"name\":\"Prefectura de Manab\u00ed\",\"description\":\"P\u00e1gina web de la prefectura\",\"potentialAction\":[{\"@type\":\"SearchAction\",\"target\":{\"@type\":\"EntryPoint\",\"urlTemplate\":\"https:\\\/\\\/www.manabi.gob.ec\\\/?s={search_term_string}\"},\"query-input\":{\"@type\":\"PropertyValueSpecification\",\"valueRequired\":true,\"valueName\":\"search_term_string\"}}],\"inLanguage\":\"es\"},{\"@type\":\"Person\",\"@id\":\"https:\\\/\\\/www.manabi.gob.ec\\\/#\\\/schema\\\/person\\\/c4f117989332ad723a6ced5994aa7d7a\",\"name\":\"Lui Ochoa\",\"image\":{\"@type\":\"ImageObject\",\"inLanguage\":\"es\",\"@id\":\"https:\\\/\\\/secure.gravatar.com\\\/avatar\\\/6e8017d0fe69dead8a95864d2eb6e1e1d8bf8e01194ba49cf7b897ff038126ba?s=96&d=mm&r=g\",\"url\":\"https:\\\/\\\/secure.gravatar.com\\\/avatar\\\/6e8017d0fe69dead8a95864d2eb6e1e1d8bf8e01194ba49cf7b897ff038126ba?s=96&d=mm&r=g\",\"contentUrl\":\"https:\\\/\\\/secure.gravatar.com\\\/avatar\\\/6e8017d0fe69dead8a95864d2eb6e1e1d8bf8e01194ba49cf7b897ff038126ba?s=96&d=mm&r=g\",\"caption\":\"Lui Ochoa\"},\"url\":\"https:\\\/\\\/www.manabi.gob.ec\\\/index.php\\\/author\\\/lochoa\\\/\"}]}<\/script>\n<!-- \/ Yoast SEO plugin. -->","yoast_head_json":{"title":"Apoyamos las cirug\u00edas reconstructivas de 100 ni\u00f1os del proyecto \u201cRostros Felices\u201d - Prefectura de Manab\u00ed","robots":{"index":"index","follow":"follow","max-snippet":"max-snippet:-1","max-image-preview":"max-image-preview:large","max-video-preview":"max-video-preview:-1"},"canonical":"https:\/\/www.manabi.gob.ec\/index.php\/apoyamos-las-cirugias-reconstructivas-de-100-ninos-del-proyecto-rostros-felices\/","og_locale":"es_ES","og_type":"article","og_title":"Apoyamos las cirug\u00edas reconstructivas de 100 ni\u00f1os del proyecto \u201cRostros Felices\u201d - Prefectura de Manab\u00ed","og_description":"El s\u00e1bado 22 de noviembre, se valoraron a 100 ni\u00f1os, ni\u00f1as y adolescentes con malformaciones cong\u00e9nitas o adquiridas, como parte del proceso previo a cirug\u00edas reconstructivas que se ejecutan mediante el convenio tripartito entre el Rotary Club Portoviejo, la Fundaci\u00f3n Rostros Felices y la Prefectura de Manab\u00ed. En esta jornada m\u00e9dica particip\u00f3 el prefecto, de [&hellip;]","og_url":"https:\/\/www.manabi.gob.ec\/index.php\/apoyamos-las-cirugias-reconstructivas-de-100-ninos-del-proyecto-rostros-felices\/","og_site_name":"Prefectura de Manab\u00ed","article_published_time":"2025-11-24T15:37:23+00:00","article_modified_time":"2025-11-24T15:37:24+00:00","og_image":[{"width":2560,"height":1706,"url":"https:\/\/www.manabi.gob.ec\/wp-content\/uploads\/2025\/11\/WhatsApp-Image-2025-11-24-at-8.53.55-AM-scaled.jpeg","type":"image\/jpeg"}],"author":"Lui Ochoa","twitter_card":"summary_large_image","twitter_misc":{"Escrito por":"Lui Ochoa","Tiempo de lectura":"2 minutos"},"schema":{"@context":"https:\/\/schema.org","@graph":[{"@type":"Article","@id":"https:\/\/www.manabi.gob.ec\/index.php\/apoyamos-las-cirugias-reconstructivas-de-100-ninos-del-proyecto-rostros-felices\/#article","isPartOf":{"@id":"https:\/\/www.manabi.gob.ec\/index.php\/apoyamos-las-cirugias-reconstructivas-de-100-ninos-del-proyecto-rostros-felices\/"},"author":{"name":"Lui Ochoa","@id":"https:\/\/www.manabi.gob.ec\/#\/schema\/person\/c4f117989332ad723a6ced5994aa7d7a"},"headline":"Apoyamos las cirug\u00edas reconstructivas de 100 ni\u00f1os del proyecto \u201cRostros Felices\u201d","datePublished":"2025-11-24T15:37:23+00:00","dateModified":"2025-11-24T15:37:24+00:00","mainEntityOfPage":{"@id":"https:\/\/www.manabi.gob.ec\/index.php\/apoyamos-las-cirugias-reconstructivas-de-100-ninos-del-proyecto-rostros-felices\/"},"wordCount":323,"image":{"@id":"https:\/\/www.manabi.gob.ec\/index.php\/apoyamos-las-cirugias-reconstructivas-de-100-ninos-del-proyecto-rostros-felices\/#primaryimage"},"thumbnailUrl":"https:\/\/www.manabi.gob.ec\/wp-content\/uploads\/2025\/11\/WhatsApp-Image-2025-11-24-at-8.53.55-AM-scaled.jpeg","articleSection":["Ambiente","Desarrollo Social","Noticias","Todas"],"inLanguage":"es"},{"@type":"WebPage","@id":"https:\/\/www.manabi.gob.ec\/index.php\/apoyamos-las-cirugias-reconstructivas-de-100-ninos-del-proyecto-rostros-felices\/","url":"https:\/\/www.manabi.gob.ec\/index.php\/apoyamos-las-cirugias-reconstructivas-de-100-ninos-del-proyecto-rostros-felices\/","name":"Apoyamos las cirug\u00edas reconstructivas de 100 ni\u00f1os del proyecto \u201cRostros Felices\u201d - Prefectura de Manab\u00ed","isPartOf":{"@id":"https:\/\/www.manabi.gob.ec\/#website"},"primaryImageOfPage":{"@id":"https:\/\/www.manabi.gob.ec\/index.php\/apoyamos-las-cirugias-reconstructivas-de-100-ninos-del-proyecto-rostros-felices\/#primaryimage"},"image":{"@id":"https:\/\/www.manabi.gob.ec\/index.php\/apoyamos-las-cirugias-reconstructivas-de-100-ninos-del-proyecto-rostros-felices\/#primaryimage"},"thumbnailUrl":"https:\/\/www.manabi.gob.ec\/wp-content\/uploads\/2025\/11\/WhatsApp-Image-2025-11-24-at-8.53.55-AM-scaled.jpeg","datePublished":"2025-11-24T15:37:23+00:00","dateModified":"2025-11-24T15:37:24+00:00","author":{"@id":"https:\/\/www.manabi.gob.ec\/#\/schema\/person\/c4f117989332ad723a6ced5994aa7d7a"},"breadcrumb":{"@id":"https:\/\/www.manabi.gob.ec\/index.php\/apoyamos-las-cirugias-reconstructivas-de-100-ninos-del-proyecto-rostros-felices\/#breadcrumb"},"inLanguage":"es","potentialAction":[{"@type":"ReadAction","target":["https:\/\/www.manabi.gob.ec\/index.php\/apoyamos-las-cirugias-reconstructivas-de-100-ninos-del-proyecto-rostros-felices\/"]}]},{"@type":"ImageObject","inLanguage":"es","@id":"https:\/\/www.manabi.gob.ec\/index.php\/apoyamos-las-cirugias-reconstructivas-de-100-ninos-del-proyecto-rostros-felices\/#primaryimage","url":"https:\/\/www.manabi.gob.ec\/wp-content\/uploads\/2025\/11\/WhatsApp-Image-2025-11-24-at-8.53.55-AM-scaled.jpeg","contentUrl":"https:\/\/www.manabi.gob.ec\/wp-content\/uploads\/2025\/11\/WhatsApp-Image-2025-11-24-at-8.53.55-AM-scaled.jpeg","width":2560,"height":1706},{"@type":"BreadcrumbList","@id":"https:\/\/www.manabi.gob.ec\/index.php\/apoyamos-las-cirugias-reconstructivas-de-100-ninos-del-proyecto-rostros-felices\/#breadcrumb","itemListElement":[{"@type":"ListItem","position":1,"name":"Portada","item":"https:\/\/www.manabi.gob.ec\/"},{"@type":"ListItem","position":2,"name":"Apoyamos las cirug\u00edas reconstructivas de 100 ni\u00f1os del proyecto \u201cRostros Felices\u201d"}]},{"@type":"WebSite","@id":"https:\/\/www.manabi.gob.ec\/#website","url":"https:\/\/www.manabi.gob.ec\/","name":"Prefectura de Manab\u00ed","description":"P\u00e1gina web de la prefectura","potentialAction":[{"@type":"SearchAction","target":{"@type":"EntryPoint","urlTemplate":"https:\/\/www.manabi.gob.ec\/?s={search_term_string}"},"query-input":{"@type":"PropertyValueSpecification","valueRequired":true,"valueName":"search_term_string"}}],"inLanguage":"es"},{"@type":"Person","@id":"https:\/\/www.manabi.gob.ec\/#\/schema\/person\/c4f117989332ad723a6ced5994aa7d7a","name":"Lui Ochoa","image":{"@type":"ImageObject","inLanguage":"es","@id":"https:\/\/secure.gravatar.com\/avatar\/6e8017d0fe69dead8a95864d2eb6e1e1d8bf8e01194ba49cf7b897ff038126ba?s=96&d=mm&r=g","url":"https:\/\/secure.gravatar.com\/avatar\/6e8017d0fe69dead8a95864d2eb6e1e1d8bf8e01194ba49cf7b897ff038126ba?s=96&d=mm&r=g","contentUrl":"https:\/\/secure.gravatar.com\/avatar\/6e8017d0fe69dead8a95864d2eb6e1e1d8bf8e01194ba49cf7b897ff038126ba?s=96&d=mm&r=g","caption":"Lui Ochoa"},"url":"https:\/\/www.manabi.gob.ec\/index.php\/author\/lochoa\/"}]}},"jetpack_featured_media_url":"https:\/\/www.manabi.gob.ec\/wp-content\/uploads\/2025\/11\/WhatsApp-Image-2025-11-24-at-8.53.55-AM-scaled.jpeg","_links":{"self":[{"href":"https:\/\/www.manabi.gob.ec\/index.php\/wp-json\/wp\/v2\/posts\/32364","targetHints":{"allow":["GET"]}}],"collection":[{"href":"https:\/\/www.manabi.gob.ec\/index.php\/wp-json\/wp\/v2\/posts"}],"about":[{"href":"https:\/\/www.manabi.gob.ec\/index.php\/wp-json\/wp\/v2\/types\/post"}],"author":[{"embeddable":true,"href":"https:\/\/www.manabi.gob.ec\/index.php\/wp-json\/wp\/v2\/users\/10"}],"replies":[{"embeddable":true,"href":"https:\/\/www.manabi.gob.ec\/index.php\/wp-json\/wp\/v2\/comments?post=32364"}],"version-history":[{"count":1,"href":"https:\/\/www.manabi.gob.ec\/index.php\/wp-json\/wp\/v2\/posts\/32364\/revisions"}],"predecessor-version":[{"id":32366,"href":"https:\/\/www.manabi.gob.ec\/index.php\/wp-json\/wp\/v2\/posts\/32364\/revisions\/32366"}],"wp:featuredmedia":[{"embeddable":true,"href":"https:\/\/www.manabi.gob.ec\/index.php\/wp-json\/wp\/v2\/media\/32365"}],"wp:attachment":[{"href":"https:\/\/www.manabi.gob.ec\/index.php\/wp-json\/wp\/v2\/media?parent=32364"}],"wp:term":[{"taxonomy":"category","embeddable":true,"href":"https:\/\/www.manabi.gob.ec\/index.php\/wp-json\/wp\/v2\/categories?post=32364"},{"taxonomy":"post_tag","embeddable":true,"href":"https:\/\/www.manabi.gob.ec\/index.php\/wp-json\/wp\/v2\/tags?post=32364"}],"curies":[{"name":"wp","href":"https:\/\/api.w.org\/{rel}","templated":true}]}}