{"id":32384,"date":"2025-11-26T15:14:51","date_gmt":"2025-11-26T15:14:51","guid":{"rendered":"https:\/\/www.manabi.gob.ec\/?p=32384"},"modified":"2025-11-26T18:01:53","modified_gmt":"2025-11-26T18:01:53","slug":"seguimos-uniendo-la-ruralidad-via-pemiche-tiene-un-72-de-avance","status":"publish","type":"post","link":"https:\/\/www.manabi.gob.ec\/index.php\/seguimos-uniendo-la-ruralidad-via-pemiche-tiene-un-72-de-avance\/","title":{"rendered":"\u00a1Seguimos uniendo la ruralidad! V\u00eda Peminche tiene un 72% de avance"},"content":{"rendered":"\n<p>En pocos d\u00edas se terminar\u00e1n los trabajos de mejoramiento de la v\u00eda Peminche \u2013 Peminche Adentro, lo que mejorar\u00e1 la movilidad y la conectividad de quienes viven en este sector del cant\u00f3n Santa Ana. Esta obra presenta el 72% de avance.<\/p>\n\n\n\n<p>El 26 de noviembre, estos trabajos fueron inspeccionados por el prefecto de Manab\u00ed, Leonardo Orlando, quien junto equipos t\u00e9cnicos Manab\u00ed Vial EP y de la Prefecturas, ejecutores de la obra, recorri\u00f3 la v\u00eda y constat\u00f3 el avance de la obra.<\/p>\n\n\n\n<p>La intervenci\u00f3n comprende 2,9 kil\u00f3metros de reconformaci\u00f3n e imprimaci\u00f3n, fases previas a la colocaci\u00f3n del Doble Tratamiento Superficial Bituminoso (DTSB)<\/p>\n\n\n\n<p>Orlando tambi\u00e9n supervis\u00f3 los trabajos de limpieza y desazolve del canal La Mocorita, una acci\u00f3n incluida en el Plan de Prevenci\u00f3n. Este canal desemboca en el r\u00edo Grande y, en este tramo, se intervendr\u00e1n 400 metros lineales para reducir riesgos y proteger a las familias ante la temporada invernal.<\/p>\n\n\n\n<p>El prefecto destac\u00f3 que cada una de estas acciones responde a una planificaci\u00f3n integral orientada a fortalecer la infraestructura vial y a preparar al territorio frente a posibles emergencias, priorizando siempre el bienestar de la ciudadan\u00eda<\/p>\n","protected":false},"excerpt":{"rendered":"<p>En pocos d\u00edas se terminar\u00e1n los trabajos de mejoramiento de la v\u00eda Peminche \u2013 Peminche Adentro, lo que mejorar\u00e1 la movilidad y la conectividad de quienes viven en este sector del cant\u00f3n Santa Ana. Esta obra presenta el 72% de avance. El 26 de noviembre, estos trabajos fueron inspeccionados por el prefecto de Manab\u00ed, Leonardo [&hellip;]<\/p>\n","protected":false},"author":10,"featured_media":32385,"comment_status":"closed","ping_status":"closed","sticky":false,"template":"","format":"standard","meta":{"_joinchat":[],"footnotes":""},"categories":[150,343,142,92,181,107,91],"tags":[],"class_list":["post-32384","post","type-post","status-publish","format-standard","has-post-thumbnail","hentry","category-ambiente","category-bicentenario","category-desarrollo-social","category-noticias-manabi","category-obra-publica","category-santa-ana","category-todas"],"yoast_head":"<!-- This site is optimized with the Yoast SEO plugin v27.4 - https:\/\/yoast.com\/product\/yoast-seo-wordpress\/ -->\n<title>\u00a1Seguimos uniendo la ruralidad! V\u00eda Peminche tiene un 72% de avance - Prefectura de Manab\u00ed<\/title>\n<meta name=\"robots\" content=\"index, follow, max-snippet:-1, max-image-preview:large, max-video-preview:-1\" \/>\n<link rel=\"canonical\" href=\"https:\/\/www.manabi.gob.ec\/index.php\/seguimos-uniendo-la-ruralidad-via-pemiche-tiene-un-72-de-avance\/\" \/>\n<meta property=\"og:locale\" content=\"es_ES\" \/>\n<meta property=\"og:type\" content=\"article\" \/>\n<meta property=\"og:title\" content=\"\u00a1Seguimos uniendo la ruralidad! V\u00eda Peminche tiene un 72% de avance - Prefectura de Manab\u00ed\" \/>\n<meta property=\"og:description\" content=\"En pocos d\u00edas se terminar\u00e1n los trabajos de mejoramiento de la v\u00eda Peminche \u2013 Peminche Adentro, lo que mejorar\u00e1 la movilidad y la conectividad de quienes viven en este sector del cant\u00f3n Santa Ana. Esta obra presenta el 72% de avance. El 26 de noviembre, estos trabajos fueron inspeccionados por el prefecto de Manab\u00ed, Leonardo [&hellip;]\" \/>\n<meta property=\"og:url\" content=\"https:\/\/www.manabi.gob.ec\/index.php\/seguimos-uniendo-la-ruralidad-via-pemiche-tiene-un-72-de-avance\/\" \/>\n<meta property=\"og:site_name\" content=\"Prefectura de Manab\u00ed\" \/>\n<meta property=\"article:published_time\" content=\"2025-11-26T15:14:51+00:00\" \/>\n<meta property=\"article:modified_time\" content=\"2025-11-26T18:01:53+00:00\" \/>\n<meta property=\"og:image\" content=\"https:\/\/www.manabi.gob.ec\/wp-content\/uploads\/2025\/11\/589642793_1308572997973633_852891175905881443_n.jpg\" \/>\n\t<meta property=\"og:image:width\" content=\"2048\" \/>\n\t<meta property=\"og:image:height\" content=\"1365\" \/>\n\t<meta property=\"og:image:type\" content=\"image\/jpeg\" \/>\n<meta name=\"author\" content=\"Lui Ochoa\" \/>\n<meta name=\"twitter:card\" content=\"summary_large_image\" \/>\n<meta name=\"twitter:label1\" content=\"Escrito por\" \/>\n\t<meta name=\"twitter:data1\" content=\"Lui Ochoa\" \/>\n\t<meta name=\"twitter:label2\" content=\"Tiempo de lectura\" \/>\n\t<meta name=\"twitter:data2\" content=\"2 minutos\" \/>\n<script type=\"application\/ld+json\" class=\"yoast-schema-graph\">{\"@context\":\"https:\\\/\\\/schema.org\",\"@graph\":[{\"@type\":\"Article\",\"@id\":\"https:\\\/\\\/www.manabi.gob.ec\\\/index.php\\\/seguimos-uniendo-la-ruralidad-via-pemiche-tiene-un-72-de-avance\\\/#article\",\"isPartOf\":{\"@id\":\"https:\\\/\\\/www.manabi.gob.ec\\\/index.php\\\/seguimos-uniendo-la-ruralidad-via-pemiche-tiene-un-72-de-avance\\\/\"},\"author\":{\"name\":\"Lui Ochoa\",\"@id\":\"https:\\\/\\\/www.manabi.gob.ec\\\/#\\\/schema\\\/person\\\/c4f117989332ad723a6ced5994aa7d7a\"},\"headline\":\"\u00a1Seguimos uniendo la ruralidad! V\u00eda Peminche tiene un 72% de avance\",\"datePublished\":\"2025-11-26T15:14:51+00:00\",\"dateModified\":\"2025-11-26T18:01:53+00:00\",\"mainEntityOfPage\":{\"@id\":\"https:\\\/\\\/www.manabi.gob.ec\\\/index.php\\\/seguimos-uniendo-la-ruralidad-via-pemiche-tiene-un-72-de-avance\\\/\"},\"wordCount\":210,\"image\":{\"@id\":\"https:\\\/\\\/www.manabi.gob.ec\\\/index.php\\\/seguimos-uniendo-la-ruralidad-via-pemiche-tiene-un-72-de-avance\\\/#primaryimage\"},\"thumbnailUrl\":\"https:\\\/\\\/www.manabi.gob.ec\\\/wp-content\\\/uploads\\\/2025\\\/11\\\/589642793_1308572997973633_852891175905881443_n.jpg\",\"articleSection\":[\"Ambiente\",\"bicentenario\",\"Desarrollo Social\",\"Noticias\",\"Obra P\u00fablica\",\"Santa ana\",\"Todas\"],\"inLanguage\":\"es\"},{\"@type\":\"WebPage\",\"@id\":\"https:\\\/\\\/www.manabi.gob.ec\\\/index.php\\\/seguimos-uniendo-la-ruralidad-via-pemiche-tiene-un-72-de-avance\\\/\",\"url\":\"https:\\\/\\\/www.manabi.gob.ec\\\/index.php\\\/seguimos-uniendo-la-ruralidad-via-pemiche-tiene-un-72-de-avance\\\/\",\"name\":\"\u00a1Seguimos uniendo la ruralidad! V\u00eda Peminche tiene un 72% de avance - Prefectura de Manab\u00ed\",\"isPartOf\":{\"@id\":\"https:\\\/\\\/www.manabi.gob.ec\\\/#website\"},\"primaryImageOfPage\":{\"@id\":\"https:\\\/\\\/www.manabi.gob.ec\\\/index.php\\\/seguimos-uniendo-la-ruralidad-via-pemiche-tiene-un-72-de-avance\\\/#primaryimage\"},\"image\":{\"@id\":\"https:\\\/\\\/www.manabi.gob.ec\\\/index.php\\\/seguimos-uniendo-la-ruralidad-via-pemiche-tiene-un-72-de-avance\\\/#primaryimage\"},\"thumbnailUrl\":\"https:\\\/\\\/www.manabi.gob.ec\\\/wp-content\\\/uploads\\\/2025\\\/11\\\/589642793_1308572997973633_852891175905881443_n.jpg\",\"datePublished\":\"2025-11-26T15:14:51+00:00\",\"dateModified\":\"2025-11-26T18:01:53+00:00\",\"author\":{\"@id\":\"https:\\\/\\\/www.manabi.gob.ec\\\/#\\\/schema\\\/person\\\/c4f117989332ad723a6ced5994aa7d7a\"},\"breadcrumb\":{\"@id\":\"https:\\\/\\\/www.manabi.gob.ec\\\/index.php\\\/seguimos-uniendo-la-ruralidad-via-pemiche-tiene-un-72-de-avance\\\/#breadcrumb\"},\"inLanguage\":\"es\",\"potentialAction\":[{\"@type\":\"ReadAction\",\"target\":[\"https:\\\/\\\/www.manabi.gob.ec\\\/index.php\\\/seguimos-uniendo-la-ruralidad-via-pemiche-tiene-un-72-de-avance\\\/\"]}]},{\"@type\":\"ImageObject\",\"inLanguage\":\"es\",\"@id\":\"https:\\\/\\\/www.manabi.gob.ec\\\/index.php\\\/seguimos-uniendo-la-ruralidad-via-pemiche-tiene-un-72-de-avance\\\/#primaryimage\",\"url\":\"https:\\\/\\\/www.manabi.gob.ec\\\/wp-content\\\/uploads\\\/2025\\\/11\\\/589642793_1308572997973633_852891175905881443_n.jpg\",\"contentUrl\":\"https:\\\/\\\/www.manabi.gob.ec\\\/wp-content\\\/uploads\\\/2025\\\/11\\\/589642793_1308572997973633_852891175905881443_n.jpg\",\"width\":2048,\"height\":1365},{\"@type\":\"BreadcrumbList\",\"@id\":\"https:\\\/\\\/www.manabi.gob.ec\\\/index.php\\\/seguimos-uniendo-la-ruralidad-via-pemiche-tiene-un-72-de-avance\\\/#breadcrumb\",\"itemListElement\":[{\"@type\":\"ListItem\",\"position\":1,\"name\":\"Portada\",\"item\":\"https:\\\/\\\/www.manabi.gob.ec\\\/\"},{\"@type\":\"ListItem\",\"position\":2,\"name\":\"\u00a1Seguimos uniendo la ruralidad! V\u00eda Peminche tiene un 72% de avance\"}]},{\"@type\":\"WebSite\",\"@id\":\"https:\\\/\\\/www.manabi.gob.ec\\\/#website\",\"url\":\"https:\\\/\\\/www.manabi.gob.ec\\\/\",\"name\":\"Prefectura de Manab\u00ed\",\"description\":\"P\u00e1gina web de la prefectura\",\"potentialAction\":[{\"@type\":\"SearchAction\",\"target\":{\"@type\":\"EntryPoint\",\"urlTemplate\":\"https:\\\/\\\/www.manabi.gob.ec\\\/?s={search_term_string}\"},\"query-input\":{\"@type\":\"PropertyValueSpecification\",\"valueRequired\":true,\"valueName\":\"search_term_string\"}}],\"inLanguage\":\"es\"},{\"@type\":\"Person\",\"@id\":\"https:\\\/\\\/www.manabi.gob.ec\\\/#\\\/schema\\\/person\\\/c4f117989332ad723a6ced5994aa7d7a\",\"name\":\"Lui Ochoa\",\"image\":{\"@type\":\"ImageObject\",\"inLanguage\":\"es\",\"@id\":\"https:\\\/\\\/secure.gravatar.com\\\/avatar\\\/6e8017d0fe69dead8a95864d2eb6e1e1d8bf8e01194ba49cf7b897ff038126ba?s=96&d=mm&r=g\",\"url\":\"https:\\\/\\\/secure.gravatar.com\\\/avatar\\\/6e8017d0fe69dead8a95864d2eb6e1e1d8bf8e01194ba49cf7b897ff038126ba?s=96&d=mm&r=g\",\"contentUrl\":\"https:\\\/\\\/secure.gravatar.com\\\/avatar\\\/6e8017d0fe69dead8a95864d2eb6e1e1d8bf8e01194ba49cf7b897ff038126ba?s=96&d=mm&r=g\",\"caption\":\"Lui Ochoa\"},\"url\":\"https:\\\/\\\/www.manabi.gob.ec\\\/index.php\\\/author\\\/lochoa\\\/\"}]}<\/script>\n<!-- \/ Yoast SEO plugin. -->","yoast_head_json":{"title":"\u00a1Seguimos uniendo la ruralidad! V\u00eda Peminche tiene un 72% de avance - Prefectura de Manab\u00ed","robots":{"index":"index","follow":"follow","max-snippet":"max-snippet:-1","max-image-preview":"max-image-preview:large","max-video-preview":"max-video-preview:-1"},"canonical":"https:\/\/www.manabi.gob.ec\/index.php\/seguimos-uniendo-la-ruralidad-via-pemiche-tiene-un-72-de-avance\/","og_locale":"es_ES","og_type":"article","og_title":"\u00a1Seguimos uniendo la ruralidad! V\u00eda Peminche tiene un 72% de avance - Prefectura de Manab\u00ed","og_description":"En pocos d\u00edas se terminar\u00e1n los trabajos de mejoramiento de la v\u00eda Peminche \u2013 Peminche Adentro, lo que mejorar\u00e1 la movilidad y la conectividad de quienes viven en este sector del cant\u00f3n Santa Ana. Esta obra presenta el 72% de avance. El 26 de noviembre, estos trabajos fueron inspeccionados por el prefecto de Manab\u00ed, Leonardo [&hellip;]","og_url":"https:\/\/www.manabi.gob.ec\/index.php\/seguimos-uniendo-la-ruralidad-via-pemiche-tiene-un-72-de-avance\/","og_site_name":"Prefectura de Manab\u00ed","article_published_time":"2025-11-26T15:14:51+00:00","article_modified_time":"2025-11-26T18:01:53+00:00","og_image":[{"width":2048,"height":1365,"url":"https:\/\/www.manabi.gob.ec\/wp-content\/uploads\/2025\/11\/589642793_1308572997973633_852891175905881443_n.jpg","type":"image\/jpeg"}],"author":"Lui Ochoa","twitter_card":"summary_large_image","twitter_misc":{"Escrito por":"Lui Ochoa","Tiempo de lectura":"2 minutos"},"schema":{"@context":"https:\/\/schema.org","@graph":[{"@type":"Article","@id":"https:\/\/www.manabi.gob.ec\/index.php\/seguimos-uniendo-la-ruralidad-via-pemiche-tiene-un-72-de-avance\/#article","isPartOf":{"@id":"https:\/\/www.manabi.gob.ec\/index.php\/seguimos-uniendo-la-ruralidad-via-pemiche-tiene-un-72-de-avance\/"},"author":{"name":"Lui Ochoa","@id":"https:\/\/www.manabi.gob.ec\/#\/schema\/person\/c4f117989332ad723a6ced5994aa7d7a"},"headline":"\u00a1Seguimos uniendo la ruralidad! V\u00eda Peminche tiene un 72% de avance","datePublished":"2025-11-26T15:14:51+00:00","dateModified":"2025-11-26T18:01:53+00:00","mainEntityOfPage":{"@id":"https:\/\/www.manabi.gob.ec\/index.php\/seguimos-uniendo-la-ruralidad-via-pemiche-tiene-un-72-de-avance\/"},"wordCount":210,"image":{"@id":"https:\/\/www.manabi.gob.ec\/index.php\/seguimos-uniendo-la-ruralidad-via-pemiche-tiene-un-72-de-avance\/#primaryimage"},"thumbnailUrl":"https:\/\/www.manabi.gob.ec\/wp-content\/uploads\/2025\/11\/589642793_1308572997973633_852891175905881443_n.jpg","articleSection":["Ambiente","bicentenario","Desarrollo Social","Noticias","Obra P\u00fablica","Santa ana","Todas"],"inLanguage":"es"},{"@type":"WebPage","@id":"https:\/\/www.manabi.gob.ec\/index.php\/seguimos-uniendo-la-ruralidad-via-pemiche-tiene-un-72-de-avance\/","url":"https:\/\/www.manabi.gob.ec\/index.php\/seguimos-uniendo-la-ruralidad-via-pemiche-tiene-un-72-de-avance\/","name":"\u00a1Seguimos uniendo la ruralidad! V\u00eda Peminche tiene un 72% de avance - Prefectura de Manab\u00ed","isPartOf":{"@id":"https:\/\/www.manabi.gob.ec\/#website"},"primaryImageOfPage":{"@id":"https:\/\/www.manabi.gob.ec\/index.php\/seguimos-uniendo-la-ruralidad-via-pemiche-tiene-un-72-de-avance\/#primaryimage"},"image":{"@id":"https:\/\/www.manabi.gob.ec\/index.php\/seguimos-uniendo-la-ruralidad-via-pemiche-tiene-un-72-de-avance\/#primaryimage"},"thumbnailUrl":"https:\/\/www.manabi.gob.ec\/wp-content\/uploads\/2025\/11\/589642793_1308572997973633_852891175905881443_n.jpg","datePublished":"2025-11-26T15:14:51+00:00","dateModified":"2025-11-26T18:01:53+00:00","author":{"@id":"https:\/\/www.manabi.gob.ec\/#\/schema\/person\/c4f117989332ad723a6ced5994aa7d7a"},"breadcrumb":{"@id":"https:\/\/www.manabi.gob.ec\/index.php\/seguimos-uniendo-la-ruralidad-via-pemiche-tiene-un-72-de-avance\/#breadcrumb"},"inLanguage":"es","potentialAction":[{"@type":"ReadAction","target":["https:\/\/www.manabi.gob.ec\/index.php\/seguimos-uniendo-la-ruralidad-via-pemiche-tiene-un-72-de-avance\/"]}]},{"@type":"ImageObject","inLanguage":"es","@id":"https:\/\/www.manabi.gob.ec\/index.php\/seguimos-uniendo-la-ruralidad-via-pemiche-tiene-un-72-de-avance\/#primaryimage","url":"https:\/\/www.manabi.gob.ec\/wp-content\/uploads\/2025\/11\/589642793_1308572997973633_852891175905881443_n.jpg","contentUrl":"https:\/\/www.manabi.gob.ec\/wp-content\/uploads\/2025\/11\/589642793_1308572997973633_852891175905881443_n.jpg","width":2048,"height":1365},{"@type":"BreadcrumbList","@id":"https:\/\/www.manabi.gob.ec\/index.php\/seguimos-uniendo-la-ruralidad-via-pemiche-tiene-un-72-de-avance\/#breadcrumb","itemListElement":[{"@type":"ListItem","position":1,"name":"Portada","item":"https:\/\/www.manabi.gob.ec\/"},{"@type":"ListItem","position":2,"name":"\u00a1Seguimos uniendo la ruralidad! V\u00eda Peminche tiene un 72% de avance"}]},{"@type":"WebSite","@id":"https:\/\/www.manabi.gob.ec\/#website","url":"https:\/\/www.manabi.gob.ec\/","name":"Prefectura de Manab\u00ed","description":"P\u00e1gina web de la prefectura","potentialAction":[{"@type":"SearchAction","target":{"@type":"EntryPoint","urlTemplate":"https:\/\/www.manabi.gob.ec\/?s={search_term_string}"},"query-input":{"@type":"PropertyValueSpecification","valueRequired":true,"valueName":"search_term_string"}}],"inLanguage":"es"},{"@type":"Person","@id":"https:\/\/www.manabi.gob.ec\/#\/schema\/person\/c4f117989332ad723a6ced5994aa7d7a","name":"Lui Ochoa","image":{"@type":"ImageObject","inLanguage":"es","@id":"https:\/\/secure.gravatar.com\/avatar\/6e8017d0fe69dead8a95864d2eb6e1e1d8bf8e01194ba49cf7b897ff038126ba?s=96&d=mm&r=g","url":"https:\/\/secure.gravatar.com\/avatar\/6e8017d0fe69dead8a95864d2eb6e1e1d8bf8e01194ba49cf7b897ff038126ba?s=96&d=mm&r=g","contentUrl":"https:\/\/secure.gravatar.com\/avatar\/6e8017d0fe69dead8a95864d2eb6e1e1d8bf8e01194ba49cf7b897ff038126ba?s=96&d=mm&r=g","caption":"Lui Ochoa"},"url":"https:\/\/www.manabi.gob.ec\/index.php\/author\/lochoa\/"}]}},"jetpack_featured_media_url":"https:\/\/www.manabi.gob.ec\/wp-content\/uploads\/2025\/11\/589642793_1308572997973633_852891175905881443_n.jpg","_links":{"self":[{"href":"https:\/\/www.manabi.gob.ec\/index.php\/wp-json\/wp\/v2\/posts\/32384","targetHints":{"allow":["GET"]}}],"collection":[{"href":"https:\/\/www.manabi.gob.ec\/index.php\/wp-json\/wp\/v2\/posts"}],"about":[{"href":"https:\/\/www.manabi.gob.ec\/index.php\/wp-json\/wp\/v2\/types\/post"}],"author":[{"embeddable":true,"href":"https:\/\/www.manabi.gob.ec\/index.php\/wp-json\/wp\/v2\/users\/10"}],"replies":[{"embeddable":true,"href":"https:\/\/www.manabi.gob.ec\/index.php\/wp-json\/wp\/v2\/comments?post=32384"}],"version-history":[{"count":2,"href":"https:\/\/www.manabi.gob.ec\/index.php\/wp-json\/wp\/v2\/posts\/32384\/revisions"}],"predecessor-version":[{"id":32394,"href":"https:\/\/www.manabi.gob.ec\/index.php\/wp-json\/wp\/v2\/posts\/32384\/revisions\/32394"}],"wp:featuredmedia":[{"embeddable":true,"href":"https:\/\/www.manabi.gob.ec\/index.php\/wp-json\/wp\/v2\/media\/32385"}],"wp:attachment":[{"href":"https:\/\/www.manabi.gob.ec\/index.php\/wp-json\/wp\/v2\/media?parent=32384"}],"wp:term":[{"taxonomy":"category","embeddable":true,"href":"https:\/\/www.manabi.gob.ec\/index.php\/wp-json\/wp\/v2\/categories?post=32384"},{"taxonomy":"post_tag","embeddable":true,"href":"https:\/\/www.manabi.gob.ec\/index.php\/wp-json\/wp\/v2\/tags?post=32384"}],"curies":[{"name":"wp","href":"https:\/\/api.w.org\/{rel}","templated":true}]}}