{"id":32431,"date":"2025-12-05T23:18:24","date_gmt":"2025-12-05T23:18:24","guid":{"rendered":"https:\/\/www.manabi.gob.ec\/?p=32431"},"modified":"2025-12-05T23:18:24","modified_gmt":"2025-12-05T23:18:24","slug":"prefectura-de-manabi-mejora-la-red-vial-en-la-parroquia-membrillal-y-servicios-comunitarios-de-jipijapa","status":"publish","type":"post","link":"https:\/\/www.manabi.gob.ec\/index.php\/prefectura-de-manabi-mejora-la-red-vial-en-la-parroquia-membrillal-y-servicios-comunitarios-de-jipijapa\/","title":{"rendered":"Prefectura de Manab\u00ed mejora la red vial en la parroquia Membrillal y servicios comunitarios de Jipijapa"},"content":{"rendered":"\n<p>Prefectura de Manab\u00ed mejora la red vial en la parroquia Membrillal y servicios comunitarios de Jipijapa<\/p>\n\n\n\n<p>En un emotivo evento, en la parroquia Membrillal del cant\u00f3n Jipijapa, el prefecto de Manab\u00ed, Leonardo Orlando, inaugur\u00f3 13 kil\u00f3metros de v\u00edas a nivel de mejoramiento, que contribuyen a mejorar la movilidad de la poblaci\u00f3n de la zona y ayudan a fortalecer al sector productivo.<\/p>\n\n\n\n<p>Las v\u00edas intervenidas corresponden a: Zapotito, Alterna Membrillal, La Florida, La Florida 1, Matapalo, La Pachona, Los Reyes y La Cucharita, Mirador, Mirador 2, Mirador 3, Dos Caminos, San Vicente, San Vicente 2.<\/p>\n\n\n\n<p>En este mismo evento se realiz\u00f3 la entrega formal del Centro de Rehabilitaci\u00f3n F\u00edsica a la comunidad, una obra que ya brinda servicios de terapia f\u00edsica a m\u00e1s de 100 personas pertenecientes a grupos prioritarios.<\/p>\n\n\n\n<p>Bartolom\u00e9 Reyes, de 72 a\u00f1os, es uno de los beneficiarios del Centro de Rehabilitaci\u00f3n. Coment\u00f3 que, tras mes y medio de recibir terapias, ha experimentado avances significativos. Explic\u00f3 que, luego de un derrame cerebral, su movilidad se vio afectada y hoy ha logrado recuperar cerca del 80%, \u201cestoy muy agradecido con toda la ayuda que nos dan todos los adultos mayores, nos devuelven la vida, m\u00edreme ya puedo caminar mejor\u201d.<\/p>\n\n\n\n<p>Adem\u00e1s, moradores del sector San Vicente expresaron su satisfacci\u00f3n por la entrega de un nuevo pozo profundo, infraestructura que se suma a otros pozos profundos, que mejorar\u00e1n el abastecimiento de agua para riego de las familias del sector.<\/p>\n\n\n\n<p>\u201cHoy compartimos esta alegr\u00eda con Membrillal, no solo estamos entregando obras, sino estamos haciendo justicia, dando oportunidades, reconociendo la necesidad de nuestros grupos prioritarios, aqu\u00ed en Membrillal estamos entregando el Centro de Rehabilitaci\u00f3n F\u00edsica n\u00famero 61, de un total de 70 que cerraremos la planificaci\u00f3n este a\u00f1o\u201d, expres\u00f3 el prefecto Orlando.<\/p>\n\n\n\n<p>Posteriormente se visit\u00f3 el vivero de uno de los alumnos de la Escuela del Productor de Membrillal con enfoque en ma\u00edz compuesta de 16 varones y 12 mujeres, donde pudo dialogar con cada integrante y conoci\u00f3 de primera mano sus experiencias e inquietudes.<\/p>\n\n\n\n<p>El prefecto Orlando, previo a la inauguraci\u00f3n de las obras viales en Membrillal, supervis\u00f3 los trabajos de mantenimiento y rehabilitaci\u00f3n de dos calles urbanas del cant\u00f3n Jipijapa, ejecutadas mediante convenio de cooperaci\u00f3n interinstitucional entre la Prefectura de Manab\u00ed y el Municipio.<\/p>\n\n\n\n<p>Durante el recorrido se constat\u00f3 el 85,26 % de avance de las intervenciones a nivel de carpeta asf\u00e1ltica en las calles Asdr\u00fabal Chavarr\u00eda y Augusto Lucio.<\/p>\n","protected":false},"excerpt":{"rendered":"<p>Prefectura de Manab\u00ed mejora la red vial en la parroquia Membrillal y servicios comunitarios de Jipijapa En un emotivo evento, en la parroquia Membrillal del cant\u00f3n Jipijapa, el prefecto de Manab\u00ed, Leonardo Orlando, inaugur\u00f3 13 kil\u00f3metros de v\u00edas a nivel de mejoramiento, que contribuyen a mejorar la movilidad de la poblaci\u00f3n de la zona y [&hellip;]<\/p>\n","protected":false},"author":10,"featured_media":32432,"comment_status":"closed","ping_status":"","sticky":false,"template":"","format":"standard","meta":{"_joinchat":[],"footnotes":""},"categories":[150,142,123,92,91],"tags":[],"class_list":["post-32431","post","type-post","status-publish","format-standard","has-post-thumbnail","hentry","category-ambiente","category-desarrollo-social","category-jipijapa","category-noticias-manabi","category-todas"],"yoast_head":"<!-- This site is optimized with the Yoast SEO plugin v27.4 - https:\/\/yoast.com\/product\/yoast-seo-wordpress\/ -->\n<title>Prefectura de Manab\u00ed mejora la red vial en la parroquia Membrillal y servicios comunitarios de Jipijapa - Prefectura de Manab\u00ed<\/title>\n<meta name=\"robots\" content=\"index, follow, max-snippet:-1, max-image-preview:large, max-video-preview:-1\" \/>\n<link rel=\"canonical\" href=\"https:\/\/www.manabi.gob.ec\/index.php\/prefectura-de-manabi-mejora-la-red-vial-en-la-parroquia-membrillal-y-servicios-comunitarios-de-jipijapa\/\" \/>\n<meta property=\"og:locale\" content=\"es_ES\" \/>\n<meta property=\"og:type\" content=\"article\" \/>\n<meta property=\"og:title\" content=\"Prefectura de Manab\u00ed mejora la red vial en la parroquia Membrillal y servicios comunitarios de Jipijapa - Prefectura de Manab\u00ed\" \/>\n<meta property=\"og:description\" content=\"Prefectura de Manab\u00ed mejora la red vial en la parroquia Membrillal y servicios comunitarios de Jipijapa En un emotivo evento, en la parroquia Membrillal del cant\u00f3n Jipijapa, el prefecto de Manab\u00ed, Leonardo Orlando, inaugur\u00f3 13 kil\u00f3metros de v\u00edas a nivel de mejoramiento, que contribuyen a mejorar la movilidad de la poblaci\u00f3n de la zona y [&hellip;]\" \/>\n<meta property=\"og:url\" content=\"https:\/\/www.manabi.gob.ec\/index.php\/prefectura-de-manabi-mejora-la-red-vial-en-la-parroquia-membrillal-y-servicios-comunitarios-de-jipijapa\/\" \/>\n<meta property=\"og:site_name\" content=\"Prefectura de Manab\u00ed\" \/>\n<meta property=\"article:published_time\" content=\"2025-12-05T23:18:24+00:00\" \/>\n<meta property=\"og:image\" content=\"https:\/\/www.manabi.gob.ec\/wp-content\/uploads\/2025\/12\/91b1a189-6ac1-4bed-8eb8-29b5f01943cf.jpg\" \/>\n\t<meta property=\"og:image:width\" content=\"2000\" \/>\n\t<meta property=\"og:image:height\" content=\"1333\" \/>\n\t<meta property=\"og:image:type\" content=\"image\/jpeg\" \/>\n<meta name=\"author\" content=\"Lui Ochoa\" \/>\n<meta name=\"twitter:card\" content=\"summary_large_image\" \/>\n<meta name=\"twitter:label1\" content=\"Escrito por\" \/>\n\t<meta name=\"twitter:data1\" content=\"Lui Ochoa\" \/>\n\t<meta name=\"twitter:label2\" content=\"Tiempo de lectura\" \/>\n\t<meta name=\"twitter:data2\" content=\"2 minutos\" \/>\n<script type=\"application\/ld+json\" class=\"yoast-schema-graph\">{\"@context\":\"https:\\\/\\\/schema.org\",\"@graph\":[{\"@type\":\"Article\",\"@id\":\"https:\\\/\\\/www.manabi.gob.ec\\\/index.php\\\/prefectura-de-manabi-mejora-la-red-vial-en-la-parroquia-membrillal-y-servicios-comunitarios-de-jipijapa\\\/#article\",\"isPartOf\":{\"@id\":\"https:\\\/\\\/www.manabi.gob.ec\\\/index.php\\\/prefectura-de-manabi-mejora-la-red-vial-en-la-parroquia-membrillal-y-servicios-comunitarios-de-jipijapa\\\/\"},\"author\":{\"name\":\"Lui Ochoa\",\"@id\":\"https:\\\/\\\/www.manabi.gob.ec\\\/#\\\/schema\\\/person\\\/c4f117989332ad723a6ced5994aa7d7a\"},\"headline\":\"Prefectura de Manab\u00ed mejora la red vial en la parroquia Membrillal y servicios comunitarios de Jipijapa\",\"datePublished\":\"2025-12-05T23:18:24+00:00\",\"mainEntityOfPage\":{\"@id\":\"https:\\\/\\\/www.manabi.gob.ec\\\/index.php\\\/prefectura-de-manabi-mejora-la-red-vial-en-la-parroquia-membrillal-y-servicios-comunitarios-de-jipijapa\\\/\"},\"wordCount\":429,\"image\":{\"@id\":\"https:\\\/\\\/www.manabi.gob.ec\\\/index.php\\\/prefectura-de-manabi-mejora-la-red-vial-en-la-parroquia-membrillal-y-servicios-comunitarios-de-jipijapa\\\/#primaryimage\"},\"thumbnailUrl\":\"https:\\\/\\\/www.manabi.gob.ec\\\/wp-content\\\/uploads\\\/2025\\\/12\\\/91b1a189-6ac1-4bed-8eb8-29b5f01943cf.jpg\",\"articleSection\":[\"Ambiente\",\"Desarrollo Social\",\"Jipijapa\",\"Noticias\",\"Todas\"],\"inLanguage\":\"es\"},{\"@type\":\"WebPage\",\"@id\":\"https:\\\/\\\/www.manabi.gob.ec\\\/index.php\\\/prefectura-de-manabi-mejora-la-red-vial-en-la-parroquia-membrillal-y-servicios-comunitarios-de-jipijapa\\\/\",\"url\":\"https:\\\/\\\/www.manabi.gob.ec\\\/index.php\\\/prefectura-de-manabi-mejora-la-red-vial-en-la-parroquia-membrillal-y-servicios-comunitarios-de-jipijapa\\\/\",\"name\":\"Prefectura de Manab\u00ed mejora la red vial en la parroquia Membrillal y servicios comunitarios de Jipijapa - Prefectura de Manab\u00ed\",\"isPartOf\":{\"@id\":\"https:\\\/\\\/www.manabi.gob.ec\\\/#website\"},\"primaryImageOfPage\":{\"@id\":\"https:\\\/\\\/www.manabi.gob.ec\\\/index.php\\\/prefectura-de-manabi-mejora-la-red-vial-en-la-parroquia-membrillal-y-servicios-comunitarios-de-jipijapa\\\/#primaryimage\"},\"image\":{\"@id\":\"https:\\\/\\\/www.manabi.gob.ec\\\/index.php\\\/prefectura-de-manabi-mejora-la-red-vial-en-la-parroquia-membrillal-y-servicios-comunitarios-de-jipijapa\\\/#primaryimage\"},\"thumbnailUrl\":\"https:\\\/\\\/www.manabi.gob.ec\\\/wp-content\\\/uploads\\\/2025\\\/12\\\/91b1a189-6ac1-4bed-8eb8-29b5f01943cf.jpg\",\"datePublished\":\"2025-12-05T23:18:24+00:00\",\"author\":{\"@id\":\"https:\\\/\\\/www.manabi.gob.ec\\\/#\\\/schema\\\/person\\\/c4f117989332ad723a6ced5994aa7d7a\"},\"breadcrumb\":{\"@id\":\"https:\\\/\\\/www.manabi.gob.ec\\\/index.php\\\/prefectura-de-manabi-mejora-la-red-vial-en-la-parroquia-membrillal-y-servicios-comunitarios-de-jipijapa\\\/#breadcrumb\"},\"inLanguage\":\"es\",\"potentialAction\":[{\"@type\":\"ReadAction\",\"target\":[\"https:\\\/\\\/www.manabi.gob.ec\\\/index.php\\\/prefectura-de-manabi-mejora-la-red-vial-en-la-parroquia-membrillal-y-servicios-comunitarios-de-jipijapa\\\/\"]}]},{\"@type\":\"ImageObject\",\"inLanguage\":\"es\",\"@id\":\"https:\\\/\\\/www.manabi.gob.ec\\\/index.php\\\/prefectura-de-manabi-mejora-la-red-vial-en-la-parroquia-membrillal-y-servicios-comunitarios-de-jipijapa\\\/#primaryimage\",\"url\":\"https:\\\/\\\/www.manabi.gob.ec\\\/wp-content\\\/uploads\\\/2025\\\/12\\\/91b1a189-6ac1-4bed-8eb8-29b5f01943cf.jpg\",\"contentUrl\":\"https:\\\/\\\/www.manabi.gob.ec\\\/wp-content\\\/uploads\\\/2025\\\/12\\\/91b1a189-6ac1-4bed-8eb8-29b5f01943cf.jpg\",\"width\":2000,\"height\":1333},{\"@type\":\"BreadcrumbList\",\"@id\":\"https:\\\/\\\/www.manabi.gob.ec\\\/index.php\\\/prefectura-de-manabi-mejora-la-red-vial-en-la-parroquia-membrillal-y-servicios-comunitarios-de-jipijapa\\\/#breadcrumb\",\"itemListElement\":[{\"@type\":\"ListItem\",\"position\":1,\"name\":\"Portada\",\"item\":\"https:\\\/\\\/www.manabi.gob.ec\\\/\"},{\"@type\":\"ListItem\",\"position\":2,\"name\":\"Prefectura de Manab\u00ed mejora la red vial en la parroquia Membrillal y servicios comunitarios de Jipijapa\"}]},{\"@type\":\"WebSite\",\"@id\":\"https:\\\/\\\/www.manabi.gob.ec\\\/#website\",\"url\":\"https:\\\/\\\/www.manabi.gob.ec\\\/\",\"name\":\"Prefectura de Manab\u00ed\",\"description\":\"P\u00e1gina web de la prefectura\",\"potentialAction\":[{\"@type\":\"SearchAction\",\"target\":{\"@type\":\"EntryPoint\",\"urlTemplate\":\"https:\\\/\\\/www.manabi.gob.ec\\\/?s={search_term_string}\"},\"query-input\":{\"@type\":\"PropertyValueSpecification\",\"valueRequired\":true,\"valueName\":\"search_term_string\"}}],\"inLanguage\":\"es\"},{\"@type\":\"Person\",\"@id\":\"https:\\\/\\\/www.manabi.gob.ec\\\/#\\\/schema\\\/person\\\/c4f117989332ad723a6ced5994aa7d7a\",\"name\":\"Lui Ochoa\",\"image\":{\"@type\":\"ImageObject\",\"inLanguage\":\"es\",\"@id\":\"https:\\\/\\\/secure.gravatar.com\\\/avatar\\\/6e8017d0fe69dead8a95864d2eb6e1e1d8bf8e01194ba49cf7b897ff038126ba?s=96&d=mm&r=g\",\"url\":\"https:\\\/\\\/secure.gravatar.com\\\/avatar\\\/6e8017d0fe69dead8a95864d2eb6e1e1d8bf8e01194ba49cf7b897ff038126ba?s=96&d=mm&r=g\",\"contentUrl\":\"https:\\\/\\\/secure.gravatar.com\\\/avatar\\\/6e8017d0fe69dead8a95864d2eb6e1e1d8bf8e01194ba49cf7b897ff038126ba?s=96&d=mm&r=g\",\"caption\":\"Lui Ochoa\"},\"url\":\"https:\\\/\\\/www.manabi.gob.ec\\\/index.php\\\/author\\\/lochoa\\\/\"}]}<\/script>\n<!-- \/ Yoast SEO plugin. -->","yoast_head_json":{"title":"Prefectura de Manab\u00ed mejora la red vial en la parroquia Membrillal y servicios comunitarios de Jipijapa - Prefectura de Manab\u00ed","robots":{"index":"index","follow":"follow","max-snippet":"max-snippet:-1","max-image-preview":"max-image-preview:large","max-video-preview":"max-video-preview:-1"},"canonical":"https:\/\/www.manabi.gob.ec\/index.php\/prefectura-de-manabi-mejora-la-red-vial-en-la-parroquia-membrillal-y-servicios-comunitarios-de-jipijapa\/","og_locale":"es_ES","og_type":"article","og_title":"Prefectura de Manab\u00ed mejora la red vial en la parroquia Membrillal y servicios comunitarios de Jipijapa - Prefectura de Manab\u00ed","og_description":"Prefectura de Manab\u00ed mejora la red vial en la parroquia Membrillal y servicios comunitarios de Jipijapa En un emotivo evento, en la parroquia Membrillal del cant\u00f3n Jipijapa, el prefecto de Manab\u00ed, Leonardo Orlando, inaugur\u00f3 13 kil\u00f3metros de v\u00edas a nivel de mejoramiento, que contribuyen a mejorar la movilidad de la poblaci\u00f3n de la zona y [&hellip;]","og_url":"https:\/\/www.manabi.gob.ec\/index.php\/prefectura-de-manabi-mejora-la-red-vial-en-la-parroquia-membrillal-y-servicios-comunitarios-de-jipijapa\/","og_site_name":"Prefectura de Manab\u00ed","article_published_time":"2025-12-05T23:18:24+00:00","og_image":[{"width":2000,"height":1333,"url":"https:\/\/www.manabi.gob.ec\/wp-content\/uploads\/2025\/12\/91b1a189-6ac1-4bed-8eb8-29b5f01943cf.jpg","type":"image\/jpeg"}],"author":"Lui Ochoa","twitter_card":"summary_large_image","twitter_misc":{"Escrito por":"Lui Ochoa","Tiempo de lectura":"2 minutos"},"schema":{"@context":"https:\/\/schema.org","@graph":[{"@type":"Article","@id":"https:\/\/www.manabi.gob.ec\/index.php\/prefectura-de-manabi-mejora-la-red-vial-en-la-parroquia-membrillal-y-servicios-comunitarios-de-jipijapa\/#article","isPartOf":{"@id":"https:\/\/www.manabi.gob.ec\/index.php\/prefectura-de-manabi-mejora-la-red-vial-en-la-parroquia-membrillal-y-servicios-comunitarios-de-jipijapa\/"},"author":{"name":"Lui Ochoa","@id":"https:\/\/www.manabi.gob.ec\/#\/schema\/person\/c4f117989332ad723a6ced5994aa7d7a"},"headline":"Prefectura de Manab\u00ed mejora la red vial en la parroquia Membrillal y servicios comunitarios de Jipijapa","datePublished":"2025-12-05T23:18:24+00:00","mainEntityOfPage":{"@id":"https:\/\/www.manabi.gob.ec\/index.php\/prefectura-de-manabi-mejora-la-red-vial-en-la-parroquia-membrillal-y-servicios-comunitarios-de-jipijapa\/"},"wordCount":429,"image":{"@id":"https:\/\/www.manabi.gob.ec\/index.php\/prefectura-de-manabi-mejora-la-red-vial-en-la-parroquia-membrillal-y-servicios-comunitarios-de-jipijapa\/#primaryimage"},"thumbnailUrl":"https:\/\/www.manabi.gob.ec\/wp-content\/uploads\/2025\/12\/91b1a189-6ac1-4bed-8eb8-29b5f01943cf.jpg","articleSection":["Ambiente","Desarrollo Social","Jipijapa","Noticias","Todas"],"inLanguage":"es"},{"@type":"WebPage","@id":"https:\/\/www.manabi.gob.ec\/index.php\/prefectura-de-manabi-mejora-la-red-vial-en-la-parroquia-membrillal-y-servicios-comunitarios-de-jipijapa\/","url":"https:\/\/www.manabi.gob.ec\/index.php\/prefectura-de-manabi-mejora-la-red-vial-en-la-parroquia-membrillal-y-servicios-comunitarios-de-jipijapa\/","name":"Prefectura de Manab\u00ed mejora la red vial en la parroquia Membrillal y servicios comunitarios de Jipijapa - Prefectura de Manab\u00ed","isPartOf":{"@id":"https:\/\/www.manabi.gob.ec\/#website"},"primaryImageOfPage":{"@id":"https:\/\/www.manabi.gob.ec\/index.php\/prefectura-de-manabi-mejora-la-red-vial-en-la-parroquia-membrillal-y-servicios-comunitarios-de-jipijapa\/#primaryimage"},"image":{"@id":"https:\/\/www.manabi.gob.ec\/index.php\/prefectura-de-manabi-mejora-la-red-vial-en-la-parroquia-membrillal-y-servicios-comunitarios-de-jipijapa\/#primaryimage"},"thumbnailUrl":"https:\/\/www.manabi.gob.ec\/wp-content\/uploads\/2025\/12\/91b1a189-6ac1-4bed-8eb8-29b5f01943cf.jpg","datePublished":"2025-12-05T23:18:24+00:00","author":{"@id":"https:\/\/www.manabi.gob.ec\/#\/schema\/person\/c4f117989332ad723a6ced5994aa7d7a"},"breadcrumb":{"@id":"https:\/\/www.manabi.gob.ec\/index.php\/prefectura-de-manabi-mejora-la-red-vial-en-la-parroquia-membrillal-y-servicios-comunitarios-de-jipijapa\/#breadcrumb"},"inLanguage":"es","potentialAction":[{"@type":"ReadAction","target":["https:\/\/www.manabi.gob.ec\/index.php\/prefectura-de-manabi-mejora-la-red-vial-en-la-parroquia-membrillal-y-servicios-comunitarios-de-jipijapa\/"]}]},{"@type":"ImageObject","inLanguage":"es","@id":"https:\/\/www.manabi.gob.ec\/index.php\/prefectura-de-manabi-mejora-la-red-vial-en-la-parroquia-membrillal-y-servicios-comunitarios-de-jipijapa\/#primaryimage","url":"https:\/\/www.manabi.gob.ec\/wp-content\/uploads\/2025\/12\/91b1a189-6ac1-4bed-8eb8-29b5f01943cf.jpg","contentUrl":"https:\/\/www.manabi.gob.ec\/wp-content\/uploads\/2025\/12\/91b1a189-6ac1-4bed-8eb8-29b5f01943cf.jpg","width":2000,"height":1333},{"@type":"BreadcrumbList","@id":"https:\/\/www.manabi.gob.ec\/index.php\/prefectura-de-manabi-mejora-la-red-vial-en-la-parroquia-membrillal-y-servicios-comunitarios-de-jipijapa\/#breadcrumb","itemListElement":[{"@type":"ListItem","position":1,"name":"Portada","item":"https:\/\/www.manabi.gob.ec\/"},{"@type":"ListItem","position":2,"name":"Prefectura de Manab\u00ed mejora la red vial en la parroquia Membrillal y servicios comunitarios de Jipijapa"}]},{"@type":"WebSite","@id":"https:\/\/www.manabi.gob.ec\/#website","url":"https:\/\/www.manabi.gob.ec\/","name":"Prefectura de Manab\u00ed","description":"P\u00e1gina web de la prefectura","potentialAction":[{"@type":"SearchAction","target":{"@type":"EntryPoint","urlTemplate":"https:\/\/www.manabi.gob.ec\/?s={search_term_string}"},"query-input":{"@type":"PropertyValueSpecification","valueRequired":true,"valueName":"search_term_string"}}],"inLanguage":"es"},{"@type":"Person","@id":"https:\/\/www.manabi.gob.ec\/#\/schema\/person\/c4f117989332ad723a6ced5994aa7d7a","name":"Lui Ochoa","image":{"@type":"ImageObject","inLanguage":"es","@id":"https:\/\/secure.gravatar.com\/avatar\/6e8017d0fe69dead8a95864d2eb6e1e1d8bf8e01194ba49cf7b897ff038126ba?s=96&d=mm&r=g","url":"https:\/\/secure.gravatar.com\/avatar\/6e8017d0fe69dead8a95864d2eb6e1e1d8bf8e01194ba49cf7b897ff038126ba?s=96&d=mm&r=g","contentUrl":"https:\/\/secure.gravatar.com\/avatar\/6e8017d0fe69dead8a95864d2eb6e1e1d8bf8e01194ba49cf7b897ff038126ba?s=96&d=mm&r=g","caption":"Lui Ochoa"},"url":"https:\/\/www.manabi.gob.ec\/index.php\/author\/lochoa\/"}]}},"jetpack_featured_media_url":"https:\/\/www.manabi.gob.ec\/wp-content\/uploads\/2025\/12\/91b1a189-6ac1-4bed-8eb8-29b5f01943cf.jpg","_links":{"self":[{"href":"https:\/\/www.manabi.gob.ec\/index.php\/wp-json\/wp\/v2\/posts\/32431","targetHints":{"allow":["GET"]}}],"collection":[{"href":"https:\/\/www.manabi.gob.ec\/index.php\/wp-json\/wp\/v2\/posts"}],"about":[{"href":"https:\/\/www.manabi.gob.ec\/index.php\/wp-json\/wp\/v2\/types\/post"}],"author":[{"embeddable":true,"href":"https:\/\/www.manabi.gob.ec\/index.php\/wp-json\/wp\/v2\/users\/10"}],"replies":[{"embeddable":true,"href":"https:\/\/www.manabi.gob.ec\/index.php\/wp-json\/wp\/v2\/comments?post=32431"}],"version-history":[{"count":1,"href":"https:\/\/www.manabi.gob.ec\/index.php\/wp-json\/wp\/v2\/posts\/32431\/revisions"}],"predecessor-version":[{"id":32433,"href":"https:\/\/www.manabi.gob.ec\/index.php\/wp-json\/wp\/v2\/posts\/32431\/revisions\/32433"}],"wp:featuredmedia":[{"embeddable":true,"href":"https:\/\/www.manabi.gob.ec\/index.php\/wp-json\/wp\/v2\/media\/32432"}],"wp:attachment":[{"href":"https:\/\/www.manabi.gob.ec\/index.php\/wp-json\/wp\/v2\/media?parent=32431"}],"wp:term":[{"taxonomy":"category","embeddable":true,"href":"https:\/\/www.manabi.gob.ec\/index.php\/wp-json\/wp\/v2\/categories?post=32431"},{"taxonomy":"post_tag","embeddable":true,"href":"https:\/\/www.manabi.gob.ec\/index.php\/wp-json\/wp\/v2\/tags?post=32431"}],"curies":[{"name":"wp","href":"https:\/\/api.w.org\/{rel}","templated":true}]}}