{"id":32703,"date":"2026-01-19T16:45:52","date_gmt":"2026-01-19T16:45:52","guid":{"rendered":"https:\/\/www.manabi.gob.ec\/?p=32703"},"modified":"2026-01-19T16:45:53","modified_gmt":"2026-01-19T16:45:53","slug":"via-la-trinidad-3-jamita-vuelve-a-dar-paso-seguro-a-comunidades-productivas-de-flavio-alfaro-y-chone","status":"publish","type":"post","link":"https:\/\/www.manabi.gob.ec\/index.php\/via-la-trinidad-3-jamita-vuelve-a-dar-paso-seguro-a-comunidades-productivas-de-flavio-alfaro-y-chone\/","title":{"rendered":"V\u00eda La Trinidad 3\u2013Jamita vuelve a dar paso seguro a comunidades productivas de Flavio Alfaro y Chone"},"content":{"rendered":"\n<p>Moverse sin quedarse atrapado en el lodo, sacar la producci\u00f3n a tiempo y llegar con mayor seguridad a la escuela o al trabajo empieza a ser una realidad para cientos de familias rurales de Flavio Alfaro y Chone, gracias a los trabajos de mantenimiento vial que se ejecutan en la v\u00eda La Trinidad 3\u2013Jamita.<\/p>\n\n\n\n<p>Los trabajos son ejecutados por la Prefectura de Manab\u00ed, un tramo vial de aproximadamente 4 kil\u00f3metros que une a decenas de comunidades de los cantones Flavio Alfaro y Chone.<\/p>\n\n\n\n<p>A trav\u00e9s de la v\u00eda La Trinidad 3\u2013Jamita se conecta la parroquia Convento, del cant\u00f3n Chone, desde la comunidad de Jamita, con sectores como Trinidad 1, 2 y 3, El Cerrito y Las Cumbres, en Flavio Alfaro. Este corredor forma parte de un trazado vial de 10,3 kil\u00f3metros que articula a varias comunidades rurales que dependen de este camino para transportar leche, ganado, cacao y otros productos, especialmente durante el invierno, cuando antes el paso se volv\u00eda casi imposible.<\/p>\n\n\n\n<p>Los trabajos buscan garantizar una circulaci\u00f3n m\u00e1s segura y cont\u00ednua para quienes viven y producen en la zona. La intervenci\u00f3n contempla el mejoramiento de la calzada, el reforzamiento de tramos cr\u00edticos y la adecuaci\u00f3n de drenajes, acciones que permiten que la v\u00eda resista mejor las lluvias y se mantenga operativa en la vida diaria del sector rural.<\/p>\n\n\n\n<p>Jos\u00e9 Bazurto, t\u00e9cnico de la Direcci\u00f3n de Vialidad de la Prefectura de Manab\u00ed, dijo que la obra registra un avance aproximado del 70 %, luego de meses de trabajo que incluy\u00f3 la preparaci\u00f3n del terreno y la colocaci\u00f3n del material p\u00e9treo.<\/p>\n\n\n\n<p>Para los moradores, los beneficios ya se siente. Len\u00edn Mac\u00edas, habitante del sector, se\u00f1al\u00f3 que en los inviernos los camiones que sacan la producci\u00f3n y otros veh\u00edculos quedaban varados en las lomas, y que ahora el mejoramiento de la v\u00eda empieza a aliviar un problema que se repet\u00eda cada a\u00f1o y afectaba la econom\u00eda de las familias.<\/p>\n\n\n\n<p>El mantenimiento de esta v\u00eda tambi\u00e9n fortalece el acceso al puente de Jamita, construido por la Prefectura, ya en funcionamiento, consolidando una ruta de integraci\u00f3n que beneficia a cerca de 2.000 personas y reafirma el compromiso institucional de trabajar desde el territorio para mejorar la calidad de vida de las comunidades rurales de Manab\u00ed.<\/p>\n","protected":false},"excerpt":{"rendered":"<p>Moverse sin quedarse atrapado en el lodo, sacar la producci\u00f3n a tiempo y llegar con mayor seguridad a la escuela o al trabajo empieza a ser una realidad para cientos de familias rurales de Flavio Alfaro y Chone, gracias a los trabajos de mantenimiento vial que se ejecutan en la v\u00eda La Trinidad 3\u2013Jamita. Los [&hellip;]<\/p>\n","protected":false},"author":10,"featured_media":32704,"comment_status":"closed","ping_status":"closed","sticky":false,"template":"","format":"standard","meta":{"_joinchat":[],"footnotes":""},"categories":[150,142,151,92,181,91],"tags":[],"class_list":["post-32703","post","type-post","status-publish","format-standard","has-post-thumbnail","hentry","category-ambiente","category-desarrollo-social","category-flavio-alfaro","category-noticias-manabi","category-obra-publica","category-todas"],"yoast_head":"<!-- This site is optimized with the Yoast SEO plugin v27.4 - https:\/\/yoast.com\/product\/yoast-seo-wordpress\/ -->\n<title>V\u00eda La Trinidad 3\u2013Jamita vuelve a dar paso seguro a comunidades productivas de Flavio Alfaro y Chone - Prefectura de Manab\u00ed<\/title>\n<meta name=\"robots\" content=\"index, follow, max-snippet:-1, max-image-preview:large, max-video-preview:-1\" \/>\n<link rel=\"canonical\" href=\"https:\/\/www.manabi.gob.ec\/index.php\/via-la-trinidad-3-jamita-vuelve-a-dar-paso-seguro-a-comunidades-productivas-de-flavio-alfaro-y-chone\/\" \/>\n<meta property=\"og:locale\" content=\"es_ES\" \/>\n<meta property=\"og:type\" content=\"article\" \/>\n<meta property=\"og:title\" content=\"V\u00eda La Trinidad 3\u2013Jamita vuelve a dar paso seguro a comunidades productivas de Flavio Alfaro y Chone - Prefectura de Manab\u00ed\" \/>\n<meta property=\"og:description\" content=\"Moverse sin quedarse atrapado en el lodo, sacar la producci\u00f3n a tiempo y llegar con mayor seguridad a la escuela o al trabajo empieza a ser una realidad para cientos de familias rurales de Flavio Alfaro y Chone, gracias a los trabajos de mantenimiento vial que se ejecutan en la v\u00eda La Trinidad 3\u2013Jamita. Los [&hellip;]\" \/>\n<meta property=\"og:url\" content=\"https:\/\/www.manabi.gob.ec\/index.php\/via-la-trinidad-3-jamita-vuelve-a-dar-paso-seguro-a-comunidades-productivas-de-flavio-alfaro-y-chone\/\" \/>\n<meta property=\"og:site_name\" content=\"Prefectura de Manab\u00ed\" \/>\n<meta property=\"article:published_time\" content=\"2026-01-19T16:45:52+00:00\" \/>\n<meta property=\"article:modified_time\" content=\"2026-01-19T16:45:53+00:00\" \/>\n<meta property=\"og:image\" content=\"https:\/\/www.manabi.gob.ec\/wp-content\/uploads\/2026\/01\/Gemini_Generated_Image_g8lclsg8lclsg8lc-1024x687.png\" \/>\n\t<meta property=\"og:image:width\" content=\"1024\" \/>\n\t<meta property=\"og:image:height\" content=\"687\" \/>\n\t<meta property=\"og:image:type\" content=\"image\/png\" \/>\n<meta name=\"author\" content=\"Lui Ochoa\" \/>\n<meta name=\"twitter:card\" content=\"summary_large_image\" \/>\n<meta name=\"twitter:label1\" content=\"Escrito por\" \/>\n\t<meta name=\"twitter:data1\" content=\"Lui Ochoa\" \/>\n\t<meta name=\"twitter:label2\" content=\"Tiempo de lectura\" \/>\n\t<meta name=\"twitter:data2\" content=\"2 minutos\" \/>\n<script type=\"application\/ld+json\" class=\"yoast-schema-graph\">{\"@context\":\"https:\\\/\\\/schema.org\",\"@graph\":[{\"@type\":\"Article\",\"@id\":\"https:\\\/\\\/www.manabi.gob.ec\\\/index.php\\\/via-la-trinidad-3-jamita-vuelve-a-dar-paso-seguro-a-comunidades-productivas-de-flavio-alfaro-y-chone\\\/#article\",\"isPartOf\":{\"@id\":\"https:\\\/\\\/www.manabi.gob.ec\\\/index.php\\\/via-la-trinidad-3-jamita-vuelve-a-dar-paso-seguro-a-comunidades-productivas-de-flavio-alfaro-y-chone\\\/\"},\"author\":{\"name\":\"Lui Ochoa\",\"@id\":\"https:\\\/\\\/www.manabi.gob.ec\\\/#\\\/schema\\\/person\\\/c4f117989332ad723a6ced5994aa7d7a\"},\"headline\":\"V\u00eda La Trinidad 3\u2013Jamita vuelve a dar paso seguro a comunidades productivas de Flavio Alfaro y Chone\",\"datePublished\":\"2026-01-19T16:45:52+00:00\",\"dateModified\":\"2026-01-19T16:45:53+00:00\",\"mainEntityOfPage\":{\"@id\":\"https:\\\/\\\/www.manabi.gob.ec\\\/index.php\\\/via-la-trinidad-3-jamita-vuelve-a-dar-paso-seguro-a-comunidades-productivas-de-flavio-alfaro-y-chone\\\/\"},\"wordCount\":413,\"image\":{\"@id\":\"https:\\\/\\\/www.manabi.gob.ec\\\/index.php\\\/via-la-trinidad-3-jamita-vuelve-a-dar-paso-seguro-a-comunidades-productivas-de-flavio-alfaro-y-chone\\\/#primaryimage\"},\"thumbnailUrl\":\"https:\\\/\\\/www.manabi.gob.ec\\\/wp-content\\\/uploads\\\/2026\\\/01\\\/Gemini_Generated_Image_g8lclsg8lclsg8lc.png\",\"articleSection\":[\"Ambiente\",\"Desarrollo Social\",\"Flavio Alfaro\",\"Noticias\",\"Obra P\u00fablica\",\"Todas\"],\"inLanguage\":\"es\"},{\"@type\":\"WebPage\",\"@id\":\"https:\\\/\\\/www.manabi.gob.ec\\\/index.php\\\/via-la-trinidad-3-jamita-vuelve-a-dar-paso-seguro-a-comunidades-productivas-de-flavio-alfaro-y-chone\\\/\",\"url\":\"https:\\\/\\\/www.manabi.gob.ec\\\/index.php\\\/via-la-trinidad-3-jamita-vuelve-a-dar-paso-seguro-a-comunidades-productivas-de-flavio-alfaro-y-chone\\\/\",\"name\":\"V\u00eda La Trinidad 3\u2013Jamita vuelve a dar paso seguro a comunidades productivas de Flavio Alfaro y Chone - Prefectura de Manab\u00ed\",\"isPartOf\":{\"@id\":\"https:\\\/\\\/www.manabi.gob.ec\\\/#website\"},\"primaryImageOfPage\":{\"@id\":\"https:\\\/\\\/www.manabi.gob.ec\\\/index.php\\\/via-la-trinidad-3-jamita-vuelve-a-dar-paso-seguro-a-comunidades-productivas-de-flavio-alfaro-y-chone\\\/#primaryimage\"},\"image\":{\"@id\":\"https:\\\/\\\/www.manabi.gob.ec\\\/index.php\\\/via-la-trinidad-3-jamita-vuelve-a-dar-paso-seguro-a-comunidades-productivas-de-flavio-alfaro-y-chone\\\/#primaryimage\"},\"thumbnailUrl\":\"https:\\\/\\\/www.manabi.gob.ec\\\/wp-content\\\/uploads\\\/2026\\\/01\\\/Gemini_Generated_Image_g8lclsg8lclsg8lc.png\",\"datePublished\":\"2026-01-19T16:45:52+00:00\",\"dateModified\":\"2026-01-19T16:45:53+00:00\",\"author\":{\"@id\":\"https:\\\/\\\/www.manabi.gob.ec\\\/#\\\/schema\\\/person\\\/c4f117989332ad723a6ced5994aa7d7a\"},\"breadcrumb\":{\"@id\":\"https:\\\/\\\/www.manabi.gob.ec\\\/index.php\\\/via-la-trinidad-3-jamita-vuelve-a-dar-paso-seguro-a-comunidades-productivas-de-flavio-alfaro-y-chone\\\/#breadcrumb\"},\"inLanguage\":\"es\",\"potentialAction\":[{\"@type\":\"ReadAction\",\"target\":[\"https:\\\/\\\/www.manabi.gob.ec\\\/index.php\\\/via-la-trinidad-3-jamita-vuelve-a-dar-paso-seguro-a-comunidades-productivas-de-flavio-alfaro-y-chone\\\/\"]}]},{\"@type\":\"ImageObject\",\"inLanguage\":\"es\",\"@id\":\"https:\\\/\\\/www.manabi.gob.ec\\\/index.php\\\/via-la-trinidad-3-jamita-vuelve-a-dar-paso-seguro-a-comunidades-productivas-de-flavio-alfaro-y-chone\\\/#primaryimage\",\"url\":\"https:\\\/\\\/www.manabi.gob.ec\\\/wp-content\\\/uploads\\\/2026\\\/01\\\/Gemini_Generated_Image_g8lclsg8lclsg8lc.png\",\"contentUrl\":\"https:\\\/\\\/www.manabi.gob.ec\\\/wp-content\\\/uploads\\\/2026\\\/01\\\/Gemini_Generated_Image_g8lclsg8lclsg8lc.png\",\"width\":2528,\"height\":1696},{\"@type\":\"BreadcrumbList\",\"@id\":\"https:\\\/\\\/www.manabi.gob.ec\\\/index.php\\\/via-la-trinidad-3-jamita-vuelve-a-dar-paso-seguro-a-comunidades-productivas-de-flavio-alfaro-y-chone\\\/#breadcrumb\",\"itemListElement\":[{\"@type\":\"ListItem\",\"position\":1,\"name\":\"Portada\",\"item\":\"https:\\\/\\\/www.manabi.gob.ec\\\/\"},{\"@type\":\"ListItem\",\"position\":2,\"name\":\"V\u00eda La Trinidad 3\u2013Jamita vuelve a dar paso seguro a comunidades productivas de Flavio Alfaro y Chone\"}]},{\"@type\":\"WebSite\",\"@id\":\"https:\\\/\\\/www.manabi.gob.ec\\\/#website\",\"url\":\"https:\\\/\\\/www.manabi.gob.ec\\\/\",\"name\":\"Prefectura de Manab\u00ed\",\"description\":\"P\u00e1gina web de la prefectura\",\"potentialAction\":[{\"@type\":\"SearchAction\",\"target\":{\"@type\":\"EntryPoint\",\"urlTemplate\":\"https:\\\/\\\/www.manabi.gob.ec\\\/?s={search_term_string}\"},\"query-input\":{\"@type\":\"PropertyValueSpecification\",\"valueRequired\":true,\"valueName\":\"search_term_string\"}}],\"inLanguage\":\"es\"},{\"@type\":\"Person\",\"@id\":\"https:\\\/\\\/www.manabi.gob.ec\\\/#\\\/schema\\\/person\\\/c4f117989332ad723a6ced5994aa7d7a\",\"name\":\"Lui Ochoa\",\"image\":{\"@type\":\"ImageObject\",\"inLanguage\":\"es\",\"@id\":\"https:\\\/\\\/secure.gravatar.com\\\/avatar\\\/6e8017d0fe69dead8a95864d2eb6e1e1d8bf8e01194ba49cf7b897ff038126ba?s=96&d=mm&r=g\",\"url\":\"https:\\\/\\\/secure.gravatar.com\\\/avatar\\\/6e8017d0fe69dead8a95864d2eb6e1e1d8bf8e01194ba49cf7b897ff038126ba?s=96&d=mm&r=g\",\"contentUrl\":\"https:\\\/\\\/secure.gravatar.com\\\/avatar\\\/6e8017d0fe69dead8a95864d2eb6e1e1d8bf8e01194ba49cf7b897ff038126ba?s=96&d=mm&r=g\",\"caption\":\"Lui Ochoa\"},\"url\":\"https:\\\/\\\/www.manabi.gob.ec\\\/index.php\\\/author\\\/lochoa\\\/\"}]}<\/script>\n<!-- \/ Yoast SEO plugin. -->","yoast_head_json":{"title":"V\u00eda La Trinidad 3\u2013Jamita vuelve a dar paso seguro a comunidades productivas de Flavio Alfaro y Chone - Prefectura de Manab\u00ed","robots":{"index":"index","follow":"follow","max-snippet":"max-snippet:-1","max-image-preview":"max-image-preview:large","max-video-preview":"max-video-preview:-1"},"canonical":"https:\/\/www.manabi.gob.ec\/index.php\/via-la-trinidad-3-jamita-vuelve-a-dar-paso-seguro-a-comunidades-productivas-de-flavio-alfaro-y-chone\/","og_locale":"es_ES","og_type":"article","og_title":"V\u00eda La Trinidad 3\u2013Jamita vuelve a dar paso seguro a comunidades productivas de Flavio Alfaro y Chone - Prefectura de Manab\u00ed","og_description":"Moverse sin quedarse atrapado en el lodo, sacar la producci\u00f3n a tiempo y llegar con mayor seguridad a la escuela o al trabajo empieza a ser una realidad para cientos de familias rurales de Flavio Alfaro y Chone, gracias a los trabajos de mantenimiento vial que se ejecutan en la v\u00eda La Trinidad 3\u2013Jamita. Los [&hellip;]","og_url":"https:\/\/www.manabi.gob.ec\/index.php\/via-la-trinidad-3-jamita-vuelve-a-dar-paso-seguro-a-comunidades-productivas-de-flavio-alfaro-y-chone\/","og_site_name":"Prefectura de Manab\u00ed","article_published_time":"2026-01-19T16:45:52+00:00","article_modified_time":"2026-01-19T16:45:53+00:00","og_image":[{"width":1024,"height":687,"url":"https:\/\/www.manabi.gob.ec\/wp-content\/uploads\/2026\/01\/Gemini_Generated_Image_g8lclsg8lclsg8lc-1024x687.png","type":"image\/png"}],"author":"Lui Ochoa","twitter_card":"summary_large_image","twitter_misc":{"Escrito por":"Lui Ochoa","Tiempo de lectura":"2 minutos"},"schema":{"@context":"https:\/\/schema.org","@graph":[{"@type":"Article","@id":"https:\/\/www.manabi.gob.ec\/index.php\/via-la-trinidad-3-jamita-vuelve-a-dar-paso-seguro-a-comunidades-productivas-de-flavio-alfaro-y-chone\/#article","isPartOf":{"@id":"https:\/\/www.manabi.gob.ec\/index.php\/via-la-trinidad-3-jamita-vuelve-a-dar-paso-seguro-a-comunidades-productivas-de-flavio-alfaro-y-chone\/"},"author":{"name":"Lui Ochoa","@id":"https:\/\/www.manabi.gob.ec\/#\/schema\/person\/c4f117989332ad723a6ced5994aa7d7a"},"headline":"V\u00eda La Trinidad 3\u2013Jamita vuelve a dar paso seguro a comunidades productivas de Flavio Alfaro y Chone","datePublished":"2026-01-19T16:45:52+00:00","dateModified":"2026-01-19T16:45:53+00:00","mainEntityOfPage":{"@id":"https:\/\/www.manabi.gob.ec\/index.php\/via-la-trinidad-3-jamita-vuelve-a-dar-paso-seguro-a-comunidades-productivas-de-flavio-alfaro-y-chone\/"},"wordCount":413,"image":{"@id":"https:\/\/www.manabi.gob.ec\/index.php\/via-la-trinidad-3-jamita-vuelve-a-dar-paso-seguro-a-comunidades-productivas-de-flavio-alfaro-y-chone\/#primaryimage"},"thumbnailUrl":"https:\/\/www.manabi.gob.ec\/wp-content\/uploads\/2026\/01\/Gemini_Generated_Image_g8lclsg8lclsg8lc.png","articleSection":["Ambiente","Desarrollo Social","Flavio Alfaro","Noticias","Obra P\u00fablica","Todas"],"inLanguage":"es"},{"@type":"WebPage","@id":"https:\/\/www.manabi.gob.ec\/index.php\/via-la-trinidad-3-jamita-vuelve-a-dar-paso-seguro-a-comunidades-productivas-de-flavio-alfaro-y-chone\/","url":"https:\/\/www.manabi.gob.ec\/index.php\/via-la-trinidad-3-jamita-vuelve-a-dar-paso-seguro-a-comunidades-productivas-de-flavio-alfaro-y-chone\/","name":"V\u00eda La Trinidad 3\u2013Jamita vuelve a dar paso seguro a comunidades productivas de Flavio Alfaro y Chone - Prefectura de Manab\u00ed","isPartOf":{"@id":"https:\/\/www.manabi.gob.ec\/#website"},"primaryImageOfPage":{"@id":"https:\/\/www.manabi.gob.ec\/index.php\/via-la-trinidad-3-jamita-vuelve-a-dar-paso-seguro-a-comunidades-productivas-de-flavio-alfaro-y-chone\/#primaryimage"},"image":{"@id":"https:\/\/www.manabi.gob.ec\/index.php\/via-la-trinidad-3-jamita-vuelve-a-dar-paso-seguro-a-comunidades-productivas-de-flavio-alfaro-y-chone\/#primaryimage"},"thumbnailUrl":"https:\/\/www.manabi.gob.ec\/wp-content\/uploads\/2026\/01\/Gemini_Generated_Image_g8lclsg8lclsg8lc.png","datePublished":"2026-01-19T16:45:52+00:00","dateModified":"2026-01-19T16:45:53+00:00","author":{"@id":"https:\/\/www.manabi.gob.ec\/#\/schema\/person\/c4f117989332ad723a6ced5994aa7d7a"},"breadcrumb":{"@id":"https:\/\/www.manabi.gob.ec\/index.php\/via-la-trinidad-3-jamita-vuelve-a-dar-paso-seguro-a-comunidades-productivas-de-flavio-alfaro-y-chone\/#breadcrumb"},"inLanguage":"es","potentialAction":[{"@type":"ReadAction","target":["https:\/\/www.manabi.gob.ec\/index.php\/via-la-trinidad-3-jamita-vuelve-a-dar-paso-seguro-a-comunidades-productivas-de-flavio-alfaro-y-chone\/"]}]},{"@type":"ImageObject","inLanguage":"es","@id":"https:\/\/www.manabi.gob.ec\/index.php\/via-la-trinidad-3-jamita-vuelve-a-dar-paso-seguro-a-comunidades-productivas-de-flavio-alfaro-y-chone\/#primaryimage","url":"https:\/\/www.manabi.gob.ec\/wp-content\/uploads\/2026\/01\/Gemini_Generated_Image_g8lclsg8lclsg8lc.png","contentUrl":"https:\/\/www.manabi.gob.ec\/wp-content\/uploads\/2026\/01\/Gemini_Generated_Image_g8lclsg8lclsg8lc.png","width":2528,"height":1696},{"@type":"BreadcrumbList","@id":"https:\/\/www.manabi.gob.ec\/index.php\/via-la-trinidad-3-jamita-vuelve-a-dar-paso-seguro-a-comunidades-productivas-de-flavio-alfaro-y-chone\/#breadcrumb","itemListElement":[{"@type":"ListItem","position":1,"name":"Portada","item":"https:\/\/www.manabi.gob.ec\/"},{"@type":"ListItem","position":2,"name":"V\u00eda La Trinidad 3\u2013Jamita vuelve a dar paso seguro a comunidades productivas de Flavio Alfaro y Chone"}]},{"@type":"WebSite","@id":"https:\/\/www.manabi.gob.ec\/#website","url":"https:\/\/www.manabi.gob.ec\/","name":"Prefectura de Manab\u00ed","description":"P\u00e1gina web de la prefectura","potentialAction":[{"@type":"SearchAction","target":{"@type":"EntryPoint","urlTemplate":"https:\/\/www.manabi.gob.ec\/?s={search_term_string}"},"query-input":{"@type":"PropertyValueSpecification","valueRequired":true,"valueName":"search_term_string"}}],"inLanguage":"es"},{"@type":"Person","@id":"https:\/\/www.manabi.gob.ec\/#\/schema\/person\/c4f117989332ad723a6ced5994aa7d7a","name":"Lui Ochoa","image":{"@type":"ImageObject","inLanguage":"es","@id":"https:\/\/secure.gravatar.com\/avatar\/6e8017d0fe69dead8a95864d2eb6e1e1d8bf8e01194ba49cf7b897ff038126ba?s=96&d=mm&r=g","url":"https:\/\/secure.gravatar.com\/avatar\/6e8017d0fe69dead8a95864d2eb6e1e1d8bf8e01194ba49cf7b897ff038126ba?s=96&d=mm&r=g","contentUrl":"https:\/\/secure.gravatar.com\/avatar\/6e8017d0fe69dead8a95864d2eb6e1e1d8bf8e01194ba49cf7b897ff038126ba?s=96&d=mm&r=g","caption":"Lui Ochoa"},"url":"https:\/\/www.manabi.gob.ec\/index.php\/author\/lochoa\/"}]}},"jetpack_featured_media_url":"https:\/\/www.manabi.gob.ec\/wp-content\/uploads\/2026\/01\/Gemini_Generated_Image_g8lclsg8lclsg8lc.png","_links":{"self":[{"href":"https:\/\/www.manabi.gob.ec\/index.php\/wp-json\/wp\/v2\/posts\/32703","targetHints":{"allow":["GET"]}}],"collection":[{"href":"https:\/\/www.manabi.gob.ec\/index.php\/wp-json\/wp\/v2\/posts"}],"about":[{"href":"https:\/\/www.manabi.gob.ec\/index.php\/wp-json\/wp\/v2\/types\/post"}],"author":[{"embeddable":true,"href":"https:\/\/www.manabi.gob.ec\/index.php\/wp-json\/wp\/v2\/users\/10"}],"replies":[{"embeddable":true,"href":"https:\/\/www.manabi.gob.ec\/index.php\/wp-json\/wp\/v2\/comments?post=32703"}],"version-history":[{"count":1,"href":"https:\/\/www.manabi.gob.ec\/index.php\/wp-json\/wp\/v2\/posts\/32703\/revisions"}],"predecessor-version":[{"id":32705,"href":"https:\/\/www.manabi.gob.ec\/index.php\/wp-json\/wp\/v2\/posts\/32703\/revisions\/32705"}],"wp:featuredmedia":[{"embeddable":true,"href":"https:\/\/www.manabi.gob.ec\/index.php\/wp-json\/wp\/v2\/media\/32704"}],"wp:attachment":[{"href":"https:\/\/www.manabi.gob.ec\/index.php\/wp-json\/wp\/v2\/media?parent=32703"}],"wp:term":[{"taxonomy":"category","embeddable":true,"href":"https:\/\/www.manabi.gob.ec\/index.php\/wp-json\/wp\/v2\/categories?post=32703"},{"taxonomy":"post_tag","embeddable":true,"href":"https:\/\/www.manabi.gob.ec\/index.php\/wp-json\/wp\/v2\/tags?post=32703"}],"curies":[{"name":"wp","href":"https:\/\/api.w.org\/{rel}","templated":true}]}}