{"id":32744,"date":"2026-01-21T19:07:23","date_gmt":"2026-01-21T19:07:23","guid":{"rendered":"https:\/\/www.manabi.gob.ec\/?p=32744"},"modified":"2026-01-21T19:07:24","modified_gmt":"2026-01-21T19:07:24","slug":"coordinamos-acciones-de-trabajo-con-los-gads-parroquiales-rurales-de-chone","status":"publish","type":"post","link":"https:\/\/www.manabi.gob.ec\/index.php\/coordinamos-acciones-de-trabajo-con-los-gads-parroquiales-rurales-de-chone\/","title":{"rendered":"Coordinamos acciones de trabajo con los GADs parroquiales rurales de Chone"},"content":{"rendered":"\n<p>Con el objetivo de dar seguimiento a las obras en ejecuci\u00f3n y a los proyectos planificados, el prefecto de Manab\u00ed, Leonardo Orlando, sostuvo una jornada de trabajo con los presidentes de los GAD parroquiales rurales del cant\u00f3n Chone, el jueves 15 de enero.<\/p>\n\n\n\n<p>Durante el encuentro participaron equipos t\u00e9cnicos de la instituci\u00f3n provincial, y se abordaron temas como mejoras de la red vial rural y acciones en el \u00e1mbito social. Adem\u00e1s, se revisaron los convenios que se mantiene con los GAD parroquiales para la ejecuci\u00f3n de obras , y la autoridad provincial ratific\u00f3 su compromiso de continuar con la planificaci\u00f3n de trabajo establecida, que se continuar\u00e1 haciendo de manera articulada con los gobiernos locales.<\/p>\n\n\n\n<p>\u201cSiempre habr\u00e1 apertura para escuchar a las comunidades. El desarrollo de Manab\u00ed solo es posible con compromiso y trabajo en unidad entre la Prefectura y los gobiernos parroquiales\u201d, indic\u00f3 el prefecto Leonardo Orlando y destac\u00f3 la importancia del di\u00e1logo permanente con los territorios.<\/p>\n\n\n\n<p>En la reuni\u00f3n participaron los presidentes de las parroquias Boyac\u00e1, Canuto, Chibunga, Convento, Eloy Alfaro, Ricaurte y San Antonio, quienes expusieron las principales necesidades de sus territorios y coordinaron acciones conjuntas con la Prefectura.<\/p>\n\n\n\n<p>Los representantes parroquiales agradecieron la apertura y la atenci\u00f3n brindada por el Prefecto, quien les permiti\u00f3 plantear las prioridades de sus parroquias y fortalecer el trabajo articulado en beneficio de las comunidades. Resaltaron que el di\u00e1logo directo y el compromiso institucional generan confianza y garantizan una atenci\u00f3n responsable y cercana a los territorios.<\/p>\n\n\n\n<p>La reuni\u00f3n forma parte del trabajo articulado impulsado por el prefecto Orlando, quien en d\u00edas anteriores se reuni\u00f3 con los presidentes parroquiales rurales de los cantones Jipijapa, Portoviejo, Rocafuerte, San Vicente, Bol\u00edvar y Santa Ana. En los pr\u00f3ximos d\u00edas se reunir\u00e1 con los representantes de los dem\u00e1s cantones manabitas, como parte de una planificaci\u00f3n orientada al desarrollo equitativo y sostenible de la provincia.<\/p>\n","protected":false},"excerpt":{"rendered":"<p>Con el objetivo de dar seguimiento a las obras en ejecuci\u00f3n y a los proyectos planificados, el prefecto de Manab\u00ed, Leonardo Orlando, sostuvo una jornada de trabajo con los presidentes de los GAD parroquiales rurales del cant\u00f3n Chone, el jueves 15 de enero. Durante el encuentro participaron equipos t\u00e9cnicos de la instituci\u00f3n provincial, y se [&hellip;]<\/p>\n","protected":false},"author":10,"featured_media":32745,"comment_status":"closed","ping_status":"closed","sticky":false,"template":"","format":"standard","meta":{"_joinchat":[],"footnotes":""},"categories":[150,141,142,92,91],"tags":[],"class_list":["post-32744","post","type-post","status-publish","format-standard","has-post-thumbnail","hentry","category-ambiente","category-chone","category-desarrollo-social","category-noticias-manabi","category-todas"],"yoast_head":"<!-- This site is optimized with the Yoast SEO plugin v27.4 - https:\/\/yoast.com\/product\/yoast-seo-wordpress\/ -->\n<title>Coordinamos acciones de trabajo con los GADs parroquiales rurales de Chone - Prefectura de Manab\u00ed<\/title>\n<meta name=\"robots\" content=\"index, follow, max-snippet:-1, max-image-preview:large, max-video-preview:-1\" \/>\n<link rel=\"canonical\" href=\"https:\/\/www.manabi.gob.ec\/index.php\/coordinamos-acciones-de-trabajo-con-los-gads-parroquiales-rurales-de-chone\/\" \/>\n<meta property=\"og:locale\" content=\"es_ES\" \/>\n<meta property=\"og:type\" content=\"article\" \/>\n<meta property=\"og:title\" content=\"Coordinamos acciones de trabajo con los GADs parroquiales rurales de Chone - Prefectura de Manab\u00ed\" \/>\n<meta property=\"og:description\" content=\"Con el objetivo de dar seguimiento a las obras en ejecuci\u00f3n y a los proyectos planificados, el prefecto de Manab\u00ed, Leonardo Orlando, sostuvo una jornada de trabajo con los presidentes de los GAD parroquiales rurales del cant\u00f3n Chone, el jueves 15 de enero. Durante el encuentro participaron equipos t\u00e9cnicos de la instituci\u00f3n provincial, y se [&hellip;]\" \/>\n<meta property=\"og:url\" content=\"https:\/\/www.manabi.gob.ec\/index.php\/coordinamos-acciones-de-trabajo-con-los-gads-parroquiales-rurales-de-chone\/\" \/>\n<meta property=\"og:site_name\" content=\"Prefectura de Manab\u00ed\" \/>\n<meta property=\"article:published_time\" content=\"2026-01-21T19:07:23+00:00\" \/>\n<meta property=\"article:modified_time\" content=\"2026-01-21T19:07:24+00:00\" \/>\n<meta property=\"og:image\" content=\"https:\/\/www.manabi.gob.ec\/wp-content\/uploads\/2026\/01\/WhatsApp-Image-2026-01-21-at-2.05.37-PM.jpeg\" \/>\n\t<meta property=\"og:image:width\" content=\"1280\" \/>\n\t<meta property=\"og:image:height\" content=\"853\" \/>\n\t<meta property=\"og:image:type\" content=\"image\/jpeg\" \/>\n<meta name=\"author\" content=\"Lui Ochoa\" \/>\n<meta name=\"twitter:card\" content=\"summary_large_image\" \/>\n<meta name=\"twitter:label1\" content=\"Escrito por\" \/>\n\t<meta name=\"twitter:data1\" content=\"Lui Ochoa\" \/>\n\t<meta name=\"twitter:label2\" content=\"Tiempo de lectura\" \/>\n\t<meta name=\"twitter:data2\" content=\"2 minutos\" \/>\n<script type=\"application\/ld+json\" class=\"yoast-schema-graph\">{\"@context\":\"https:\\\/\\\/schema.org\",\"@graph\":[{\"@type\":\"Article\",\"@id\":\"https:\\\/\\\/www.manabi.gob.ec\\\/index.php\\\/coordinamos-acciones-de-trabajo-con-los-gads-parroquiales-rurales-de-chone\\\/#article\",\"isPartOf\":{\"@id\":\"https:\\\/\\\/www.manabi.gob.ec\\\/index.php\\\/coordinamos-acciones-de-trabajo-con-los-gads-parroquiales-rurales-de-chone\\\/\"},\"author\":{\"name\":\"Lui Ochoa\",\"@id\":\"https:\\\/\\\/www.manabi.gob.ec\\\/#\\\/schema\\\/person\\\/c4f117989332ad723a6ced5994aa7d7a\"},\"headline\":\"Coordinamos acciones de trabajo con los GADs parroquiales rurales de Chone\",\"datePublished\":\"2026-01-21T19:07:23+00:00\",\"dateModified\":\"2026-01-21T19:07:24+00:00\",\"mainEntityOfPage\":{\"@id\":\"https:\\\/\\\/www.manabi.gob.ec\\\/index.php\\\/coordinamos-acciones-de-trabajo-con-los-gads-parroquiales-rurales-de-chone\\\/\"},\"wordCount\":335,\"image\":{\"@id\":\"https:\\\/\\\/www.manabi.gob.ec\\\/index.php\\\/coordinamos-acciones-de-trabajo-con-los-gads-parroquiales-rurales-de-chone\\\/#primaryimage\"},\"thumbnailUrl\":\"https:\\\/\\\/www.manabi.gob.ec\\\/wp-content\\\/uploads\\\/2026\\\/01\\\/WhatsApp-Image-2026-01-21-at-2.05.37-PM.jpeg\",\"articleSection\":[\"Ambiente\",\"Chone\",\"Desarrollo Social\",\"Noticias\",\"Todas\"],\"inLanguage\":\"es\"},{\"@type\":\"WebPage\",\"@id\":\"https:\\\/\\\/www.manabi.gob.ec\\\/index.php\\\/coordinamos-acciones-de-trabajo-con-los-gads-parroquiales-rurales-de-chone\\\/\",\"url\":\"https:\\\/\\\/www.manabi.gob.ec\\\/index.php\\\/coordinamos-acciones-de-trabajo-con-los-gads-parroquiales-rurales-de-chone\\\/\",\"name\":\"Coordinamos acciones de trabajo con los GADs parroquiales rurales de Chone - Prefectura de Manab\u00ed\",\"isPartOf\":{\"@id\":\"https:\\\/\\\/www.manabi.gob.ec\\\/#website\"},\"primaryImageOfPage\":{\"@id\":\"https:\\\/\\\/www.manabi.gob.ec\\\/index.php\\\/coordinamos-acciones-de-trabajo-con-los-gads-parroquiales-rurales-de-chone\\\/#primaryimage\"},\"image\":{\"@id\":\"https:\\\/\\\/www.manabi.gob.ec\\\/index.php\\\/coordinamos-acciones-de-trabajo-con-los-gads-parroquiales-rurales-de-chone\\\/#primaryimage\"},\"thumbnailUrl\":\"https:\\\/\\\/www.manabi.gob.ec\\\/wp-content\\\/uploads\\\/2026\\\/01\\\/WhatsApp-Image-2026-01-21-at-2.05.37-PM.jpeg\",\"datePublished\":\"2026-01-21T19:07:23+00:00\",\"dateModified\":\"2026-01-21T19:07:24+00:00\",\"author\":{\"@id\":\"https:\\\/\\\/www.manabi.gob.ec\\\/#\\\/schema\\\/person\\\/c4f117989332ad723a6ced5994aa7d7a\"},\"breadcrumb\":{\"@id\":\"https:\\\/\\\/www.manabi.gob.ec\\\/index.php\\\/coordinamos-acciones-de-trabajo-con-los-gads-parroquiales-rurales-de-chone\\\/#breadcrumb\"},\"inLanguage\":\"es\",\"potentialAction\":[{\"@type\":\"ReadAction\",\"target\":[\"https:\\\/\\\/www.manabi.gob.ec\\\/index.php\\\/coordinamos-acciones-de-trabajo-con-los-gads-parroquiales-rurales-de-chone\\\/\"]}]},{\"@type\":\"ImageObject\",\"inLanguage\":\"es\",\"@id\":\"https:\\\/\\\/www.manabi.gob.ec\\\/index.php\\\/coordinamos-acciones-de-trabajo-con-los-gads-parroquiales-rurales-de-chone\\\/#primaryimage\",\"url\":\"https:\\\/\\\/www.manabi.gob.ec\\\/wp-content\\\/uploads\\\/2026\\\/01\\\/WhatsApp-Image-2026-01-21-at-2.05.37-PM.jpeg\",\"contentUrl\":\"https:\\\/\\\/www.manabi.gob.ec\\\/wp-content\\\/uploads\\\/2026\\\/01\\\/WhatsApp-Image-2026-01-21-at-2.05.37-PM.jpeg\",\"width\":1280,\"height\":853},{\"@type\":\"BreadcrumbList\",\"@id\":\"https:\\\/\\\/www.manabi.gob.ec\\\/index.php\\\/coordinamos-acciones-de-trabajo-con-los-gads-parroquiales-rurales-de-chone\\\/#breadcrumb\",\"itemListElement\":[{\"@type\":\"ListItem\",\"position\":1,\"name\":\"Portada\",\"item\":\"https:\\\/\\\/www.manabi.gob.ec\\\/\"},{\"@type\":\"ListItem\",\"position\":2,\"name\":\"Coordinamos acciones de trabajo con los GADs parroquiales rurales de Chone\"}]},{\"@type\":\"WebSite\",\"@id\":\"https:\\\/\\\/www.manabi.gob.ec\\\/#website\",\"url\":\"https:\\\/\\\/www.manabi.gob.ec\\\/\",\"name\":\"Prefectura de Manab\u00ed\",\"description\":\"P\u00e1gina web de la prefectura\",\"potentialAction\":[{\"@type\":\"SearchAction\",\"target\":{\"@type\":\"EntryPoint\",\"urlTemplate\":\"https:\\\/\\\/www.manabi.gob.ec\\\/?s={search_term_string}\"},\"query-input\":{\"@type\":\"PropertyValueSpecification\",\"valueRequired\":true,\"valueName\":\"search_term_string\"}}],\"inLanguage\":\"es\"},{\"@type\":\"Person\",\"@id\":\"https:\\\/\\\/www.manabi.gob.ec\\\/#\\\/schema\\\/person\\\/c4f117989332ad723a6ced5994aa7d7a\",\"name\":\"Lui Ochoa\",\"image\":{\"@type\":\"ImageObject\",\"inLanguage\":\"es\",\"@id\":\"https:\\\/\\\/secure.gravatar.com\\\/avatar\\\/6e8017d0fe69dead8a95864d2eb6e1e1d8bf8e01194ba49cf7b897ff038126ba?s=96&d=mm&r=g\",\"url\":\"https:\\\/\\\/secure.gravatar.com\\\/avatar\\\/6e8017d0fe69dead8a95864d2eb6e1e1d8bf8e01194ba49cf7b897ff038126ba?s=96&d=mm&r=g\",\"contentUrl\":\"https:\\\/\\\/secure.gravatar.com\\\/avatar\\\/6e8017d0fe69dead8a95864d2eb6e1e1d8bf8e01194ba49cf7b897ff038126ba?s=96&d=mm&r=g\",\"caption\":\"Lui Ochoa\"},\"url\":\"https:\\\/\\\/www.manabi.gob.ec\\\/index.php\\\/author\\\/lochoa\\\/\"}]}<\/script>\n<!-- \/ Yoast SEO plugin. -->","yoast_head_json":{"title":"Coordinamos acciones de trabajo con los GADs parroquiales rurales de Chone - Prefectura de Manab\u00ed","robots":{"index":"index","follow":"follow","max-snippet":"max-snippet:-1","max-image-preview":"max-image-preview:large","max-video-preview":"max-video-preview:-1"},"canonical":"https:\/\/www.manabi.gob.ec\/index.php\/coordinamos-acciones-de-trabajo-con-los-gads-parroquiales-rurales-de-chone\/","og_locale":"es_ES","og_type":"article","og_title":"Coordinamos acciones de trabajo con los GADs parroquiales rurales de Chone - Prefectura de Manab\u00ed","og_description":"Con el objetivo de dar seguimiento a las obras en ejecuci\u00f3n y a los proyectos planificados, el prefecto de Manab\u00ed, Leonardo Orlando, sostuvo una jornada de trabajo con los presidentes de los GAD parroquiales rurales del cant\u00f3n Chone, el jueves 15 de enero. Durante el encuentro participaron equipos t\u00e9cnicos de la instituci\u00f3n provincial, y se [&hellip;]","og_url":"https:\/\/www.manabi.gob.ec\/index.php\/coordinamos-acciones-de-trabajo-con-los-gads-parroquiales-rurales-de-chone\/","og_site_name":"Prefectura de Manab\u00ed","article_published_time":"2026-01-21T19:07:23+00:00","article_modified_time":"2026-01-21T19:07:24+00:00","og_image":[{"width":1280,"height":853,"url":"https:\/\/www.manabi.gob.ec\/wp-content\/uploads\/2026\/01\/WhatsApp-Image-2026-01-21-at-2.05.37-PM.jpeg","type":"image\/jpeg"}],"author":"Lui Ochoa","twitter_card":"summary_large_image","twitter_misc":{"Escrito por":"Lui Ochoa","Tiempo de lectura":"2 minutos"},"schema":{"@context":"https:\/\/schema.org","@graph":[{"@type":"Article","@id":"https:\/\/www.manabi.gob.ec\/index.php\/coordinamos-acciones-de-trabajo-con-los-gads-parroquiales-rurales-de-chone\/#article","isPartOf":{"@id":"https:\/\/www.manabi.gob.ec\/index.php\/coordinamos-acciones-de-trabajo-con-los-gads-parroquiales-rurales-de-chone\/"},"author":{"name":"Lui Ochoa","@id":"https:\/\/www.manabi.gob.ec\/#\/schema\/person\/c4f117989332ad723a6ced5994aa7d7a"},"headline":"Coordinamos acciones de trabajo con los GADs parroquiales rurales de Chone","datePublished":"2026-01-21T19:07:23+00:00","dateModified":"2026-01-21T19:07:24+00:00","mainEntityOfPage":{"@id":"https:\/\/www.manabi.gob.ec\/index.php\/coordinamos-acciones-de-trabajo-con-los-gads-parroquiales-rurales-de-chone\/"},"wordCount":335,"image":{"@id":"https:\/\/www.manabi.gob.ec\/index.php\/coordinamos-acciones-de-trabajo-con-los-gads-parroquiales-rurales-de-chone\/#primaryimage"},"thumbnailUrl":"https:\/\/www.manabi.gob.ec\/wp-content\/uploads\/2026\/01\/WhatsApp-Image-2026-01-21-at-2.05.37-PM.jpeg","articleSection":["Ambiente","Chone","Desarrollo Social","Noticias","Todas"],"inLanguage":"es"},{"@type":"WebPage","@id":"https:\/\/www.manabi.gob.ec\/index.php\/coordinamos-acciones-de-trabajo-con-los-gads-parroquiales-rurales-de-chone\/","url":"https:\/\/www.manabi.gob.ec\/index.php\/coordinamos-acciones-de-trabajo-con-los-gads-parroquiales-rurales-de-chone\/","name":"Coordinamos acciones de trabajo con los GADs parroquiales rurales de Chone - Prefectura de Manab\u00ed","isPartOf":{"@id":"https:\/\/www.manabi.gob.ec\/#website"},"primaryImageOfPage":{"@id":"https:\/\/www.manabi.gob.ec\/index.php\/coordinamos-acciones-de-trabajo-con-los-gads-parroquiales-rurales-de-chone\/#primaryimage"},"image":{"@id":"https:\/\/www.manabi.gob.ec\/index.php\/coordinamos-acciones-de-trabajo-con-los-gads-parroquiales-rurales-de-chone\/#primaryimage"},"thumbnailUrl":"https:\/\/www.manabi.gob.ec\/wp-content\/uploads\/2026\/01\/WhatsApp-Image-2026-01-21-at-2.05.37-PM.jpeg","datePublished":"2026-01-21T19:07:23+00:00","dateModified":"2026-01-21T19:07:24+00:00","author":{"@id":"https:\/\/www.manabi.gob.ec\/#\/schema\/person\/c4f117989332ad723a6ced5994aa7d7a"},"breadcrumb":{"@id":"https:\/\/www.manabi.gob.ec\/index.php\/coordinamos-acciones-de-trabajo-con-los-gads-parroquiales-rurales-de-chone\/#breadcrumb"},"inLanguage":"es","potentialAction":[{"@type":"ReadAction","target":["https:\/\/www.manabi.gob.ec\/index.php\/coordinamos-acciones-de-trabajo-con-los-gads-parroquiales-rurales-de-chone\/"]}]},{"@type":"ImageObject","inLanguage":"es","@id":"https:\/\/www.manabi.gob.ec\/index.php\/coordinamos-acciones-de-trabajo-con-los-gads-parroquiales-rurales-de-chone\/#primaryimage","url":"https:\/\/www.manabi.gob.ec\/wp-content\/uploads\/2026\/01\/WhatsApp-Image-2026-01-21-at-2.05.37-PM.jpeg","contentUrl":"https:\/\/www.manabi.gob.ec\/wp-content\/uploads\/2026\/01\/WhatsApp-Image-2026-01-21-at-2.05.37-PM.jpeg","width":1280,"height":853},{"@type":"BreadcrumbList","@id":"https:\/\/www.manabi.gob.ec\/index.php\/coordinamos-acciones-de-trabajo-con-los-gads-parroquiales-rurales-de-chone\/#breadcrumb","itemListElement":[{"@type":"ListItem","position":1,"name":"Portada","item":"https:\/\/www.manabi.gob.ec\/"},{"@type":"ListItem","position":2,"name":"Coordinamos acciones de trabajo con los GADs parroquiales rurales de Chone"}]},{"@type":"WebSite","@id":"https:\/\/www.manabi.gob.ec\/#website","url":"https:\/\/www.manabi.gob.ec\/","name":"Prefectura de Manab\u00ed","description":"P\u00e1gina web de la prefectura","potentialAction":[{"@type":"SearchAction","target":{"@type":"EntryPoint","urlTemplate":"https:\/\/www.manabi.gob.ec\/?s={search_term_string}"},"query-input":{"@type":"PropertyValueSpecification","valueRequired":true,"valueName":"search_term_string"}}],"inLanguage":"es"},{"@type":"Person","@id":"https:\/\/www.manabi.gob.ec\/#\/schema\/person\/c4f117989332ad723a6ced5994aa7d7a","name":"Lui Ochoa","image":{"@type":"ImageObject","inLanguage":"es","@id":"https:\/\/secure.gravatar.com\/avatar\/6e8017d0fe69dead8a95864d2eb6e1e1d8bf8e01194ba49cf7b897ff038126ba?s=96&d=mm&r=g","url":"https:\/\/secure.gravatar.com\/avatar\/6e8017d0fe69dead8a95864d2eb6e1e1d8bf8e01194ba49cf7b897ff038126ba?s=96&d=mm&r=g","contentUrl":"https:\/\/secure.gravatar.com\/avatar\/6e8017d0fe69dead8a95864d2eb6e1e1d8bf8e01194ba49cf7b897ff038126ba?s=96&d=mm&r=g","caption":"Lui Ochoa"},"url":"https:\/\/www.manabi.gob.ec\/index.php\/author\/lochoa\/"}]}},"jetpack_featured_media_url":"https:\/\/www.manabi.gob.ec\/wp-content\/uploads\/2026\/01\/WhatsApp-Image-2026-01-21-at-2.05.37-PM.jpeg","_links":{"self":[{"href":"https:\/\/www.manabi.gob.ec\/index.php\/wp-json\/wp\/v2\/posts\/32744","targetHints":{"allow":["GET"]}}],"collection":[{"href":"https:\/\/www.manabi.gob.ec\/index.php\/wp-json\/wp\/v2\/posts"}],"about":[{"href":"https:\/\/www.manabi.gob.ec\/index.php\/wp-json\/wp\/v2\/types\/post"}],"author":[{"embeddable":true,"href":"https:\/\/www.manabi.gob.ec\/index.php\/wp-json\/wp\/v2\/users\/10"}],"replies":[{"embeddable":true,"href":"https:\/\/www.manabi.gob.ec\/index.php\/wp-json\/wp\/v2\/comments?post=32744"}],"version-history":[{"count":1,"href":"https:\/\/www.manabi.gob.ec\/index.php\/wp-json\/wp\/v2\/posts\/32744\/revisions"}],"predecessor-version":[{"id":32746,"href":"https:\/\/www.manabi.gob.ec\/index.php\/wp-json\/wp\/v2\/posts\/32744\/revisions\/32746"}],"wp:featuredmedia":[{"embeddable":true,"href":"https:\/\/www.manabi.gob.ec\/index.php\/wp-json\/wp\/v2\/media\/32745"}],"wp:attachment":[{"href":"https:\/\/www.manabi.gob.ec\/index.php\/wp-json\/wp\/v2\/media?parent=32744"}],"wp:term":[{"taxonomy":"category","embeddable":true,"href":"https:\/\/www.manabi.gob.ec\/index.php\/wp-json\/wp\/v2\/categories?post=32744"},{"taxonomy":"post_tag","embeddable":true,"href":"https:\/\/www.manabi.gob.ec\/index.php\/wp-json\/wp\/v2\/tags?post=32744"}],"curies":[{"name":"wp","href":"https:\/\/api.w.org\/{rel}","templated":true}]}}