{"id":32754,"date":"2026-01-22T00:18:32","date_gmt":"2026-01-22T00:18:32","guid":{"rendered":"https:\/\/www.manabi.gob.ec\/?p=32754"},"modified":"2026-01-22T00:18:32","modified_gmt":"2026-01-22T00:18:32","slug":"el-deporte-se-adapta-a-capacidades-diferentes","status":"publish","type":"post","link":"https:\/\/www.manabi.gob.ec\/index.php\/el-deporte-se-adapta-a-capacidades-diferentes\/","title":{"rendered":"\u00a1El deporte se adapta a capacidades diferentes!"},"content":{"rendered":"\n<p>El estilo de vida de Jennifer Franco cambi\u00f3 desde que forma parte del proyecto de multidisciplinas, con deporte adaptado, que impulsa la Prefectura de Manab\u00ed en convenio con la Federaci\u00f3n Deportiva de Manab\u00ed. Ella ahora practica boccia, un juego dise\u00f1ado para personas con discapacidad y movilidad reducida.<\/p>\n\n\n\n<p>\u201cEstamos muy contentos que nos tomen en cuenta. Jennifer pasaba mucho en el celular, ahora est\u00e1 m\u00e1s activa. El ejercicio le sirve mucho como terapia\u201d, asegur\u00f3 Gerardo Esteban, su representante.<\/p>\n\n\n\n<p>\u201cConectados con el deporte\u201d es un proyecto, que inici\u00f3 en diciembre 2025 y se extender\u00e1 hasta junio del 2026, que impulsa la actividad deportiva para fortalecer las capacidades sociales con la pr\u00e1ctica de disciplinas como el b\u00e1squet, entrenamiento funcional, ajedrez, tenis de mesa, deporte adaptado , judo, lucha, boxeo, entre otros; y tiene alcance provincial con m\u00e1s de 1.300 ni\u00f1os, ni\u00f1as y adolescentes como beneficiarios.<\/p>\n\n\n\n<p>Silvio Larrea, subdirector de deportes y recreaci\u00f3n de la Prefectura de Manab\u00ed, inform\u00f3 que adem\u00e1s de las actividades deportivas a los participantes se les brindar\u00e1 todos los servicios de salud que lleva adelante la instituci\u00f3n adem\u00e1s de terapias f\u00edsicas.<\/p>\n\n\n\n<p>Gregorio Intriago, deportista de boccia, agradeci\u00f3 la creaci\u00f3n de estos espacios que le permiten a las personas con discapacidad impulsar sus capacidades. \u201cEstamos seguros que se van a sumar m\u00e1s personas a la pr\u00e1ctica de esta disciplina\u201d, mencion\u00f3.<\/p>\n","protected":false},"excerpt":{"rendered":"<p>El estilo de vida de Jennifer Franco cambi\u00f3 desde que forma parte del proyecto de multidisciplinas, con deporte adaptado, que impulsa la Prefectura de Manab\u00ed en convenio con la Federaci\u00f3n Deportiva de Manab\u00ed. Ella ahora practica boccia, un juego dise\u00f1ado para personas con discapacidad y movilidad reducida. \u201cEstamos muy contentos que nos tomen en cuenta. [&hellip;]<\/p>\n","protected":false},"author":10,"featured_media":32755,"comment_status":"closed","ping_status":"closed","sticky":false,"template":"","format":"standard","meta":{"_joinchat":[],"footnotes":""},"categories":[150,142,92,91],"tags":[],"class_list":["post-32754","post","type-post","status-publish","format-standard","has-post-thumbnail","hentry","category-ambiente","category-desarrollo-social","category-noticias-manabi","category-todas"],"yoast_head":"<!-- This site is optimized with the Yoast SEO plugin v27.4 - https:\/\/yoast.com\/product\/yoast-seo-wordpress\/ -->\n<title>\u00a1El deporte se adapta a capacidades diferentes! - Prefectura de Manab\u00ed<\/title>\n<meta name=\"robots\" content=\"index, follow, max-snippet:-1, max-image-preview:large, max-video-preview:-1\" \/>\n<link rel=\"canonical\" href=\"https:\/\/www.manabi.gob.ec\/index.php\/el-deporte-se-adapta-a-capacidades-diferentes\/\" \/>\n<meta property=\"og:locale\" content=\"es_ES\" \/>\n<meta property=\"og:type\" content=\"article\" \/>\n<meta property=\"og:title\" content=\"\u00a1El deporte se adapta a capacidades diferentes! - Prefectura de Manab\u00ed\" \/>\n<meta property=\"og:description\" content=\"El estilo de vida de Jennifer Franco cambi\u00f3 desde que forma parte del proyecto de multidisciplinas, con deporte adaptado, que impulsa la Prefectura de Manab\u00ed en convenio con la Federaci\u00f3n Deportiva de Manab\u00ed. Ella ahora practica boccia, un juego dise\u00f1ado para personas con discapacidad y movilidad reducida. \u201cEstamos muy contentos que nos tomen en cuenta. [&hellip;]\" \/>\n<meta property=\"og:url\" content=\"https:\/\/www.manabi.gob.ec\/index.php\/el-deporte-se-adapta-a-capacidades-diferentes\/\" \/>\n<meta property=\"og:site_name\" content=\"Prefectura de Manab\u00ed\" \/>\n<meta property=\"article:published_time\" content=\"2026-01-22T00:18:32+00:00\" \/>\n<meta property=\"og:image\" content=\"https:\/\/www.manabi.gob.ec\/wp-content\/uploads\/2026\/01\/WhatsApp-Image-2026-01-21-at-4.42.13-PM.jpeg\" \/>\n\t<meta property=\"og:image:width\" content=\"1280\" \/>\n\t<meta property=\"og:image:height\" content=\"966\" \/>\n\t<meta property=\"og:image:type\" content=\"image\/jpeg\" \/>\n<meta name=\"author\" content=\"Lui Ochoa\" \/>\n<meta name=\"twitter:card\" content=\"summary_large_image\" \/>\n<meta name=\"twitter:label1\" content=\"Escrito por\" \/>\n\t<meta name=\"twitter:data1\" content=\"Lui Ochoa\" \/>\n\t<meta name=\"twitter:label2\" content=\"Tiempo de lectura\" \/>\n\t<meta name=\"twitter:data2\" content=\"2 minutos\" \/>\n<script type=\"application\/ld+json\" class=\"yoast-schema-graph\">{\"@context\":\"https:\\\/\\\/schema.org\",\"@graph\":[{\"@type\":\"Article\",\"@id\":\"https:\\\/\\\/www.manabi.gob.ec\\\/index.php\\\/el-deporte-se-adapta-a-capacidades-diferentes\\\/#article\",\"isPartOf\":{\"@id\":\"https:\\\/\\\/www.manabi.gob.ec\\\/index.php\\\/el-deporte-se-adapta-a-capacidades-diferentes\\\/\"},\"author\":{\"name\":\"Lui Ochoa\",\"@id\":\"https:\\\/\\\/www.manabi.gob.ec\\\/#\\\/schema\\\/person\\\/c4f117989332ad723a6ced5994aa7d7a\"},\"headline\":\"\u00a1El deporte se adapta a capacidades diferentes!\",\"datePublished\":\"2026-01-22T00:18:32+00:00\",\"mainEntityOfPage\":{\"@id\":\"https:\\\/\\\/www.manabi.gob.ec\\\/index.php\\\/el-deporte-se-adapta-a-capacidades-diferentes\\\/\"},\"wordCount\":238,\"image\":{\"@id\":\"https:\\\/\\\/www.manabi.gob.ec\\\/index.php\\\/el-deporte-se-adapta-a-capacidades-diferentes\\\/#primaryimage\"},\"thumbnailUrl\":\"https:\\\/\\\/www.manabi.gob.ec\\\/wp-content\\\/uploads\\\/2026\\\/01\\\/WhatsApp-Image-2026-01-21-at-4.42.13-PM.jpeg\",\"articleSection\":[\"Ambiente\",\"Desarrollo Social\",\"Noticias\",\"Todas\"],\"inLanguage\":\"es\"},{\"@type\":\"WebPage\",\"@id\":\"https:\\\/\\\/www.manabi.gob.ec\\\/index.php\\\/el-deporte-se-adapta-a-capacidades-diferentes\\\/\",\"url\":\"https:\\\/\\\/www.manabi.gob.ec\\\/index.php\\\/el-deporte-se-adapta-a-capacidades-diferentes\\\/\",\"name\":\"\u00a1El deporte se adapta a capacidades diferentes! - Prefectura de Manab\u00ed\",\"isPartOf\":{\"@id\":\"https:\\\/\\\/www.manabi.gob.ec\\\/#website\"},\"primaryImageOfPage\":{\"@id\":\"https:\\\/\\\/www.manabi.gob.ec\\\/index.php\\\/el-deporte-se-adapta-a-capacidades-diferentes\\\/#primaryimage\"},\"image\":{\"@id\":\"https:\\\/\\\/www.manabi.gob.ec\\\/index.php\\\/el-deporte-se-adapta-a-capacidades-diferentes\\\/#primaryimage\"},\"thumbnailUrl\":\"https:\\\/\\\/www.manabi.gob.ec\\\/wp-content\\\/uploads\\\/2026\\\/01\\\/WhatsApp-Image-2026-01-21-at-4.42.13-PM.jpeg\",\"datePublished\":\"2026-01-22T00:18:32+00:00\",\"author\":{\"@id\":\"https:\\\/\\\/www.manabi.gob.ec\\\/#\\\/schema\\\/person\\\/c4f117989332ad723a6ced5994aa7d7a\"},\"breadcrumb\":{\"@id\":\"https:\\\/\\\/www.manabi.gob.ec\\\/index.php\\\/el-deporte-se-adapta-a-capacidades-diferentes\\\/#breadcrumb\"},\"inLanguage\":\"es\",\"potentialAction\":[{\"@type\":\"ReadAction\",\"target\":[\"https:\\\/\\\/www.manabi.gob.ec\\\/index.php\\\/el-deporte-se-adapta-a-capacidades-diferentes\\\/\"]}]},{\"@type\":\"ImageObject\",\"inLanguage\":\"es\",\"@id\":\"https:\\\/\\\/www.manabi.gob.ec\\\/index.php\\\/el-deporte-se-adapta-a-capacidades-diferentes\\\/#primaryimage\",\"url\":\"https:\\\/\\\/www.manabi.gob.ec\\\/wp-content\\\/uploads\\\/2026\\\/01\\\/WhatsApp-Image-2026-01-21-at-4.42.13-PM.jpeg\",\"contentUrl\":\"https:\\\/\\\/www.manabi.gob.ec\\\/wp-content\\\/uploads\\\/2026\\\/01\\\/WhatsApp-Image-2026-01-21-at-4.42.13-PM.jpeg\",\"width\":1280,\"height\":966},{\"@type\":\"BreadcrumbList\",\"@id\":\"https:\\\/\\\/www.manabi.gob.ec\\\/index.php\\\/el-deporte-se-adapta-a-capacidades-diferentes\\\/#breadcrumb\",\"itemListElement\":[{\"@type\":\"ListItem\",\"position\":1,\"name\":\"Portada\",\"item\":\"https:\\\/\\\/www.manabi.gob.ec\\\/\"},{\"@type\":\"ListItem\",\"position\":2,\"name\":\"\u00a1El deporte se adapta a capacidades diferentes!\"}]},{\"@type\":\"WebSite\",\"@id\":\"https:\\\/\\\/www.manabi.gob.ec\\\/#website\",\"url\":\"https:\\\/\\\/www.manabi.gob.ec\\\/\",\"name\":\"Prefectura de Manab\u00ed\",\"description\":\"P\u00e1gina web de la prefectura\",\"potentialAction\":[{\"@type\":\"SearchAction\",\"target\":{\"@type\":\"EntryPoint\",\"urlTemplate\":\"https:\\\/\\\/www.manabi.gob.ec\\\/?s={search_term_string}\"},\"query-input\":{\"@type\":\"PropertyValueSpecification\",\"valueRequired\":true,\"valueName\":\"search_term_string\"}}],\"inLanguage\":\"es\"},{\"@type\":\"Person\",\"@id\":\"https:\\\/\\\/www.manabi.gob.ec\\\/#\\\/schema\\\/person\\\/c4f117989332ad723a6ced5994aa7d7a\",\"name\":\"Lui Ochoa\",\"image\":{\"@type\":\"ImageObject\",\"inLanguage\":\"es\",\"@id\":\"https:\\\/\\\/secure.gravatar.com\\\/avatar\\\/6e8017d0fe69dead8a95864d2eb6e1e1d8bf8e01194ba49cf7b897ff038126ba?s=96&d=mm&r=g\",\"url\":\"https:\\\/\\\/secure.gravatar.com\\\/avatar\\\/6e8017d0fe69dead8a95864d2eb6e1e1d8bf8e01194ba49cf7b897ff038126ba?s=96&d=mm&r=g\",\"contentUrl\":\"https:\\\/\\\/secure.gravatar.com\\\/avatar\\\/6e8017d0fe69dead8a95864d2eb6e1e1d8bf8e01194ba49cf7b897ff038126ba?s=96&d=mm&r=g\",\"caption\":\"Lui Ochoa\"},\"url\":\"https:\\\/\\\/www.manabi.gob.ec\\\/index.php\\\/author\\\/lochoa\\\/\"}]}<\/script>\n<!-- \/ Yoast SEO plugin. -->","yoast_head_json":{"title":"\u00a1El deporte se adapta a capacidades diferentes! - Prefectura de Manab\u00ed","robots":{"index":"index","follow":"follow","max-snippet":"max-snippet:-1","max-image-preview":"max-image-preview:large","max-video-preview":"max-video-preview:-1"},"canonical":"https:\/\/www.manabi.gob.ec\/index.php\/el-deporte-se-adapta-a-capacidades-diferentes\/","og_locale":"es_ES","og_type":"article","og_title":"\u00a1El deporte se adapta a capacidades diferentes! - Prefectura de Manab\u00ed","og_description":"El estilo de vida de Jennifer Franco cambi\u00f3 desde que forma parte del proyecto de multidisciplinas, con deporte adaptado, que impulsa la Prefectura de Manab\u00ed en convenio con la Federaci\u00f3n Deportiva de Manab\u00ed. Ella ahora practica boccia, un juego dise\u00f1ado para personas con discapacidad y movilidad reducida. \u201cEstamos muy contentos que nos tomen en cuenta. [&hellip;]","og_url":"https:\/\/www.manabi.gob.ec\/index.php\/el-deporte-se-adapta-a-capacidades-diferentes\/","og_site_name":"Prefectura de Manab\u00ed","article_published_time":"2026-01-22T00:18:32+00:00","og_image":[{"width":1280,"height":966,"url":"https:\/\/www.manabi.gob.ec\/wp-content\/uploads\/2026\/01\/WhatsApp-Image-2026-01-21-at-4.42.13-PM.jpeg","type":"image\/jpeg"}],"author":"Lui Ochoa","twitter_card":"summary_large_image","twitter_misc":{"Escrito por":"Lui Ochoa","Tiempo de lectura":"2 minutos"},"schema":{"@context":"https:\/\/schema.org","@graph":[{"@type":"Article","@id":"https:\/\/www.manabi.gob.ec\/index.php\/el-deporte-se-adapta-a-capacidades-diferentes\/#article","isPartOf":{"@id":"https:\/\/www.manabi.gob.ec\/index.php\/el-deporte-se-adapta-a-capacidades-diferentes\/"},"author":{"name":"Lui Ochoa","@id":"https:\/\/www.manabi.gob.ec\/#\/schema\/person\/c4f117989332ad723a6ced5994aa7d7a"},"headline":"\u00a1El deporte se adapta a capacidades diferentes!","datePublished":"2026-01-22T00:18:32+00:00","mainEntityOfPage":{"@id":"https:\/\/www.manabi.gob.ec\/index.php\/el-deporte-se-adapta-a-capacidades-diferentes\/"},"wordCount":238,"image":{"@id":"https:\/\/www.manabi.gob.ec\/index.php\/el-deporte-se-adapta-a-capacidades-diferentes\/#primaryimage"},"thumbnailUrl":"https:\/\/www.manabi.gob.ec\/wp-content\/uploads\/2026\/01\/WhatsApp-Image-2026-01-21-at-4.42.13-PM.jpeg","articleSection":["Ambiente","Desarrollo Social","Noticias","Todas"],"inLanguage":"es"},{"@type":"WebPage","@id":"https:\/\/www.manabi.gob.ec\/index.php\/el-deporte-se-adapta-a-capacidades-diferentes\/","url":"https:\/\/www.manabi.gob.ec\/index.php\/el-deporte-se-adapta-a-capacidades-diferentes\/","name":"\u00a1El deporte se adapta a capacidades diferentes! - Prefectura de Manab\u00ed","isPartOf":{"@id":"https:\/\/www.manabi.gob.ec\/#website"},"primaryImageOfPage":{"@id":"https:\/\/www.manabi.gob.ec\/index.php\/el-deporte-se-adapta-a-capacidades-diferentes\/#primaryimage"},"image":{"@id":"https:\/\/www.manabi.gob.ec\/index.php\/el-deporte-se-adapta-a-capacidades-diferentes\/#primaryimage"},"thumbnailUrl":"https:\/\/www.manabi.gob.ec\/wp-content\/uploads\/2026\/01\/WhatsApp-Image-2026-01-21-at-4.42.13-PM.jpeg","datePublished":"2026-01-22T00:18:32+00:00","author":{"@id":"https:\/\/www.manabi.gob.ec\/#\/schema\/person\/c4f117989332ad723a6ced5994aa7d7a"},"breadcrumb":{"@id":"https:\/\/www.manabi.gob.ec\/index.php\/el-deporte-se-adapta-a-capacidades-diferentes\/#breadcrumb"},"inLanguage":"es","potentialAction":[{"@type":"ReadAction","target":["https:\/\/www.manabi.gob.ec\/index.php\/el-deporte-se-adapta-a-capacidades-diferentes\/"]}]},{"@type":"ImageObject","inLanguage":"es","@id":"https:\/\/www.manabi.gob.ec\/index.php\/el-deporte-se-adapta-a-capacidades-diferentes\/#primaryimage","url":"https:\/\/www.manabi.gob.ec\/wp-content\/uploads\/2026\/01\/WhatsApp-Image-2026-01-21-at-4.42.13-PM.jpeg","contentUrl":"https:\/\/www.manabi.gob.ec\/wp-content\/uploads\/2026\/01\/WhatsApp-Image-2026-01-21-at-4.42.13-PM.jpeg","width":1280,"height":966},{"@type":"BreadcrumbList","@id":"https:\/\/www.manabi.gob.ec\/index.php\/el-deporte-se-adapta-a-capacidades-diferentes\/#breadcrumb","itemListElement":[{"@type":"ListItem","position":1,"name":"Portada","item":"https:\/\/www.manabi.gob.ec\/"},{"@type":"ListItem","position":2,"name":"\u00a1El deporte se adapta a capacidades diferentes!"}]},{"@type":"WebSite","@id":"https:\/\/www.manabi.gob.ec\/#website","url":"https:\/\/www.manabi.gob.ec\/","name":"Prefectura de Manab\u00ed","description":"P\u00e1gina web de la prefectura","potentialAction":[{"@type":"SearchAction","target":{"@type":"EntryPoint","urlTemplate":"https:\/\/www.manabi.gob.ec\/?s={search_term_string}"},"query-input":{"@type":"PropertyValueSpecification","valueRequired":true,"valueName":"search_term_string"}}],"inLanguage":"es"},{"@type":"Person","@id":"https:\/\/www.manabi.gob.ec\/#\/schema\/person\/c4f117989332ad723a6ced5994aa7d7a","name":"Lui Ochoa","image":{"@type":"ImageObject","inLanguage":"es","@id":"https:\/\/secure.gravatar.com\/avatar\/6e8017d0fe69dead8a95864d2eb6e1e1d8bf8e01194ba49cf7b897ff038126ba?s=96&d=mm&r=g","url":"https:\/\/secure.gravatar.com\/avatar\/6e8017d0fe69dead8a95864d2eb6e1e1d8bf8e01194ba49cf7b897ff038126ba?s=96&d=mm&r=g","contentUrl":"https:\/\/secure.gravatar.com\/avatar\/6e8017d0fe69dead8a95864d2eb6e1e1d8bf8e01194ba49cf7b897ff038126ba?s=96&d=mm&r=g","caption":"Lui Ochoa"},"url":"https:\/\/www.manabi.gob.ec\/index.php\/author\/lochoa\/"}]}},"jetpack_featured_media_url":"https:\/\/www.manabi.gob.ec\/wp-content\/uploads\/2026\/01\/WhatsApp-Image-2026-01-21-at-4.42.13-PM.jpeg","_links":{"self":[{"href":"https:\/\/www.manabi.gob.ec\/index.php\/wp-json\/wp\/v2\/posts\/32754","targetHints":{"allow":["GET"]}}],"collection":[{"href":"https:\/\/www.manabi.gob.ec\/index.php\/wp-json\/wp\/v2\/posts"}],"about":[{"href":"https:\/\/www.manabi.gob.ec\/index.php\/wp-json\/wp\/v2\/types\/post"}],"author":[{"embeddable":true,"href":"https:\/\/www.manabi.gob.ec\/index.php\/wp-json\/wp\/v2\/users\/10"}],"replies":[{"embeddable":true,"href":"https:\/\/www.manabi.gob.ec\/index.php\/wp-json\/wp\/v2\/comments?post=32754"}],"version-history":[{"count":1,"href":"https:\/\/www.manabi.gob.ec\/index.php\/wp-json\/wp\/v2\/posts\/32754\/revisions"}],"predecessor-version":[{"id":32756,"href":"https:\/\/www.manabi.gob.ec\/index.php\/wp-json\/wp\/v2\/posts\/32754\/revisions\/32756"}],"wp:featuredmedia":[{"embeddable":true,"href":"https:\/\/www.manabi.gob.ec\/index.php\/wp-json\/wp\/v2\/media\/32755"}],"wp:attachment":[{"href":"https:\/\/www.manabi.gob.ec\/index.php\/wp-json\/wp\/v2\/media?parent=32754"}],"wp:term":[{"taxonomy":"category","embeddable":true,"href":"https:\/\/www.manabi.gob.ec\/index.php\/wp-json\/wp\/v2\/categories?post=32754"},{"taxonomy":"post_tag","embeddable":true,"href":"https:\/\/www.manabi.gob.ec\/index.php\/wp-json\/wp\/v2\/tags?post=32754"}],"curies":[{"name":"wp","href":"https:\/\/api.w.org\/{rel}","templated":true}]}}