{"id":32802,"date":"2026-01-27T19:35:19","date_gmt":"2026-01-27T19:35:19","guid":{"rendered":"https:\/\/www.manabi.gob.ec\/?p=32802"},"modified":"2026-01-27T19:35:19","modified_gmt":"2026-01-27T19:35:19","slug":"mejoramos-la-conectividad-y-vida-de-la-pobacion-rural-de-el-anegado-de-jipijapa","status":"publish","type":"post","link":"https:\/\/www.manabi.gob.ec\/index.php\/mejoramos-la-conectividad-y-vida-de-la-pobacion-rural-de-el-anegado-de-jipijapa\/","title":{"rendered":"Mejoramos la&nbsp; conectividad y vida de la pobaci\u00f3n rural de El Anegado de Jipijapa"},"content":{"rendered":"\n<p class=\"p1\">Los trabajos de mantenimiento vial que se ejecutan en la parroquia rural El Anegado, del cant\u00f3n Jipijapa, ya generan beneficios directos para la poblaci\u00f3n de las comunidades, al mejorar la movilidad, la seguridad y para la transportaci\u00f3n&nbsp; de la producci\u00f3n agr\u00edcola.<\/p>\n\n\n\n<p class=\"p1\">Las labores se desarrollan con maquinaria contratada, a trav\u00e9s de ferias inclusivas, y administraci\u00f3n directa, y abarcan varios tramos estrat\u00e9gicos de la parroquia. Entre las v\u00edas ya intervenidas constan Los Vergeles\u2013Agua Pato (5,8 km), Agua Pato\u2013Secal (4,2 km) y El Guarango\u2013Cruce de Secal (654 metros), que hoy facilitan el tr\u00e1nsito y el acceso a las comunidades rurales.<\/p>\n\n\n\n<p class=\"p1\">De manera complementaria, se contin\u00faan los trabajos en la v\u00eda La Cerecita\u2013Pan y Agua\u2013El Secal (5,1 km), donde se ejecuta el afirmado y transporte de material de mejoramiento, recuperando un camino que por a\u00f1os present\u00f3 serias dificultades, especialmente durante la temporada invernal.<\/p>\n\n\n\n<p class=\"p1\">Para los habitantes, estas obras representan un cambio significativo en su d\u00eda a d\u00eda. Bartolo Gonz\u00e1lez, morador de la comunidad La Cerecita, record\u00f3 que antes la v\u00eda estaba pr\u00e1cticamente intransitable. \u201cAhora las volquetas pueden entrar y salir con el ma\u00edz; estamos contentos porque el camino est\u00e1 quedando muy bien\u201d, expres\u00f3.<\/p>\n\n\n\n<p class=\"p1\">En el recinto Pan y Agua, John Indacochea destac\u00f3 que esta intervenci\u00f3n beneficia a un sector altamente productivo. \u201cEsta es una v\u00eda principal para una zona maicera; estamos muy agradecidos con la Prefectura por atender una necesidad tan importante para nosotros\u201d, se\u00f1al\u00f3.<\/p>\n\n\n\n<p class=\"p1\">Por su parte, Roberto Figueroa Chancay, presidente de la comunidad Pan y Agua, subray\u00f3 que los trabajos no solo fortalecen la producci\u00f3n, sino que tambi\u00e9n mejoran la seguridad vial. Record\u00f3 que antes las lluvias colapsaban alcantarillas y generaban riesgos, mientras que hoy la v\u00eda avanza hacia un nivel de mejoramiento que beneficia el acceso a su comunidad y a toda la zona baja de la parroquia, y facilita la salida del ma\u00edz hacia los mercados de la sierra ecuatoriana.<\/p>\n","protected":false},"excerpt":{"rendered":"<p>Los trabajos de mantenimiento vial que se ejecutan en la parroquia rural El Anegado, del cant\u00f3n Jipijapa, ya generan beneficios directos para la poblaci\u00f3n de las comunidades, al mejorar la movilidad, la seguridad y para la transportaci\u00f3n&nbsp; de la producci\u00f3n agr\u00edcola. Las labores se desarrollan con maquinaria contratada, a trav\u00e9s de ferias inclusivas, y administraci\u00f3n [&hellip;]<\/p>\n","protected":false},"author":10,"featured_media":32801,"comment_status":"closed","ping_status":"","sticky":false,"template":"","format":"standard","meta":{"_joinchat":[],"footnotes":""},"categories":[150,142,123,92,91],"tags":[],"class_list":["post-32802","post","type-post","status-publish","format-standard","has-post-thumbnail","hentry","category-ambiente","category-desarrollo-social","category-jipijapa","category-noticias-manabi","category-todas"],"yoast_head":"<!-- This site is optimized with the Yoast SEO plugin v27.4 - https:\/\/yoast.com\/product\/yoast-seo-wordpress\/ -->\n<title>Mejoramos la&nbsp; conectividad y vida de la pobaci\u00f3n rural de El Anegado de Jipijapa - Prefectura de Manab\u00ed<\/title>\n<meta name=\"robots\" content=\"index, follow, max-snippet:-1, max-image-preview:large, max-video-preview:-1\" \/>\n<link rel=\"canonical\" href=\"https:\/\/www.manabi.gob.ec\/index.php\/mejoramos-la-conectividad-y-vida-de-la-pobacion-rural-de-el-anegado-de-jipijapa\/\" \/>\n<meta property=\"og:locale\" content=\"es_ES\" \/>\n<meta property=\"og:type\" content=\"article\" \/>\n<meta property=\"og:title\" content=\"Mejoramos la&nbsp; conectividad y vida de la pobaci\u00f3n rural de El Anegado de Jipijapa - Prefectura de Manab\u00ed\" \/>\n<meta property=\"og:description\" content=\"Los trabajos de mantenimiento vial que se ejecutan en la parroquia rural El Anegado, del cant\u00f3n Jipijapa, ya generan beneficios directos para la poblaci\u00f3n de las comunidades, al mejorar la movilidad, la seguridad y para la transportaci\u00f3n&nbsp; de la producci\u00f3n agr\u00edcola. Las labores se desarrollan con maquinaria contratada, a trav\u00e9s de ferias inclusivas, y administraci\u00f3n [&hellip;]\" \/>\n<meta property=\"og:url\" content=\"https:\/\/www.manabi.gob.ec\/index.php\/mejoramos-la-conectividad-y-vida-de-la-pobacion-rural-de-el-anegado-de-jipijapa\/\" \/>\n<meta property=\"og:site_name\" content=\"Prefectura de Manab\u00ed\" \/>\n<meta property=\"article:published_time\" content=\"2026-01-27T19:35:19+00:00\" \/>\n<meta property=\"og:image\" content=\"https:\/\/www.manabi.gob.ec\/wp-content\/uploads\/2026\/01\/5bcf9b11-2a0f-4583-94a9-cbbdc311f7f9.jpg\" \/>\n\t<meta property=\"og:image:width\" content=\"2000\" \/>\n\t<meta property=\"og:image:height\" content=\"1500\" \/>\n\t<meta property=\"og:image:type\" content=\"image\/jpeg\" \/>\n<meta name=\"author\" content=\"Lui Ochoa\" \/>\n<meta name=\"twitter:card\" content=\"summary_large_image\" \/>\n<meta name=\"twitter:label1\" content=\"Escrito por\" \/>\n\t<meta name=\"twitter:data1\" content=\"Lui Ochoa\" \/>\n\t<meta name=\"twitter:label2\" content=\"Tiempo de lectura\" \/>\n\t<meta name=\"twitter:data2\" content=\"2 minutos\" \/>\n<script type=\"application\/ld+json\" class=\"yoast-schema-graph\">{\"@context\":\"https:\\\/\\\/schema.org\",\"@graph\":[{\"@type\":\"Article\",\"@id\":\"https:\\\/\\\/www.manabi.gob.ec\\\/index.php\\\/mejoramos-la-conectividad-y-vida-de-la-pobacion-rural-de-el-anegado-de-jipijapa\\\/#article\",\"isPartOf\":{\"@id\":\"https:\\\/\\\/www.manabi.gob.ec\\\/index.php\\\/mejoramos-la-conectividad-y-vida-de-la-pobacion-rural-de-el-anegado-de-jipijapa\\\/\"},\"author\":{\"name\":\"Lui Ochoa\",\"@id\":\"https:\\\/\\\/www.manabi.gob.ec\\\/#\\\/schema\\\/person\\\/c4f117989332ad723a6ced5994aa7d7a\"},\"headline\":\"Mejoramos la&nbsp; conectividad y vida de la pobaci\u00f3n rural de El Anegado de Jipijapa\",\"datePublished\":\"2026-01-27T19:35:19+00:00\",\"mainEntityOfPage\":{\"@id\":\"https:\\\/\\\/www.manabi.gob.ec\\\/index.php\\\/mejoramos-la-conectividad-y-vida-de-la-pobacion-rural-de-el-anegado-de-jipijapa\\\/\"},\"wordCount\":355,\"image\":{\"@id\":\"https:\\\/\\\/www.manabi.gob.ec\\\/index.php\\\/mejoramos-la-conectividad-y-vida-de-la-pobacion-rural-de-el-anegado-de-jipijapa\\\/#primaryimage\"},\"thumbnailUrl\":\"https:\\\/\\\/www.manabi.gob.ec\\\/wp-content\\\/uploads\\\/2026\\\/01\\\/5bcf9b11-2a0f-4583-94a9-cbbdc311f7f9.jpg\",\"articleSection\":[\"Ambiente\",\"Desarrollo Social\",\"Jipijapa\",\"Noticias\",\"Todas\"],\"inLanguage\":\"es\"},{\"@type\":\"WebPage\",\"@id\":\"https:\\\/\\\/www.manabi.gob.ec\\\/index.php\\\/mejoramos-la-conectividad-y-vida-de-la-pobacion-rural-de-el-anegado-de-jipijapa\\\/\",\"url\":\"https:\\\/\\\/www.manabi.gob.ec\\\/index.php\\\/mejoramos-la-conectividad-y-vida-de-la-pobacion-rural-de-el-anegado-de-jipijapa\\\/\",\"name\":\"Mejoramos la&nbsp; conectividad y vida de la pobaci\u00f3n rural de El Anegado de Jipijapa - Prefectura de Manab\u00ed\",\"isPartOf\":{\"@id\":\"https:\\\/\\\/www.manabi.gob.ec\\\/#website\"},\"primaryImageOfPage\":{\"@id\":\"https:\\\/\\\/www.manabi.gob.ec\\\/index.php\\\/mejoramos-la-conectividad-y-vida-de-la-pobacion-rural-de-el-anegado-de-jipijapa\\\/#primaryimage\"},\"image\":{\"@id\":\"https:\\\/\\\/www.manabi.gob.ec\\\/index.php\\\/mejoramos-la-conectividad-y-vida-de-la-pobacion-rural-de-el-anegado-de-jipijapa\\\/#primaryimage\"},\"thumbnailUrl\":\"https:\\\/\\\/www.manabi.gob.ec\\\/wp-content\\\/uploads\\\/2026\\\/01\\\/5bcf9b11-2a0f-4583-94a9-cbbdc311f7f9.jpg\",\"datePublished\":\"2026-01-27T19:35:19+00:00\",\"author\":{\"@id\":\"https:\\\/\\\/www.manabi.gob.ec\\\/#\\\/schema\\\/person\\\/c4f117989332ad723a6ced5994aa7d7a\"},\"breadcrumb\":{\"@id\":\"https:\\\/\\\/www.manabi.gob.ec\\\/index.php\\\/mejoramos-la-conectividad-y-vida-de-la-pobacion-rural-de-el-anegado-de-jipijapa\\\/#breadcrumb\"},\"inLanguage\":\"es\",\"potentialAction\":[{\"@type\":\"ReadAction\",\"target\":[\"https:\\\/\\\/www.manabi.gob.ec\\\/index.php\\\/mejoramos-la-conectividad-y-vida-de-la-pobacion-rural-de-el-anegado-de-jipijapa\\\/\"]}]},{\"@type\":\"ImageObject\",\"inLanguage\":\"es\",\"@id\":\"https:\\\/\\\/www.manabi.gob.ec\\\/index.php\\\/mejoramos-la-conectividad-y-vida-de-la-pobacion-rural-de-el-anegado-de-jipijapa\\\/#primaryimage\",\"url\":\"https:\\\/\\\/www.manabi.gob.ec\\\/wp-content\\\/uploads\\\/2026\\\/01\\\/5bcf9b11-2a0f-4583-94a9-cbbdc311f7f9.jpg\",\"contentUrl\":\"https:\\\/\\\/www.manabi.gob.ec\\\/wp-content\\\/uploads\\\/2026\\\/01\\\/5bcf9b11-2a0f-4583-94a9-cbbdc311f7f9.jpg\",\"width\":2000,\"height\":1500},{\"@type\":\"BreadcrumbList\",\"@id\":\"https:\\\/\\\/www.manabi.gob.ec\\\/index.php\\\/mejoramos-la-conectividad-y-vida-de-la-pobacion-rural-de-el-anegado-de-jipijapa\\\/#breadcrumb\",\"itemListElement\":[{\"@type\":\"ListItem\",\"position\":1,\"name\":\"Portada\",\"item\":\"https:\\\/\\\/www.manabi.gob.ec\\\/\"},{\"@type\":\"ListItem\",\"position\":2,\"name\":\"Mejoramos la&nbsp; conectividad y vida de la pobaci\u00f3n rural de El Anegado de Jipijapa\"}]},{\"@type\":\"WebSite\",\"@id\":\"https:\\\/\\\/www.manabi.gob.ec\\\/#website\",\"url\":\"https:\\\/\\\/www.manabi.gob.ec\\\/\",\"name\":\"Prefectura de Manab\u00ed\",\"description\":\"P\u00e1gina web de la prefectura\",\"potentialAction\":[{\"@type\":\"SearchAction\",\"target\":{\"@type\":\"EntryPoint\",\"urlTemplate\":\"https:\\\/\\\/www.manabi.gob.ec\\\/?s={search_term_string}\"},\"query-input\":{\"@type\":\"PropertyValueSpecification\",\"valueRequired\":true,\"valueName\":\"search_term_string\"}}],\"inLanguage\":\"es\"},{\"@type\":\"Person\",\"@id\":\"https:\\\/\\\/www.manabi.gob.ec\\\/#\\\/schema\\\/person\\\/c4f117989332ad723a6ced5994aa7d7a\",\"name\":\"Lui Ochoa\",\"image\":{\"@type\":\"ImageObject\",\"inLanguage\":\"es\",\"@id\":\"https:\\\/\\\/secure.gravatar.com\\\/avatar\\\/6e8017d0fe69dead8a95864d2eb6e1e1d8bf8e01194ba49cf7b897ff038126ba?s=96&d=mm&r=g\",\"url\":\"https:\\\/\\\/secure.gravatar.com\\\/avatar\\\/6e8017d0fe69dead8a95864d2eb6e1e1d8bf8e01194ba49cf7b897ff038126ba?s=96&d=mm&r=g\",\"contentUrl\":\"https:\\\/\\\/secure.gravatar.com\\\/avatar\\\/6e8017d0fe69dead8a95864d2eb6e1e1d8bf8e01194ba49cf7b897ff038126ba?s=96&d=mm&r=g\",\"caption\":\"Lui Ochoa\"},\"url\":\"https:\\\/\\\/www.manabi.gob.ec\\\/index.php\\\/author\\\/lochoa\\\/\"}]}<\/script>\n<!-- \/ Yoast SEO plugin. -->","yoast_head_json":{"title":"Mejoramos la&nbsp; conectividad y vida de la pobaci\u00f3n rural de El Anegado de Jipijapa - Prefectura de Manab\u00ed","robots":{"index":"index","follow":"follow","max-snippet":"max-snippet:-1","max-image-preview":"max-image-preview:large","max-video-preview":"max-video-preview:-1"},"canonical":"https:\/\/www.manabi.gob.ec\/index.php\/mejoramos-la-conectividad-y-vida-de-la-pobacion-rural-de-el-anegado-de-jipijapa\/","og_locale":"es_ES","og_type":"article","og_title":"Mejoramos la&nbsp; conectividad y vida de la pobaci\u00f3n rural de El Anegado de Jipijapa - Prefectura de Manab\u00ed","og_description":"Los trabajos de mantenimiento vial que se ejecutan en la parroquia rural El Anegado, del cant\u00f3n Jipijapa, ya generan beneficios directos para la poblaci\u00f3n de las comunidades, al mejorar la movilidad, la seguridad y para la transportaci\u00f3n&nbsp; de la producci\u00f3n agr\u00edcola. Las labores se desarrollan con maquinaria contratada, a trav\u00e9s de ferias inclusivas, y administraci\u00f3n [&hellip;]","og_url":"https:\/\/www.manabi.gob.ec\/index.php\/mejoramos-la-conectividad-y-vida-de-la-pobacion-rural-de-el-anegado-de-jipijapa\/","og_site_name":"Prefectura de Manab\u00ed","article_published_time":"2026-01-27T19:35:19+00:00","og_image":[{"width":2000,"height":1500,"url":"https:\/\/www.manabi.gob.ec\/wp-content\/uploads\/2026\/01\/5bcf9b11-2a0f-4583-94a9-cbbdc311f7f9.jpg","type":"image\/jpeg"}],"author":"Lui Ochoa","twitter_card":"summary_large_image","twitter_misc":{"Escrito por":"Lui Ochoa","Tiempo de lectura":"2 minutos"},"schema":{"@context":"https:\/\/schema.org","@graph":[{"@type":"Article","@id":"https:\/\/www.manabi.gob.ec\/index.php\/mejoramos-la-conectividad-y-vida-de-la-pobacion-rural-de-el-anegado-de-jipijapa\/#article","isPartOf":{"@id":"https:\/\/www.manabi.gob.ec\/index.php\/mejoramos-la-conectividad-y-vida-de-la-pobacion-rural-de-el-anegado-de-jipijapa\/"},"author":{"name":"Lui Ochoa","@id":"https:\/\/www.manabi.gob.ec\/#\/schema\/person\/c4f117989332ad723a6ced5994aa7d7a"},"headline":"Mejoramos la&nbsp; conectividad y vida de la pobaci\u00f3n rural de El Anegado de Jipijapa","datePublished":"2026-01-27T19:35:19+00:00","mainEntityOfPage":{"@id":"https:\/\/www.manabi.gob.ec\/index.php\/mejoramos-la-conectividad-y-vida-de-la-pobacion-rural-de-el-anegado-de-jipijapa\/"},"wordCount":355,"image":{"@id":"https:\/\/www.manabi.gob.ec\/index.php\/mejoramos-la-conectividad-y-vida-de-la-pobacion-rural-de-el-anegado-de-jipijapa\/#primaryimage"},"thumbnailUrl":"https:\/\/www.manabi.gob.ec\/wp-content\/uploads\/2026\/01\/5bcf9b11-2a0f-4583-94a9-cbbdc311f7f9.jpg","articleSection":["Ambiente","Desarrollo Social","Jipijapa","Noticias","Todas"],"inLanguage":"es"},{"@type":"WebPage","@id":"https:\/\/www.manabi.gob.ec\/index.php\/mejoramos-la-conectividad-y-vida-de-la-pobacion-rural-de-el-anegado-de-jipijapa\/","url":"https:\/\/www.manabi.gob.ec\/index.php\/mejoramos-la-conectividad-y-vida-de-la-pobacion-rural-de-el-anegado-de-jipijapa\/","name":"Mejoramos la&nbsp; conectividad y vida de la pobaci\u00f3n rural de El Anegado de Jipijapa - Prefectura de Manab\u00ed","isPartOf":{"@id":"https:\/\/www.manabi.gob.ec\/#website"},"primaryImageOfPage":{"@id":"https:\/\/www.manabi.gob.ec\/index.php\/mejoramos-la-conectividad-y-vida-de-la-pobacion-rural-de-el-anegado-de-jipijapa\/#primaryimage"},"image":{"@id":"https:\/\/www.manabi.gob.ec\/index.php\/mejoramos-la-conectividad-y-vida-de-la-pobacion-rural-de-el-anegado-de-jipijapa\/#primaryimage"},"thumbnailUrl":"https:\/\/www.manabi.gob.ec\/wp-content\/uploads\/2026\/01\/5bcf9b11-2a0f-4583-94a9-cbbdc311f7f9.jpg","datePublished":"2026-01-27T19:35:19+00:00","author":{"@id":"https:\/\/www.manabi.gob.ec\/#\/schema\/person\/c4f117989332ad723a6ced5994aa7d7a"},"breadcrumb":{"@id":"https:\/\/www.manabi.gob.ec\/index.php\/mejoramos-la-conectividad-y-vida-de-la-pobacion-rural-de-el-anegado-de-jipijapa\/#breadcrumb"},"inLanguage":"es","potentialAction":[{"@type":"ReadAction","target":["https:\/\/www.manabi.gob.ec\/index.php\/mejoramos-la-conectividad-y-vida-de-la-pobacion-rural-de-el-anegado-de-jipijapa\/"]}]},{"@type":"ImageObject","inLanguage":"es","@id":"https:\/\/www.manabi.gob.ec\/index.php\/mejoramos-la-conectividad-y-vida-de-la-pobacion-rural-de-el-anegado-de-jipijapa\/#primaryimage","url":"https:\/\/www.manabi.gob.ec\/wp-content\/uploads\/2026\/01\/5bcf9b11-2a0f-4583-94a9-cbbdc311f7f9.jpg","contentUrl":"https:\/\/www.manabi.gob.ec\/wp-content\/uploads\/2026\/01\/5bcf9b11-2a0f-4583-94a9-cbbdc311f7f9.jpg","width":2000,"height":1500},{"@type":"BreadcrumbList","@id":"https:\/\/www.manabi.gob.ec\/index.php\/mejoramos-la-conectividad-y-vida-de-la-pobacion-rural-de-el-anegado-de-jipijapa\/#breadcrumb","itemListElement":[{"@type":"ListItem","position":1,"name":"Portada","item":"https:\/\/www.manabi.gob.ec\/"},{"@type":"ListItem","position":2,"name":"Mejoramos la&nbsp; conectividad y vida de la pobaci\u00f3n rural de El Anegado de Jipijapa"}]},{"@type":"WebSite","@id":"https:\/\/www.manabi.gob.ec\/#website","url":"https:\/\/www.manabi.gob.ec\/","name":"Prefectura de Manab\u00ed","description":"P\u00e1gina web de la prefectura","potentialAction":[{"@type":"SearchAction","target":{"@type":"EntryPoint","urlTemplate":"https:\/\/www.manabi.gob.ec\/?s={search_term_string}"},"query-input":{"@type":"PropertyValueSpecification","valueRequired":true,"valueName":"search_term_string"}}],"inLanguage":"es"},{"@type":"Person","@id":"https:\/\/www.manabi.gob.ec\/#\/schema\/person\/c4f117989332ad723a6ced5994aa7d7a","name":"Lui Ochoa","image":{"@type":"ImageObject","inLanguage":"es","@id":"https:\/\/secure.gravatar.com\/avatar\/6e8017d0fe69dead8a95864d2eb6e1e1d8bf8e01194ba49cf7b897ff038126ba?s=96&d=mm&r=g","url":"https:\/\/secure.gravatar.com\/avatar\/6e8017d0fe69dead8a95864d2eb6e1e1d8bf8e01194ba49cf7b897ff038126ba?s=96&d=mm&r=g","contentUrl":"https:\/\/secure.gravatar.com\/avatar\/6e8017d0fe69dead8a95864d2eb6e1e1d8bf8e01194ba49cf7b897ff038126ba?s=96&d=mm&r=g","caption":"Lui Ochoa"},"url":"https:\/\/www.manabi.gob.ec\/index.php\/author\/lochoa\/"}]}},"jetpack_featured_media_url":"https:\/\/www.manabi.gob.ec\/wp-content\/uploads\/2026\/01\/5bcf9b11-2a0f-4583-94a9-cbbdc311f7f9.jpg","_links":{"self":[{"href":"https:\/\/www.manabi.gob.ec\/index.php\/wp-json\/wp\/v2\/posts\/32802","targetHints":{"allow":["GET"]}}],"collection":[{"href":"https:\/\/www.manabi.gob.ec\/index.php\/wp-json\/wp\/v2\/posts"}],"about":[{"href":"https:\/\/www.manabi.gob.ec\/index.php\/wp-json\/wp\/v2\/types\/post"}],"author":[{"embeddable":true,"href":"https:\/\/www.manabi.gob.ec\/index.php\/wp-json\/wp\/v2\/users\/10"}],"replies":[{"embeddable":true,"href":"https:\/\/www.manabi.gob.ec\/index.php\/wp-json\/wp\/v2\/comments?post=32802"}],"version-history":[{"count":1,"href":"https:\/\/www.manabi.gob.ec\/index.php\/wp-json\/wp\/v2\/posts\/32802\/revisions"}],"predecessor-version":[{"id":32803,"href":"https:\/\/www.manabi.gob.ec\/index.php\/wp-json\/wp\/v2\/posts\/32802\/revisions\/32803"}],"wp:featuredmedia":[{"embeddable":true,"href":"https:\/\/www.manabi.gob.ec\/index.php\/wp-json\/wp\/v2\/media\/32801"}],"wp:attachment":[{"href":"https:\/\/www.manabi.gob.ec\/index.php\/wp-json\/wp\/v2\/media?parent=32802"}],"wp:term":[{"taxonomy":"category","embeddable":true,"href":"https:\/\/www.manabi.gob.ec\/index.php\/wp-json\/wp\/v2\/categories?post=32802"},{"taxonomy":"post_tag","embeddable":true,"href":"https:\/\/www.manabi.gob.ec\/index.php\/wp-json\/wp\/v2\/tags?post=32802"}],"curies":[{"name":"wp","href":"https:\/\/api.w.org\/{rel}","templated":true}]}}