{"id":32811,"date":"2026-01-28T14:37:08","date_gmt":"2026-01-28T14:37:08","guid":{"rendered":"https:\/\/www.manabi.gob.ec\/?p=32811"},"modified":"2026-01-28T14:37:08","modified_gmt":"2026-01-28T14:37:08","slug":"brindamos-atencion-medica-y-ayuda-alimentaria-a-poblacion-vulnerable-del-canton-el-carmen","status":"publish","type":"post","link":"https:\/\/www.manabi.gob.ec\/index.php\/brindamos-atencion-medica-y-ayuda-alimentaria-a-poblacion-vulnerable-del-canton-el-carmen\/","title":{"rendered":"Brindamos atenci\u00f3n m\u00e9dica y ayuda alimentaria a poblaci\u00f3n vulnerable del cant\u00f3n El Carmen"},"content":{"rendered":"\n<p class=\"p1\">260 estudiantes de la&nbsp; Unidad Educativa Salvador Allende, ubicada en la comunidad R\u00edo de Oro del cant\u00f3n El Carmen, recibieron atenci\u00f3n m\u00e9dica gratuita en oftalmolog\u00eda, medicina general, odontolog\u00eda y nutrici\u00f3n, como parte de una brigada de salud de la Prefectura de Manab\u00ed.<\/p>\n\n\n\n<p class=\"p1\">&nbsp;La jornada cont\u00f3 con la participaci\u00f3n de la prefecta subrogante, Kelly Buenaventura Moreira,&nbsp; iniciativa que permiti\u00f3 atender de manera directa a ni\u00f1as, ni\u00f1os y adolescentes de sectores rurales, donde el acceso a servicios de salud especializados es limitado.&nbsp;<\/p>\n\n\n\n<p class=\"p1\">Leticia Villava, moradora de R\u00edo de Oro, destac\u00f3 la importancia de la jornada. \u201cPude hacer atender a mis hijos, que han tenido problemas respiratorios por el cambio de clima. Para nosotros es muy dif\u00edcil salir a los Sub- centros de salud \u201d, se\u00f1al\u00f3.<\/p>\n\n\n\n<p class=\"p1\">\u201cNuestro compromiso es llegar a los sectores rurales m\u00e1s distantes, donde muchas veces la atenci\u00f3n m\u00e9dica no llega con facilidad. La salud es una prioridad para quienes somos parte de la Prefectura de Manab\u00ed\u201d, manifest\u00f3 la perfrecta subrogante.&nbsp;<\/p>\n\n\n\n<p class=\"p1\">Posteriormente, la autoridad provincial se traslad\u00f3 a la parroquia 4 de Diciembre, donde entreg\u00f3 kits de alimentos a adultos mayores, quienes adem\u00e1s recibieron atenci\u00f3n m\u00e9dica y medicamentos gratuitos.<\/p>\n\n\n\n<p class=\"p1\">D\u00e1masos Burgos, de 77 a\u00f1os, y Manuel Valdez de 76 a\u00f1os, beneficiarios de la jornada, agradecieron el apoyo recibido.<\/p>\n","protected":false},"excerpt":{"rendered":"<p>260 estudiantes de la&nbsp; Unidad Educativa Salvador Allende, ubicada en la comunidad R\u00edo de Oro del cant\u00f3n El Carmen, recibieron atenci\u00f3n m\u00e9dica gratuita en oftalmolog\u00eda, medicina general, odontolog\u00eda y nutrici\u00f3n, como parte de una brigada de salud de la Prefectura de Manab\u00ed. &nbsp;La jornada cont\u00f3 con la participaci\u00f3n de la prefecta subrogante, Kelly Buenaventura Moreira,&nbsp; [&hellip;]<\/p>\n","protected":false},"author":10,"featured_media":32810,"comment_status":"closed","ping_status":"","sticky":false,"template":"","format":"standard","meta":{"_joinchat":[],"footnotes":""},"categories":[150,142,92,91],"tags":[],"class_list":["post-32811","post","type-post","status-publish","format-standard","has-post-thumbnail","hentry","category-ambiente","category-desarrollo-social","category-noticias-manabi","category-todas"],"yoast_head":"<!-- This site is optimized with the Yoast SEO plugin v27.4 - https:\/\/yoast.com\/product\/yoast-seo-wordpress\/ -->\n<title>Brindamos atenci\u00f3n m\u00e9dica y ayuda alimentaria a poblaci\u00f3n vulnerable del cant\u00f3n El Carmen - Prefectura de Manab\u00ed<\/title>\n<meta name=\"robots\" content=\"index, follow, max-snippet:-1, max-image-preview:large, max-video-preview:-1\" \/>\n<link rel=\"canonical\" href=\"https:\/\/www.manabi.gob.ec\/index.php\/brindamos-atencion-medica-y-ayuda-alimentaria-a-poblacion-vulnerable-del-canton-el-carmen\/\" \/>\n<meta property=\"og:locale\" content=\"es_ES\" \/>\n<meta property=\"og:type\" content=\"article\" \/>\n<meta property=\"og:title\" content=\"Brindamos atenci\u00f3n m\u00e9dica y ayuda alimentaria a poblaci\u00f3n vulnerable del cant\u00f3n El Carmen - Prefectura de Manab\u00ed\" \/>\n<meta property=\"og:description\" content=\"260 estudiantes de la&nbsp; Unidad Educativa Salvador Allende, ubicada en la comunidad R\u00edo de Oro del cant\u00f3n El Carmen, recibieron atenci\u00f3n m\u00e9dica gratuita en oftalmolog\u00eda, medicina general, odontolog\u00eda y nutrici\u00f3n, como parte de una brigada de salud de la Prefectura de Manab\u00ed. &nbsp;La jornada cont\u00f3 con la participaci\u00f3n de la prefecta subrogante, Kelly Buenaventura Moreira,&nbsp; [&hellip;]\" \/>\n<meta property=\"og:url\" content=\"https:\/\/www.manabi.gob.ec\/index.php\/brindamos-atencion-medica-y-ayuda-alimentaria-a-poblacion-vulnerable-del-canton-el-carmen\/\" \/>\n<meta property=\"og:site_name\" content=\"Prefectura de Manab\u00ed\" \/>\n<meta property=\"article:published_time\" content=\"2026-01-28T14:37:08+00:00\" \/>\n<meta property=\"og:image\" content=\"https:\/\/www.manabi.gob.ec\/wp-content\/uploads\/2026\/01\/b8fffcb0-db3f-41a0-9f89-c29c05df4fa2.jpg\" \/>\n\t<meta property=\"og:image:width\" content=\"2000\" \/>\n\t<meta property=\"og:image:height\" content=\"1333\" \/>\n\t<meta property=\"og:image:type\" content=\"image\/jpeg\" \/>\n<meta name=\"author\" content=\"Lui Ochoa\" \/>\n<meta name=\"twitter:card\" content=\"summary_large_image\" \/>\n<meta name=\"twitter:label1\" content=\"Escrito por\" \/>\n\t<meta name=\"twitter:data1\" content=\"Lui Ochoa\" \/>\n\t<meta name=\"twitter:label2\" content=\"Tiempo de lectura\" \/>\n\t<meta name=\"twitter:data2\" content=\"1 minuto\" \/>\n<script type=\"application\/ld+json\" class=\"yoast-schema-graph\">{\"@context\":\"https:\\\/\\\/schema.org\",\"@graph\":[{\"@type\":\"Article\",\"@id\":\"https:\\\/\\\/www.manabi.gob.ec\\\/index.php\\\/brindamos-atencion-medica-y-ayuda-alimentaria-a-poblacion-vulnerable-del-canton-el-carmen\\\/#article\",\"isPartOf\":{\"@id\":\"https:\\\/\\\/www.manabi.gob.ec\\\/index.php\\\/brindamos-atencion-medica-y-ayuda-alimentaria-a-poblacion-vulnerable-del-canton-el-carmen\\\/\"},\"author\":{\"name\":\"Lui Ochoa\",\"@id\":\"https:\\\/\\\/www.manabi.gob.ec\\\/#\\\/schema\\\/person\\\/c4f117989332ad723a6ced5994aa7d7a\"},\"headline\":\"Brindamos atenci\u00f3n m\u00e9dica y ayuda alimentaria a poblaci\u00f3n vulnerable del cant\u00f3n El Carmen\",\"datePublished\":\"2026-01-28T14:37:08+00:00\",\"mainEntityOfPage\":{\"@id\":\"https:\\\/\\\/www.manabi.gob.ec\\\/index.php\\\/brindamos-atencion-medica-y-ayuda-alimentaria-a-poblacion-vulnerable-del-canton-el-carmen\\\/\"},\"wordCount\":247,\"image\":{\"@id\":\"https:\\\/\\\/www.manabi.gob.ec\\\/index.php\\\/brindamos-atencion-medica-y-ayuda-alimentaria-a-poblacion-vulnerable-del-canton-el-carmen\\\/#primaryimage\"},\"thumbnailUrl\":\"https:\\\/\\\/www.manabi.gob.ec\\\/wp-content\\\/uploads\\\/2026\\\/01\\\/b8fffcb0-db3f-41a0-9f89-c29c05df4fa2.jpg\",\"articleSection\":[\"Ambiente\",\"Desarrollo Social\",\"Noticias\",\"Todas\"],\"inLanguage\":\"es\"},{\"@type\":\"WebPage\",\"@id\":\"https:\\\/\\\/www.manabi.gob.ec\\\/index.php\\\/brindamos-atencion-medica-y-ayuda-alimentaria-a-poblacion-vulnerable-del-canton-el-carmen\\\/\",\"url\":\"https:\\\/\\\/www.manabi.gob.ec\\\/index.php\\\/brindamos-atencion-medica-y-ayuda-alimentaria-a-poblacion-vulnerable-del-canton-el-carmen\\\/\",\"name\":\"Brindamos atenci\u00f3n m\u00e9dica y ayuda alimentaria a poblaci\u00f3n vulnerable del cant\u00f3n El Carmen - Prefectura de Manab\u00ed\",\"isPartOf\":{\"@id\":\"https:\\\/\\\/www.manabi.gob.ec\\\/#website\"},\"primaryImageOfPage\":{\"@id\":\"https:\\\/\\\/www.manabi.gob.ec\\\/index.php\\\/brindamos-atencion-medica-y-ayuda-alimentaria-a-poblacion-vulnerable-del-canton-el-carmen\\\/#primaryimage\"},\"image\":{\"@id\":\"https:\\\/\\\/www.manabi.gob.ec\\\/index.php\\\/brindamos-atencion-medica-y-ayuda-alimentaria-a-poblacion-vulnerable-del-canton-el-carmen\\\/#primaryimage\"},\"thumbnailUrl\":\"https:\\\/\\\/www.manabi.gob.ec\\\/wp-content\\\/uploads\\\/2026\\\/01\\\/b8fffcb0-db3f-41a0-9f89-c29c05df4fa2.jpg\",\"datePublished\":\"2026-01-28T14:37:08+00:00\",\"author\":{\"@id\":\"https:\\\/\\\/www.manabi.gob.ec\\\/#\\\/schema\\\/person\\\/c4f117989332ad723a6ced5994aa7d7a\"},\"breadcrumb\":{\"@id\":\"https:\\\/\\\/www.manabi.gob.ec\\\/index.php\\\/brindamos-atencion-medica-y-ayuda-alimentaria-a-poblacion-vulnerable-del-canton-el-carmen\\\/#breadcrumb\"},\"inLanguage\":\"es\",\"potentialAction\":[{\"@type\":\"ReadAction\",\"target\":[\"https:\\\/\\\/www.manabi.gob.ec\\\/index.php\\\/brindamos-atencion-medica-y-ayuda-alimentaria-a-poblacion-vulnerable-del-canton-el-carmen\\\/\"]}]},{\"@type\":\"ImageObject\",\"inLanguage\":\"es\",\"@id\":\"https:\\\/\\\/www.manabi.gob.ec\\\/index.php\\\/brindamos-atencion-medica-y-ayuda-alimentaria-a-poblacion-vulnerable-del-canton-el-carmen\\\/#primaryimage\",\"url\":\"https:\\\/\\\/www.manabi.gob.ec\\\/wp-content\\\/uploads\\\/2026\\\/01\\\/b8fffcb0-db3f-41a0-9f89-c29c05df4fa2.jpg\",\"contentUrl\":\"https:\\\/\\\/www.manabi.gob.ec\\\/wp-content\\\/uploads\\\/2026\\\/01\\\/b8fffcb0-db3f-41a0-9f89-c29c05df4fa2.jpg\",\"width\":2000,\"height\":1333},{\"@type\":\"BreadcrumbList\",\"@id\":\"https:\\\/\\\/www.manabi.gob.ec\\\/index.php\\\/brindamos-atencion-medica-y-ayuda-alimentaria-a-poblacion-vulnerable-del-canton-el-carmen\\\/#breadcrumb\",\"itemListElement\":[{\"@type\":\"ListItem\",\"position\":1,\"name\":\"Portada\",\"item\":\"https:\\\/\\\/www.manabi.gob.ec\\\/\"},{\"@type\":\"ListItem\",\"position\":2,\"name\":\"Brindamos atenci\u00f3n m\u00e9dica y ayuda alimentaria a poblaci\u00f3n vulnerable del cant\u00f3n El Carmen\"}]},{\"@type\":\"WebSite\",\"@id\":\"https:\\\/\\\/www.manabi.gob.ec\\\/#website\",\"url\":\"https:\\\/\\\/www.manabi.gob.ec\\\/\",\"name\":\"Prefectura de Manab\u00ed\",\"description\":\"P\u00e1gina web de la prefectura\",\"potentialAction\":[{\"@type\":\"SearchAction\",\"target\":{\"@type\":\"EntryPoint\",\"urlTemplate\":\"https:\\\/\\\/www.manabi.gob.ec\\\/?s={search_term_string}\"},\"query-input\":{\"@type\":\"PropertyValueSpecification\",\"valueRequired\":true,\"valueName\":\"search_term_string\"}}],\"inLanguage\":\"es\"},{\"@type\":\"Person\",\"@id\":\"https:\\\/\\\/www.manabi.gob.ec\\\/#\\\/schema\\\/person\\\/c4f117989332ad723a6ced5994aa7d7a\",\"name\":\"Lui Ochoa\",\"image\":{\"@type\":\"ImageObject\",\"inLanguage\":\"es\",\"@id\":\"https:\\\/\\\/secure.gravatar.com\\\/avatar\\\/6e8017d0fe69dead8a95864d2eb6e1e1d8bf8e01194ba49cf7b897ff038126ba?s=96&d=mm&r=g\",\"url\":\"https:\\\/\\\/secure.gravatar.com\\\/avatar\\\/6e8017d0fe69dead8a95864d2eb6e1e1d8bf8e01194ba49cf7b897ff038126ba?s=96&d=mm&r=g\",\"contentUrl\":\"https:\\\/\\\/secure.gravatar.com\\\/avatar\\\/6e8017d0fe69dead8a95864d2eb6e1e1d8bf8e01194ba49cf7b897ff038126ba?s=96&d=mm&r=g\",\"caption\":\"Lui Ochoa\"},\"url\":\"https:\\\/\\\/www.manabi.gob.ec\\\/index.php\\\/author\\\/lochoa\\\/\"}]}<\/script>\n<!-- \/ Yoast SEO plugin. -->","yoast_head_json":{"title":"Brindamos atenci\u00f3n m\u00e9dica y ayuda alimentaria a poblaci\u00f3n vulnerable del cant\u00f3n El Carmen - Prefectura de Manab\u00ed","robots":{"index":"index","follow":"follow","max-snippet":"max-snippet:-1","max-image-preview":"max-image-preview:large","max-video-preview":"max-video-preview:-1"},"canonical":"https:\/\/www.manabi.gob.ec\/index.php\/brindamos-atencion-medica-y-ayuda-alimentaria-a-poblacion-vulnerable-del-canton-el-carmen\/","og_locale":"es_ES","og_type":"article","og_title":"Brindamos atenci\u00f3n m\u00e9dica y ayuda alimentaria a poblaci\u00f3n vulnerable del cant\u00f3n El Carmen - Prefectura de Manab\u00ed","og_description":"260 estudiantes de la&nbsp; Unidad Educativa Salvador Allende, ubicada en la comunidad R\u00edo de Oro del cant\u00f3n El Carmen, recibieron atenci\u00f3n m\u00e9dica gratuita en oftalmolog\u00eda, medicina general, odontolog\u00eda y nutrici\u00f3n, como parte de una brigada de salud de la Prefectura de Manab\u00ed. &nbsp;La jornada cont\u00f3 con la participaci\u00f3n de la prefecta subrogante, Kelly Buenaventura Moreira,&nbsp; [&hellip;]","og_url":"https:\/\/www.manabi.gob.ec\/index.php\/brindamos-atencion-medica-y-ayuda-alimentaria-a-poblacion-vulnerable-del-canton-el-carmen\/","og_site_name":"Prefectura de Manab\u00ed","article_published_time":"2026-01-28T14:37:08+00:00","og_image":[{"width":2000,"height":1333,"url":"https:\/\/www.manabi.gob.ec\/wp-content\/uploads\/2026\/01\/b8fffcb0-db3f-41a0-9f89-c29c05df4fa2.jpg","type":"image\/jpeg"}],"author":"Lui Ochoa","twitter_card":"summary_large_image","twitter_misc":{"Escrito por":"Lui Ochoa","Tiempo de lectura":"1 minuto"},"schema":{"@context":"https:\/\/schema.org","@graph":[{"@type":"Article","@id":"https:\/\/www.manabi.gob.ec\/index.php\/brindamos-atencion-medica-y-ayuda-alimentaria-a-poblacion-vulnerable-del-canton-el-carmen\/#article","isPartOf":{"@id":"https:\/\/www.manabi.gob.ec\/index.php\/brindamos-atencion-medica-y-ayuda-alimentaria-a-poblacion-vulnerable-del-canton-el-carmen\/"},"author":{"name":"Lui Ochoa","@id":"https:\/\/www.manabi.gob.ec\/#\/schema\/person\/c4f117989332ad723a6ced5994aa7d7a"},"headline":"Brindamos atenci\u00f3n m\u00e9dica y ayuda alimentaria a poblaci\u00f3n vulnerable del cant\u00f3n El Carmen","datePublished":"2026-01-28T14:37:08+00:00","mainEntityOfPage":{"@id":"https:\/\/www.manabi.gob.ec\/index.php\/brindamos-atencion-medica-y-ayuda-alimentaria-a-poblacion-vulnerable-del-canton-el-carmen\/"},"wordCount":247,"image":{"@id":"https:\/\/www.manabi.gob.ec\/index.php\/brindamos-atencion-medica-y-ayuda-alimentaria-a-poblacion-vulnerable-del-canton-el-carmen\/#primaryimage"},"thumbnailUrl":"https:\/\/www.manabi.gob.ec\/wp-content\/uploads\/2026\/01\/b8fffcb0-db3f-41a0-9f89-c29c05df4fa2.jpg","articleSection":["Ambiente","Desarrollo Social","Noticias","Todas"],"inLanguage":"es"},{"@type":"WebPage","@id":"https:\/\/www.manabi.gob.ec\/index.php\/brindamos-atencion-medica-y-ayuda-alimentaria-a-poblacion-vulnerable-del-canton-el-carmen\/","url":"https:\/\/www.manabi.gob.ec\/index.php\/brindamos-atencion-medica-y-ayuda-alimentaria-a-poblacion-vulnerable-del-canton-el-carmen\/","name":"Brindamos atenci\u00f3n m\u00e9dica y ayuda alimentaria a poblaci\u00f3n vulnerable del cant\u00f3n El Carmen - Prefectura de Manab\u00ed","isPartOf":{"@id":"https:\/\/www.manabi.gob.ec\/#website"},"primaryImageOfPage":{"@id":"https:\/\/www.manabi.gob.ec\/index.php\/brindamos-atencion-medica-y-ayuda-alimentaria-a-poblacion-vulnerable-del-canton-el-carmen\/#primaryimage"},"image":{"@id":"https:\/\/www.manabi.gob.ec\/index.php\/brindamos-atencion-medica-y-ayuda-alimentaria-a-poblacion-vulnerable-del-canton-el-carmen\/#primaryimage"},"thumbnailUrl":"https:\/\/www.manabi.gob.ec\/wp-content\/uploads\/2026\/01\/b8fffcb0-db3f-41a0-9f89-c29c05df4fa2.jpg","datePublished":"2026-01-28T14:37:08+00:00","author":{"@id":"https:\/\/www.manabi.gob.ec\/#\/schema\/person\/c4f117989332ad723a6ced5994aa7d7a"},"breadcrumb":{"@id":"https:\/\/www.manabi.gob.ec\/index.php\/brindamos-atencion-medica-y-ayuda-alimentaria-a-poblacion-vulnerable-del-canton-el-carmen\/#breadcrumb"},"inLanguage":"es","potentialAction":[{"@type":"ReadAction","target":["https:\/\/www.manabi.gob.ec\/index.php\/brindamos-atencion-medica-y-ayuda-alimentaria-a-poblacion-vulnerable-del-canton-el-carmen\/"]}]},{"@type":"ImageObject","inLanguage":"es","@id":"https:\/\/www.manabi.gob.ec\/index.php\/brindamos-atencion-medica-y-ayuda-alimentaria-a-poblacion-vulnerable-del-canton-el-carmen\/#primaryimage","url":"https:\/\/www.manabi.gob.ec\/wp-content\/uploads\/2026\/01\/b8fffcb0-db3f-41a0-9f89-c29c05df4fa2.jpg","contentUrl":"https:\/\/www.manabi.gob.ec\/wp-content\/uploads\/2026\/01\/b8fffcb0-db3f-41a0-9f89-c29c05df4fa2.jpg","width":2000,"height":1333},{"@type":"BreadcrumbList","@id":"https:\/\/www.manabi.gob.ec\/index.php\/brindamos-atencion-medica-y-ayuda-alimentaria-a-poblacion-vulnerable-del-canton-el-carmen\/#breadcrumb","itemListElement":[{"@type":"ListItem","position":1,"name":"Portada","item":"https:\/\/www.manabi.gob.ec\/"},{"@type":"ListItem","position":2,"name":"Brindamos atenci\u00f3n m\u00e9dica y ayuda alimentaria a poblaci\u00f3n vulnerable del cant\u00f3n El Carmen"}]},{"@type":"WebSite","@id":"https:\/\/www.manabi.gob.ec\/#website","url":"https:\/\/www.manabi.gob.ec\/","name":"Prefectura de Manab\u00ed","description":"P\u00e1gina web de la prefectura","potentialAction":[{"@type":"SearchAction","target":{"@type":"EntryPoint","urlTemplate":"https:\/\/www.manabi.gob.ec\/?s={search_term_string}"},"query-input":{"@type":"PropertyValueSpecification","valueRequired":true,"valueName":"search_term_string"}}],"inLanguage":"es"},{"@type":"Person","@id":"https:\/\/www.manabi.gob.ec\/#\/schema\/person\/c4f117989332ad723a6ced5994aa7d7a","name":"Lui Ochoa","image":{"@type":"ImageObject","inLanguage":"es","@id":"https:\/\/secure.gravatar.com\/avatar\/6e8017d0fe69dead8a95864d2eb6e1e1d8bf8e01194ba49cf7b897ff038126ba?s=96&d=mm&r=g","url":"https:\/\/secure.gravatar.com\/avatar\/6e8017d0fe69dead8a95864d2eb6e1e1d8bf8e01194ba49cf7b897ff038126ba?s=96&d=mm&r=g","contentUrl":"https:\/\/secure.gravatar.com\/avatar\/6e8017d0fe69dead8a95864d2eb6e1e1d8bf8e01194ba49cf7b897ff038126ba?s=96&d=mm&r=g","caption":"Lui Ochoa"},"url":"https:\/\/www.manabi.gob.ec\/index.php\/author\/lochoa\/"}]}},"jetpack_featured_media_url":"https:\/\/www.manabi.gob.ec\/wp-content\/uploads\/2026\/01\/b8fffcb0-db3f-41a0-9f89-c29c05df4fa2.jpg","_links":{"self":[{"href":"https:\/\/www.manabi.gob.ec\/index.php\/wp-json\/wp\/v2\/posts\/32811","targetHints":{"allow":["GET"]}}],"collection":[{"href":"https:\/\/www.manabi.gob.ec\/index.php\/wp-json\/wp\/v2\/posts"}],"about":[{"href":"https:\/\/www.manabi.gob.ec\/index.php\/wp-json\/wp\/v2\/types\/post"}],"author":[{"embeddable":true,"href":"https:\/\/www.manabi.gob.ec\/index.php\/wp-json\/wp\/v2\/users\/10"}],"replies":[{"embeddable":true,"href":"https:\/\/www.manabi.gob.ec\/index.php\/wp-json\/wp\/v2\/comments?post=32811"}],"version-history":[{"count":1,"href":"https:\/\/www.manabi.gob.ec\/index.php\/wp-json\/wp\/v2\/posts\/32811\/revisions"}],"predecessor-version":[{"id":32812,"href":"https:\/\/www.manabi.gob.ec\/index.php\/wp-json\/wp\/v2\/posts\/32811\/revisions\/32812"}],"wp:featuredmedia":[{"embeddable":true,"href":"https:\/\/www.manabi.gob.ec\/index.php\/wp-json\/wp\/v2\/media\/32810"}],"wp:attachment":[{"href":"https:\/\/www.manabi.gob.ec\/index.php\/wp-json\/wp\/v2\/media?parent=32811"}],"wp:term":[{"taxonomy":"category","embeddable":true,"href":"https:\/\/www.manabi.gob.ec\/index.php\/wp-json\/wp\/v2\/categories?post=32811"},{"taxonomy":"post_tag","embeddable":true,"href":"https:\/\/www.manabi.gob.ec\/index.php\/wp-json\/wp\/v2\/tags?post=32811"}],"curies":[{"name":"wp","href":"https:\/\/api.w.org\/{rel}","templated":true}]}}