{"id":32833,"date":"2026-01-29T20:29:53","date_gmt":"2026-01-29T20:29:53","guid":{"rendered":"https:\/\/www.manabi.gob.ec\/?p=32833"},"modified":"2026-01-29T20:29:54","modified_gmt":"2026-01-29T20:29:54","slug":"seguimos-trabajando-por-una-produccion-agricola-sostenible-en-manabi","status":"publish","type":"post","link":"https:\/\/www.manabi.gob.ec\/index.php\/seguimos-trabajando-por-una-produccion-agricola-sostenible-en-manabi\/","title":{"rendered":"Seguimos trabajando por una producci\u00f3n agr\u00edcola sostenible en Manab\u00ed"},"content":{"rendered":"\n<p>Un total de 25 agricultores de la Escuela de Productores Las Minas, en cant\u00f3n Pichincha, aprenden t\u00e9cnicas de injertos en cacao CCN-51 en patr\u00f3n nacional, como parte del proceso de capacitaci\u00f3n que impulsa la Prefectura de Manab\u00ed, liderada por el prefecto Leonardo Orlando, a trav\u00e9s del proyecto Escuelas del Productor, orientado a una agricultura productiva y amigable con el ambiente.<\/p>\n\n\n\n<p>La escuela de Las Minas, es una de las 15 que hay en el cant\u00f3n Pichincha, forma parte de la segunda etapa del proyecto y brinda capacitaci\u00f3n te\u00f3rica y pr\u00e1ctica semanal. Actualmente cuenta con un vivero de cerca de 9.000 plantas de cacao, \u00e1reas de lombricultura y formaci\u00f3n en elaboraci\u00f3n de biol y microorganismos ben\u00e9ficos, promoviendo la reducci\u00f3n del uso de insumos qu\u00edmicos.<\/p>\n\n\n\n<p>Ignacio Anchundia, productor beneficiario, destac\u00f3 la importancia del proyecto para su actividad agr\u00edcola diaria. \u201cA trav\u00e9s del proyecto estamos aprendiendo a cultivar sin contaminar, porque ahora podemos producir nuestros propios abonos y fertilizantes org\u00e1nicos. Tambi\u00e9n aprendemos c\u00f3mo sembrar, injertar; antes utiliz\u00e1bamos qu\u00edmicos que nos perjudican la salud\u201d, se\u00f1al\u00f3.<\/p>\n\n\n\n<p>\u201cQuiero agradecer al prefecto Orlando por el apoyo que estamos recibiendo. Como mujer me siento orgullosa de tener esta oportunidad de adquirir conocimientos que mejoren la agricultura, en el futuro podr\u00e9 ense\u00f1ar a mis hijos y a mi nieto todo lo que hoy estoy aprendiendo, expres\u00f3, Silvia Vera, integrante de la Escuela de Productores Las Minas.<\/p>\n\n\n\n<p>El proyecto Escuelas del Productor se desarrolla en toda la provincia con 217 escuelas de diferentes modalidades: agr\u00edcolas, ganaderas, pesqueras artesanales, de vainilla y de ma\u00edz. Esta estrategia beneficia a m\u00e1s de 7.600 productores, de los cuales 2.446 son mujeres, consolidando un modelo de producci\u00f3n sostenible que apuesta por el cuidado del ambiente, la soberan\u00eda alimentaria y el bienestar de las familias rurales.<\/p>\n","protected":false},"excerpt":{"rendered":"<p>Un total de 25 agricultores de la Escuela de Productores Las Minas, en cant\u00f3n Pichincha, aprenden t\u00e9cnicas de injertos en cacao CCN-51 en patr\u00f3n nacional, como parte del proceso de capacitaci\u00f3n que impulsa la Prefectura de Manab\u00ed, liderada por el prefecto Leonardo Orlando, a trav\u00e9s del proyecto Escuelas del Productor, orientado a una agricultura productiva [&hellip;]<\/p>\n","protected":false},"author":10,"featured_media":32834,"comment_status":"closed","ping_status":"closed","sticky":false,"template":"","format":"standard","meta":{"_joinchat":[],"footnotes":""},"categories":[150,142,92,91],"tags":[],"class_list":["post-32833","post","type-post","status-publish","format-standard","has-post-thumbnail","hentry","category-ambiente","category-desarrollo-social","category-noticias-manabi","category-todas"],"yoast_head":"<!-- This site is optimized with the Yoast SEO plugin v27.4 - https:\/\/yoast.com\/product\/yoast-seo-wordpress\/ -->\n<title>Seguimos trabajando por una producci\u00f3n agr\u00edcola sostenible en Manab\u00ed - Prefectura de Manab\u00ed<\/title>\n<meta name=\"robots\" content=\"index, follow, max-snippet:-1, max-image-preview:large, max-video-preview:-1\" \/>\n<link rel=\"canonical\" href=\"https:\/\/www.manabi.gob.ec\/index.php\/seguimos-trabajando-por-una-produccion-agricola-sostenible-en-manabi\/\" \/>\n<meta property=\"og:locale\" content=\"es_ES\" \/>\n<meta property=\"og:type\" content=\"article\" \/>\n<meta property=\"og:title\" content=\"Seguimos trabajando por una producci\u00f3n agr\u00edcola sostenible en Manab\u00ed - Prefectura de Manab\u00ed\" \/>\n<meta property=\"og:description\" content=\"Un total de 25 agricultores de la Escuela de Productores Las Minas, en cant\u00f3n Pichincha, aprenden t\u00e9cnicas de injertos en cacao CCN-51 en patr\u00f3n nacional, como parte del proceso de capacitaci\u00f3n que impulsa la Prefectura de Manab\u00ed, liderada por el prefecto Leonardo Orlando, a trav\u00e9s del proyecto Escuelas del Productor, orientado a una agricultura productiva [&hellip;]\" \/>\n<meta property=\"og:url\" content=\"https:\/\/www.manabi.gob.ec\/index.php\/seguimos-trabajando-por-una-produccion-agricola-sostenible-en-manabi\/\" \/>\n<meta property=\"og:site_name\" content=\"Prefectura de Manab\u00ed\" \/>\n<meta property=\"article:published_time\" content=\"2026-01-29T20:29:53+00:00\" \/>\n<meta property=\"article:modified_time\" content=\"2026-01-29T20:29:54+00:00\" \/>\n<meta property=\"og:image\" content=\"https:\/\/www.manabi.gob.ec\/wp-content\/uploads\/2026\/01\/WhatsApp-Image-2026-01-29-at-3.25.23-PM.jpeg\" \/>\n\t<meta property=\"og:image:width\" content=\"1280\" \/>\n\t<meta property=\"og:image:height\" content=\"720\" \/>\n\t<meta property=\"og:image:type\" content=\"image\/jpeg\" \/>\n<meta name=\"author\" content=\"Lui Ochoa\" \/>\n<meta name=\"twitter:card\" content=\"summary_large_image\" \/>\n<meta name=\"twitter:label1\" content=\"Escrito por\" \/>\n\t<meta name=\"twitter:data1\" content=\"Lui Ochoa\" \/>\n\t<meta name=\"twitter:label2\" content=\"Tiempo de lectura\" \/>\n\t<meta name=\"twitter:data2\" content=\"2 minutos\" \/>\n<script type=\"application\/ld+json\" class=\"yoast-schema-graph\">{\"@context\":\"https:\\\/\\\/schema.org\",\"@graph\":[{\"@type\":\"Article\",\"@id\":\"https:\\\/\\\/www.manabi.gob.ec\\\/index.php\\\/seguimos-trabajando-por-una-produccion-agricola-sostenible-en-manabi\\\/#article\",\"isPartOf\":{\"@id\":\"https:\\\/\\\/www.manabi.gob.ec\\\/index.php\\\/seguimos-trabajando-por-una-produccion-agricola-sostenible-en-manabi\\\/\"},\"author\":{\"name\":\"Lui Ochoa\",\"@id\":\"https:\\\/\\\/www.manabi.gob.ec\\\/#\\\/schema\\\/person\\\/c4f117989332ad723a6ced5994aa7d7a\"},\"headline\":\"Seguimos trabajando por una producci\u00f3n agr\u00edcola sostenible en Manab\u00ed\",\"datePublished\":\"2026-01-29T20:29:53+00:00\",\"dateModified\":\"2026-01-29T20:29:54+00:00\",\"mainEntityOfPage\":{\"@id\":\"https:\\\/\\\/www.manabi.gob.ec\\\/index.php\\\/seguimos-trabajando-por-una-produccion-agricola-sostenible-en-manabi\\\/\"},\"wordCount\":323,\"image\":{\"@id\":\"https:\\\/\\\/www.manabi.gob.ec\\\/index.php\\\/seguimos-trabajando-por-una-produccion-agricola-sostenible-en-manabi\\\/#primaryimage\"},\"thumbnailUrl\":\"https:\\\/\\\/www.manabi.gob.ec\\\/wp-content\\\/uploads\\\/2026\\\/01\\\/WhatsApp-Image-2026-01-29-at-3.25.23-PM.jpeg\",\"articleSection\":[\"Ambiente\",\"Desarrollo Social\",\"Noticias\",\"Todas\"],\"inLanguage\":\"es\"},{\"@type\":\"WebPage\",\"@id\":\"https:\\\/\\\/www.manabi.gob.ec\\\/index.php\\\/seguimos-trabajando-por-una-produccion-agricola-sostenible-en-manabi\\\/\",\"url\":\"https:\\\/\\\/www.manabi.gob.ec\\\/index.php\\\/seguimos-trabajando-por-una-produccion-agricola-sostenible-en-manabi\\\/\",\"name\":\"Seguimos trabajando por una producci\u00f3n agr\u00edcola sostenible en Manab\u00ed - Prefectura de Manab\u00ed\",\"isPartOf\":{\"@id\":\"https:\\\/\\\/www.manabi.gob.ec\\\/#website\"},\"primaryImageOfPage\":{\"@id\":\"https:\\\/\\\/www.manabi.gob.ec\\\/index.php\\\/seguimos-trabajando-por-una-produccion-agricola-sostenible-en-manabi\\\/#primaryimage\"},\"image\":{\"@id\":\"https:\\\/\\\/www.manabi.gob.ec\\\/index.php\\\/seguimos-trabajando-por-una-produccion-agricola-sostenible-en-manabi\\\/#primaryimage\"},\"thumbnailUrl\":\"https:\\\/\\\/www.manabi.gob.ec\\\/wp-content\\\/uploads\\\/2026\\\/01\\\/WhatsApp-Image-2026-01-29-at-3.25.23-PM.jpeg\",\"datePublished\":\"2026-01-29T20:29:53+00:00\",\"dateModified\":\"2026-01-29T20:29:54+00:00\",\"author\":{\"@id\":\"https:\\\/\\\/www.manabi.gob.ec\\\/#\\\/schema\\\/person\\\/c4f117989332ad723a6ced5994aa7d7a\"},\"breadcrumb\":{\"@id\":\"https:\\\/\\\/www.manabi.gob.ec\\\/index.php\\\/seguimos-trabajando-por-una-produccion-agricola-sostenible-en-manabi\\\/#breadcrumb\"},\"inLanguage\":\"es\",\"potentialAction\":[{\"@type\":\"ReadAction\",\"target\":[\"https:\\\/\\\/www.manabi.gob.ec\\\/index.php\\\/seguimos-trabajando-por-una-produccion-agricola-sostenible-en-manabi\\\/\"]}]},{\"@type\":\"ImageObject\",\"inLanguage\":\"es\",\"@id\":\"https:\\\/\\\/www.manabi.gob.ec\\\/index.php\\\/seguimos-trabajando-por-una-produccion-agricola-sostenible-en-manabi\\\/#primaryimage\",\"url\":\"https:\\\/\\\/www.manabi.gob.ec\\\/wp-content\\\/uploads\\\/2026\\\/01\\\/WhatsApp-Image-2026-01-29-at-3.25.23-PM.jpeg\",\"contentUrl\":\"https:\\\/\\\/www.manabi.gob.ec\\\/wp-content\\\/uploads\\\/2026\\\/01\\\/WhatsApp-Image-2026-01-29-at-3.25.23-PM.jpeg\",\"width\":1280,\"height\":720},{\"@type\":\"BreadcrumbList\",\"@id\":\"https:\\\/\\\/www.manabi.gob.ec\\\/index.php\\\/seguimos-trabajando-por-una-produccion-agricola-sostenible-en-manabi\\\/#breadcrumb\",\"itemListElement\":[{\"@type\":\"ListItem\",\"position\":1,\"name\":\"Portada\",\"item\":\"https:\\\/\\\/www.manabi.gob.ec\\\/\"},{\"@type\":\"ListItem\",\"position\":2,\"name\":\"Seguimos trabajando por una producci\u00f3n agr\u00edcola sostenible en Manab\u00ed\"}]},{\"@type\":\"WebSite\",\"@id\":\"https:\\\/\\\/www.manabi.gob.ec\\\/#website\",\"url\":\"https:\\\/\\\/www.manabi.gob.ec\\\/\",\"name\":\"Prefectura de Manab\u00ed\",\"description\":\"P\u00e1gina web de la prefectura\",\"potentialAction\":[{\"@type\":\"SearchAction\",\"target\":{\"@type\":\"EntryPoint\",\"urlTemplate\":\"https:\\\/\\\/www.manabi.gob.ec\\\/?s={search_term_string}\"},\"query-input\":{\"@type\":\"PropertyValueSpecification\",\"valueRequired\":true,\"valueName\":\"search_term_string\"}}],\"inLanguage\":\"es\"},{\"@type\":\"Person\",\"@id\":\"https:\\\/\\\/www.manabi.gob.ec\\\/#\\\/schema\\\/person\\\/c4f117989332ad723a6ced5994aa7d7a\",\"name\":\"Lui Ochoa\",\"image\":{\"@type\":\"ImageObject\",\"inLanguage\":\"es\",\"@id\":\"https:\\\/\\\/secure.gravatar.com\\\/avatar\\\/6e8017d0fe69dead8a95864d2eb6e1e1d8bf8e01194ba49cf7b897ff038126ba?s=96&d=mm&r=g\",\"url\":\"https:\\\/\\\/secure.gravatar.com\\\/avatar\\\/6e8017d0fe69dead8a95864d2eb6e1e1d8bf8e01194ba49cf7b897ff038126ba?s=96&d=mm&r=g\",\"contentUrl\":\"https:\\\/\\\/secure.gravatar.com\\\/avatar\\\/6e8017d0fe69dead8a95864d2eb6e1e1d8bf8e01194ba49cf7b897ff038126ba?s=96&d=mm&r=g\",\"caption\":\"Lui Ochoa\"},\"url\":\"https:\\\/\\\/www.manabi.gob.ec\\\/index.php\\\/author\\\/lochoa\\\/\"}]}<\/script>\n<!-- \/ Yoast SEO plugin. -->","yoast_head_json":{"title":"Seguimos trabajando por una producci\u00f3n agr\u00edcola sostenible en Manab\u00ed - Prefectura de Manab\u00ed","robots":{"index":"index","follow":"follow","max-snippet":"max-snippet:-1","max-image-preview":"max-image-preview:large","max-video-preview":"max-video-preview:-1"},"canonical":"https:\/\/www.manabi.gob.ec\/index.php\/seguimos-trabajando-por-una-produccion-agricola-sostenible-en-manabi\/","og_locale":"es_ES","og_type":"article","og_title":"Seguimos trabajando por una producci\u00f3n agr\u00edcola sostenible en Manab\u00ed - Prefectura de Manab\u00ed","og_description":"Un total de 25 agricultores de la Escuela de Productores Las Minas, en cant\u00f3n Pichincha, aprenden t\u00e9cnicas de injertos en cacao CCN-51 en patr\u00f3n nacional, como parte del proceso de capacitaci\u00f3n que impulsa la Prefectura de Manab\u00ed, liderada por el prefecto Leonardo Orlando, a trav\u00e9s del proyecto Escuelas del Productor, orientado a una agricultura productiva [&hellip;]","og_url":"https:\/\/www.manabi.gob.ec\/index.php\/seguimos-trabajando-por-una-produccion-agricola-sostenible-en-manabi\/","og_site_name":"Prefectura de Manab\u00ed","article_published_time":"2026-01-29T20:29:53+00:00","article_modified_time":"2026-01-29T20:29:54+00:00","og_image":[{"width":1280,"height":720,"url":"https:\/\/www.manabi.gob.ec\/wp-content\/uploads\/2026\/01\/WhatsApp-Image-2026-01-29-at-3.25.23-PM.jpeg","type":"image\/jpeg"}],"author":"Lui Ochoa","twitter_card":"summary_large_image","twitter_misc":{"Escrito por":"Lui Ochoa","Tiempo de lectura":"2 minutos"},"schema":{"@context":"https:\/\/schema.org","@graph":[{"@type":"Article","@id":"https:\/\/www.manabi.gob.ec\/index.php\/seguimos-trabajando-por-una-produccion-agricola-sostenible-en-manabi\/#article","isPartOf":{"@id":"https:\/\/www.manabi.gob.ec\/index.php\/seguimos-trabajando-por-una-produccion-agricola-sostenible-en-manabi\/"},"author":{"name":"Lui Ochoa","@id":"https:\/\/www.manabi.gob.ec\/#\/schema\/person\/c4f117989332ad723a6ced5994aa7d7a"},"headline":"Seguimos trabajando por una producci\u00f3n agr\u00edcola sostenible en Manab\u00ed","datePublished":"2026-01-29T20:29:53+00:00","dateModified":"2026-01-29T20:29:54+00:00","mainEntityOfPage":{"@id":"https:\/\/www.manabi.gob.ec\/index.php\/seguimos-trabajando-por-una-produccion-agricola-sostenible-en-manabi\/"},"wordCount":323,"image":{"@id":"https:\/\/www.manabi.gob.ec\/index.php\/seguimos-trabajando-por-una-produccion-agricola-sostenible-en-manabi\/#primaryimage"},"thumbnailUrl":"https:\/\/www.manabi.gob.ec\/wp-content\/uploads\/2026\/01\/WhatsApp-Image-2026-01-29-at-3.25.23-PM.jpeg","articleSection":["Ambiente","Desarrollo Social","Noticias","Todas"],"inLanguage":"es"},{"@type":"WebPage","@id":"https:\/\/www.manabi.gob.ec\/index.php\/seguimos-trabajando-por-una-produccion-agricola-sostenible-en-manabi\/","url":"https:\/\/www.manabi.gob.ec\/index.php\/seguimos-trabajando-por-una-produccion-agricola-sostenible-en-manabi\/","name":"Seguimos trabajando por una producci\u00f3n agr\u00edcola sostenible en Manab\u00ed - Prefectura de Manab\u00ed","isPartOf":{"@id":"https:\/\/www.manabi.gob.ec\/#website"},"primaryImageOfPage":{"@id":"https:\/\/www.manabi.gob.ec\/index.php\/seguimos-trabajando-por-una-produccion-agricola-sostenible-en-manabi\/#primaryimage"},"image":{"@id":"https:\/\/www.manabi.gob.ec\/index.php\/seguimos-trabajando-por-una-produccion-agricola-sostenible-en-manabi\/#primaryimage"},"thumbnailUrl":"https:\/\/www.manabi.gob.ec\/wp-content\/uploads\/2026\/01\/WhatsApp-Image-2026-01-29-at-3.25.23-PM.jpeg","datePublished":"2026-01-29T20:29:53+00:00","dateModified":"2026-01-29T20:29:54+00:00","author":{"@id":"https:\/\/www.manabi.gob.ec\/#\/schema\/person\/c4f117989332ad723a6ced5994aa7d7a"},"breadcrumb":{"@id":"https:\/\/www.manabi.gob.ec\/index.php\/seguimos-trabajando-por-una-produccion-agricola-sostenible-en-manabi\/#breadcrumb"},"inLanguage":"es","potentialAction":[{"@type":"ReadAction","target":["https:\/\/www.manabi.gob.ec\/index.php\/seguimos-trabajando-por-una-produccion-agricola-sostenible-en-manabi\/"]}]},{"@type":"ImageObject","inLanguage":"es","@id":"https:\/\/www.manabi.gob.ec\/index.php\/seguimos-trabajando-por-una-produccion-agricola-sostenible-en-manabi\/#primaryimage","url":"https:\/\/www.manabi.gob.ec\/wp-content\/uploads\/2026\/01\/WhatsApp-Image-2026-01-29-at-3.25.23-PM.jpeg","contentUrl":"https:\/\/www.manabi.gob.ec\/wp-content\/uploads\/2026\/01\/WhatsApp-Image-2026-01-29-at-3.25.23-PM.jpeg","width":1280,"height":720},{"@type":"BreadcrumbList","@id":"https:\/\/www.manabi.gob.ec\/index.php\/seguimos-trabajando-por-una-produccion-agricola-sostenible-en-manabi\/#breadcrumb","itemListElement":[{"@type":"ListItem","position":1,"name":"Portada","item":"https:\/\/www.manabi.gob.ec\/"},{"@type":"ListItem","position":2,"name":"Seguimos trabajando por una producci\u00f3n agr\u00edcola sostenible en Manab\u00ed"}]},{"@type":"WebSite","@id":"https:\/\/www.manabi.gob.ec\/#website","url":"https:\/\/www.manabi.gob.ec\/","name":"Prefectura de Manab\u00ed","description":"P\u00e1gina web de la prefectura","potentialAction":[{"@type":"SearchAction","target":{"@type":"EntryPoint","urlTemplate":"https:\/\/www.manabi.gob.ec\/?s={search_term_string}"},"query-input":{"@type":"PropertyValueSpecification","valueRequired":true,"valueName":"search_term_string"}}],"inLanguage":"es"},{"@type":"Person","@id":"https:\/\/www.manabi.gob.ec\/#\/schema\/person\/c4f117989332ad723a6ced5994aa7d7a","name":"Lui Ochoa","image":{"@type":"ImageObject","inLanguage":"es","@id":"https:\/\/secure.gravatar.com\/avatar\/6e8017d0fe69dead8a95864d2eb6e1e1d8bf8e01194ba49cf7b897ff038126ba?s=96&d=mm&r=g","url":"https:\/\/secure.gravatar.com\/avatar\/6e8017d0fe69dead8a95864d2eb6e1e1d8bf8e01194ba49cf7b897ff038126ba?s=96&d=mm&r=g","contentUrl":"https:\/\/secure.gravatar.com\/avatar\/6e8017d0fe69dead8a95864d2eb6e1e1d8bf8e01194ba49cf7b897ff038126ba?s=96&d=mm&r=g","caption":"Lui Ochoa"},"url":"https:\/\/www.manabi.gob.ec\/index.php\/author\/lochoa\/"}]}},"jetpack_featured_media_url":"https:\/\/www.manabi.gob.ec\/wp-content\/uploads\/2026\/01\/WhatsApp-Image-2026-01-29-at-3.25.23-PM.jpeg","_links":{"self":[{"href":"https:\/\/www.manabi.gob.ec\/index.php\/wp-json\/wp\/v2\/posts\/32833","targetHints":{"allow":["GET"]}}],"collection":[{"href":"https:\/\/www.manabi.gob.ec\/index.php\/wp-json\/wp\/v2\/posts"}],"about":[{"href":"https:\/\/www.manabi.gob.ec\/index.php\/wp-json\/wp\/v2\/types\/post"}],"author":[{"embeddable":true,"href":"https:\/\/www.manabi.gob.ec\/index.php\/wp-json\/wp\/v2\/users\/10"}],"replies":[{"embeddable":true,"href":"https:\/\/www.manabi.gob.ec\/index.php\/wp-json\/wp\/v2\/comments?post=32833"}],"version-history":[{"count":1,"href":"https:\/\/www.manabi.gob.ec\/index.php\/wp-json\/wp\/v2\/posts\/32833\/revisions"}],"predecessor-version":[{"id":32835,"href":"https:\/\/www.manabi.gob.ec\/index.php\/wp-json\/wp\/v2\/posts\/32833\/revisions\/32835"}],"wp:featuredmedia":[{"embeddable":true,"href":"https:\/\/www.manabi.gob.ec\/index.php\/wp-json\/wp\/v2\/media\/32834"}],"wp:attachment":[{"href":"https:\/\/www.manabi.gob.ec\/index.php\/wp-json\/wp\/v2\/media?parent=32833"}],"wp:term":[{"taxonomy":"category","embeddable":true,"href":"https:\/\/www.manabi.gob.ec\/index.php\/wp-json\/wp\/v2\/categories?post=32833"},{"taxonomy":"post_tag","embeddable":true,"href":"https:\/\/www.manabi.gob.ec\/index.php\/wp-json\/wp\/v2\/tags?post=32833"}],"curies":[{"name":"wp","href":"https:\/\/api.w.org\/{rel}","templated":true}]}}