{"id":33299,"date":"2026-03-06T23:49:31","date_gmt":"2026-03-06T23:49:31","guid":{"rendered":"https:\/\/www.manabi.gob.ec\/?p=33299"},"modified":"2026-03-06T23:49:48","modified_gmt":"2026-03-06T23:49:48","slug":"san-felipe-celebra-un-nuevo-espacio-de-alegria-para-sus-ninos","status":"publish","type":"post","link":"https:\/\/www.manabi.gob.ec\/index.php\/san-felipe-celebra-un-nuevo-espacio-de-alegria-para-sus-ninos\/","title":{"rendered":"San Felipe celebra un nuevo espacio de alegr\u00eda para sus ni\u00f1os"},"content":{"rendered":"\n<p>Con sonrisas, emoci\u00f3n y la esperanza reflejada en los rostros de decenas de ni\u00f1os y ni\u00f1as, la comunidad San Felipe, del cant\u00f3n San Vicente, celebr\u00f3 la entrega del Parque de la Alegr\u00eda N.\u00b0 49, una obra que fortalece el bienestar y la recreaci\u00f3n de la ni\u00f1ez manabita.<\/p>\n\n\n\n<p>Este importante espacio recreativo fue posible gracias al trabajo conjunto de la Prefectura de Manab\u00ed y la fundaci\u00f3n Kids Around The World, en espa\u00f1ol Fundaci\u00f3n Vida en Abundancia. Ni\u00f1os y ni\u00f1as asistieron al acto acompa\u00f1ados de sus padres, quienes expresaron su alegr\u00eda al contar ahora con un lugar seguro donde sus hijos puedan jugar, compartir y crecer felices.<\/p>\n\n\n\n<p>Teodulo Rivero, representante de la comunidad dio la bienvenida a las autoridades y agradeci\u00f3 por esta obra que beneficia directamente a las familias del sector.<\/p>\n\n\n\n<p>Es importante destacar que con esta inauguraci\u00f3n ya son cuatro parques entregados en el cant\u00f3n San Vicente y 49 a nivel provincial, reflejando el compromiso de la administraci\u00f3n del prefecto Leonardo Orlando con el desarrollo social y el bienestar de la ni\u00f1ez.<\/p>\n\n\n\n<p>La entrega oficial fue realizada por Silvio Larrea, quien en representaci\u00f3n del prefecto resalt\u00f3 el impacto social de estos proyectos e invit\u00f3 a la comunidad a cuidar este espacio que ahora pertenece a todos.<\/p>\n\n\n\n<p>Por su parte, Marlon Su\u00e1rez expres\u00f3 su emoci\u00f3n al ver c\u00f3mo estos parques benefician especialmente a los ni\u00f1os que m\u00e1s lo necesitan. Tambi\u00e9n destac\u00f3 la labor de la fundaci\u00f3n liderada por Chace Perkins y agradeci\u00f3 a los patrocinadores que hacen posible llevar alegr\u00eda a diferentes comunidades.<\/p>\n\n\n\n<p>En el acto tambi\u00e9n particip\u00f3 el alcalde de San Vicente, Fabricio Lara, quien reconoci\u00f3 el trabajo articulado con la Prefectura y felicit\u00f3 a la comunidad por este nuevo espacio de recreaci\u00f3n.<\/p>\n\n\n\n<p>La jornada culmin\u00f3 con el simb\u00f3lico corte de cinta y, sin esperar m\u00e1s, los ni\u00f1os corrieron entre risas y entusiasmo hacia los juegos del parque, llenando el lugar de vida, alegr\u00eda y esperanza. Un momento que confirma que cuando se invierte en la ni\u00f1ez, se construye un mejor futuro para todos.<\/p>\n","protected":false},"excerpt":{"rendered":"<p>Con sonrisas, emoci\u00f3n y la esperanza reflejada en los rostros de decenas de ni\u00f1os y ni\u00f1as, la comunidad San Felipe, del cant\u00f3n San Vicente, celebr\u00f3 la entrega del Parque de la Alegr\u00eda N.\u00b0 49, una obra que fortalece el bienestar y la recreaci\u00f3n de la ni\u00f1ez manabita. Este importante espacio recreativo fue posible gracias al [&hellip;]<\/p>\n","protected":false},"author":10,"featured_media":33300,"comment_status":"closed","ping_status":"closed","sticky":false,"template":"","format":"standard","meta":{"_joinchat":[],"footnotes":""},"categories":[150,142,92,91],"tags":[],"class_list":["post-33299","post","type-post","status-publish","format-standard","has-post-thumbnail","hentry","category-ambiente","category-desarrollo-social","category-noticias-manabi","category-todas"],"yoast_head":"<!-- This site is optimized with the Yoast SEO plugin v27.4 - https:\/\/yoast.com\/product\/yoast-seo-wordpress\/ -->\n<title>San Felipe celebra un nuevo espacio de alegr\u00eda para sus ni\u00f1os - Prefectura de Manab\u00ed<\/title>\n<meta name=\"robots\" content=\"index, follow, max-snippet:-1, max-image-preview:large, max-video-preview:-1\" \/>\n<link rel=\"canonical\" href=\"https:\/\/www.manabi.gob.ec\/index.php\/san-felipe-celebra-un-nuevo-espacio-de-alegria-para-sus-ninos\/\" \/>\n<meta property=\"og:locale\" content=\"es_ES\" \/>\n<meta property=\"og:type\" content=\"article\" \/>\n<meta property=\"og:title\" content=\"San Felipe celebra un nuevo espacio de alegr\u00eda para sus ni\u00f1os - Prefectura de Manab\u00ed\" \/>\n<meta property=\"og:description\" content=\"Con sonrisas, emoci\u00f3n y la esperanza reflejada en los rostros de decenas de ni\u00f1os y ni\u00f1as, la comunidad San Felipe, del cant\u00f3n San Vicente, celebr\u00f3 la entrega del Parque de la Alegr\u00eda N.\u00b0 49, una obra que fortalece el bienestar y la recreaci\u00f3n de la ni\u00f1ez manabita. Este importante espacio recreativo fue posible gracias al [&hellip;]\" \/>\n<meta property=\"og:url\" content=\"https:\/\/www.manabi.gob.ec\/index.php\/san-felipe-celebra-un-nuevo-espacio-de-alegria-para-sus-ninos\/\" \/>\n<meta property=\"og:site_name\" content=\"Prefectura de Manab\u00ed\" \/>\n<meta property=\"article:published_time\" content=\"2026-03-06T23:49:31+00:00\" \/>\n<meta property=\"article:modified_time\" content=\"2026-03-06T23:49:48+00:00\" \/>\n<meta property=\"og:image\" content=\"https:\/\/www.manabi.gob.ec\/wp-content\/uploads\/2026\/03\/WhatsApp-Image-2026-03-05-at-7.43.36-PM.jpg\" \/>\n\t<meta property=\"og:image:width\" content=\"1074\" \/>\n\t<meta property=\"og:image:height\" content=\"714\" \/>\n\t<meta property=\"og:image:type\" content=\"image\/jpeg\" \/>\n<meta name=\"author\" content=\"Lui Ochoa\" \/>\n<meta name=\"twitter:card\" content=\"summary_large_image\" \/>\n<meta name=\"twitter:label1\" content=\"Escrito por\" \/>\n\t<meta name=\"twitter:data1\" content=\"Lui Ochoa\" \/>\n\t<meta name=\"twitter:label2\" content=\"Tiempo de lectura\" \/>\n\t<meta name=\"twitter:data2\" content=\"2 minutos\" \/>\n<script type=\"application\/ld+json\" class=\"yoast-schema-graph\">{\"@context\":\"https:\\\/\\\/schema.org\",\"@graph\":[{\"@type\":\"Article\",\"@id\":\"https:\\\/\\\/www.manabi.gob.ec\\\/index.php\\\/san-felipe-celebra-un-nuevo-espacio-de-alegria-para-sus-ninos\\\/#article\",\"isPartOf\":{\"@id\":\"https:\\\/\\\/www.manabi.gob.ec\\\/index.php\\\/san-felipe-celebra-un-nuevo-espacio-de-alegria-para-sus-ninos\\\/\"},\"author\":{\"name\":\"Lui Ochoa\",\"@id\":\"https:\\\/\\\/www.manabi.gob.ec\\\/#\\\/schema\\\/person\\\/c4f117989332ad723a6ced5994aa7d7a\"},\"headline\":\"San Felipe celebra un nuevo espacio de alegr\u00eda para sus ni\u00f1os\",\"datePublished\":\"2026-03-06T23:49:31+00:00\",\"dateModified\":\"2026-03-06T23:49:48+00:00\",\"mainEntityOfPage\":{\"@id\":\"https:\\\/\\\/www.manabi.gob.ec\\\/index.php\\\/san-felipe-celebra-un-nuevo-espacio-de-alegria-para-sus-ninos\\\/\"},\"wordCount\":379,\"image\":{\"@id\":\"https:\\\/\\\/www.manabi.gob.ec\\\/index.php\\\/san-felipe-celebra-un-nuevo-espacio-de-alegria-para-sus-ninos\\\/#primaryimage\"},\"thumbnailUrl\":\"https:\\\/\\\/www.manabi.gob.ec\\\/wp-content\\\/uploads\\\/2026\\\/03\\\/WhatsApp-Image-2026-03-05-at-7.43.36-PM.jpg\",\"articleSection\":[\"Ambiente\",\"Desarrollo Social\",\"Noticias\",\"Todas\"],\"inLanguage\":\"es\"},{\"@type\":\"WebPage\",\"@id\":\"https:\\\/\\\/www.manabi.gob.ec\\\/index.php\\\/san-felipe-celebra-un-nuevo-espacio-de-alegria-para-sus-ninos\\\/\",\"url\":\"https:\\\/\\\/www.manabi.gob.ec\\\/index.php\\\/san-felipe-celebra-un-nuevo-espacio-de-alegria-para-sus-ninos\\\/\",\"name\":\"San Felipe celebra un nuevo espacio de alegr\u00eda para sus ni\u00f1os - Prefectura de Manab\u00ed\",\"isPartOf\":{\"@id\":\"https:\\\/\\\/www.manabi.gob.ec\\\/#website\"},\"primaryImageOfPage\":{\"@id\":\"https:\\\/\\\/www.manabi.gob.ec\\\/index.php\\\/san-felipe-celebra-un-nuevo-espacio-de-alegria-para-sus-ninos\\\/#primaryimage\"},\"image\":{\"@id\":\"https:\\\/\\\/www.manabi.gob.ec\\\/index.php\\\/san-felipe-celebra-un-nuevo-espacio-de-alegria-para-sus-ninos\\\/#primaryimage\"},\"thumbnailUrl\":\"https:\\\/\\\/www.manabi.gob.ec\\\/wp-content\\\/uploads\\\/2026\\\/03\\\/WhatsApp-Image-2026-03-05-at-7.43.36-PM.jpg\",\"datePublished\":\"2026-03-06T23:49:31+00:00\",\"dateModified\":\"2026-03-06T23:49:48+00:00\",\"author\":{\"@id\":\"https:\\\/\\\/www.manabi.gob.ec\\\/#\\\/schema\\\/person\\\/c4f117989332ad723a6ced5994aa7d7a\"},\"breadcrumb\":{\"@id\":\"https:\\\/\\\/www.manabi.gob.ec\\\/index.php\\\/san-felipe-celebra-un-nuevo-espacio-de-alegria-para-sus-ninos\\\/#breadcrumb\"},\"inLanguage\":\"es\",\"potentialAction\":[{\"@type\":\"ReadAction\",\"target\":[\"https:\\\/\\\/www.manabi.gob.ec\\\/index.php\\\/san-felipe-celebra-un-nuevo-espacio-de-alegria-para-sus-ninos\\\/\"]}]},{\"@type\":\"ImageObject\",\"inLanguage\":\"es\",\"@id\":\"https:\\\/\\\/www.manabi.gob.ec\\\/index.php\\\/san-felipe-celebra-un-nuevo-espacio-de-alegria-para-sus-ninos\\\/#primaryimage\",\"url\":\"https:\\\/\\\/www.manabi.gob.ec\\\/wp-content\\\/uploads\\\/2026\\\/03\\\/WhatsApp-Image-2026-03-05-at-7.43.36-PM.jpg\",\"contentUrl\":\"https:\\\/\\\/www.manabi.gob.ec\\\/wp-content\\\/uploads\\\/2026\\\/03\\\/WhatsApp-Image-2026-03-05-at-7.43.36-PM.jpg\",\"width\":1074,\"height\":714},{\"@type\":\"BreadcrumbList\",\"@id\":\"https:\\\/\\\/www.manabi.gob.ec\\\/index.php\\\/san-felipe-celebra-un-nuevo-espacio-de-alegria-para-sus-ninos\\\/#breadcrumb\",\"itemListElement\":[{\"@type\":\"ListItem\",\"position\":1,\"name\":\"Portada\",\"item\":\"https:\\\/\\\/www.manabi.gob.ec\\\/\"},{\"@type\":\"ListItem\",\"position\":2,\"name\":\"San Felipe celebra un nuevo espacio de alegr\u00eda para sus ni\u00f1os\"}]},{\"@type\":\"WebSite\",\"@id\":\"https:\\\/\\\/www.manabi.gob.ec\\\/#website\",\"url\":\"https:\\\/\\\/www.manabi.gob.ec\\\/\",\"name\":\"Prefectura de Manab\u00ed\",\"description\":\"P\u00e1gina web de la prefectura\",\"potentialAction\":[{\"@type\":\"SearchAction\",\"target\":{\"@type\":\"EntryPoint\",\"urlTemplate\":\"https:\\\/\\\/www.manabi.gob.ec\\\/?s={search_term_string}\"},\"query-input\":{\"@type\":\"PropertyValueSpecification\",\"valueRequired\":true,\"valueName\":\"search_term_string\"}}],\"inLanguage\":\"es\"},{\"@type\":\"Person\",\"@id\":\"https:\\\/\\\/www.manabi.gob.ec\\\/#\\\/schema\\\/person\\\/c4f117989332ad723a6ced5994aa7d7a\",\"name\":\"Lui Ochoa\",\"image\":{\"@type\":\"ImageObject\",\"inLanguage\":\"es\",\"@id\":\"https:\\\/\\\/secure.gravatar.com\\\/avatar\\\/6e8017d0fe69dead8a95864d2eb6e1e1d8bf8e01194ba49cf7b897ff038126ba?s=96&d=mm&r=g\",\"url\":\"https:\\\/\\\/secure.gravatar.com\\\/avatar\\\/6e8017d0fe69dead8a95864d2eb6e1e1d8bf8e01194ba49cf7b897ff038126ba?s=96&d=mm&r=g\",\"contentUrl\":\"https:\\\/\\\/secure.gravatar.com\\\/avatar\\\/6e8017d0fe69dead8a95864d2eb6e1e1d8bf8e01194ba49cf7b897ff038126ba?s=96&d=mm&r=g\",\"caption\":\"Lui Ochoa\"},\"url\":\"https:\\\/\\\/www.manabi.gob.ec\\\/index.php\\\/author\\\/lochoa\\\/\"}]}<\/script>\n<!-- \/ Yoast SEO plugin. -->","yoast_head_json":{"title":"San Felipe celebra un nuevo espacio de alegr\u00eda para sus ni\u00f1os - Prefectura de Manab\u00ed","robots":{"index":"index","follow":"follow","max-snippet":"max-snippet:-1","max-image-preview":"max-image-preview:large","max-video-preview":"max-video-preview:-1"},"canonical":"https:\/\/www.manabi.gob.ec\/index.php\/san-felipe-celebra-un-nuevo-espacio-de-alegria-para-sus-ninos\/","og_locale":"es_ES","og_type":"article","og_title":"San Felipe celebra un nuevo espacio de alegr\u00eda para sus ni\u00f1os - Prefectura de Manab\u00ed","og_description":"Con sonrisas, emoci\u00f3n y la esperanza reflejada en los rostros de decenas de ni\u00f1os y ni\u00f1as, la comunidad San Felipe, del cant\u00f3n San Vicente, celebr\u00f3 la entrega del Parque de la Alegr\u00eda N.\u00b0 49, una obra que fortalece el bienestar y la recreaci\u00f3n de la ni\u00f1ez manabita. Este importante espacio recreativo fue posible gracias al [&hellip;]","og_url":"https:\/\/www.manabi.gob.ec\/index.php\/san-felipe-celebra-un-nuevo-espacio-de-alegria-para-sus-ninos\/","og_site_name":"Prefectura de Manab\u00ed","article_published_time":"2026-03-06T23:49:31+00:00","article_modified_time":"2026-03-06T23:49:48+00:00","og_image":[{"width":1074,"height":714,"url":"https:\/\/www.manabi.gob.ec\/wp-content\/uploads\/2026\/03\/WhatsApp-Image-2026-03-05-at-7.43.36-PM.jpg","type":"image\/jpeg"}],"author":"Lui Ochoa","twitter_card":"summary_large_image","twitter_misc":{"Escrito por":"Lui Ochoa","Tiempo de lectura":"2 minutos"},"schema":{"@context":"https:\/\/schema.org","@graph":[{"@type":"Article","@id":"https:\/\/www.manabi.gob.ec\/index.php\/san-felipe-celebra-un-nuevo-espacio-de-alegria-para-sus-ninos\/#article","isPartOf":{"@id":"https:\/\/www.manabi.gob.ec\/index.php\/san-felipe-celebra-un-nuevo-espacio-de-alegria-para-sus-ninos\/"},"author":{"name":"Lui Ochoa","@id":"https:\/\/www.manabi.gob.ec\/#\/schema\/person\/c4f117989332ad723a6ced5994aa7d7a"},"headline":"San Felipe celebra un nuevo espacio de alegr\u00eda para sus ni\u00f1os","datePublished":"2026-03-06T23:49:31+00:00","dateModified":"2026-03-06T23:49:48+00:00","mainEntityOfPage":{"@id":"https:\/\/www.manabi.gob.ec\/index.php\/san-felipe-celebra-un-nuevo-espacio-de-alegria-para-sus-ninos\/"},"wordCount":379,"image":{"@id":"https:\/\/www.manabi.gob.ec\/index.php\/san-felipe-celebra-un-nuevo-espacio-de-alegria-para-sus-ninos\/#primaryimage"},"thumbnailUrl":"https:\/\/www.manabi.gob.ec\/wp-content\/uploads\/2026\/03\/WhatsApp-Image-2026-03-05-at-7.43.36-PM.jpg","articleSection":["Ambiente","Desarrollo Social","Noticias","Todas"],"inLanguage":"es"},{"@type":"WebPage","@id":"https:\/\/www.manabi.gob.ec\/index.php\/san-felipe-celebra-un-nuevo-espacio-de-alegria-para-sus-ninos\/","url":"https:\/\/www.manabi.gob.ec\/index.php\/san-felipe-celebra-un-nuevo-espacio-de-alegria-para-sus-ninos\/","name":"San Felipe celebra un nuevo espacio de alegr\u00eda para sus ni\u00f1os - Prefectura de Manab\u00ed","isPartOf":{"@id":"https:\/\/www.manabi.gob.ec\/#website"},"primaryImageOfPage":{"@id":"https:\/\/www.manabi.gob.ec\/index.php\/san-felipe-celebra-un-nuevo-espacio-de-alegria-para-sus-ninos\/#primaryimage"},"image":{"@id":"https:\/\/www.manabi.gob.ec\/index.php\/san-felipe-celebra-un-nuevo-espacio-de-alegria-para-sus-ninos\/#primaryimage"},"thumbnailUrl":"https:\/\/www.manabi.gob.ec\/wp-content\/uploads\/2026\/03\/WhatsApp-Image-2026-03-05-at-7.43.36-PM.jpg","datePublished":"2026-03-06T23:49:31+00:00","dateModified":"2026-03-06T23:49:48+00:00","author":{"@id":"https:\/\/www.manabi.gob.ec\/#\/schema\/person\/c4f117989332ad723a6ced5994aa7d7a"},"breadcrumb":{"@id":"https:\/\/www.manabi.gob.ec\/index.php\/san-felipe-celebra-un-nuevo-espacio-de-alegria-para-sus-ninos\/#breadcrumb"},"inLanguage":"es","potentialAction":[{"@type":"ReadAction","target":["https:\/\/www.manabi.gob.ec\/index.php\/san-felipe-celebra-un-nuevo-espacio-de-alegria-para-sus-ninos\/"]}]},{"@type":"ImageObject","inLanguage":"es","@id":"https:\/\/www.manabi.gob.ec\/index.php\/san-felipe-celebra-un-nuevo-espacio-de-alegria-para-sus-ninos\/#primaryimage","url":"https:\/\/www.manabi.gob.ec\/wp-content\/uploads\/2026\/03\/WhatsApp-Image-2026-03-05-at-7.43.36-PM.jpg","contentUrl":"https:\/\/www.manabi.gob.ec\/wp-content\/uploads\/2026\/03\/WhatsApp-Image-2026-03-05-at-7.43.36-PM.jpg","width":1074,"height":714},{"@type":"BreadcrumbList","@id":"https:\/\/www.manabi.gob.ec\/index.php\/san-felipe-celebra-un-nuevo-espacio-de-alegria-para-sus-ninos\/#breadcrumb","itemListElement":[{"@type":"ListItem","position":1,"name":"Portada","item":"https:\/\/www.manabi.gob.ec\/"},{"@type":"ListItem","position":2,"name":"San Felipe celebra un nuevo espacio de alegr\u00eda para sus ni\u00f1os"}]},{"@type":"WebSite","@id":"https:\/\/www.manabi.gob.ec\/#website","url":"https:\/\/www.manabi.gob.ec\/","name":"Prefectura de Manab\u00ed","description":"P\u00e1gina web de la prefectura","potentialAction":[{"@type":"SearchAction","target":{"@type":"EntryPoint","urlTemplate":"https:\/\/www.manabi.gob.ec\/?s={search_term_string}"},"query-input":{"@type":"PropertyValueSpecification","valueRequired":true,"valueName":"search_term_string"}}],"inLanguage":"es"},{"@type":"Person","@id":"https:\/\/www.manabi.gob.ec\/#\/schema\/person\/c4f117989332ad723a6ced5994aa7d7a","name":"Lui Ochoa","image":{"@type":"ImageObject","inLanguage":"es","@id":"https:\/\/secure.gravatar.com\/avatar\/6e8017d0fe69dead8a95864d2eb6e1e1d8bf8e01194ba49cf7b897ff038126ba?s=96&d=mm&r=g","url":"https:\/\/secure.gravatar.com\/avatar\/6e8017d0fe69dead8a95864d2eb6e1e1d8bf8e01194ba49cf7b897ff038126ba?s=96&d=mm&r=g","contentUrl":"https:\/\/secure.gravatar.com\/avatar\/6e8017d0fe69dead8a95864d2eb6e1e1d8bf8e01194ba49cf7b897ff038126ba?s=96&d=mm&r=g","caption":"Lui Ochoa"},"url":"https:\/\/www.manabi.gob.ec\/index.php\/author\/lochoa\/"}]}},"jetpack_featured_media_url":"https:\/\/www.manabi.gob.ec\/wp-content\/uploads\/2026\/03\/WhatsApp-Image-2026-03-05-at-7.43.36-PM.jpg","_links":{"self":[{"href":"https:\/\/www.manabi.gob.ec\/index.php\/wp-json\/wp\/v2\/posts\/33299","targetHints":{"allow":["GET"]}}],"collection":[{"href":"https:\/\/www.manabi.gob.ec\/index.php\/wp-json\/wp\/v2\/posts"}],"about":[{"href":"https:\/\/www.manabi.gob.ec\/index.php\/wp-json\/wp\/v2\/types\/post"}],"author":[{"embeddable":true,"href":"https:\/\/www.manabi.gob.ec\/index.php\/wp-json\/wp\/v2\/users\/10"}],"replies":[{"embeddable":true,"href":"https:\/\/www.manabi.gob.ec\/index.php\/wp-json\/wp\/v2\/comments?post=33299"}],"version-history":[{"count":1,"href":"https:\/\/www.manabi.gob.ec\/index.php\/wp-json\/wp\/v2\/posts\/33299\/revisions"}],"predecessor-version":[{"id":33301,"href":"https:\/\/www.manabi.gob.ec\/index.php\/wp-json\/wp\/v2\/posts\/33299\/revisions\/33301"}],"wp:featuredmedia":[{"embeddable":true,"href":"https:\/\/www.manabi.gob.ec\/index.php\/wp-json\/wp\/v2\/media\/33300"}],"wp:attachment":[{"href":"https:\/\/www.manabi.gob.ec\/index.php\/wp-json\/wp\/v2\/media?parent=33299"}],"wp:term":[{"taxonomy":"category","embeddable":true,"href":"https:\/\/www.manabi.gob.ec\/index.php\/wp-json\/wp\/v2\/categories?post=33299"},{"taxonomy":"post_tag","embeddable":true,"href":"https:\/\/www.manabi.gob.ec\/index.php\/wp-json\/wp\/v2\/tags?post=33299"}],"curies":[{"name":"wp","href":"https:\/\/api.w.org\/{rel}","templated":true}]}}