{"id":33313,"date":"2026-03-09T14:57:29","date_gmt":"2026-03-09T14:57:29","guid":{"rendered":"https:\/\/www.manabi.gob.ec\/?p=33313"},"modified":"2026-03-09T14:57:30","modified_gmt":"2026-03-09T14:57:30","slug":"via-montecristi-manta-ahora-brinda-mejor-seguridad-a-los-usuarios","status":"publish","type":"post","link":"https:\/\/www.manabi.gob.ec\/index.php\/via-montecristi-manta-ahora-brinda-mejor-seguridad-a-los-usuarios\/","title":{"rendered":"V\u00eda Montecristi &#8211; Manta ahora brinda mejor seguridad a los usuarios"},"content":{"rendered":"\n<p>Los trabajos de la v\u00eda Montecristi &#8211; Manta han sido concluidos y brinda mayor seguridad a quienes viajan por esta arteria de conectividad entre estos dos cantones manabitas,<\/p>\n\n\n\n<p>Los trabajos fueron ejecutados por la Prefectura de Manab\u00ed y la EP Manab\u00ed Vial, en convenio con el GAD Montecristi.<\/p>\n\n\n\n<p>La intervenci\u00f3n contempl\u00f3 una longitud de 2.57 kil\u00f3metros, desde el redondel de La Tejedora hasta el sector del Hospital del IESS, en el l\u00edmite entre Montecristi y Manta.<\/p>\n\n\n\n<p>Ricardo Delgado, beneficiario y dirigente de la cooperativa de transporte Los Bajos, se\u00f1al\u00f3 que estos trabajos cambian totalmente la vida de quienes usan a diario esta importante v\u00eda y agradeci\u00f3 a las autoridades y en especial al prefecto, por preocuparse por el bienestar de todos los manabitas.<\/p>\n\n\n\n<p>El alcalde de Montecristi, Jonathan Toro, agradeci\u00f3 al prefecto Leonardo Orlando, por el trabajo en conjunto que ha permitido lograr que la v\u00eda quede expedita para el tr\u00e1nsito de miles de manabitas que circulan a diario por el lugar.<\/p>\n\n\n\n<p>La autoridad provincial destac\u00f3 que se ha trabajado sin descanso por el bienestar de la provincia y que se continuar\u00e1n articulando acciones para llegar con obras que contin\u00faen impulsando el desarrollo de todo Manab\u00ed.<\/p>\n\n\n\n<p>Dentro de los trabajos que se realizaron en la v\u00eda est\u00e1 el mantenimiento integral con bacheo superficial y profundo (reconformaci\u00f3n de subrasante, cambio de suelo, colocaci\u00f3n de base granular, imprimaci\u00f3n y carpeta asf\u00e1ltica). Adem\u00e1s, limpieza de cunetas y, en la fase final, se\u00f1alizaci\u00f3n horizontal.<\/p>\n\n\n\n<p>La inversi\u00f3n total de la v\u00eda es de $310.133,49, financiada en un 53 % por la Prefectura de Manab\u00ed y en un 47 % por el GAD Montecristi.<\/p>\n","protected":false},"excerpt":{"rendered":"<p>Los trabajos de la v\u00eda Montecristi &#8211; Manta han sido concluidos y brinda mayor seguridad a quienes viajan por esta arteria de conectividad entre estos dos cantones manabitas, Los trabajos fueron ejecutados por la Prefectura de Manab\u00ed y la EP Manab\u00ed Vial, en convenio con el GAD Montecristi. La intervenci\u00f3n contempl\u00f3 una longitud de 2.57 [&hellip;]<\/p>\n","protected":false},"author":10,"featured_media":33315,"comment_status":"closed","ping_status":"closed","sticky":false,"template":"","format":"standard","meta":{"_joinchat":[],"footnotes":""},"categories":[150,142,170,148,92,91,127],"tags":[128],"class_list":["post-33313","post","type-post","status-publish","format-standard","has-post-thumbnail","hentry","category-ambiente","category-desarrollo-social","category-manabi-vial","category-montecristi","category-noticias-manabi","category-todas","category-vialidad","tag-vialidad"],"yoast_head":"<!-- This site is optimized with the Yoast SEO plugin v27.4 - https:\/\/yoast.com\/product\/yoast-seo-wordpress\/ -->\n<title>V\u00eda Montecristi - Manta ahora brinda mejor seguridad a los usuarios - Prefectura de Manab\u00ed<\/title>\n<meta name=\"robots\" content=\"index, follow, max-snippet:-1, max-image-preview:large, max-video-preview:-1\" \/>\n<link rel=\"canonical\" href=\"https:\/\/www.manabi.gob.ec\/index.php\/via-montecristi-manta-ahora-brinda-mejor-seguridad-a-los-usuarios\/\" \/>\n<meta property=\"og:locale\" content=\"es_ES\" \/>\n<meta property=\"og:type\" content=\"article\" \/>\n<meta property=\"og:title\" content=\"V\u00eda Montecristi - Manta ahora brinda mejor seguridad a los usuarios - Prefectura de Manab\u00ed\" \/>\n<meta property=\"og:description\" content=\"Los trabajos de la v\u00eda Montecristi &#8211; Manta han sido concluidos y brinda mayor seguridad a quienes viajan por esta arteria de conectividad entre estos dos cantones manabitas, Los trabajos fueron ejecutados por la Prefectura de Manab\u00ed y la EP Manab\u00ed Vial, en convenio con el GAD Montecristi. La intervenci\u00f3n contempl\u00f3 una longitud de 2.57 [&hellip;]\" \/>\n<meta property=\"og:url\" content=\"https:\/\/www.manabi.gob.ec\/index.php\/via-montecristi-manta-ahora-brinda-mejor-seguridad-a-los-usuarios\/\" \/>\n<meta property=\"og:site_name\" content=\"Prefectura de Manab\u00ed\" \/>\n<meta property=\"article:published_time\" content=\"2026-03-09T14:57:29+00:00\" \/>\n<meta property=\"article:modified_time\" content=\"2026-03-09T14:57:30+00:00\" \/>\n<meta property=\"og:image\" content=\"https:\/\/www.manabi.gob.ec\/wp-content\/uploads\/2026\/03\/WhatsApp-Image-2026-03-06-at-4.28.18-PM.jpeg\" \/>\n\t<meta property=\"og:image:width\" content=\"1600\" \/>\n\t<meta property=\"og:image:height\" content=\"900\" \/>\n\t<meta property=\"og:image:type\" content=\"image\/jpeg\" \/>\n<meta name=\"author\" content=\"Lui Ochoa\" \/>\n<meta name=\"twitter:card\" content=\"summary_large_image\" \/>\n<meta name=\"twitter:label1\" content=\"Escrito por\" \/>\n\t<meta name=\"twitter:data1\" content=\"Lui Ochoa\" \/>\n\t<meta name=\"twitter:label2\" content=\"Tiempo de lectura\" \/>\n\t<meta name=\"twitter:data2\" content=\"2 minutos\" \/>\n<script type=\"application\/ld+json\" class=\"yoast-schema-graph\">{\"@context\":\"https:\\\/\\\/schema.org\",\"@graph\":[{\"@type\":\"Article\",\"@id\":\"https:\\\/\\\/www.manabi.gob.ec\\\/index.php\\\/via-montecristi-manta-ahora-brinda-mejor-seguridad-a-los-usuarios\\\/#article\",\"isPartOf\":{\"@id\":\"https:\\\/\\\/www.manabi.gob.ec\\\/index.php\\\/via-montecristi-manta-ahora-brinda-mejor-seguridad-a-los-usuarios\\\/\"},\"author\":{\"name\":\"Lui Ochoa\",\"@id\":\"https:\\\/\\\/www.manabi.gob.ec\\\/#\\\/schema\\\/person\\\/c4f117989332ad723a6ced5994aa7d7a\"},\"headline\":\"V\u00eda Montecristi &#8211; Manta ahora brinda mejor seguridad a los usuarios\",\"datePublished\":\"2026-03-09T14:57:29+00:00\",\"dateModified\":\"2026-03-09T14:57:30+00:00\",\"mainEntityOfPage\":{\"@id\":\"https:\\\/\\\/www.manabi.gob.ec\\\/index.php\\\/via-montecristi-manta-ahora-brinda-mejor-seguridad-a-los-usuarios\\\/\"},\"wordCount\":294,\"image\":{\"@id\":\"https:\\\/\\\/www.manabi.gob.ec\\\/index.php\\\/via-montecristi-manta-ahora-brinda-mejor-seguridad-a-los-usuarios\\\/#primaryimage\"},\"thumbnailUrl\":\"https:\\\/\\\/www.manabi.gob.ec\\\/wp-content\\\/uploads\\\/2026\\\/03\\\/WhatsApp-Image-2026-03-06-at-4.28.18-PM.jpeg\",\"keywords\":[\"Vialidad\"],\"articleSection\":[\"Ambiente\",\"Desarrollo Social\",\"Manab\u00ed Vial\",\"Montecristi\",\"Noticias\",\"Todas\",\"Vialidad\"],\"inLanguage\":\"es\"},{\"@type\":\"WebPage\",\"@id\":\"https:\\\/\\\/www.manabi.gob.ec\\\/index.php\\\/via-montecristi-manta-ahora-brinda-mejor-seguridad-a-los-usuarios\\\/\",\"url\":\"https:\\\/\\\/www.manabi.gob.ec\\\/index.php\\\/via-montecristi-manta-ahora-brinda-mejor-seguridad-a-los-usuarios\\\/\",\"name\":\"V\u00eda Montecristi - Manta ahora brinda mejor seguridad a los usuarios - Prefectura de Manab\u00ed\",\"isPartOf\":{\"@id\":\"https:\\\/\\\/www.manabi.gob.ec\\\/#website\"},\"primaryImageOfPage\":{\"@id\":\"https:\\\/\\\/www.manabi.gob.ec\\\/index.php\\\/via-montecristi-manta-ahora-brinda-mejor-seguridad-a-los-usuarios\\\/#primaryimage\"},\"image\":{\"@id\":\"https:\\\/\\\/www.manabi.gob.ec\\\/index.php\\\/via-montecristi-manta-ahora-brinda-mejor-seguridad-a-los-usuarios\\\/#primaryimage\"},\"thumbnailUrl\":\"https:\\\/\\\/www.manabi.gob.ec\\\/wp-content\\\/uploads\\\/2026\\\/03\\\/WhatsApp-Image-2026-03-06-at-4.28.18-PM.jpeg\",\"datePublished\":\"2026-03-09T14:57:29+00:00\",\"dateModified\":\"2026-03-09T14:57:30+00:00\",\"author\":{\"@id\":\"https:\\\/\\\/www.manabi.gob.ec\\\/#\\\/schema\\\/person\\\/c4f117989332ad723a6ced5994aa7d7a\"},\"breadcrumb\":{\"@id\":\"https:\\\/\\\/www.manabi.gob.ec\\\/index.php\\\/via-montecristi-manta-ahora-brinda-mejor-seguridad-a-los-usuarios\\\/#breadcrumb\"},\"inLanguage\":\"es\",\"potentialAction\":[{\"@type\":\"ReadAction\",\"target\":[\"https:\\\/\\\/www.manabi.gob.ec\\\/index.php\\\/via-montecristi-manta-ahora-brinda-mejor-seguridad-a-los-usuarios\\\/\"]}]},{\"@type\":\"ImageObject\",\"inLanguage\":\"es\",\"@id\":\"https:\\\/\\\/www.manabi.gob.ec\\\/index.php\\\/via-montecristi-manta-ahora-brinda-mejor-seguridad-a-los-usuarios\\\/#primaryimage\",\"url\":\"https:\\\/\\\/www.manabi.gob.ec\\\/wp-content\\\/uploads\\\/2026\\\/03\\\/WhatsApp-Image-2026-03-06-at-4.28.18-PM.jpeg\",\"contentUrl\":\"https:\\\/\\\/www.manabi.gob.ec\\\/wp-content\\\/uploads\\\/2026\\\/03\\\/WhatsApp-Image-2026-03-06-at-4.28.18-PM.jpeg\",\"width\":1600,\"height\":900},{\"@type\":\"BreadcrumbList\",\"@id\":\"https:\\\/\\\/www.manabi.gob.ec\\\/index.php\\\/via-montecristi-manta-ahora-brinda-mejor-seguridad-a-los-usuarios\\\/#breadcrumb\",\"itemListElement\":[{\"@type\":\"ListItem\",\"position\":1,\"name\":\"Portada\",\"item\":\"https:\\\/\\\/www.manabi.gob.ec\\\/\"},{\"@type\":\"ListItem\",\"position\":2,\"name\":\"V\u00eda Montecristi &#8211; Manta ahora brinda mejor seguridad a los usuarios\"}]},{\"@type\":\"WebSite\",\"@id\":\"https:\\\/\\\/www.manabi.gob.ec\\\/#website\",\"url\":\"https:\\\/\\\/www.manabi.gob.ec\\\/\",\"name\":\"Prefectura de Manab\u00ed\",\"description\":\"P\u00e1gina web de la prefectura\",\"potentialAction\":[{\"@type\":\"SearchAction\",\"target\":{\"@type\":\"EntryPoint\",\"urlTemplate\":\"https:\\\/\\\/www.manabi.gob.ec\\\/?s={search_term_string}\"},\"query-input\":{\"@type\":\"PropertyValueSpecification\",\"valueRequired\":true,\"valueName\":\"search_term_string\"}}],\"inLanguage\":\"es\"},{\"@type\":\"Person\",\"@id\":\"https:\\\/\\\/www.manabi.gob.ec\\\/#\\\/schema\\\/person\\\/c4f117989332ad723a6ced5994aa7d7a\",\"name\":\"Lui Ochoa\",\"image\":{\"@type\":\"ImageObject\",\"inLanguage\":\"es\",\"@id\":\"https:\\\/\\\/secure.gravatar.com\\\/avatar\\\/6e8017d0fe69dead8a95864d2eb6e1e1d8bf8e01194ba49cf7b897ff038126ba?s=96&d=mm&r=g\",\"url\":\"https:\\\/\\\/secure.gravatar.com\\\/avatar\\\/6e8017d0fe69dead8a95864d2eb6e1e1d8bf8e01194ba49cf7b897ff038126ba?s=96&d=mm&r=g\",\"contentUrl\":\"https:\\\/\\\/secure.gravatar.com\\\/avatar\\\/6e8017d0fe69dead8a95864d2eb6e1e1d8bf8e01194ba49cf7b897ff038126ba?s=96&d=mm&r=g\",\"caption\":\"Lui Ochoa\"},\"url\":\"https:\\\/\\\/www.manabi.gob.ec\\\/index.php\\\/author\\\/lochoa\\\/\"}]}<\/script>\n<!-- \/ Yoast SEO plugin. -->","yoast_head_json":{"title":"V\u00eda Montecristi - Manta ahora brinda mejor seguridad a los usuarios - Prefectura de Manab\u00ed","robots":{"index":"index","follow":"follow","max-snippet":"max-snippet:-1","max-image-preview":"max-image-preview:large","max-video-preview":"max-video-preview:-1"},"canonical":"https:\/\/www.manabi.gob.ec\/index.php\/via-montecristi-manta-ahora-brinda-mejor-seguridad-a-los-usuarios\/","og_locale":"es_ES","og_type":"article","og_title":"V\u00eda Montecristi - Manta ahora brinda mejor seguridad a los usuarios - Prefectura de Manab\u00ed","og_description":"Los trabajos de la v\u00eda Montecristi &#8211; Manta han sido concluidos y brinda mayor seguridad a quienes viajan por esta arteria de conectividad entre estos dos cantones manabitas, Los trabajos fueron ejecutados por la Prefectura de Manab\u00ed y la EP Manab\u00ed Vial, en convenio con el GAD Montecristi. La intervenci\u00f3n contempl\u00f3 una longitud de 2.57 [&hellip;]","og_url":"https:\/\/www.manabi.gob.ec\/index.php\/via-montecristi-manta-ahora-brinda-mejor-seguridad-a-los-usuarios\/","og_site_name":"Prefectura de Manab\u00ed","article_published_time":"2026-03-09T14:57:29+00:00","article_modified_time":"2026-03-09T14:57:30+00:00","og_image":[{"width":1600,"height":900,"url":"https:\/\/www.manabi.gob.ec\/wp-content\/uploads\/2026\/03\/WhatsApp-Image-2026-03-06-at-4.28.18-PM.jpeg","type":"image\/jpeg"}],"author":"Lui Ochoa","twitter_card":"summary_large_image","twitter_misc":{"Escrito por":"Lui Ochoa","Tiempo de lectura":"2 minutos"},"schema":{"@context":"https:\/\/schema.org","@graph":[{"@type":"Article","@id":"https:\/\/www.manabi.gob.ec\/index.php\/via-montecristi-manta-ahora-brinda-mejor-seguridad-a-los-usuarios\/#article","isPartOf":{"@id":"https:\/\/www.manabi.gob.ec\/index.php\/via-montecristi-manta-ahora-brinda-mejor-seguridad-a-los-usuarios\/"},"author":{"name":"Lui Ochoa","@id":"https:\/\/www.manabi.gob.ec\/#\/schema\/person\/c4f117989332ad723a6ced5994aa7d7a"},"headline":"V\u00eda Montecristi &#8211; Manta ahora brinda mejor seguridad a los usuarios","datePublished":"2026-03-09T14:57:29+00:00","dateModified":"2026-03-09T14:57:30+00:00","mainEntityOfPage":{"@id":"https:\/\/www.manabi.gob.ec\/index.php\/via-montecristi-manta-ahora-brinda-mejor-seguridad-a-los-usuarios\/"},"wordCount":294,"image":{"@id":"https:\/\/www.manabi.gob.ec\/index.php\/via-montecristi-manta-ahora-brinda-mejor-seguridad-a-los-usuarios\/#primaryimage"},"thumbnailUrl":"https:\/\/www.manabi.gob.ec\/wp-content\/uploads\/2026\/03\/WhatsApp-Image-2026-03-06-at-4.28.18-PM.jpeg","keywords":["Vialidad"],"articleSection":["Ambiente","Desarrollo Social","Manab\u00ed Vial","Montecristi","Noticias","Todas","Vialidad"],"inLanguage":"es"},{"@type":"WebPage","@id":"https:\/\/www.manabi.gob.ec\/index.php\/via-montecristi-manta-ahora-brinda-mejor-seguridad-a-los-usuarios\/","url":"https:\/\/www.manabi.gob.ec\/index.php\/via-montecristi-manta-ahora-brinda-mejor-seguridad-a-los-usuarios\/","name":"V\u00eda Montecristi - Manta ahora brinda mejor seguridad a los usuarios - Prefectura de Manab\u00ed","isPartOf":{"@id":"https:\/\/www.manabi.gob.ec\/#website"},"primaryImageOfPage":{"@id":"https:\/\/www.manabi.gob.ec\/index.php\/via-montecristi-manta-ahora-brinda-mejor-seguridad-a-los-usuarios\/#primaryimage"},"image":{"@id":"https:\/\/www.manabi.gob.ec\/index.php\/via-montecristi-manta-ahora-brinda-mejor-seguridad-a-los-usuarios\/#primaryimage"},"thumbnailUrl":"https:\/\/www.manabi.gob.ec\/wp-content\/uploads\/2026\/03\/WhatsApp-Image-2026-03-06-at-4.28.18-PM.jpeg","datePublished":"2026-03-09T14:57:29+00:00","dateModified":"2026-03-09T14:57:30+00:00","author":{"@id":"https:\/\/www.manabi.gob.ec\/#\/schema\/person\/c4f117989332ad723a6ced5994aa7d7a"},"breadcrumb":{"@id":"https:\/\/www.manabi.gob.ec\/index.php\/via-montecristi-manta-ahora-brinda-mejor-seguridad-a-los-usuarios\/#breadcrumb"},"inLanguage":"es","potentialAction":[{"@type":"ReadAction","target":["https:\/\/www.manabi.gob.ec\/index.php\/via-montecristi-manta-ahora-brinda-mejor-seguridad-a-los-usuarios\/"]}]},{"@type":"ImageObject","inLanguage":"es","@id":"https:\/\/www.manabi.gob.ec\/index.php\/via-montecristi-manta-ahora-brinda-mejor-seguridad-a-los-usuarios\/#primaryimage","url":"https:\/\/www.manabi.gob.ec\/wp-content\/uploads\/2026\/03\/WhatsApp-Image-2026-03-06-at-4.28.18-PM.jpeg","contentUrl":"https:\/\/www.manabi.gob.ec\/wp-content\/uploads\/2026\/03\/WhatsApp-Image-2026-03-06-at-4.28.18-PM.jpeg","width":1600,"height":900},{"@type":"BreadcrumbList","@id":"https:\/\/www.manabi.gob.ec\/index.php\/via-montecristi-manta-ahora-brinda-mejor-seguridad-a-los-usuarios\/#breadcrumb","itemListElement":[{"@type":"ListItem","position":1,"name":"Portada","item":"https:\/\/www.manabi.gob.ec\/"},{"@type":"ListItem","position":2,"name":"V\u00eda Montecristi &#8211; Manta ahora brinda mejor seguridad a los usuarios"}]},{"@type":"WebSite","@id":"https:\/\/www.manabi.gob.ec\/#website","url":"https:\/\/www.manabi.gob.ec\/","name":"Prefectura de Manab\u00ed","description":"P\u00e1gina web de la prefectura","potentialAction":[{"@type":"SearchAction","target":{"@type":"EntryPoint","urlTemplate":"https:\/\/www.manabi.gob.ec\/?s={search_term_string}"},"query-input":{"@type":"PropertyValueSpecification","valueRequired":true,"valueName":"search_term_string"}}],"inLanguage":"es"},{"@type":"Person","@id":"https:\/\/www.manabi.gob.ec\/#\/schema\/person\/c4f117989332ad723a6ced5994aa7d7a","name":"Lui Ochoa","image":{"@type":"ImageObject","inLanguage":"es","@id":"https:\/\/secure.gravatar.com\/avatar\/6e8017d0fe69dead8a95864d2eb6e1e1d8bf8e01194ba49cf7b897ff038126ba?s=96&d=mm&r=g","url":"https:\/\/secure.gravatar.com\/avatar\/6e8017d0fe69dead8a95864d2eb6e1e1d8bf8e01194ba49cf7b897ff038126ba?s=96&d=mm&r=g","contentUrl":"https:\/\/secure.gravatar.com\/avatar\/6e8017d0fe69dead8a95864d2eb6e1e1d8bf8e01194ba49cf7b897ff038126ba?s=96&d=mm&r=g","caption":"Lui Ochoa"},"url":"https:\/\/www.manabi.gob.ec\/index.php\/author\/lochoa\/"}]}},"jetpack_featured_media_url":"https:\/\/www.manabi.gob.ec\/wp-content\/uploads\/2026\/03\/WhatsApp-Image-2026-03-06-at-4.28.18-PM.jpeg","_links":{"self":[{"href":"https:\/\/www.manabi.gob.ec\/index.php\/wp-json\/wp\/v2\/posts\/33313","targetHints":{"allow":["GET"]}}],"collection":[{"href":"https:\/\/www.manabi.gob.ec\/index.php\/wp-json\/wp\/v2\/posts"}],"about":[{"href":"https:\/\/www.manabi.gob.ec\/index.php\/wp-json\/wp\/v2\/types\/post"}],"author":[{"embeddable":true,"href":"https:\/\/www.manabi.gob.ec\/index.php\/wp-json\/wp\/v2\/users\/10"}],"replies":[{"embeddable":true,"href":"https:\/\/www.manabi.gob.ec\/index.php\/wp-json\/wp\/v2\/comments?post=33313"}],"version-history":[{"count":1,"href":"https:\/\/www.manabi.gob.ec\/index.php\/wp-json\/wp\/v2\/posts\/33313\/revisions"}],"predecessor-version":[{"id":33319,"href":"https:\/\/www.manabi.gob.ec\/index.php\/wp-json\/wp\/v2\/posts\/33313\/revisions\/33319"}],"wp:featuredmedia":[{"embeddable":true,"href":"https:\/\/www.manabi.gob.ec\/index.php\/wp-json\/wp\/v2\/media\/33315"}],"wp:attachment":[{"href":"https:\/\/www.manabi.gob.ec\/index.php\/wp-json\/wp\/v2\/media?parent=33313"}],"wp:term":[{"taxonomy":"category","embeddable":true,"href":"https:\/\/www.manabi.gob.ec\/index.php\/wp-json\/wp\/v2\/categories?post=33313"},{"taxonomy":"post_tag","embeddable":true,"href":"https:\/\/www.manabi.gob.ec\/index.php\/wp-json\/wp\/v2\/tags?post=33313"}],"curies":[{"name":"wp","href":"https:\/\/api.w.org\/{rel}","templated":true}]}}