{"id":33325,"date":"2026-03-09T15:42:47","date_gmt":"2026-03-09T15:42:47","guid":{"rendered":"https:\/\/www.manabi.gob.ec\/?p=33325"},"modified":"2026-03-09T15:42:48","modified_gmt":"2026-03-09T15:42:48","slug":"prefecto-supervisa-trabajos-de-limpieza-y-desazolve-en-flavio-alfaro","status":"publish","type":"post","link":"https:\/\/www.manabi.gob.ec\/index.php\/prefecto-supervisa-trabajos-de-limpieza-y-desazolve-en-flavio-alfaro\/","title":{"rendered":"Prefecto supervisa trabajos de limpieza y desazolve en Flavio Alfaro"},"content":{"rendered":"\n<p>En el Cant\u00f3n Flavio Alfaro, al norte de la provincia, maquinaria de la Prefectura de Manab\u00ed realiza trabajos de limpieza, reconformaci\u00f3n de muro y desazolves en varios puntos. El prefecto Leonardo Orlando, realiz\u00f3 un recorrido para supervisar las acciones emprendidas que tienen como objetivo mitigar los efectos del invierno en el cant\u00f3n. En el recorrido estuvo presente adem\u00e1s el alcalde del cant\u00f3n, Humberto Barreiro y t\u00e9cnicos de la instituci\u00f3n.<\/p>\n\n\n\n<p>Las intervenciones se desarrollan en los r\u00edos San Pablo, Ciriaco, Pescadillo y Rancho Quemado, donde se trabajan 5.800 metros lineales de limpieza y desazolve. Estas acciones han generado resultados importantes durante la actual etapa invernal, contribuyendo a mitigar inundaciones en varios sectores periurbanos del cant\u00f3n.<\/p>\n\n\n\n<p>El Prefecto destac\u00f3 que estas labores se realizan de manera coordinada con el GAD municipal, debido a las afectaciones ocasionadas por el azolvamiento de los r\u00edos y resalt\u00f3 que la Prefectura ha brindado una respuesta oportuna, alcanzando actualmente un 85 % de avance en la intervenci\u00f3n.<\/p>\n\n\n\n<p>Con estos trabajos se benefician m\u00e1s de 10.000 familias del cant\u00f3n, mediante una inversi\u00f3n que supera los 300 mil d\u00f3lares, reafirmando el compromiso de la Prefectura de Manab\u00ed con la prevenci\u00f3n de riesgos y el bienestar de la poblaci\u00f3n.<\/p>\n","protected":false},"excerpt":{"rendered":"<p>En el Cant\u00f3n Flavio Alfaro, al norte de la provincia, maquinaria de la Prefectura de Manab\u00ed realiza trabajos de limpieza, reconformaci\u00f3n de muro y desazolves en varios puntos. El prefecto Leonardo Orlando, realiz\u00f3 un recorrido para supervisar las acciones emprendidas que tienen como objetivo mitigar los efectos del invierno en el cant\u00f3n. En el recorrido [&hellip;]<\/p>\n","protected":false},"author":10,"featured_media":33326,"comment_status":"closed","ping_status":"closed","sticky":false,"template":"","format":"standard","meta":{"_joinchat":[],"footnotes":""},"categories":[150,142,151,92,339,340,91],"tags":[],"class_list":["post-33325","post","type-post","status-publish","format-standard","has-post-thumbnail","hentry","category-ambiente","category-desarrollo-social","category-flavio-alfaro","category-noticias-manabi","category-plan-invernal","category-plan-invernal-plan-invernal","category-todas"],"yoast_head":"<!-- This site is optimized with the Yoast SEO plugin v27.4 - https:\/\/yoast.com\/product\/yoast-seo-wordpress\/ -->\n<title>Prefecto supervisa trabajos de limpieza y desazolve en Flavio Alfaro - Prefectura de Manab\u00ed<\/title>\n<meta name=\"robots\" content=\"index, follow, max-snippet:-1, max-image-preview:large, max-video-preview:-1\" \/>\n<link rel=\"canonical\" href=\"https:\/\/www.manabi.gob.ec\/index.php\/prefecto-supervisa-trabajos-de-limpieza-y-desazolve-en-flavio-alfaro\/\" \/>\n<meta property=\"og:locale\" content=\"es_ES\" \/>\n<meta property=\"og:type\" content=\"article\" \/>\n<meta property=\"og:title\" content=\"Prefecto supervisa trabajos de limpieza y desazolve en Flavio Alfaro - Prefectura de Manab\u00ed\" \/>\n<meta property=\"og:description\" content=\"En el Cant\u00f3n Flavio Alfaro, al norte de la provincia, maquinaria de la Prefectura de Manab\u00ed realiza trabajos de limpieza, reconformaci\u00f3n de muro y desazolves en varios puntos. El prefecto Leonardo Orlando, realiz\u00f3 un recorrido para supervisar las acciones emprendidas que tienen como objetivo mitigar los efectos del invierno en el cant\u00f3n. En el recorrido [&hellip;]\" \/>\n<meta property=\"og:url\" content=\"https:\/\/www.manabi.gob.ec\/index.php\/prefecto-supervisa-trabajos-de-limpieza-y-desazolve-en-flavio-alfaro\/\" \/>\n<meta property=\"og:site_name\" content=\"Prefectura de Manab\u00ed\" \/>\n<meta property=\"article:published_time\" content=\"2026-03-09T15:42:47+00:00\" \/>\n<meta property=\"article:modified_time\" content=\"2026-03-09T15:42:48+00:00\" \/>\n<meta property=\"og:image\" content=\"https:\/\/www.manabi.gob.ec\/wp-content\/uploads\/2026\/03\/WhatsApp-Image-2026-03-09-at-10.32.31-AM-scaled.jpeg\" \/>\n\t<meta property=\"og:image:width\" content=\"2560\" \/>\n\t<meta property=\"og:image:height\" content=\"1706\" \/>\n\t<meta property=\"og:image:type\" content=\"image\/jpeg\" \/>\n<meta name=\"author\" content=\"Lui Ochoa\" \/>\n<meta name=\"twitter:card\" content=\"summary_large_image\" \/>\n<meta name=\"twitter:label1\" content=\"Escrito por\" \/>\n\t<meta name=\"twitter:data1\" content=\"Lui Ochoa\" \/>\n\t<meta name=\"twitter:label2\" content=\"Tiempo de lectura\" \/>\n\t<meta name=\"twitter:data2\" content=\"2 minutos\" \/>\n<script type=\"application\/ld+json\" class=\"yoast-schema-graph\">{\"@context\":\"https:\\\/\\\/schema.org\",\"@graph\":[{\"@type\":\"Article\",\"@id\":\"https:\\\/\\\/www.manabi.gob.ec\\\/index.php\\\/prefecto-supervisa-trabajos-de-limpieza-y-desazolve-en-flavio-alfaro\\\/#article\",\"isPartOf\":{\"@id\":\"https:\\\/\\\/www.manabi.gob.ec\\\/index.php\\\/prefecto-supervisa-trabajos-de-limpieza-y-desazolve-en-flavio-alfaro\\\/\"},\"author\":{\"name\":\"Lui Ochoa\",\"@id\":\"https:\\\/\\\/www.manabi.gob.ec\\\/#\\\/schema\\\/person\\\/c4f117989332ad723a6ced5994aa7d7a\"},\"headline\":\"Prefecto supervisa trabajos de limpieza y desazolve en Flavio Alfaro\",\"datePublished\":\"2026-03-09T15:42:47+00:00\",\"dateModified\":\"2026-03-09T15:42:48+00:00\",\"mainEntityOfPage\":{\"@id\":\"https:\\\/\\\/www.manabi.gob.ec\\\/index.php\\\/prefecto-supervisa-trabajos-de-limpieza-y-desazolve-en-flavio-alfaro\\\/\"},\"wordCount\":221,\"image\":{\"@id\":\"https:\\\/\\\/www.manabi.gob.ec\\\/index.php\\\/prefecto-supervisa-trabajos-de-limpieza-y-desazolve-en-flavio-alfaro\\\/#primaryimage\"},\"thumbnailUrl\":\"https:\\\/\\\/www.manabi.gob.ec\\\/wp-content\\\/uploads\\\/2026\\\/03\\\/WhatsApp-Image-2026-03-09-at-10.32.31-AM-scaled.jpeg\",\"articleSection\":[\"Ambiente\",\"Desarrollo Social\",\"Flavio Alfaro\",\"Noticias\",\"Plan Invernal\",\"PLAN INVERNAL\",\"Todas\"],\"inLanguage\":\"es\"},{\"@type\":\"WebPage\",\"@id\":\"https:\\\/\\\/www.manabi.gob.ec\\\/index.php\\\/prefecto-supervisa-trabajos-de-limpieza-y-desazolve-en-flavio-alfaro\\\/\",\"url\":\"https:\\\/\\\/www.manabi.gob.ec\\\/index.php\\\/prefecto-supervisa-trabajos-de-limpieza-y-desazolve-en-flavio-alfaro\\\/\",\"name\":\"Prefecto supervisa trabajos de limpieza y desazolve en Flavio Alfaro - Prefectura de Manab\u00ed\",\"isPartOf\":{\"@id\":\"https:\\\/\\\/www.manabi.gob.ec\\\/#website\"},\"primaryImageOfPage\":{\"@id\":\"https:\\\/\\\/www.manabi.gob.ec\\\/index.php\\\/prefecto-supervisa-trabajos-de-limpieza-y-desazolve-en-flavio-alfaro\\\/#primaryimage\"},\"image\":{\"@id\":\"https:\\\/\\\/www.manabi.gob.ec\\\/index.php\\\/prefecto-supervisa-trabajos-de-limpieza-y-desazolve-en-flavio-alfaro\\\/#primaryimage\"},\"thumbnailUrl\":\"https:\\\/\\\/www.manabi.gob.ec\\\/wp-content\\\/uploads\\\/2026\\\/03\\\/WhatsApp-Image-2026-03-09-at-10.32.31-AM-scaled.jpeg\",\"datePublished\":\"2026-03-09T15:42:47+00:00\",\"dateModified\":\"2026-03-09T15:42:48+00:00\",\"author\":{\"@id\":\"https:\\\/\\\/www.manabi.gob.ec\\\/#\\\/schema\\\/person\\\/c4f117989332ad723a6ced5994aa7d7a\"},\"breadcrumb\":{\"@id\":\"https:\\\/\\\/www.manabi.gob.ec\\\/index.php\\\/prefecto-supervisa-trabajos-de-limpieza-y-desazolve-en-flavio-alfaro\\\/#breadcrumb\"},\"inLanguage\":\"es\",\"potentialAction\":[{\"@type\":\"ReadAction\",\"target\":[\"https:\\\/\\\/www.manabi.gob.ec\\\/index.php\\\/prefecto-supervisa-trabajos-de-limpieza-y-desazolve-en-flavio-alfaro\\\/\"]}]},{\"@type\":\"ImageObject\",\"inLanguage\":\"es\",\"@id\":\"https:\\\/\\\/www.manabi.gob.ec\\\/index.php\\\/prefecto-supervisa-trabajos-de-limpieza-y-desazolve-en-flavio-alfaro\\\/#primaryimage\",\"url\":\"https:\\\/\\\/www.manabi.gob.ec\\\/wp-content\\\/uploads\\\/2026\\\/03\\\/WhatsApp-Image-2026-03-09-at-10.32.31-AM-scaled.jpeg\",\"contentUrl\":\"https:\\\/\\\/www.manabi.gob.ec\\\/wp-content\\\/uploads\\\/2026\\\/03\\\/WhatsApp-Image-2026-03-09-at-10.32.31-AM-scaled.jpeg\",\"width\":2560,\"height\":1706},{\"@type\":\"BreadcrumbList\",\"@id\":\"https:\\\/\\\/www.manabi.gob.ec\\\/index.php\\\/prefecto-supervisa-trabajos-de-limpieza-y-desazolve-en-flavio-alfaro\\\/#breadcrumb\",\"itemListElement\":[{\"@type\":\"ListItem\",\"position\":1,\"name\":\"Portada\",\"item\":\"https:\\\/\\\/www.manabi.gob.ec\\\/\"},{\"@type\":\"ListItem\",\"position\":2,\"name\":\"Prefecto supervisa trabajos de limpieza y desazolve en Flavio Alfaro\"}]},{\"@type\":\"WebSite\",\"@id\":\"https:\\\/\\\/www.manabi.gob.ec\\\/#website\",\"url\":\"https:\\\/\\\/www.manabi.gob.ec\\\/\",\"name\":\"Prefectura de Manab\u00ed\",\"description\":\"P\u00e1gina web de la prefectura\",\"potentialAction\":[{\"@type\":\"SearchAction\",\"target\":{\"@type\":\"EntryPoint\",\"urlTemplate\":\"https:\\\/\\\/www.manabi.gob.ec\\\/?s={search_term_string}\"},\"query-input\":{\"@type\":\"PropertyValueSpecification\",\"valueRequired\":true,\"valueName\":\"search_term_string\"}}],\"inLanguage\":\"es\"},{\"@type\":\"Person\",\"@id\":\"https:\\\/\\\/www.manabi.gob.ec\\\/#\\\/schema\\\/person\\\/c4f117989332ad723a6ced5994aa7d7a\",\"name\":\"Lui Ochoa\",\"image\":{\"@type\":\"ImageObject\",\"inLanguage\":\"es\",\"@id\":\"https:\\\/\\\/secure.gravatar.com\\\/avatar\\\/6e8017d0fe69dead8a95864d2eb6e1e1d8bf8e01194ba49cf7b897ff038126ba?s=96&d=mm&r=g\",\"url\":\"https:\\\/\\\/secure.gravatar.com\\\/avatar\\\/6e8017d0fe69dead8a95864d2eb6e1e1d8bf8e01194ba49cf7b897ff038126ba?s=96&d=mm&r=g\",\"contentUrl\":\"https:\\\/\\\/secure.gravatar.com\\\/avatar\\\/6e8017d0fe69dead8a95864d2eb6e1e1d8bf8e01194ba49cf7b897ff038126ba?s=96&d=mm&r=g\",\"caption\":\"Lui Ochoa\"},\"url\":\"https:\\\/\\\/www.manabi.gob.ec\\\/index.php\\\/author\\\/lochoa\\\/\"}]}<\/script>\n<!-- \/ Yoast SEO plugin. -->","yoast_head_json":{"title":"Prefecto supervisa trabajos de limpieza y desazolve en Flavio Alfaro - Prefectura de Manab\u00ed","robots":{"index":"index","follow":"follow","max-snippet":"max-snippet:-1","max-image-preview":"max-image-preview:large","max-video-preview":"max-video-preview:-1"},"canonical":"https:\/\/www.manabi.gob.ec\/index.php\/prefecto-supervisa-trabajos-de-limpieza-y-desazolve-en-flavio-alfaro\/","og_locale":"es_ES","og_type":"article","og_title":"Prefecto supervisa trabajos de limpieza y desazolve en Flavio Alfaro - Prefectura de Manab\u00ed","og_description":"En el Cant\u00f3n Flavio Alfaro, al norte de la provincia, maquinaria de la Prefectura de Manab\u00ed realiza trabajos de limpieza, reconformaci\u00f3n de muro y desazolves en varios puntos. El prefecto Leonardo Orlando, realiz\u00f3 un recorrido para supervisar las acciones emprendidas que tienen como objetivo mitigar los efectos del invierno en el cant\u00f3n. En el recorrido [&hellip;]","og_url":"https:\/\/www.manabi.gob.ec\/index.php\/prefecto-supervisa-trabajos-de-limpieza-y-desazolve-en-flavio-alfaro\/","og_site_name":"Prefectura de Manab\u00ed","article_published_time":"2026-03-09T15:42:47+00:00","article_modified_time":"2026-03-09T15:42:48+00:00","og_image":[{"width":2560,"height":1706,"url":"https:\/\/www.manabi.gob.ec\/wp-content\/uploads\/2026\/03\/WhatsApp-Image-2026-03-09-at-10.32.31-AM-scaled.jpeg","type":"image\/jpeg"}],"author":"Lui Ochoa","twitter_card":"summary_large_image","twitter_misc":{"Escrito por":"Lui Ochoa","Tiempo de lectura":"2 minutos"},"schema":{"@context":"https:\/\/schema.org","@graph":[{"@type":"Article","@id":"https:\/\/www.manabi.gob.ec\/index.php\/prefecto-supervisa-trabajos-de-limpieza-y-desazolve-en-flavio-alfaro\/#article","isPartOf":{"@id":"https:\/\/www.manabi.gob.ec\/index.php\/prefecto-supervisa-trabajos-de-limpieza-y-desazolve-en-flavio-alfaro\/"},"author":{"name":"Lui Ochoa","@id":"https:\/\/www.manabi.gob.ec\/#\/schema\/person\/c4f117989332ad723a6ced5994aa7d7a"},"headline":"Prefecto supervisa trabajos de limpieza y desazolve en Flavio Alfaro","datePublished":"2026-03-09T15:42:47+00:00","dateModified":"2026-03-09T15:42:48+00:00","mainEntityOfPage":{"@id":"https:\/\/www.manabi.gob.ec\/index.php\/prefecto-supervisa-trabajos-de-limpieza-y-desazolve-en-flavio-alfaro\/"},"wordCount":221,"image":{"@id":"https:\/\/www.manabi.gob.ec\/index.php\/prefecto-supervisa-trabajos-de-limpieza-y-desazolve-en-flavio-alfaro\/#primaryimage"},"thumbnailUrl":"https:\/\/www.manabi.gob.ec\/wp-content\/uploads\/2026\/03\/WhatsApp-Image-2026-03-09-at-10.32.31-AM-scaled.jpeg","articleSection":["Ambiente","Desarrollo Social","Flavio Alfaro","Noticias","Plan Invernal","PLAN INVERNAL","Todas"],"inLanguage":"es"},{"@type":"WebPage","@id":"https:\/\/www.manabi.gob.ec\/index.php\/prefecto-supervisa-trabajos-de-limpieza-y-desazolve-en-flavio-alfaro\/","url":"https:\/\/www.manabi.gob.ec\/index.php\/prefecto-supervisa-trabajos-de-limpieza-y-desazolve-en-flavio-alfaro\/","name":"Prefecto supervisa trabajos de limpieza y desazolve en Flavio Alfaro - Prefectura de Manab\u00ed","isPartOf":{"@id":"https:\/\/www.manabi.gob.ec\/#website"},"primaryImageOfPage":{"@id":"https:\/\/www.manabi.gob.ec\/index.php\/prefecto-supervisa-trabajos-de-limpieza-y-desazolve-en-flavio-alfaro\/#primaryimage"},"image":{"@id":"https:\/\/www.manabi.gob.ec\/index.php\/prefecto-supervisa-trabajos-de-limpieza-y-desazolve-en-flavio-alfaro\/#primaryimage"},"thumbnailUrl":"https:\/\/www.manabi.gob.ec\/wp-content\/uploads\/2026\/03\/WhatsApp-Image-2026-03-09-at-10.32.31-AM-scaled.jpeg","datePublished":"2026-03-09T15:42:47+00:00","dateModified":"2026-03-09T15:42:48+00:00","author":{"@id":"https:\/\/www.manabi.gob.ec\/#\/schema\/person\/c4f117989332ad723a6ced5994aa7d7a"},"breadcrumb":{"@id":"https:\/\/www.manabi.gob.ec\/index.php\/prefecto-supervisa-trabajos-de-limpieza-y-desazolve-en-flavio-alfaro\/#breadcrumb"},"inLanguage":"es","potentialAction":[{"@type":"ReadAction","target":["https:\/\/www.manabi.gob.ec\/index.php\/prefecto-supervisa-trabajos-de-limpieza-y-desazolve-en-flavio-alfaro\/"]}]},{"@type":"ImageObject","inLanguage":"es","@id":"https:\/\/www.manabi.gob.ec\/index.php\/prefecto-supervisa-trabajos-de-limpieza-y-desazolve-en-flavio-alfaro\/#primaryimage","url":"https:\/\/www.manabi.gob.ec\/wp-content\/uploads\/2026\/03\/WhatsApp-Image-2026-03-09-at-10.32.31-AM-scaled.jpeg","contentUrl":"https:\/\/www.manabi.gob.ec\/wp-content\/uploads\/2026\/03\/WhatsApp-Image-2026-03-09-at-10.32.31-AM-scaled.jpeg","width":2560,"height":1706},{"@type":"BreadcrumbList","@id":"https:\/\/www.manabi.gob.ec\/index.php\/prefecto-supervisa-trabajos-de-limpieza-y-desazolve-en-flavio-alfaro\/#breadcrumb","itemListElement":[{"@type":"ListItem","position":1,"name":"Portada","item":"https:\/\/www.manabi.gob.ec\/"},{"@type":"ListItem","position":2,"name":"Prefecto supervisa trabajos de limpieza y desazolve en Flavio Alfaro"}]},{"@type":"WebSite","@id":"https:\/\/www.manabi.gob.ec\/#website","url":"https:\/\/www.manabi.gob.ec\/","name":"Prefectura de Manab\u00ed","description":"P\u00e1gina web de la prefectura","potentialAction":[{"@type":"SearchAction","target":{"@type":"EntryPoint","urlTemplate":"https:\/\/www.manabi.gob.ec\/?s={search_term_string}"},"query-input":{"@type":"PropertyValueSpecification","valueRequired":true,"valueName":"search_term_string"}}],"inLanguage":"es"},{"@type":"Person","@id":"https:\/\/www.manabi.gob.ec\/#\/schema\/person\/c4f117989332ad723a6ced5994aa7d7a","name":"Lui Ochoa","image":{"@type":"ImageObject","inLanguage":"es","@id":"https:\/\/secure.gravatar.com\/avatar\/6e8017d0fe69dead8a95864d2eb6e1e1d8bf8e01194ba49cf7b897ff038126ba?s=96&d=mm&r=g","url":"https:\/\/secure.gravatar.com\/avatar\/6e8017d0fe69dead8a95864d2eb6e1e1d8bf8e01194ba49cf7b897ff038126ba?s=96&d=mm&r=g","contentUrl":"https:\/\/secure.gravatar.com\/avatar\/6e8017d0fe69dead8a95864d2eb6e1e1d8bf8e01194ba49cf7b897ff038126ba?s=96&d=mm&r=g","caption":"Lui Ochoa"},"url":"https:\/\/www.manabi.gob.ec\/index.php\/author\/lochoa\/"}]}},"jetpack_featured_media_url":"https:\/\/www.manabi.gob.ec\/wp-content\/uploads\/2026\/03\/WhatsApp-Image-2026-03-09-at-10.32.31-AM-scaled.jpeg","_links":{"self":[{"href":"https:\/\/www.manabi.gob.ec\/index.php\/wp-json\/wp\/v2\/posts\/33325","targetHints":{"allow":["GET"]}}],"collection":[{"href":"https:\/\/www.manabi.gob.ec\/index.php\/wp-json\/wp\/v2\/posts"}],"about":[{"href":"https:\/\/www.manabi.gob.ec\/index.php\/wp-json\/wp\/v2\/types\/post"}],"author":[{"embeddable":true,"href":"https:\/\/www.manabi.gob.ec\/index.php\/wp-json\/wp\/v2\/users\/10"}],"replies":[{"embeddable":true,"href":"https:\/\/www.manabi.gob.ec\/index.php\/wp-json\/wp\/v2\/comments?post=33325"}],"version-history":[{"count":1,"href":"https:\/\/www.manabi.gob.ec\/index.php\/wp-json\/wp\/v2\/posts\/33325\/revisions"}],"predecessor-version":[{"id":33327,"href":"https:\/\/www.manabi.gob.ec\/index.php\/wp-json\/wp\/v2\/posts\/33325\/revisions\/33327"}],"wp:featuredmedia":[{"embeddable":true,"href":"https:\/\/www.manabi.gob.ec\/index.php\/wp-json\/wp\/v2\/media\/33326"}],"wp:attachment":[{"href":"https:\/\/www.manabi.gob.ec\/index.php\/wp-json\/wp\/v2\/media?parent=33325"}],"wp:term":[{"taxonomy":"category","embeddable":true,"href":"https:\/\/www.manabi.gob.ec\/index.php\/wp-json\/wp\/v2\/categories?post=33325"},{"taxonomy":"post_tag","embeddable":true,"href":"https:\/\/www.manabi.gob.ec\/index.php\/wp-json\/wp\/v2\/tags?post=33325"}],"curies":[{"name":"wp","href":"https:\/\/api.w.org\/{rel}","templated":true}]}}