{"id":33338,"date":"2026-03-10T16:28:30","date_gmt":"2026-03-10T16:28:30","guid":{"rendered":"https:\/\/www.manabi.gob.ec\/?p=33338"},"modified":"2026-03-10T16:28:30","modified_gmt":"2026-03-10T16:28:30","slug":"el-puente-132-impulsa-el-desarrollo-de-flavio-alfaro-e-integra-al-canton-con-chone","status":"publish","type":"post","link":"https:\/\/www.manabi.gob.ec\/index.php\/el-puente-132-impulsa-el-desarrollo-de-flavio-alfaro-e-integra-al-canton-con-chone\/","title":{"rendered":"El puente #132 impulsa el desarrollo de Flavio Alfaro e integra al cant\u00f3n\u00a0 con Chone"},"content":{"rendered":"\n<p>El s\u00e1bado 7 de marzo, habitantes de las diferentes comunidades del cant\u00f3n Flavio Alfaro llegaron muy temprano&nbsp; y&nbsp;&nbsp; entusiasmados&nbsp; al sitio Chisparo, para participar de la entrega del puente #132, ejecutados por la administraci\u00f3n del prefecto Leonardo Orlando.<\/p>\n\n\n\n<p>Jos\u00e9 Mera, dirigente de la comunidad San Agust\u00edn, expres\u00f3 su emoci\u00f3n y agradecimiento al prefecto, y mencion\u00f3 que atr\u00e1s quedaron los d\u00edas de aislamiento y que ahora ya se movilizan con tranquilidad.<\/p>\n\n\n\n<p>L\u00edder Mu\u00f1oz, de la comunidad Matutina, dijo que el prefecto Orlando cumpli\u00f3 con su palabra y que hoy todos llegaron a la inauguraci\u00f3n de una obra que les cambia la vida.<\/p>\n\n\n\n<p>Este viaducto es de 40 metros de longitud y 8 metros de ancho. Cuenta con dos carriles de circulaci\u00f3n, Aceras laterales, se\u00f1alizaci\u00f3n, guardav\u00edas e iluminaci\u00f3n solar.<\/p>\n\n\n\n<p>La obra fue ejecutada con una inversi\u00f3n de $ 953.278,62 d\u00f3lares, financiada por el Banco de Desarrollo del Ecuador, beneficiando a las&nbsp; comunidades de Facundo, Chisparo, La Matutina, Pailones, Boca de Bachillero, Boca de Oro, Los Charcos, Nuevo Bachillero y La Betilla, que hoy est\u00e1n m\u00e1s conectadas e integradas con el cant\u00f3n Chone.<\/p>\n\n\n\n<p>El prefecto Orlando se\u00f1al\u00f3 que la integraci\u00f3n y conectividad del campo con la ciudad es una realidad que se cristaliza con la construcci\u00f3n de cada obra en la provincia.<\/p>\n\n\n\n<p>\u00abEste puente es por todas las personas que lucharon y que ahora es una feliz realidad, que permite el desarrollo de Manab\u00ed, de Flavio Alfaro y todas sus comunidades\u00bb, expres\u00f3 el prefecto.<\/p>\n\n\n\n<p>La autoridad provincial tambi\u00e9n recibi\u00f3 un reconocimiento del Comit\u00e9 Vial Unidos Venceremos por su trabajo en obras y proyectos en el cant\u00f3n Flavio Alfaro<\/p>\n","protected":false},"excerpt":{"rendered":"<p>El s\u00e1bado 7 de marzo, habitantes de las diferentes comunidades del cant\u00f3n Flavio Alfaro llegaron muy temprano&nbsp; y&nbsp;&nbsp; entusiasmados&nbsp; al sitio Chisparo, para participar de la entrega del puente #132, ejecutados por la administraci\u00f3n del prefecto Leonardo Orlando. Jos\u00e9 Mera, dirigente de la comunidad San Agust\u00edn, expres\u00f3 su emoci\u00f3n y agradecimiento al prefecto, y mencion\u00f3 [&hellip;]<\/p>\n","protected":false},"author":10,"featured_media":33339,"comment_status":"closed","ping_status":"closed","sticky":false,"template":"","format":"standard","meta":{"_joinchat":[],"footnotes":""},"categories":[150,142,151,92,91,127],"tags":[101,367,216],"class_list":["post-33338","post","type-post","status-publish","format-standard","has-post-thumbnail","hentry","category-ambiente","category-desarrollo-social","category-flavio-alfaro","category-noticias-manabi","category-todas","category-vialidad","tag-flavio-alfaro","tag-impulsa","tag-puentes"],"yoast_head":"<!-- This site is optimized with the Yoast SEO plugin v27.4 - https:\/\/yoast.com\/product\/yoast-seo-wordpress\/ -->\n<title>El puente #132 impulsa el desarrollo de Flavio Alfaro e integra al cant\u00f3n\u00a0 con Chone - Prefectura de Manab\u00ed<\/title>\n<meta name=\"robots\" content=\"index, follow, max-snippet:-1, max-image-preview:large, max-video-preview:-1\" \/>\n<link rel=\"canonical\" href=\"https:\/\/www.manabi.gob.ec\/index.php\/el-puente-132-impulsa-el-desarrollo-de-flavio-alfaro-e-integra-al-canton-con-chone\/\" \/>\n<meta property=\"og:locale\" content=\"es_ES\" \/>\n<meta property=\"og:type\" content=\"article\" \/>\n<meta property=\"og:title\" content=\"El puente #132 impulsa el desarrollo de Flavio Alfaro e integra al cant\u00f3n\u00a0 con Chone - Prefectura de Manab\u00ed\" \/>\n<meta property=\"og:description\" content=\"El s\u00e1bado 7 de marzo, habitantes de las diferentes comunidades del cant\u00f3n Flavio Alfaro llegaron muy temprano&nbsp; y&nbsp;&nbsp; entusiasmados&nbsp; al sitio Chisparo, para participar de la entrega del puente #132, ejecutados por la administraci\u00f3n del prefecto Leonardo Orlando. Jos\u00e9 Mera, dirigente de la comunidad San Agust\u00edn, expres\u00f3 su emoci\u00f3n y agradecimiento al prefecto, y mencion\u00f3 [&hellip;]\" \/>\n<meta property=\"og:url\" content=\"https:\/\/www.manabi.gob.ec\/index.php\/el-puente-132-impulsa-el-desarrollo-de-flavio-alfaro-e-integra-al-canton-con-chone\/\" \/>\n<meta property=\"og:site_name\" content=\"Prefectura de Manab\u00ed\" \/>\n<meta property=\"article:published_time\" content=\"2026-03-10T16:28:30+00:00\" \/>\n<meta property=\"og:image\" content=\"https:\/\/www.manabi.gob.ec\/wp-content\/uploads\/2026\/03\/WhatsApp-Image-2026-03-07-at-6.53.47-PM-1.jpeg\" \/>\n\t<meta property=\"og:image:width\" content=\"1280\" \/>\n\t<meta property=\"og:image:height\" content=\"634\" \/>\n\t<meta property=\"og:image:type\" content=\"image\/jpeg\" \/>\n<meta name=\"author\" content=\"Lui Ochoa\" \/>\n<meta name=\"twitter:card\" content=\"summary_large_image\" \/>\n<meta name=\"twitter:label1\" content=\"Escrito por\" \/>\n\t<meta name=\"twitter:data1\" content=\"Lui Ochoa\" \/>\n\t<meta name=\"twitter:label2\" content=\"Tiempo de lectura\" \/>\n\t<meta name=\"twitter:data2\" content=\"2 minutos\" \/>\n<script type=\"application\/ld+json\" class=\"yoast-schema-graph\">{\"@context\":\"https:\\\/\\\/schema.org\",\"@graph\":[{\"@type\":\"Article\",\"@id\":\"https:\\\/\\\/www.manabi.gob.ec\\\/index.php\\\/el-puente-132-impulsa-el-desarrollo-de-flavio-alfaro-e-integra-al-canton-con-chone\\\/#article\",\"isPartOf\":{\"@id\":\"https:\\\/\\\/www.manabi.gob.ec\\\/index.php\\\/el-puente-132-impulsa-el-desarrollo-de-flavio-alfaro-e-integra-al-canton-con-chone\\\/\"},\"author\":{\"name\":\"Lui Ochoa\",\"@id\":\"https:\\\/\\\/www.manabi.gob.ec\\\/#\\\/schema\\\/person\\\/c4f117989332ad723a6ced5994aa7d7a\"},\"headline\":\"El puente #132 impulsa el desarrollo de Flavio Alfaro e integra al cant\u00f3n\u00a0 con Chone\",\"datePublished\":\"2026-03-10T16:28:30+00:00\",\"mainEntityOfPage\":{\"@id\":\"https:\\\/\\\/www.manabi.gob.ec\\\/index.php\\\/el-puente-132-impulsa-el-desarrollo-de-flavio-alfaro-e-integra-al-canton-con-chone\\\/\"},\"wordCount\":304,\"image\":{\"@id\":\"https:\\\/\\\/www.manabi.gob.ec\\\/index.php\\\/el-puente-132-impulsa-el-desarrollo-de-flavio-alfaro-e-integra-al-canton-con-chone\\\/#primaryimage\"},\"thumbnailUrl\":\"https:\\\/\\\/www.manabi.gob.ec\\\/wp-content\\\/uploads\\\/2026\\\/03\\\/WhatsApp-Image-2026-03-07-at-6.53.47-PM-1.jpeg\",\"keywords\":[\"flavio alfaro\",\"impulsa\",\"puentes\"],\"articleSection\":[\"Ambiente\",\"Desarrollo Social\",\"Flavio Alfaro\",\"Noticias\",\"Todas\",\"Vialidad\"],\"inLanguage\":\"es\"},{\"@type\":\"WebPage\",\"@id\":\"https:\\\/\\\/www.manabi.gob.ec\\\/index.php\\\/el-puente-132-impulsa-el-desarrollo-de-flavio-alfaro-e-integra-al-canton-con-chone\\\/\",\"url\":\"https:\\\/\\\/www.manabi.gob.ec\\\/index.php\\\/el-puente-132-impulsa-el-desarrollo-de-flavio-alfaro-e-integra-al-canton-con-chone\\\/\",\"name\":\"El puente #132 impulsa el desarrollo de Flavio Alfaro e integra al cant\u00f3n\u00a0 con Chone - Prefectura de Manab\u00ed\",\"isPartOf\":{\"@id\":\"https:\\\/\\\/www.manabi.gob.ec\\\/#website\"},\"primaryImageOfPage\":{\"@id\":\"https:\\\/\\\/www.manabi.gob.ec\\\/index.php\\\/el-puente-132-impulsa-el-desarrollo-de-flavio-alfaro-e-integra-al-canton-con-chone\\\/#primaryimage\"},\"image\":{\"@id\":\"https:\\\/\\\/www.manabi.gob.ec\\\/index.php\\\/el-puente-132-impulsa-el-desarrollo-de-flavio-alfaro-e-integra-al-canton-con-chone\\\/#primaryimage\"},\"thumbnailUrl\":\"https:\\\/\\\/www.manabi.gob.ec\\\/wp-content\\\/uploads\\\/2026\\\/03\\\/WhatsApp-Image-2026-03-07-at-6.53.47-PM-1.jpeg\",\"datePublished\":\"2026-03-10T16:28:30+00:00\",\"author\":{\"@id\":\"https:\\\/\\\/www.manabi.gob.ec\\\/#\\\/schema\\\/person\\\/c4f117989332ad723a6ced5994aa7d7a\"},\"breadcrumb\":{\"@id\":\"https:\\\/\\\/www.manabi.gob.ec\\\/index.php\\\/el-puente-132-impulsa-el-desarrollo-de-flavio-alfaro-e-integra-al-canton-con-chone\\\/#breadcrumb\"},\"inLanguage\":\"es\",\"potentialAction\":[{\"@type\":\"ReadAction\",\"target\":[\"https:\\\/\\\/www.manabi.gob.ec\\\/index.php\\\/el-puente-132-impulsa-el-desarrollo-de-flavio-alfaro-e-integra-al-canton-con-chone\\\/\"]}]},{\"@type\":\"ImageObject\",\"inLanguage\":\"es\",\"@id\":\"https:\\\/\\\/www.manabi.gob.ec\\\/index.php\\\/el-puente-132-impulsa-el-desarrollo-de-flavio-alfaro-e-integra-al-canton-con-chone\\\/#primaryimage\",\"url\":\"https:\\\/\\\/www.manabi.gob.ec\\\/wp-content\\\/uploads\\\/2026\\\/03\\\/WhatsApp-Image-2026-03-07-at-6.53.47-PM-1.jpeg\",\"contentUrl\":\"https:\\\/\\\/www.manabi.gob.ec\\\/wp-content\\\/uploads\\\/2026\\\/03\\\/WhatsApp-Image-2026-03-07-at-6.53.47-PM-1.jpeg\",\"width\":1280,\"height\":634},{\"@type\":\"BreadcrumbList\",\"@id\":\"https:\\\/\\\/www.manabi.gob.ec\\\/index.php\\\/el-puente-132-impulsa-el-desarrollo-de-flavio-alfaro-e-integra-al-canton-con-chone\\\/#breadcrumb\",\"itemListElement\":[{\"@type\":\"ListItem\",\"position\":1,\"name\":\"Portada\",\"item\":\"https:\\\/\\\/www.manabi.gob.ec\\\/\"},{\"@type\":\"ListItem\",\"position\":2,\"name\":\"El puente #132 impulsa el desarrollo de Flavio Alfaro e integra al cant\u00f3n\u00a0 con Chone\"}]},{\"@type\":\"WebSite\",\"@id\":\"https:\\\/\\\/www.manabi.gob.ec\\\/#website\",\"url\":\"https:\\\/\\\/www.manabi.gob.ec\\\/\",\"name\":\"Prefectura de Manab\u00ed\",\"description\":\"P\u00e1gina web de la prefectura\",\"potentialAction\":[{\"@type\":\"SearchAction\",\"target\":{\"@type\":\"EntryPoint\",\"urlTemplate\":\"https:\\\/\\\/www.manabi.gob.ec\\\/?s={search_term_string}\"},\"query-input\":{\"@type\":\"PropertyValueSpecification\",\"valueRequired\":true,\"valueName\":\"search_term_string\"}}],\"inLanguage\":\"es\"},{\"@type\":\"Person\",\"@id\":\"https:\\\/\\\/www.manabi.gob.ec\\\/#\\\/schema\\\/person\\\/c4f117989332ad723a6ced5994aa7d7a\",\"name\":\"Lui Ochoa\",\"image\":{\"@type\":\"ImageObject\",\"inLanguage\":\"es\",\"@id\":\"https:\\\/\\\/secure.gravatar.com\\\/avatar\\\/6e8017d0fe69dead8a95864d2eb6e1e1d8bf8e01194ba49cf7b897ff038126ba?s=96&d=mm&r=g\",\"url\":\"https:\\\/\\\/secure.gravatar.com\\\/avatar\\\/6e8017d0fe69dead8a95864d2eb6e1e1d8bf8e01194ba49cf7b897ff038126ba?s=96&d=mm&r=g\",\"contentUrl\":\"https:\\\/\\\/secure.gravatar.com\\\/avatar\\\/6e8017d0fe69dead8a95864d2eb6e1e1d8bf8e01194ba49cf7b897ff038126ba?s=96&d=mm&r=g\",\"caption\":\"Lui Ochoa\"},\"url\":\"https:\\\/\\\/www.manabi.gob.ec\\\/index.php\\\/author\\\/lochoa\\\/\"}]}<\/script>\n<!-- \/ Yoast SEO plugin. -->","yoast_head_json":{"title":"El puente #132 impulsa el desarrollo de Flavio Alfaro e integra al cant\u00f3n\u00a0 con Chone - Prefectura de Manab\u00ed","robots":{"index":"index","follow":"follow","max-snippet":"max-snippet:-1","max-image-preview":"max-image-preview:large","max-video-preview":"max-video-preview:-1"},"canonical":"https:\/\/www.manabi.gob.ec\/index.php\/el-puente-132-impulsa-el-desarrollo-de-flavio-alfaro-e-integra-al-canton-con-chone\/","og_locale":"es_ES","og_type":"article","og_title":"El puente #132 impulsa el desarrollo de Flavio Alfaro e integra al cant\u00f3n\u00a0 con Chone - Prefectura de Manab\u00ed","og_description":"El s\u00e1bado 7 de marzo, habitantes de las diferentes comunidades del cant\u00f3n Flavio Alfaro llegaron muy temprano&nbsp; y&nbsp;&nbsp; entusiasmados&nbsp; al sitio Chisparo, para participar de la entrega del puente #132, ejecutados por la administraci\u00f3n del prefecto Leonardo Orlando. Jos\u00e9 Mera, dirigente de la comunidad San Agust\u00edn, expres\u00f3 su emoci\u00f3n y agradecimiento al prefecto, y mencion\u00f3 [&hellip;]","og_url":"https:\/\/www.manabi.gob.ec\/index.php\/el-puente-132-impulsa-el-desarrollo-de-flavio-alfaro-e-integra-al-canton-con-chone\/","og_site_name":"Prefectura de Manab\u00ed","article_published_time":"2026-03-10T16:28:30+00:00","og_image":[{"width":1280,"height":634,"url":"https:\/\/www.manabi.gob.ec\/wp-content\/uploads\/2026\/03\/WhatsApp-Image-2026-03-07-at-6.53.47-PM-1.jpeg","type":"image\/jpeg"}],"author":"Lui Ochoa","twitter_card":"summary_large_image","twitter_misc":{"Escrito por":"Lui Ochoa","Tiempo de lectura":"2 minutos"},"schema":{"@context":"https:\/\/schema.org","@graph":[{"@type":"Article","@id":"https:\/\/www.manabi.gob.ec\/index.php\/el-puente-132-impulsa-el-desarrollo-de-flavio-alfaro-e-integra-al-canton-con-chone\/#article","isPartOf":{"@id":"https:\/\/www.manabi.gob.ec\/index.php\/el-puente-132-impulsa-el-desarrollo-de-flavio-alfaro-e-integra-al-canton-con-chone\/"},"author":{"name":"Lui Ochoa","@id":"https:\/\/www.manabi.gob.ec\/#\/schema\/person\/c4f117989332ad723a6ced5994aa7d7a"},"headline":"El puente #132 impulsa el desarrollo de Flavio Alfaro e integra al cant\u00f3n\u00a0 con Chone","datePublished":"2026-03-10T16:28:30+00:00","mainEntityOfPage":{"@id":"https:\/\/www.manabi.gob.ec\/index.php\/el-puente-132-impulsa-el-desarrollo-de-flavio-alfaro-e-integra-al-canton-con-chone\/"},"wordCount":304,"image":{"@id":"https:\/\/www.manabi.gob.ec\/index.php\/el-puente-132-impulsa-el-desarrollo-de-flavio-alfaro-e-integra-al-canton-con-chone\/#primaryimage"},"thumbnailUrl":"https:\/\/www.manabi.gob.ec\/wp-content\/uploads\/2026\/03\/WhatsApp-Image-2026-03-07-at-6.53.47-PM-1.jpeg","keywords":["flavio alfaro","impulsa","puentes"],"articleSection":["Ambiente","Desarrollo Social","Flavio Alfaro","Noticias","Todas","Vialidad"],"inLanguage":"es"},{"@type":"WebPage","@id":"https:\/\/www.manabi.gob.ec\/index.php\/el-puente-132-impulsa-el-desarrollo-de-flavio-alfaro-e-integra-al-canton-con-chone\/","url":"https:\/\/www.manabi.gob.ec\/index.php\/el-puente-132-impulsa-el-desarrollo-de-flavio-alfaro-e-integra-al-canton-con-chone\/","name":"El puente #132 impulsa el desarrollo de Flavio Alfaro e integra al cant\u00f3n\u00a0 con Chone - Prefectura de Manab\u00ed","isPartOf":{"@id":"https:\/\/www.manabi.gob.ec\/#website"},"primaryImageOfPage":{"@id":"https:\/\/www.manabi.gob.ec\/index.php\/el-puente-132-impulsa-el-desarrollo-de-flavio-alfaro-e-integra-al-canton-con-chone\/#primaryimage"},"image":{"@id":"https:\/\/www.manabi.gob.ec\/index.php\/el-puente-132-impulsa-el-desarrollo-de-flavio-alfaro-e-integra-al-canton-con-chone\/#primaryimage"},"thumbnailUrl":"https:\/\/www.manabi.gob.ec\/wp-content\/uploads\/2026\/03\/WhatsApp-Image-2026-03-07-at-6.53.47-PM-1.jpeg","datePublished":"2026-03-10T16:28:30+00:00","author":{"@id":"https:\/\/www.manabi.gob.ec\/#\/schema\/person\/c4f117989332ad723a6ced5994aa7d7a"},"breadcrumb":{"@id":"https:\/\/www.manabi.gob.ec\/index.php\/el-puente-132-impulsa-el-desarrollo-de-flavio-alfaro-e-integra-al-canton-con-chone\/#breadcrumb"},"inLanguage":"es","potentialAction":[{"@type":"ReadAction","target":["https:\/\/www.manabi.gob.ec\/index.php\/el-puente-132-impulsa-el-desarrollo-de-flavio-alfaro-e-integra-al-canton-con-chone\/"]}]},{"@type":"ImageObject","inLanguage":"es","@id":"https:\/\/www.manabi.gob.ec\/index.php\/el-puente-132-impulsa-el-desarrollo-de-flavio-alfaro-e-integra-al-canton-con-chone\/#primaryimage","url":"https:\/\/www.manabi.gob.ec\/wp-content\/uploads\/2026\/03\/WhatsApp-Image-2026-03-07-at-6.53.47-PM-1.jpeg","contentUrl":"https:\/\/www.manabi.gob.ec\/wp-content\/uploads\/2026\/03\/WhatsApp-Image-2026-03-07-at-6.53.47-PM-1.jpeg","width":1280,"height":634},{"@type":"BreadcrumbList","@id":"https:\/\/www.manabi.gob.ec\/index.php\/el-puente-132-impulsa-el-desarrollo-de-flavio-alfaro-e-integra-al-canton-con-chone\/#breadcrumb","itemListElement":[{"@type":"ListItem","position":1,"name":"Portada","item":"https:\/\/www.manabi.gob.ec\/"},{"@type":"ListItem","position":2,"name":"El puente #132 impulsa el desarrollo de Flavio Alfaro e integra al cant\u00f3n\u00a0 con Chone"}]},{"@type":"WebSite","@id":"https:\/\/www.manabi.gob.ec\/#website","url":"https:\/\/www.manabi.gob.ec\/","name":"Prefectura de Manab\u00ed","description":"P\u00e1gina web de la prefectura","potentialAction":[{"@type":"SearchAction","target":{"@type":"EntryPoint","urlTemplate":"https:\/\/www.manabi.gob.ec\/?s={search_term_string}"},"query-input":{"@type":"PropertyValueSpecification","valueRequired":true,"valueName":"search_term_string"}}],"inLanguage":"es"},{"@type":"Person","@id":"https:\/\/www.manabi.gob.ec\/#\/schema\/person\/c4f117989332ad723a6ced5994aa7d7a","name":"Lui Ochoa","image":{"@type":"ImageObject","inLanguage":"es","@id":"https:\/\/secure.gravatar.com\/avatar\/6e8017d0fe69dead8a95864d2eb6e1e1d8bf8e01194ba49cf7b897ff038126ba?s=96&d=mm&r=g","url":"https:\/\/secure.gravatar.com\/avatar\/6e8017d0fe69dead8a95864d2eb6e1e1d8bf8e01194ba49cf7b897ff038126ba?s=96&d=mm&r=g","contentUrl":"https:\/\/secure.gravatar.com\/avatar\/6e8017d0fe69dead8a95864d2eb6e1e1d8bf8e01194ba49cf7b897ff038126ba?s=96&d=mm&r=g","caption":"Lui Ochoa"},"url":"https:\/\/www.manabi.gob.ec\/index.php\/author\/lochoa\/"}]}},"jetpack_featured_media_url":"https:\/\/www.manabi.gob.ec\/wp-content\/uploads\/2026\/03\/WhatsApp-Image-2026-03-07-at-6.53.47-PM-1.jpeg","_links":{"self":[{"href":"https:\/\/www.manabi.gob.ec\/index.php\/wp-json\/wp\/v2\/posts\/33338","targetHints":{"allow":["GET"]}}],"collection":[{"href":"https:\/\/www.manabi.gob.ec\/index.php\/wp-json\/wp\/v2\/posts"}],"about":[{"href":"https:\/\/www.manabi.gob.ec\/index.php\/wp-json\/wp\/v2\/types\/post"}],"author":[{"embeddable":true,"href":"https:\/\/www.manabi.gob.ec\/index.php\/wp-json\/wp\/v2\/users\/10"}],"replies":[{"embeddable":true,"href":"https:\/\/www.manabi.gob.ec\/index.php\/wp-json\/wp\/v2\/comments?post=33338"}],"version-history":[{"count":1,"href":"https:\/\/www.manabi.gob.ec\/index.php\/wp-json\/wp\/v2\/posts\/33338\/revisions"}],"predecessor-version":[{"id":33340,"href":"https:\/\/www.manabi.gob.ec\/index.php\/wp-json\/wp\/v2\/posts\/33338\/revisions\/33340"}],"wp:featuredmedia":[{"embeddable":true,"href":"https:\/\/www.manabi.gob.ec\/index.php\/wp-json\/wp\/v2\/media\/33339"}],"wp:attachment":[{"href":"https:\/\/www.manabi.gob.ec\/index.php\/wp-json\/wp\/v2\/media?parent=33338"}],"wp:term":[{"taxonomy":"category","embeddable":true,"href":"https:\/\/www.manabi.gob.ec\/index.php\/wp-json\/wp\/v2\/categories?post=33338"},{"taxonomy":"post_tag","embeddable":true,"href":"https:\/\/www.manabi.gob.ec\/index.php\/wp-json\/wp\/v2\/tags?post=33338"}],"curies":[{"name":"wp","href":"https:\/\/api.w.org\/{rel}","templated":true}]}}