{"id":33529,"date":"2026-03-12T14:36:45","date_gmt":"2026-03-12T14:36:45","guid":{"rendered":"https:\/\/www.manabi.gob.ec\/?p=33529"},"modified":"2026-03-12T14:36:45","modified_gmt":"2026-03-12T14:36:45","slug":"prefectura-manabi-acciones-madrugada-chone-lluvias-inundaciones","status":"publish","type":"post","link":"https:\/\/www.manabi.gob.ec\/index.php\/prefectura-manabi-acciones-madrugada-chone-lluvias-inundaciones\/","title":{"rendered":"\u00a1Acci\u00f3n inmediata!"},"content":{"rendered":"\n<p>Prefectura de Manab\u00ed ejecuta acciones en Chone durante la madrugada para mitigar efectos de las lluvias<br>\u200b<br>\u200bAnte las fuertes lluvias, los r\u00edos Garrapata y Mosquito arrastraron una gran cantidad de palizada, lo que provoc\u00f3 inundaciones y afect\u00f3 a varias familias del cant\u00f3n Chone.<\/p>\n\n\n\n<p>\u200bPor disposici\u00f3n del prefecto Leonardo Orlando, equipo de la Prefectura de Manab\u00ed. Intervino de forma urgente en el retiro de palizada y escombros acumulados en el sector Dos Bocas, espec\u00edficamente en la represa derivadora del r\u00edo Chone. acciones realizadas en coordinaci\u00f3n con el GAD Municipal<\/p>\n\n\n\n<p>\u200bGracias a esta r\u00e1pida acci\u00f3n, se desalojaron 18,000 metros c\u00fabicos de palizada. El ingeniero Luis Delgado Huilcarema, t\u00e9cnico de Riego y Drenaje de la Prefectura, manifest\u00f3 que estas labores permitieron que los niveles del agua bajaran de inmediato, evitando as\u00ed mayores inundaciones en los sectores aleda\u00f1os.<\/p>\n\n\n\n<p>\u200bTras atender esta emergencia, el equipo t\u00e9cnico se moviliz\u00f3 al puente Otto Arosemena, en el centro de la ciudad, para retirar los restos vegetales que pon\u00edan en peligro la estructura.<\/p>\n\n\n\n<p>La Prefectura de Manab\u00ed, liderada por Leonardo Orlando, se mantiene alerta y operativa para salvaguardar la integridad de las familias manabitas.<\/p>\n","protected":false},"excerpt":{"rendered":"<p>Prefectura de Manab\u00ed ejecuta acciones en Chone durante la madrugada para mitigar efectos de las lluvias\u200b\u200bAnte las fuertes lluvias, los r\u00edos Garrapata y Mosquito arrastraron una gran cantidad de palizada, lo que provoc\u00f3 inundaciones y afect\u00f3 a varias familias del cant\u00f3n Chone. \u200bPor disposici\u00f3n del prefecto Leonardo Orlando, equipo de la Prefectura de Manab\u00ed. Intervino [&hellip;]<\/p>\n","protected":false},"author":10,"featured_media":33530,"comment_status":"closed","ping_status":"closed","sticky":false,"template":"","format":"standard","meta":{"_joinchat":[],"footnotes":""},"categories":[150,142,92,89,91,127],"tags":[],"class_list":["post-33529","post","type-post","status-publish","format-standard","has-post-thumbnail","hentry","category-ambiente","category-desarrollo-social","category-noticias-manabi","category-riego-drenaje","category-todas","category-vialidad"],"yoast_head":"<!-- This site is optimized with the Yoast SEO plugin v27.4 - https:\/\/yoast.com\/product\/yoast-seo-wordpress\/ -->\n<title>\u00a1Acci\u00f3n inmediata! - Prefectura de Manab\u00ed<\/title>\n<meta name=\"description\" content=\"La Prefectura de Manab\u00ed ejecut\u00f3 acciones de emergencia durante la madrugada en Chone, retirando palizada y escombros tras el desbordamiento de los r\u00edos Garrapata y Mosquito, evitando mayores inundaciones y protegiendo a las familias.\" \/>\n<meta name=\"robots\" content=\"index, follow, max-snippet:-1, max-image-preview:large, max-video-preview:-1\" \/>\n<link rel=\"canonical\" href=\"https:\/\/www.manabi.gob.ec\/index.php\/prefectura-manabi-acciones-madrugada-chone-lluvias-inundaciones\/\" \/>\n<meta property=\"og:locale\" content=\"es_ES\" \/>\n<meta property=\"og:type\" content=\"article\" \/>\n<meta property=\"og:title\" content=\"\u00a1Acci\u00f3n inmediata! - Prefectura de Manab\u00ed\" \/>\n<meta property=\"og:description\" content=\"La Prefectura de Manab\u00ed ejecut\u00f3 acciones de emergencia durante la madrugada en Chone, retirando palizada y escombros tras el desbordamiento de los r\u00edos Garrapata y Mosquito, evitando mayores inundaciones y protegiendo a las familias.\" \/>\n<meta property=\"og:url\" content=\"https:\/\/www.manabi.gob.ec\/index.php\/prefectura-manabi-acciones-madrugada-chone-lluvias-inundaciones\/\" \/>\n<meta property=\"og:site_name\" content=\"Prefectura de Manab\u00ed\" \/>\n<meta property=\"article:published_time\" content=\"2026-03-12T14:36:45+00:00\" \/>\n<meta property=\"og:image\" content=\"https:\/\/www.manabi.gob.ec\/wp-content\/uploads\/2026\/03\/Gemini_Generated_Image_8kk1yf8kk1yf8kk1-1024x578.png\" \/>\n\t<meta property=\"og:image:width\" content=\"1024\" \/>\n\t<meta property=\"og:image:height\" content=\"578\" \/>\n\t<meta property=\"og:image:type\" content=\"image\/png\" \/>\n<meta name=\"author\" content=\"Lui Ochoa\" \/>\n<meta name=\"twitter:card\" content=\"summary_large_image\" \/>\n<meta name=\"twitter:label1\" content=\"Escrito por\" \/>\n\t<meta name=\"twitter:data1\" content=\"Lui Ochoa\" \/>\n\t<meta name=\"twitter:label2\" content=\"Tiempo de lectura\" \/>\n\t<meta name=\"twitter:data2\" content=\"2 minutos\" \/>\n<script type=\"application\/ld+json\" class=\"yoast-schema-graph\">{\"@context\":\"https:\\\/\\\/schema.org\",\"@graph\":[{\"@type\":\"Article\",\"@id\":\"https:\\\/\\\/www.manabi.gob.ec\\\/index.php\\\/prefectura-manabi-acciones-madrugada-chone-lluvias-inundaciones\\\/#article\",\"isPartOf\":{\"@id\":\"https:\\\/\\\/www.manabi.gob.ec\\\/index.php\\\/prefectura-manabi-acciones-madrugada-chone-lluvias-inundaciones\\\/\"},\"author\":{\"name\":\"Lui Ochoa\",\"@id\":\"https:\\\/\\\/www.manabi.gob.ec\\\/#\\\/schema\\\/person\\\/c4f117989332ad723a6ced5994aa7d7a\"},\"headline\":\"\u00a1Acci\u00f3n inmediata!\",\"datePublished\":\"2026-03-12T14:36:45+00:00\",\"mainEntityOfPage\":{\"@id\":\"https:\\\/\\\/www.manabi.gob.ec\\\/index.php\\\/prefectura-manabi-acciones-madrugada-chone-lluvias-inundaciones\\\/\"},\"wordCount\":200,\"image\":{\"@id\":\"https:\\\/\\\/www.manabi.gob.ec\\\/index.php\\\/prefectura-manabi-acciones-madrugada-chone-lluvias-inundaciones\\\/#primaryimage\"},\"thumbnailUrl\":\"https:\\\/\\\/www.manabi.gob.ec\\\/wp-content\\\/uploads\\\/2026\\\/03\\\/Gemini_Generated_Image_8kk1yf8kk1yf8kk1-scaled.png\",\"articleSection\":[\"Ambiente\",\"Desarrollo Social\",\"Noticias\",\"Riego y drenaje\",\"Todas\",\"Vialidad\"],\"inLanguage\":\"es\"},{\"@type\":\"WebPage\",\"@id\":\"https:\\\/\\\/www.manabi.gob.ec\\\/index.php\\\/prefectura-manabi-acciones-madrugada-chone-lluvias-inundaciones\\\/\",\"url\":\"https:\\\/\\\/www.manabi.gob.ec\\\/index.php\\\/prefectura-manabi-acciones-madrugada-chone-lluvias-inundaciones\\\/\",\"name\":\"\u00a1Acci\u00f3n inmediata! - Prefectura de Manab\u00ed\",\"isPartOf\":{\"@id\":\"https:\\\/\\\/www.manabi.gob.ec\\\/#website\"},\"primaryImageOfPage\":{\"@id\":\"https:\\\/\\\/www.manabi.gob.ec\\\/index.php\\\/prefectura-manabi-acciones-madrugada-chone-lluvias-inundaciones\\\/#primaryimage\"},\"image\":{\"@id\":\"https:\\\/\\\/www.manabi.gob.ec\\\/index.php\\\/prefectura-manabi-acciones-madrugada-chone-lluvias-inundaciones\\\/#primaryimage\"},\"thumbnailUrl\":\"https:\\\/\\\/www.manabi.gob.ec\\\/wp-content\\\/uploads\\\/2026\\\/03\\\/Gemini_Generated_Image_8kk1yf8kk1yf8kk1-scaled.png\",\"datePublished\":\"2026-03-12T14:36:45+00:00\",\"author\":{\"@id\":\"https:\\\/\\\/www.manabi.gob.ec\\\/#\\\/schema\\\/person\\\/c4f117989332ad723a6ced5994aa7d7a\"},\"description\":\"La Prefectura de Manab\u00ed ejecut\u00f3 acciones de emergencia durante la madrugada en Chone, retirando palizada y escombros tras el desbordamiento de los r\u00edos Garrapata y Mosquito, evitando mayores inundaciones y protegiendo a las familias.\",\"breadcrumb\":{\"@id\":\"https:\\\/\\\/www.manabi.gob.ec\\\/index.php\\\/prefectura-manabi-acciones-madrugada-chone-lluvias-inundaciones\\\/#breadcrumb\"},\"inLanguage\":\"es\",\"potentialAction\":[{\"@type\":\"ReadAction\",\"target\":[\"https:\\\/\\\/www.manabi.gob.ec\\\/index.php\\\/prefectura-manabi-acciones-madrugada-chone-lluvias-inundaciones\\\/\"]}]},{\"@type\":\"ImageObject\",\"inLanguage\":\"es\",\"@id\":\"https:\\\/\\\/www.manabi.gob.ec\\\/index.php\\\/prefectura-manabi-acciones-madrugada-chone-lluvias-inundaciones\\\/#primaryimage\",\"url\":\"https:\\\/\\\/www.manabi.gob.ec\\\/wp-content\\\/uploads\\\/2026\\\/03\\\/Gemini_Generated_Image_8kk1yf8kk1yf8kk1-scaled.png\",\"contentUrl\":\"https:\\\/\\\/www.manabi.gob.ec\\\/wp-content\\\/uploads\\\/2026\\\/03\\\/Gemini_Generated_Image_8kk1yf8kk1yf8kk1-scaled.png\",\"width\":2560,\"height\":1445},{\"@type\":\"BreadcrumbList\",\"@id\":\"https:\\\/\\\/www.manabi.gob.ec\\\/index.php\\\/prefectura-manabi-acciones-madrugada-chone-lluvias-inundaciones\\\/#breadcrumb\",\"itemListElement\":[{\"@type\":\"ListItem\",\"position\":1,\"name\":\"Portada\",\"item\":\"https:\\\/\\\/www.manabi.gob.ec\\\/\"},{\"@type\":\"ListItem\",\"position\":2,\"name\":\"\u00a1Acci\u00f3n inmediata!\"}]},{\"@type\":\"WebSite\",\"@id\":\"https:\\\/\\\/www.manabi.gob.ec\\\/#website\",\"url\":\"https:\\\/\\\/www.manabi.gob.ec\\\/\",\"name\":\"Prefectura de Manab\u00ed\",\"description\":\"P\u00e1gina web de la prefectura\",\"potentialAction\":[{\"@type\":\"SearchAction\",\"target\":{\"@type\":\"EntryPoint\",\"urlTemplate\":\"https:\\\/\\\/www.manabi.gob.ec\\\/?s={search_term_string}\"},\"query-input\":{\"@type\":\"PropertyValueSpecification\",\"valueRequired\":true,\"valueName\":\"search_term_string\"}}],\"inLanguage\":\"es\"},{\"@type\":\"Person\",\"@id\":\"https:\\\/\\\/www.manabi.gob.ec\\\/#\\\/schema\\\/person\\\/c4f117989332ad723a6ced5994aa7d7a\",\"name\":\"Lui Ochoa\",\"image\":{\"@type\":\"ImageObject\",\"inLanguage\":\"es\",\"@id\":\"https:\\\/\\\/secure.gravatar.com\\\/avatar\\\/6e8017d0fe69dead8a95864d2eb6e1e1d8bf8e01194ba49cf7b897ff038126ba?s=96&d=mm&r=g\",\"url\":\"https:\\\/\\\/secure.gravatar.com\\\/avatar\\\/6e8017d0fe69dead8a95864d2eb6e1e1d8bf8e01194ba49cf7b897ff038126ba?s=96&d=mm&r=g\",\"contentUrl\":\"https:\\\/\\\/secure.gravatar.com\\\/avatar\\\/6e8017d0fe69dead8a95864d2eb6e1e1d8bf8e01194ba49cf7b897ff038126ba?s=96&d=mm&r=g\",\"caption\":\"Lui Ochoa\"},\"url\":\"https:\\\/\\\/www.manabi.gob.ec\\\/index.php\\\/author\\\/lochoa\\\/\"}]}<\/script>\n<!-- \/ Yoast SEO plugin. -->","yoast_head_json":{"title":"\u00a1Acci\u00f3n inmediata! - Prefectura de Manab\u00ed","description":"La Prefectura de Manab\u00ed ejecut\u00f3 acciones de emergencia durante la madrugada en Chone, retirando palizada y escombros tras el desbordamiento de los r\u00edos Garrapata y Mosquito, evitando mayores inundaciones y protegiendo a las familias.","robots":{"index":"index","follow":"follow","max-snippet":"max-snippet:-1","max-image-preview":"max-image-preview:large","max-video-preview":"max-video-preview:-1"},"canonical":"https:\/\/www.manabi.gob.ec\/index.php\/prefectura-manabi-acciones-madrugada-chone-lluvias-inundaciones\/","og_locale":"es_ES","og_type":"article","og_title":"\u00a1Acci\u00f3n inmediata! - Prefectura de Manab\u00ed","og_description":"La Prefectura de Manab\u00ed ejecut\u00f3 acciones de emergencia durante la madrugada en Chone, retirando palizada y escombros tras el desbordamiento de los r\u00edos Garrapata y Mosquito, evitando mayores inundaciones y protegiendo a las familias.","og_url":"https:\/\/www.manabi.gob.ec\/index.php\/prefectura-manabi-acciones-madrugada-chone-lluvias-inundaciones\/","og_site_name":"Prefectura de Manab\u00ed","article_published_time":"2026-03-12T14:36:45+00:00","og_image":[{"width":1024,"height":578,"url":"https:\/\/www.manabi.gob.ec\/wp-content\/uploads\/2026\/03\/Gemini_Generated_Image_8kk1yf8kk1yf8kk1-1024x578.png","type":"image\/png"}],"author":"Lui Ochoa","twitter_card":"summary_large_image","twitter_misc":{"Escrito por":"Lui Ochoa","Tiempo de lectura":"2 minutos"},"schema":{"@context":"https:\/\/schema.org","@graph":[{"@type":"Article","@id":"https:\/\/www.manabi.gob.ec\/index.php\/prefectura-manabi-acciones-madrugada-chone-lluvias-inundaciones\/#article","isPartOf":{"@id":"https:\/\/www.manabi.gob.ec\/index.php\/prefectura-manabi-acciones-madrugada-chone-lluvias-inundaciones\/"},"author":{"name":"Lui Ochoa","@id":"https:\/\/www.manabi.gob.ec\/#\/schema\/person\/c4f117989332ad723a6ced5994aa7d7a"},"headline":"\u00a1Acci\u00f3n inmediata!","datePublished":"2026-03-12T14:36:45+00:00","mainEntityOfPage":{"@id":"https:\/\/www.manabi.gob.ec\/index.php\/prefectura-manabi-acciones-madrugada-chone-lluvias-inundaciones\/"},"wordCount":200,"image":{"@id":"https:\/\/www.manabi.gob.ec\/index.php\/prefectura-manabi-acciones-madrugada-chone-lluvias-inundaciones\/#primaryimage"},"thumbnailUrl":"https:\/\/www.manabi.gob.ec\/wp-content\/uploads\/2026\/03\/Gemini_Generated_Image_8kk1yf8kk1yf8kk1-scaled.png","articleSection":["Ambiente","Desarrollo Social","Noticias","Riego y drenaje","Todas","Vialidad"],"inLanguage":"es"},{"@type":"WebPage","@id":"https:\/\/www.manabi.gob.ec\/index.php\/prefectura-manabi-acciones-madrugada-chone-lluvias-inundaciones\/","url":"https:\/\/www.manabi.gob.ec\/index.php\/prefectura-manabi-acciones-madrugada-chone-lluvias-inundaciones\/","name":"\u00a1Acci\u00f3n inmediata! - Prefectura de Manab\u00ed","isPartOf":{"@id":"https:\/\/www.manabi.gob.ec\/#website"},"primaryImageOfPage":{"@id":"https:\/\/www.manabi.gob.ec\/index.php\/prefectura-manabi-acciones-madrugada-chone-lluvias-inundaciones\/#primaryimage"},"image":{"@id":"https:\/\/www.manabi.gob.ec\/index.php\/prefectura-manabi-acciones-madrugada-chone-lluvias-inundaciones\/#primaryimage"},"thumbnailUrl":"https:\/\/www.manabi.gob.ec\/wp-content\/uploads\/2026\/03\/Gemini_Generated_Image_8kk1yf8kk1yf8kk1-scaled.png","datePublished":"2026-03-12T14:36:45+00:00","author":{"@id":"https:\/\/www.manabi.gob.ec\/#\/schema\/person\/c4f117989332ad723a6ced5994aa7d7a"},"description":"La Prefectura de Manab\u00ed ejecut\u00f3 acciones de emergencia durante la madrugada en Chone, retirando palizada y escombros tras el desbordamiento de los r\u00edos Garrapata y Mosquito, evitando mayores inundaciones y protegiendo a las familias.","breadcrumb":{"@id":"https:\/\/www.manabi.gob.ec\/index.php\/prefectura-manabi-acciones-madrugada-chone-lluvias-inundaciones\/#breadcrumb"},"inLanguage":"es","potentialAction":[{"@type":"ReadAction","target":["https:\/\/www.manabi.gob.ec\/index.php\/prefectura-manabi-acciones-madrugada-chone-lluvias-inundaciones\/"]}]},{"@type":"ImageObject","inLanguage":"es","@id":"https:\/\/www.manabi.gob.ec\/index.php\/prefectura-manabi-acciones-madrugada-chone-lluvias-inundaciones\/#primaryimage","url":"https:\/\/www.manabi.gob.ec\/wp-content\/uploads\/2026\/03\/Gemini_Generated_Image_8kk1yf8kk1yf8kk1-scaled.png","contentUrl":"https:\/\/www.manabi.gob.ec\/wp-content\/uploads\/2026\/03\/Gemini_Generated_Image_8kk1yf8kk1yf8kk1-scaled.png","width":2560,"height":1445},{"@type":"BreadcrumbList","@id":"https:\/\/www.manabi.gob.ec\/index.php\/prefectura-manabi-acciones-madrugada-chone-lluvias-inundaciones\/#breadcrumb","itemListElement":[{"@type":"ListItem","position":1,"name":"Portada","item":"https:\/\/www.manabi.gob.ec\/"},{"@type":"ListItem","position":2,"name":"\u00a1Acci\u00f3n inmediata!"}]},{"@type":"WebSite","@id":"https:\/\/www.manabi.gob.ec\/#website","url":"https:\/\/www.manabi.gob.ec\/","name":"Prefectura de Manab\u00ed","description":"P\u00e1gina web de la prefectura","potentialAction":[{"@type":"SearchAction","target":{"@type":"EntryPoint","urlTemplate":"https:\/\/www.manabi.gob.ec\/?s={search_term_string}"},"query-input":{"@type":"PropertyValueSpecification","valueRequired":true,"valueName":"search_term_string"}}],"inLanguage":"es"},{"@type":"Person","@id":"https:\/\/www.manabi.gob.ec\/#\/schema\/person\/c4f117989332ad723a6ced5994aa7d7a","name":"Lui Ochoa","image":{"@type":"ImageObject","inLanguage":"es","@id":"https:\/\/secure.gravatar.com\/avatar\/6e8017d0fe69dead8a95864d2eb6e1e1d8bf8e01194ba49cf7b897ff038126ba?s=96&d=mm&r=g","url":"https:\/\/secure.gravatar.com\/avatar\/6e8017d0fe69dead8a95864d2eb6e1e1d8bf8e01194ba49cf7b897ff038126ba?s=96&d=mm&r=g","contentUrl":"https:\/\/secure.gravatar.com\/avatar\/6e8017d0fe69dead8a95864d2eb6e1e1d8bf8e01194ba49cf7b897ff038126ba?s=96&d=mm&r=g","caption":"Lui Ochoa"},"url":"https:\/\/www.manabi.gob.ec\/index.php\/author\/lochoa\/"}]}},"jetpack_featured_media_url":"https:\/\/www.manabi.gob.ec\/wp-content\/uploads\/2026\/03\/Gemini_Generated_Image_8kk1yf8kk1yf8kk1-scaled.png","_links":{"self":[{"href":"https:\/\/www.manabi.gob.ec\/index.php\/wp-json\/wp\/v2\/posts\/33529","targetHints":{"allow":["GET"]}}],"collection":[{"href":"https:\/\/www.manabi.gob.ec\/index.php\/wp-json\/wp\/v2\/posts"}],"about":[{"href":"https:\/\/www.manabi.gob.ec\/index.php\/wp-json\/wp\/v2\/types\/post"}],"author":[{"embeddable":true,"href":"https:\/\/www.manabi.gob.ec\/index.php\/wp-json\/wp\/v2\/users\/10"}],"replies":[{"embeddable":true,"href":"https:\/\/www.manabi.gob.ec\/index.php\/wp-json\/wp\/v2\/comments?post=33529"}],"version-history":[{"count":1,"href":"https:\/\/www.manabi.gob.ec\/index.php\/wp-json\/wp\/v2\/posts\/33529\/revisions"}],"predecessor-version":[{"id":33531,"href":"https:\/\/www.manabi.gob.ec\/index.php\/wp-json\/wp\/v2\/posts\/33529\/revisions\/33531"}],"wp:featuredmedia":[{"embeddable":true,"href":"https:\/\/www.manabi.gob.ec\/index.php\/wp-json\/wp\/v2\/media\/33530"}],"wp:attachment":[{"href":"https:\/\/www.manabi.gob.ec\/index.php\/wp-json\/wp\/v2\/media?parent=33529"}],"wp:term":[{"taxonomy":"category","embeddable":true,"href":"https:\/\/www.manabi.gob.ec\/index.php\/wp-json\/wp\/v2\/categories?post=33529"},{"taxonomy":"post_tag","embeddable":true,"href":"https:\/\/www.manabi.gob.ec\/index.php\/wp-json\/wp\/v2\/tags?post=33529"}],"curies":[{"name":"wp","href":"https:\/\/api.w.org\/{rel}","templated":true}]}}