{"id":33535,"date":"2026-03-12T21:09:39","date_gmt":"2026-03-12T21:09:39","guid":{"rendered":"https:\/\/www.manabi.gob.ec\/?p=33535"},"modified":"2026-03-12T21:09:40","modified_gmt":"2026-03-12T21:09:40","slug":"intervencion-inmediata-prefectura-de-manabi-retira-palizada-en-flavio-alfaro","status":"publish","type":"post","link":"https:\/\/www.manabi.gob.ec\/index.php\/intervencion-inmediata-prefectura-de-manabi-retira-palizada-en-flavio-alfaro\/","title":{"rendered":"Intervenci\u00f3n inmediata: Prefectura de Manab\u00ed retira palizada en Flavio Alfaro"},"content":{"rendered":"\n<p>En coordinaci\u00f3n con el GAD de Flavio Alfaro, la Prefectura desaloj\u00f3 los restos vegetales acumulados en el puente sobre el r\u00edo Pescadillo, en la v\u00eda principal Carlos Alberto Aray. Esta acumulaci\u00f3n se produjo la tarde del mi\u00e9rcoles 11 de marzo, tras una fuerte lluvia registrada en el cant\u00f3n.<\/p>\n\n\n\n<p>La r\u00e1pida intervenci\u00f3n de la Prefectura de Manab\u00ed evit\u00f3 una mayor acumulaci\u00f3n de escombros y precautel\u00f3 la estructura del puente, seg\u00fan inform\u00f3 el ingeniero Andr\u00e9s Espinel, t\u00e9cnico de la Direcci\u00f3n de Riego y Recursos H\u00eddricos.<\/p>\n\n\n\n<p>El personal operativo de la Prefectura de Manab\u00ed, liderada por Leonardo Orlando, se encuentra alerta y disponible 24\/7 para atender las emergencias derivadas de la temporada invernal en toda la provincia.<\/p>\n","protected":false},"excerpt":{"rendered":"<p>En coordinaci\u00f3n con el GAD de Flavio Alfaro, la Prefectura desaloj\u00f3 los restos vegetales acumulados en el puente sobre el r\u00edo Pescadillo, en la v\u00eda principal Carlos Alberto Aray. Esta acumulaci\u00f3n se produjo la tarde del mi\u00e9rcoles 11 de marzo, tras una fuerte lluvia registrada en el cant\u00f3n. La r\u00e1pida intervenci\u00f3n de la Prefectura de [&hellip;]<\/p>\n","protected":false},"author":10,"featured_media":33536,"comment_status":"closed","ping_status":"closed","sticky":false,"template":"","format":"standard","meta":{"_joinchat":[],"footnotes":""},"categories":[150,142,151,92,181,91,127],"tags":[],"class_list":["post-33535","post","type-post","status-publish","format-standard","has-post-thumbnail","hentry","category-ambiente","category-desarrollo-social","category-flavio-alfaro","category-noticias-manabi","category-obra-publica","category-todas","category-vialidad"],"yoast_head":"<!-- This site is optimized with the Yoast SEO plugin v27.4 - https:\/\/yoast.com\/product\/yoast-seo-wordpress\/ -->\n<title>Intervenci\u00f3n inmediata: Prefectura de Manab\u00ed retira palizada en Flavio Alfaro - Prefectura de Manab\u00ed<\/title>\n<meta name=\"robots\" content=\"index, follow, max-snippet:-1, max-image-preview:large, max-video-preview:-1\" \/>\n<link rel=\"canonical\" href=\"https:\/\/www.manabi.gob.ec\/index.php\/intervencion-inmediata-prefectura-de-manabi-retira-palizada-en-flavio-alfaro\/\" \/>\n<meta property=\"og:locale\" content=\"es_ES\" \/>\n<meta property=\"og:type\" content=\"article\" \/>\n<meta property=\"og:title\" content=\"Intervenci\u00f3n inmediata: Prefectura de Manab\u00ed retira palizada en Flavio Alfaro - Prefectura de Manab\u00ed\" \/>\n<meta property=\"og:description\" content=\"En coordinaci\u00f3n con el GAD de Flavio Alfaro, la Prefectura desaloj\u00f3 los restos vegetales acumulados en el puente sobre el r\u00edo Pescadillo, en la v\u00eda principal Carlos Alberto Aray. Esta acumulaci\u00f3n se produjo la tarde del mi\u00e9rcoles 11 de marzo, tras una fuerte lluvia registrada en el cant\u00f3n. La r\u00e1pida intervenci\u00f3n de la Prefectura de [&hellip;]\" \/>\n<meta property=\"og:url\" content=\"https:\/\/www.manabi.gob.ec\/index.php\/intervencion-inmediata-prefectura-de-manabi-retira-palizada-en-flavio-alfaro\/\" \/>\n<meta property=\"og:site_name\" content=\"Prefectura de Manab\u00ed\" \/>\n<meta property=\"article:published_time\" content=\"2026-03-12T21:09:39+00:00\" \/>\n<meta property=\"article:modified_time\" content=\"2026-03-12T21:09:40+00:00\" \/>\n<meta property=\"og:image\" content=\"https:\/\/www.manabi.gob.ec\/wp-content\/uploads\/2026\/03\/Gemini_Generated_Image_8d7tq38d7tq38d7t-1-1024x682.png\" \/>\n\t<meta property=\"og:image:width\" content=\"1024\" \/>\n\t<meta property=\"og:image:height\" content=\"682\" \/>\n\t<meta property=\"og:image:type\" content=\"image\/png\" \/>\n<meta name=\"author\" content=\"Lui Ochoa\" \/>\n<meta name=\"twitter:card\" content=\"summary_large_image\" \/>\n<meta name=\"twitter:label1\" content=\"Escrito por\" \/>\n\t<meta name=\"twitter:data1\" content=\"Lui Ochoa\" \/>\n\t<meta name=\"twitter:label2\" content=\"Tiempo de lectura\" \/>\n\t<meta name=\"twitter:data2\" content=\"1 minuto\" \/>\n<script type=\"application\/ld+json\" class=\"yoast-schema-graph\">{\"@context\":\"https:\\\/\\\/schema.org\",\"@graph\":[{\"@type\":\"Article\",\"@id\":\"https:\\\/\\\/www.manabi.gob.ec\\\/index.php\\\/intervencion-inmediata-prefectura-de-manabi-retira-palizada-en-flavio-alfaro\\\/#article\",\"isPartOf\":{\"@id\":\"https:\\\/\\\/www.manabi.gob.ec\\\/index.php\\\/intervencion-inmediata-prefectura-de-manabi-retira-palizada-en-flavio-alfaro\\\/\"},\"author\":{\"name\":\"Lui Ochoa\",\"@id\":\"https:\\\/\\\/www.manabi.gob.ec\\\/#\\\/schema\\\/person\\\/c4f117989332ad723a6ced5994aa7d7a\"},\"headline\":\"Intervenci\u00f3n inmediata: Prefectura de Manab\u00ed retira palizada en Flavio Alfaro\",\"datePublished\":\"2026-03-12T21:09:39+00:00\",\"dateModified\":\"2026-03-12T21:09:40+00:00\",\"mainEntityOfPage\":{\"@id\":\"https:\\\/\\\/www.manabi.gob.ec\\\/index.php\\\/intervencion-inmediata-prefectura-de-manabi-retira-palizada-en-flavio-alfaro\\\/\"},\"wordCount\":137,\"image\":{\"@id\":\"https:\\\/\\\/www.manabi.gob.ec\\\/index.php\\\/intervencion-inmediata-prefectura-de-manabi-retira-palizada-en-flavio-alfaro\\\/#primaryimage\"},\"thumbnailUrl\":\"https:\\\/\\\/www.manabi.gob.ec\\\/wp-content\\\/uploads\\\/2026\\\/03\\\/Gemini_Generated_Image_8d7tq38d7tq38d7t-1.png\",\"articleSection\":[\"Ambiente\",\"Desarrollo Social\",\"Flavio Alfaro\",\"Noticias\",\"Obra P\u00fablica\",\"Todas\",\"Vialidad\"],\"inLanguage\":\"es\"},{\"@type\":\"WebPage\",\"@id\":\"https:\\\/\\\/www.manabi.gob.ec\\\/index.php\\\/intervencion-inmediata-prefectura-de-manabi-retira-palizada-en-flavio-alfaro\\\/\",\"url\":\"https:\\\/\\\/www.manabi.gob.ec\\\/index.php\\\/intervencion-inmediata-prefectura-de-manabi-retira-palizada-en-flavio-alfaro\\\/\",\"name\":\"Intervenci\u00f3n inmediata: Prefectura de Manab\u00ed retira palizada en Flavio Alfaro - Prefectura de Manab\u00ed\",\"isPartOf\":{\"@id\":\"https:\\\/\\\/www.manabi.gob.ec\\\/#website\"},\"primaryImageOfPage\":{\"@id\":\"https:\\\/\\\/www.manabi.gob.ec\\\/index.php\\\/intervencion-inmediata-prefectura-de-manabi-retira-palizada-en-flavio-alfaro\\\/#primaryimage\"},\"image\":{\"@id\":\"https:\\\/\\\/www.manabi.gob.ec\\\/index.php\\\/intervencion-inmediata-prefectura-de-manabi-retira-palizada-en-flavio-alfaro\\\/#primaryimage\"},\"thumbnailUrl\":\"https:\\\/\\\/www.manabi.gob.ec\\\/wp-content\\\/uploads\\\/2026\\\/03\\\/Gemini_Generated_Image_8d7tq38d7tq38d7t-1.png\",\"datePublished\":\"2026-03-12T21:09:39+00:00\",\"dateModified\":\"2026-03-12T21:09:40+00:00\",\"author\":{\"@id\":\"https:\\\/\\\/www.manabi.gob.ec\\\/#\\\/schema\\\/person\\\/c4f117989332ad723a6ced5994aa7d7a\"},\"breadcrumb\":{\"@id\":\"https:\\\/\\\/www.manabi.gob.ec\\\/index.php\\\/intervencion-inmediata-prefectura-de-manabi-retira-palizada-en-flavio-alfaro\\\/#breadcrumb\"},\"inLanguage\":\"es\",\"potentialAction\":[{\"@type\":\"ReadAction\",\"target\":[\"https:\\\/\\\/www.manabi.gob.ec\\\/index.php\\\/intervencion-inmediata-prefectura-de-manabi-retira-palizada-en-flavio-alfaro\\\/\"]}]},{\"@type\":\"ImageObject\",\"inLanguage\":\"es\",\"@id\":\"https:\\\/\\\/www.manabi.gob.ec\\\/index.php\\\/intervencion-inmediata-prefectura-de-manabi-retira-palizada-en-flavio-alfaro\\\/#primaryimage\",\"url\":\"https:\\\/\\\/www.manabi.gob.ec\\\/wp-content\\\/uploads\\\/2026\\\/03\\\/Gemini_Generated_Image_8d7tq38d7tq38d7t-1.png\",\"contentUrl\":\"https:\\\/\\\/www.manabi.gob.ec\\\/wp-content\\\/uploads\\\/2026\\\/03\\\/Gemini_Generated_Image_8d7tq38d7tq38d7t-1.png\",\"width\":2528,\"height\":1684},{\"@type\":\"BreadcrumbList\",\"@id\":\"https:\\\/\\\/www.manabi.gob.ec\\\/index.php\\\/intervencion-inmediata-prefectura-de-manabi-retira-palizada-en-flavio-alfaro\\\/#breadcrumb\",\"itemListElement\":[{\"@type\":\"ListItem\",\"position\":1,\"name\":\"Portada\",\"item\":\"https:\\\/\\\/www.manabi.gob.ec\\\/\"},{\"@type\":\"ListItem\",\"position\":2,\"name\":\"Intervenci\u00f3n inmediata: Prefectura de Manab\u00ed retira palizada en Flavio Alfaro\"}]},{\"@type\":\"WebSite\",\"@id\":\"https:\\\/\\\/www.manabi.gob.ec\\\/#website\",\"url\":\"https:\\\/\\\/www.manabi.gob.ec\\\/\",\"name\":\"Prefectura de Manab\u00ed\",\"description\":\"P\u00e1gina web de la prefectura\",\"potentialAction\":[{\"@type\":\"SearchAction\",\"target\":{\"@type\":\"EntryPoint\",\"urlTemplate\":\"https:\\\/\\\/www.manabi.gob.ec\\\/?s={search_term_string}\"},\"query-input\":{\"@type\":\"PropertyValueSpecification\",\"valueRequired\":true,\"valueName\":\"search_term_string\"}}],\"inLanguage\":\"es\"},{\"@type\":\"Person\",\"@id\":\"https:\\\/\\\/www.manabi.gob.ec\\\/#\\\/schema\\\/person\\\/c4f117989332ad723a6ced5994aa7d7a\",\"name\":\"Lui Ochoa\",\"image\":{\"@type\":\"ImageObject\",\"inLanguage\":\"es\",\"@id\":\"https:\\\/\\\/secure.gravatar.com\\\/avatar\\\/6e8017d0fe69dead8a95864d2eb6e1e1d8bf8e01194ba49cf7b897ff038126ba?s=96&d=mm&r=g\",\"url\":\"https:\\\/\\\/secure.gravatar.com\\\/avatar\\\/6e8017d0fe69dead8a95864d2eb6e1e1d8bf8e01194ba49cf7b897ff038126ba?s=96&d=mm&r=g\",\"contentUrl\":\"https:\\\/\\\/secure.gravatar.com\\\/avatar\\\/6e8017d0fe69dead8a95864d2eb6e1e1d8bf8e01194ba49cf7b897ff038126ba?s=96&d=mm&r=g\",\"caption\":\"Lui Ochoa\"},\"url\":\"https:\\\/\\\/www.manabi.gob.ec\\\/index.php\\\/author\\\/lochoa\\\/\"}]}<\/script>\n<!-- \/ Yoast SEO plugin. -->","yoast_head_json":{"title":"Intervenci\u00f3n inmediata: Prefectura de Manab\u00ed retira palizada en Flavio Alfaro - Prefectura de Manab\u00ed","robots":{"index":"index","follow":"follow","max-snippet":"max-snippet:-1","max-image-preview":"max-image-preview:large","max-video-preview":"max-video-preview:-1"},"canonical":"https:\/\/www.manabi.gob.ec\/index.php\/intervencion-inmediata-prefectura-de-manabi-retira-palizada-en-flavio-alfaro\/","og_locale":"es_ES","og_type":"article","og_title":"Intervenci\u00f3n inmediata: Prefectura de Manab\u00ed retira palizada en Flavio Alfaro - Prefectura de Manab\u00ed","og_description":"En coordinaci\u00f3n con el GAD de Flavio Alfaro, la Prefectura desaloj\u00f3 los restos vegetales acumulados en el puente sobre el r\u00edo Pescadillo, en la v\u00eda principal Carlos Alberto Aray. Esta acumulaci\u00f3n se produjo la tarde del mi\u00e9rcoles 11 de marzo, tras una fuerte lluvia registrada en el cant\u00f3n. La r\u00e1pida intervenci\u00f3n de la Prefectura de [&hellip;]","og_url":"https:\/\/www.manabi.gob.ec\/index.php\/intervencion-inmediata-prefectura-de-manabi-retira-palizada-en-flavio-alfaro\/","og_site_name":"Prefectura de Manab\u00ed","article_published_time":"2026-03-12T21:09:39+00:00","article_modified_time":"2026-03-12T21:09:40+00:00","og_image":[{"width":1024,"height":682,"url":"https:\/\/www.manabi.gob.ec\/wp-content\/uploads\/2026\/03\/Gemini_Generated_Image_8d7tq38d7tq38d7t-1-1024x682.png","type":"image\/png"}],"author":"Lui Ochoa","twitter_card":"summary_large_image","twitter_misc":{"Escrito por":"Lui Ochoa","Tiempo de lectura":"1 minuto"},"schema":{"@context":"https:\/\/schema.org","@graph":[{"@type":"Article","@id":"https:\/\/www.manabi.gob.ec\/index.php\/intervencion-inmediata-prefectura-de-manabi-retira-palizada-en-flavio-alfaro\/#article","isPartOf":{"@id":"https:\/\/www.manabi.gob.ec\/index.php\/intervencion-inmediata-prefectura-de-manabi-retira-palizada-en-flavio-alfaro\/"},"author":{"name":"Lui Ochoa","@id":"https:\/\/www.manabi.gob.ec\/#\/schema\/person\/c4f117989332ad723a6ced5994aa7d7a"},"headline":"Intervenci\u00f3n inmediata: Prefectura de Manab\u00ed retira palizada en Flavio Alfaro","datePublished":"2026-03-12T21:09:39+00:00","dateModified":"2026-03-12T21:09:40+00:00","mainEntityOfPage":{"@id":"https:\/\/www.manabi.gob.ec\/index.php\/intervencion-inmediata-prefectura-de-manabi-retira-palizada-en-flavio-alfaro\/"},"wordCount":137,"image":{"@id":"https:\/\/www.manabi.gob.ec\/index.php\/intervencion-inmediata-prefectura-de-manabi-retira-palizada-en-flavio-alfaro\/#primaryimage"},"thumbnailUrl":"https:\/\/www.manabi.gob.ec\/wp-content\/uploads\/2026\/03\/Gemini_Generated_Image_8d7tq38d7tq38d7t-1.png","articleSection":["Ambiente","Desarrollo Social","Flavio Alfaro","Noticias","Obra P\u00fablica","Todas","Vialidad"],"inLanguage":"es"},{"@type":"WebPage","@id":"https:\/\/www.manabi.gob.ec\/index.php\/intervencion-inmediata-prefectura-de-manabi-retira-palizada-en-flavio-alfaro\/","url":"https:\/\/www.manabi.gob.ec\/index.php\/intervencion-inmediata-prefectura-de-manabi-retira-palizada-en-flavio-alfaro\/","name":"Intervenci\u00f3n inmediata: Prefectura de Manab\u00ed retira palizada en Flavio Alfaro - Prefectura de Manab\u00ed","isPartOf":{"@id":"https:\/\/www.manabi.gob.ec\/#website"},"primaryImageOfPage":{"@id":"https:\/\/www.manabi.gob.ec\/index.php\/intervencion-inmediata-prefectura-de-manabi-retira-palizada-en-flavio-alfaro\/#primaryimage"},"image":{"@id":"https:\/\/www.manabi.gob.ec\/index.php\/intervencion-inmediata-prefectura-de-manabi-retira-palizada-en-flavio-alfaro\/#primaryimage"},"thumbnailUrl":"https:\/\/www.manabi.gob.ec\/wp-content\/uploads\/2026\/03\/Gemini_Generated_Image_8d7tq38d7tq38d7t-1.png","datePublished":"2026-03-12T21:09:39+00:00","dateModified":"2026-03-12T21:09:40+00:00","author":{"@id":"https:\/\/www.manabi.gob.ec\/#\/schema\/person\/c4f117989332ad723a6ced5994aa7d7a"},"breadcrumb":{"@id":"https:\/\/www.manabi.gob.ec\/index.php\/intervencion-inmediata-prefectura-de-manabi-retira-palizada-en-flavio-alfaro\/#breadcrumb"},"inLanguage":"es","potentialAction":[{"@type":"ReadAction","target":["https:\/\/www.manabi.gob.ec\/index.php\/intervencion-inmediata-prefectura-de-manabi-retira-palizada-en-flavio-alfaro\/"]}]},{"@type":"ImageObject","inLanguage":"es","@id":"https:\/\/www.manabi.gob.ec\/index.php\/intervencion-inmediata-prefectura-de-manabi-retira-palizada-en-flavio-alfaro\/#primaryimage","url":"https:\/\/www.manabi.gob.ec\/wp-content\/uploads\/2026\/03\/Gemini_Generated_Image_8d7tq38d7tq38d7t-1.png","contentUrl":"https:\/\/www.manabi.gob.ec\/wp-content\/uploads\/2026\/03\/Gemini_Generated_Image_8d7tq38d7tq38d7t-1.png","width":2528,"height":1684},{"@type":"BreadcrumbList","@id":"https:\/\/www.manabi.gob.ec\/index.php\/intervencion-inmediata-prefectura-de-manabi-retira-palizada-en-flavio-alfaro\/#breadcrumb","itemListElement":[{"@type":"ListItem","position":1,"name":"Portada","item":"https:\/\/www.manabi.gob.ec\/"},{"@type":"ListItem","position":2,"name":"Intervenci\u00f3n inmediata: Prefectura de Manab\u00ed retira palizada en Flavio Alfaro"}]},{"@type":"WebSite","@id":"https:\/\/www.manabi.gob.ec\/#website","url":"https:\/\/www.manabi.gob.ec\/","name":"Prefectura de Manab\u00ed","description":"P\u00e1gina web de la prefectura","potentialAction":[{"@type":"SearchAction","target":{"@type":"EntryPoint","urlTemplate":"https:\/\/www.manabi.gob.ec\/?s={search_term_string}"},"query-input":{"@type":"PropertyValueSpecification","valueRequired":true,"valueName":"search_term_string"}}],"inLanguage":"es"},{"@type":"Person","@id":"https:\/\/www.manabi.gob.ec\/#\/schema\/person\/c4f117989332ad723a6ced5994aa7d7a","name":"Lui Ochoa","image":{"@type":"ImageObject","inLanguage":"es","@id":"https:\/\/secure.gravatar.com\/avatar\/6e8017d0fe69dead8a95864d2eb6e1e1d8bf8e01194ba49cf7b897ff038126ba?s=96&d=mm&r=g","url":"https:\/\/secure.gravatar.com\/avatar\/6e8017d0fe69dead8a95864d2eb6e1e1d8bf8e01194ba49cf7b897ff038126ba?s=96&d=mm&r=g","contentUrl":"https:\/\/secure.gravatar.com\/avatar\/6e8017d0fe69dead8a95864d2eb6e1e1d8bf8e01194ba49cf7b897ff038126ba?s=96&d=mm&r=g","caption":"Lui Ochoa"},"url":"https:\/\/www.manabi.gob.ec\/index.php\/author\/lochoa\/"}]}},"jetpack_featured_media_url":"https:\/\/www.manabi.gob.ec\/wp-content\/uploads\/2026\/03\/Gemini_Generated_Image_8d7tq38d7tq38d7t-1.png","_links":{"self":[{"href":"https:\/\/www.manabi.gob.ec\/index.php\/wp-json\/wp\/v2\/posts\/33535","targetHints":{"allow":["GET"]}}],"collection":[{"href":"https:\/\/www.manabi.gob.ec\/index.php\/wp-json\/wp\/v2\/posts"}],"about":[{"href":"https:\/\/www.manabi.gob.ec\/index.php\/wp-json\/wp\/v2\/types\/post"}],"author":[{"embeddable":true,"href":"https:\/\/www.manabi.gob.ec\/index.php\/wp-json\/wp\/v2\/users\/10"}],"replies":[{"embeddable":true,"href":"https:\/\/www.manabi.gob.ec\/index.php\/wp-json\/wp\/v2\/comments?post=33535"}],"version-history":[{"count":1,"href":"https:\/\/www.manabi.gob.ec\/index.php\/wp-json\/wp\/v2\/posts\/33535\/revisions"}],"predecessor-version":[{"id":33537,"href":"https:\/\/www.manabi.gob.ec\/index.php\/wp-json\/wp\/v2\/posts\/33535\/revisions\/33537"}],"wp:featuredmedia":[{"embeddable":true,"href":"https:\/\/www.manabi.gob.ec\/index.php\/wp-json\/wp\/v2\/media\/33536"}],"wp:attachment":[{"href":"https:\/\/www.manabi.gob.ec\/index.php\/wp-json\/wp\/v2\/media?parent=33535"}],"wp:term":[{"taxonomy":"category","embeddable":true,"href":"https:\/\/www.manabi.gob.ec\/index.php\/wp-json\/wp\/v2\/categories?post=33535"},{"taxonomy":"post_tag","embeddable":true,"href":"https:\/\/www.manabi.gob.ec\/index.php\/wp-json\/wp\/v2\/tags?post=33535"}],"curies":[{"name":"wp","href":"https:\/\/api.w.org\/{rel}","templated":true}]}}