{"id":34389,"date":"2026-04-27T16:09:43","date_gmt":"2026-04-27T16:09:43","guid":{"rendered":"https:\/\/www.manabi.gob.ec\/?p=34389"},"modified":"2026-04-27T16:09:44","modified_gmt":"2026-04-27T16:09:44","slug":"la-danza-se-apodera-de-manabi-300-artistas-haran-vibrar-la-provincia","status":"publish","type":"post","link":"https:\/\/www.manabi.gob.ec\/index.php\/la-danza-se-apodera-de-manabi-300-artistas-haran-vibrar-la-provincia\/","title":{"rendered":"La danza se apodera de Manab\u00ed: 300 artistas har\u00e1n vibrar la provincia"},"content":{"rendered":"\n<p>M\u00e1s de 300 artistas manabitas pondr\u00e1n ritmo y colorido a la tercera edici\u00f3n del gran festival Festival Provincial de Danza \u201cManab\u00ed se Mueve\u201d, que se desarrollar\u00e1 el 29 de abril, en conmemoraci\u00f3n al D\u00eda Internacional de la Danza, que se celebra en esta fecha desde 1982, por declaraci\u00f3n de la UNESCO.<\/p>\n\n\n\n<p>Este evento se desarrollar\u00e1 a partir de las 16h00 en el coliseo de voleibol, de la Federaci\u00f3n Deportiva de Manab\u00ed, ubicado en la avenida Ol\u00edmpica y avenida Bolivariana, y es organizado por la Prefectura de Manab\u00ed, a trav\u00e9s de la la Direcci\u00f3n de Turismo, Cultura y Patrimonio.<\/p>\n\n\n\n<p>En esta jornada art\u00edstica, participar\u00e1n artistas de todas las edades con diferentes ritmos, que pertenecen a escuelas, academias y grupos de danza de los diferentes cantones y parroquias de la provincia. Ser\u00e1n ni\u00f1os, ni\u00f1as, adolescentes, adultos y adultos mayores que prometen ofrecer una jornada cultural llena de colorido, ritmo y m\u00fasica que danzar\u00e1n en una expresi\u00f3n de arte y cultura.<\/p>\n\n\n\n<p>Los grupos pondr\u00e1n en escena diferentes g\u00e9neros danc\u00edsticos como: danza folcl\u00f3rica, ballet, Hip Hop, danza contempor\u00e1nea, danza \u00e1rabe y ritmos tropicales.<\/p>\n\n\n\n<p>Este festival se organiza en el marco del proyecto \u201cManab\u00ed Te cuenta una Historia\u201d, una iniciativa cultural-art\u00edstica que la Prefectura desarrolla en colaboraci\u00f3n con los diversos Gobiernos Aut\u00f3nomos Descentralizados de los cantones y parroquias de Manab\u00ed.<\/p>\n\n\n\n<p>\u00abManab\u00ed Te cuenta una Historia\u00bb es un proyecto dirigido a fomentar y fortalecer las expresiones art\u00edsticas y culturales en la provincia, especialmente en ni\u00f1os, ni\u00f1as, adolescentes y j\u00f3venes en las parroquias y cantones manabitas. Con ese objetivo la Prefectura ha implementado espacios f\u00edsicos donde no solo se impulsa la danza sino tambi\u00e9n talleres de pintura, teatro, cine y otras expresiones art\u00edsticas para que los ni\u00f1os, ni\u00f1as y adolescentes tengan la oportunidad de desarrollar habilidades art\u00edsticas.<\/p>\n","protected":false},"excerpt":{"rendered":"<p>M\u00e1s de 300 artistas manabitas pondr\u00e1n ritmo y colorido a la tercera edici\u00f3n del gran festival Festival Provincial de Danza \u201cManab\u00ed se Mueve\u201d, que se desarrollar\u00e1 el 29 de abril, en conmemoraci\u00f3n al D\u00eda Internacional de la Danza, que se celebra en esta fecha desde 1982, por declaraci\u00f3n de la UNESCO. Este evento se desarrollar\u00e1 [&hellip;]<\/p>\n","protected":false},"author":10,"featured_media":34390,"comment_status":"closed","ping_status":"closed","sticky":false,"template":"","format":"standard","meta":{"_joinchat":[],"footnotes":""},"categories":[150,142,92,91],"tags":[],"class_list":["post-34389","post","type-post","status-publish","format-standard","has-post-thumbnail","hentry","category-ambiente","category-desarrollo-social","category-noticias-manabi","category-todas"],"yoast_head":"<!-- This site is optimized with the Yoast SEO plugin v27.4 - https:\/\/yoast.com\/product\/yoast-seo-wordpress\/ -->\n<title>La danza se apodera de Manab\u00ed: 300 artistas har\u00e1n vibrar la provincia - Prefectura de Manab\u00ed<\/title>\n<meta name=\"robots\" content=\"index, follow, max-snippet:-1, max-image-preview:large, max-video-preview:-1\" \/>\n<link rel=\"canonical\" href=\"https:\/\/www.manabi.gob.ec\/index.php\/la-danza-se-apodera-de-manabi-300-artistas-haran-vibrar-la-provincia\/\" \/>\n<meta property=\"og:locale\" content=\"es_ES\" \/>\n<meta property=\"og:type\" content=\"article\" \/>\n<meta property=\"og:title\" content=\"La danza se apodera de Manab\u00ed: 300 artistas har\u00e1n vibrar la provincia - Prefectura de Manab\u00ed\" \/>\n<meta property=\"og:description\" content=\"M\u00e1s de 300 artistas manabitas pondr\u00e1n ritmo y colorido a la tercera edici\u00f3n del gran festival Festival Provincial de Danza \u201cManab\u00ed se Mueve\u201d, que se desarrollar\u00e1 el 29 de abril, en conmemoraci\u00f3n al D\u00eda Internacional de la Danza, que se celebra en esta fecha desde 1982, por declaraci\u00f3n de la UNESCO. Este evento se desarrollar\u00e1 [&hellip;]\" \/>\n<meta property=\"og:url\" content=\"https:\/\/www.manabi.gob.ec\/index.php\/la-danza-se-apodera-de-manabi-300-artistas-haran-vibrar-la-provincia\/\" \/>\n<meta property=\"og:site_name\" content=\"Prefectura de Manab\u00ed\" \/>\n<meta property=\"article:published_time\" content=\"2026-04-27T16:09:43+00:00\" \/>\n<meta property=\"article:modified_time\" content=\"2026-04-27T16:09:44+00:00\" \/>\n<meta property=\"og:image\" content=\"https:\/\/www.manabi.gob.ec\/wp-content\/uploads\/2026\/04\/WhatsApp-Image-2026-04-27-at-10.59.46-AM.jpeg\" \/>\n\t<meta property=\"og:image:width\" content=\"2416\" \/>\n\t<meta property=\"og:image:height\" content=\"1906\" \/>\n\t<meta property=\"og:image:type\" content=\"image\/jpeg\" \/>\n<meta name=\"author\" content=\"Lui Ochoa\" \/>\n<meta name=\"twitter:card\" content=\"summary_large_image\" \/>\n<meta name=\"twitter:label1\" content=\"Escrito por\" \/>\n\t<meta name=\"twitter:data1\" content=\"Lui Ochoa\" \/>\n\t<meta name=\"twitter:label2\" content=\"Tiempo de lectura\" \/>\n\t<meta name=\"twitter:data2\" content=\"2 minutos\" \/>\n<script type=\"application\/ld+json\" class=\"yoast-schema-graph\">{\"@context\":\"https:\\\/\\\/schema.org\",\"@graph\":[{\"@type\":\"Article\",\"@id\":\"https:\\\/\\\/www.manabi.gob.ec\\\/index.php\\\/la-danza-se-apodera-de-manabi-300-artistas-haran-vibrar-la-provincia\\\/#article\",\"isPartOf\":{\"@id\":\"https:\\\/\\\/www.manabi.gob.ec\\\/index.php\\\/la-danza-se-apodera-de-manabi-300-artistas-haran-vibrar-la-provincia\\\/\"},\"author\":{\"name\":\"Lui Ochoa\",\"@id\":\"https:\\\/\\\/www.manabi.gob.ec\\\/#\\\/schema\\\/person\\\/c4f117989332ad723a6ced5994aa7d7a\"},\"headline\":\"La danza se apodera de Manab\u00ed: 300 artistas har\u00e1n vibrar la provincia\",\"datePublished\":\"2026-04-27T16:09:43+00:00\",\"dateModified\":\"2026-04-27T16:09:44+00:00\",\"mainEntityOfPage\":{\"@id\":\"https:\\\/\\\/www.manabi.gob.ec\\\/index.php\\\/la-danza-se-apodera-de-manabi-300-artistas-haran-vibrar-la-provincia\\\/\"},\"wordCount\":335,\"image\":{\"@id\":\"https:\\\/\\\/www.manabi.gob.ec\\\/index.php\\\/la-danza-se-apodera-de-manabi-300-artistas-haran-vibrar-la-provincia\\\/#primaryimage\"},\"thumbnailUrl\":\"https:\\\/\\\/www.manabi.gob.ec\\\/wp-content\\\/uploads\\\/2026\\\/04\\\/WhatsApp-Image-2026-04-27-at-10.59.46-AM.jpeg\",\"articleSection\":[\"Ambiente\",\"Desarrollo Social\",\"Noticias\",\"Todas\"],\"inLanguage\":\"es\"},{\"@type\":\"WebPage\",\"@id\":\"https:\\\/\\\/www.manabi.gob.ec\\\/index.php\\\/la-danza-se-apodera-de-manabi-300-artistas-haran-vibrar-la-provincia\\\/\",\"url\":\"https:\\\/\\\/www.manabi.gob.ec\\\/index.php\\\/la-danza-se-apodera-de-manabi-300-artistas-haran-vibrar-la-provincia\\\/\",\"name\":\"La danza se apodera de Manab\u00ed: 300 artistas har\u00e1n vibrar la provincia - Prefectura de Manab\u00ed\",\"isPartOf\":{\"@id\":\"https:\\\/\\\/www.manabi.gob.ec\\\/#website\"},\"primaryImageOfPage\":{\"@id\":\"https:\\\/\\\/www.manabi.gob.ec\\\/index.php\\\/la-danza-se-apodera-de-manabi-300-artistas-haran-vibrar-la-provincia\\\/#primaryimage\"},\"image\":{\"@id\":\"https:\\\/\\\/www.manabi.gob.ec\\\/index.php\\\/la-danza-se-apodera-de-manabi-300-artistas-haran-vibrar-la-provincia\\\/#primaryimage\"},\"thumbnailUrl\":\"https:\\\/\\\/www.manabi.gob.ec\\\/wp-content\\\/uploads\\\/2026\\\/04\\\/WhatsApp-Image-2026-04-27-at-10.59.46-AM.jpeg\",\"datePublished\":\"2026-04-27T16:09:43+00:00\",\"dateModified\":\"2026-04-27T16:09:44+00:00\",\"author\":{\"@id\":\"https:\\\/\\\/www.manabi.gob.ec\\\/#\\\/schema\\\/person\\\/c4f117989332ad723a6ced5994aa7d7a\"},\"breadcrumb\":{\"@id\":\"https:\\\/\\\/www.manabi.gob.ec\\\/index.php\\\/la-danza-se-apodera-de-manabi-300-artistas-haran-vibrar-la-provincia\\\/#breadcrumb\"},\"inLanguage\":\"es\",\"potentialAction\":[{\"@type\":\"ReadAction\",\"target\":[\"https:\\\/\\\/www.manabi.gob.ec\\\/index.php\\\/la-danza-se-apodera-de-manabi-300-artistas-haran-vibrar-la-provincia\\\/\"]}]},{\"@type\":\"ImageObject\",\"inLanguage\":\"es\",\"@id\":\"https:\\\/\\\/www.manabi.gob.ec\\\/index.php\\\/la-danza-se-apodera-de-manabi-300-artistas-haran-vibrar-la-provincia\\\/#primaryimage\",\"url\":\"https:\\\/\\\/www.manabi.gob.ec\\\/wp-content\\\/uploads\\\/2026\\\/04\\\/WhatsApp-Image-2026-04-27-at-10.59.46-AM.jpeg\",\"contentUrl\":\"https:\\\/\\\/www.manabi.gob.ec\\\/wp-content\\\/uploads\\\/2026\\\/04\\\/WhatsApp-Image-2026-04-27-at-10.59.46-AM.jpeg\",\"width\":2416,\"height\":1906},{\"@type\":\"BreadcrumbList\",\"@id\":\"https:\\\/\\\/www.manabi.gob.ec\\\/index.php\\\/la-danza-se-apodera-de-manabi-300-artistas-haran-vibrar-la-provincia\\\/#breadcrumb\",\"itemListElement\":[{\"@type\":\"ListItem\",\"position\":1,\"name\":\"Portada\",\"item\":\"https:\\\/\\\/www.manabi.gob.ec\\\/\"},{\"@type\":\"ListItem\",\"position\":2,\"name\":\"La danza se apodera de Manab\u00ed: 300 artistas har\u00e1n vibrar la provincia\"}]},{\"@type\":\"WebSite\",\"@id\":\"https:\\\/\\\/www.manabi.gob.ec\\\/#website\",\"url\":\"https:\\\/\\\/www.manabi.gob.ec\\\/\",\"name\":\"Prefectura de Manab\u00ed\",\"description\":\"P\u00e1gina web de la prefectura\",\"potentialAction\":[{\"@type\":\"SearchAction\",\"target\":{\"@type\":\"EntryPoint\",\"urlTemplate\":\"https:\\\/\\\/www.manabi.gob.ec\\\/?s={search_term_string}\"},\"query-input\":{\"@type\":\"PropertyValueSpecification\",\"valueRequired\":true,\"valueName\":\"search_term_string\"}}],\"inLanguage\":\"es\"},{\"@type\":\"Person\",\"@id\":\"https:\\\/\\\/www.manabi.gob.ec\\\/#\\\/schema\\\/person\\\/c4f117989332ad723a6ced5994aa7d7a\",\"name\":\"Lui Ochoa\",\"image\":{\"@type\":\"ImageObject\",\"inLanguage\":\"es\",\"@id\":\"https:\\\/\\\/secure.gravatar.com\\\/avatar\\\/6e8017d0fe69dead8a95864d2eb6e1e1d8bf8e01194ba49cf7b897ff038126ba?s=96&d=mm&r=g\",\"url\":\"https:\\\/\\\/secure.gravatar.com\\\/avatar\\\/6e8017d0fe69dead8a95864d2eb6e1e1d8bf8e01194ba49cf7b897ff038126ba?s=96&d=mm&r=g\",\"contentUrl\":\"https:\\\/\\\/secure.gravatar.com\\\/avatar\\\/6e8017d0fe69dead8a95864d2eb6e1e1d8bf8e01194ba49cf7b897ff038126ba?s=96&d=mm&r=g\",\"caption\":\"Lui Ochoa\"},\"url\":\"https:\\\/\\\/www.manabi.gob.ec\\\/index.php\\\/author\\\/lochoa\\\/\"}]}<\/script>\n<!-- \/ Yoast SEO plugin. -->","yoast_head_json":{"title":"La danza se apodera de Manab\u00ed: 300 artistas har\u00e1n vibrar la provincia - Prefectura de Manab\u00ed","robots":{"index":"index","follow":"follow","max-snippet":"max-snippet:-1","max-image-preview":"max-image-preview:large","max-video-preview":"max-video-preview:-1"},"canonical":"https:\/\/www.manabi.gob.ec\/index.php\/la-danza-se-apodera-de-manabi-300-artistas-haran-vibrar-la-provincia\/","og_locale":"es_ES","og_type":"article","og_title":"La danza se apodera de Manab\u00ed: 300 artistas har\u00e1n vibrar la provincia - Prefectura de Manab\u00ed","og_description":"M\u00e1s de 300 artistas manabitas pondr\u00e1n ritmo y colorido a la tercera edici\u00f3n del gran festival Festival Provincial de Danza \u201cManab\u00ed se Mueve\u201d, que se desarrollar\u00e1 el 29 de abril, en conmemoraci\u00f3n al D\u00eda Internacional de la Danza, que se celebra en esta fecha desde 1982, por declaraci\u00f3n de la UNESCO. Este evento se desarrollar\u00e1 [&hellip;]","og_url":"https:\/\/www.manabi.gob.ec\/index.php\/la-danza-se-apodera-de-manabi-300-artistas-haran-vibrar-la-provincia\/","og_site_name":"Prefectura de Manab\u00ed","article_published_time":"2026-04-27T16:09:43+00:00","article_modified_time":"2026-04-27T16:09:44+00:00","og_image":[{"width":2416,"height":1906,"url":"https:\/\/www.manabi.gob.ec\/wp-content\/uploads\/2026\/04\/WhatsApp-Image-2026-04-27-at-10.59.46-AM.jpeg","type":"image\/jpeg"}],"author":"Lui Ochoa","twitter_card":"summary_large_image","twitter_misc":{"Escrito por":"Lui Ochoa","Tiempo de lectura":"2 minutos"},"schema":{"@context":"https:\/\/schema.org","@graph":[{"@type":"Article","@id":"https:\/\/www.manabi.gob.ec\/index.php\/la-danza-se-apodera-de-manabi-300-artistas-haran-vibrar-la-provincia\/#article","isPartOf":{"@id":"https:\/\/www.manabi.gob.ec\/index.php\/la-danza-se-apodera-de-manabi-300-artistas-haran-vibrar-la-provincia\/"},"author":{"name":"Lui Ochoa","@id":"https:\/\/www.manabi.gob.ec\/#\/schema\/person\/c4f117989332ad723a6ced5994aa7d7a"},"headline":"La danza se apodera de Manab\u00ed: 300 artistas har\u00e1n vibrar la provincia","datePublished":"2026-04-27T16:09:43+00:00","dateModified":"2026-04-27T16:09:44+00:00","mainEntityOfPage":{"@id":"https:\/\/www.manabi.gob.ec\/index.php\/la-danza-se-apodera-de-manabi-300-artistas-haran-vibrar-la-provincia\/"},"wordCount":335,"image":{"@id":"https:\/\/www.manabi.gob.ec\/index.php\/la-danza-se-apodera-de-manabi-300-artistas-haran-vibrar-la-provincia\/#primaryimage"},"thumbnailUrl":"https:\/\/www.manabi.gob.ec\/wp-content\/uploads\/2026\/04\/WhatsApp-Image-2026-04-27-at-10.59.46-AM.jpeg","articleSection":["Ambiente","Desarrollo Social","Noticias","Todas"],"inLanguage":"es"},{"@type":"WebPage","@id":"https:\/\/www.manabi.gob.ec\/index.php\/la-danza-se-apodera-de-manabi-300-artistas-haran-vibrar-la-provincia\/","url":"https:\/\/www.manabi.gob.ec\/index.php\/la-danza-se-apodera-de-manabi-300-artistas-haran-vibrar-la-provincia\/","name":"La danza se apodera de Manab\u00ed: 300 artistas har\u00e1n vibrar la provincia - Prefectura de Manab\u00ed","isPartOf":{"@id":"https:\/\/www.manabi.gob.ec\/#website"},"primaryImageOfPage":{"@id":"https:\/\/www.manabi.gob.ec\/index.php\/la-danza-se-apodera-de-manabi-300-artistas-haran-vibrar-la-provincia\/#primaryimage"},"image":{"@id":"https:\/\/www.manabi.gob.ec\/index.php\/la-danza-se-apodera-de-manabi-300-artistas-haran-vibrar-la-provincia\/#primaryimage"},"thumbnailUrl":"https:\/\/www.manabi.gob.ec\/wp-content\/uploads\/2026\/04\/WhatsApp-Image-2026-04-27-at-10.59.46-AM.jpeg","datePublished":"2026-04-27T16:09:43+00:00","dateModified":"2026-04-27T16:09:44+00:00","author":{"@id":"https:\/\/www.manabi.gob.ec\/#\/schema\/person\/c4f117989332ad723a6ced5994aa7d7a"},"breadcrumb":{"@id":"https:\/\/www.manabi.gob.ec\/index.php\/la-danza-se-apodera-de-manabi-300-artistas-haran-vibrar-la-provincia\/#breadcrumb"},"inLanguage":"es","potentialAction":[{"@type":"ReadAction","target":["https:\/\/www.manabi.gob.ec\/index.php\/la-danza-se-apodera-de-manabi-300-artistas-haran-vibrar-la-provincia\/"]}]},{"@type":"ImageObject","inLanguage":"es","@id":"https:\/\/www.manabi.gob.ec\/index.php\/la-danza-se-apodera-de-manabi-300-artistas-haran-vibrar-la-provincia\/#primaryimage","url":"https:\/\/www.manabi.gob.ec\/wp-content\/uploads\/2026\/04\/WhatsApp-Image-2026-04-27-at-10.59.46-AM.jpeg","contentUrl":"https:\/\/www.manabi.gob.ec\/wp-content\/uploads\/2026\/04\/WhatsApp-Image-2026-04-27-at-10.59.46-AM.jpeg","width":2416,"height":1906},{"@type":"BreadcrumbList","@id":"https:\/\/www.manabi.gob.ec\/index.php\/la-danza-se-apodera-de-manabi-300-artistas-haran-vibrar-la-provincia\/#breadcrumb","itemListElement":[{"@type":"ListItem","position":1,"name":"Portada","item":"https:\/\/www.manabi.gob.ec\/"},{"@type":"ListItem","position":2,"name":"La danza se apodera de Manab\u00ed: 300 artistas har\u00e1n vibrar la provincia"}]},{"@type":"WebSite","@id":"https:\/\/www.manabi.gob.ec\/#website","url":"https:\/\/www.manabi.gob.ec\/","name":"Prefectura de Manab\u00ed","description":"P\u00e1gina web de la prefectura","potentialAction":[{"@type":"SearchAction","target":{"@type":"EntryPoint","urlTemplate":"https:\/\/www.manabi.gob.ec\/?s={search_term_string}"},"query-input":{"@type":"PropertyValueSpecification","valueRequired":true,"valueName":"search_term_string"}}],"inLanguage":"es"},{"@type":"Person","@id":"https:\/\/www.manabi.gob.ec\/#\/schema\/person\/c4f117989332ad723a6ced5994aa7d7a","name":"Lui Ochoa","image":{"@type":"ImageObject","inLanguage":"es","@id":"https:\/\/secure.gravatar.com\/avatar\/6e8017d0fe69dead8a95864d2eb6e1e1d8bf8e01194ba49cf7b897ff038126ba?s=96&d=mm&r=g","url":"https:\/\/secure.gravatar.com\/avatar\/6e8017d0fe69dead8a95864d2eb6e1e1d8bf8e01194ba49cf7b897ff038126ba?s=96&d=mm&r=g","contentUrl":"https:\/\/secure.gravatar.com\/avatar\/6e8017d0fe69dead8a95864d2eb6e1e1d8bf8e01194ba49cf7b897ff038126ba?s=96&d=mm&r=g","caption":"Lui Ochoa"},"url":"https:\/\/www.manabi.gob.ec\/index.php\/author\/lochoa\/"}]}},"jetpack_featured_media_url":"https:\/\/www.manabi.gob.ec\/wp-content\/uploads\/2026\/04\/WhatsApp-Image-2026-04-27-at-10.59.46-AM.jpeg","_links":{"self":[{"href":"https:\/\/www.manabi.gob.ec\/index.php\/wp-json\/wp\/v2\/posts\/34389","targetHints":{"allow":["GET"]}}],"collection":[{"href":"https:\/\/www.manabi.gob.ec\/index.php\/wp-json\/wp\/v2\/posts"}],"about":[{"href":"https:\/\/www.manabi.gob.ec\/index.php\/wp-json\/wp\/v2\/types\/post"}],"author":[{"embeddable":true,"href":"https:\/\/www.manabi.gob.ec\/index.php\/wp-json\/wp\/v2\/users\/10"}],"replies":[{"embeddable":true,"href":"https:\/\/www.manabi.gob.ec\/index.php\/wp-json\/wp\/v2\/comments?post=34389"}],"version-history":[{"count":1,"href":"https:\/\/www.manabi.gob.ec\/index.php\/wp-json\/wp\/v2\/posts\/34389\/revisions"}],"predecessor-version":[{"id":34391,"href":"https:\/\/www.manabi.gob.ec\/index.php\/wp-json\/wp\/v2\/posts\/34389\/revisions\/34391"}],"wp:featuredmedia":[{"embeddable":true,"href":"https:\/\/www.manabi.gob.ec\/index.php\/wp-json\/wp\/v2\/media\/34390"}],"wp:attachment":[{"href":"https:\/\/www.manabi.gob.ec\/index.php\/wp-json\/wp\/v2\/media?parent=34389"}],"wp:term":[{"taxonomy":"category","embeddable":true,"href":"https:\/\/www.manabi.gob.ec\/index.php\/wp-json\/wp\/v2\/categories?post=34389"},{"taxonomy":"post_tag","embeddable":true,"href":"https:\/\/www.manabi.gob.ec\/index.php\/wp-json\/wp\/v2\/tags?post=34389"}],"curies":[{"name":"wp","href":"https:\/\/api.w.org\/{rel}","templated":true}]}}