{"id":34427,"date":"2026-04-29T16:35:33","date_gmt":"2026-04-29T16:35:33","guid":{"rendered":"https:\/\/www.manabi.gob.ec\/?p=34427"},"modified":"2026-04-29T16:35:34","modified_gmt":"2026-04-29T16:35:34","slug":"se-rehabilita-via-hacia-reservorios-de-agua-que-abastecen-a-bahia-de-caraquez","status":"publish","type":"post","link":"https:\/\/www.manabi.gob.ec\/index.php\/se-rehabilita-via-hacia-reservorios-de-agua-que-abastecen-a-bahia-de-caraquez\/","title":{"rendered":"Se rehabilita v\u00eda hacia reservorios de agua que abastecen a Bah\u00eda de Car\u00e1quez"},"content":{"rendered":"\n<p>Con el objetivo de garantizar el acceso a los tanques reservorios de agua potable que abastece a la ciudad de Bah\u00eda de Car\u00e1quez, la Prefectura de Manab\u00ed trabaja en la rehabilitaci\u00f3n en la v\u00eda ubicada en el sector Buenos Aires del cant\u00f3n Tosagua.<\/p>\n\n\n\n<p>Los trabajos comprenden mantenimiento vial con material p\u00e9treo tipo subbase, y la estabilizaci\u00f3n de un tramo afectado por fallas geol\u00f3gicas que provocaron el colapso parcial de la v\u00eda. Esta situaci\u00f3n imped\u00eda el ingreso de veh\u00edculos pesados necesarios para la operaci\u00f3n del sistema h\u00eddrico.<\/p>\n\n\n\n<p>La intervenci\u00f3n se desarrolla en un tramo aproximado de 600 metros, donde adem\u00e1s se colocar\u00e1 piedra tipo escollera para reforzar la estructura del terreno y garantizar la transitabilidad. Estas acciones permitir\u00e1n habilitar completamente el acceso para volquetas, tanqueros y maquinaria.<\/p>\n\n\n\n<p>De acuerdo con la planificaci\u00f3n t\u00e9cnica, los trabajos ser\u00edan culminados en un mes, aproximadamente. La v\u00eda, adem\u00e1s de su importancia para el sistema de agua, constituye un enlace productivo para la movilizaci\u00f3n agr\u00edcola de la zona.<\/p>\n\n\n\n<p>Esta intervenci\u00f3n se ejecuta de manera articulada entre la Prefectura de Manab\u00ed y el Gobierno Aut\u00f3nomo Descentralizado Municipal de Tosagua, sumando maquinaria, personal t\u00e9cnico y provisi\u00f3n de materiales, con el objetivo de asegurar el funcionamiento continuo del sistema de agua y fortalecer la conectividad rural.<\/p>\n","protected":false},"excerpt":{"rendered":"<p>Con el objetivo de garantizar el acceso a los tanques reservorios de agua potable que abastece a la ciudad de Bah\u00eda de Car\u00e1quez, la Prefectura de Manab\u00ed trabaja en la rehabilitaci\u00f3n en la v\u00eda ubicada en el sector Buenos Aires del cant\u00f3n Tosagua. Los trabajos comprenden mantenimiento vial con material p\u00e9treo tipo subbase, y la [&hellip;]<\/p>\n","protected":false},"author":10,"featured_media":34428,"comment_status":"closed","ping_status":"closed","sticky":false,"template":"","format":"standard","meta":{"_joinchat":[],"footnotes":""},"categories":[150,142,92,181,91],"tags":[],"class_list":["post-34427","post","type-post","status-publish","format-standard","has-post-thumbnail","hentry","category-ambiente","category-desarrollo-social","category-noticias-manabi","category-obra-publica","category-todas"],"yoast_head":"<!-- This site is optimized with the Yoast SEO plugin v27.4 - https:\/\/yoast.com\/product\/yoast-seo-wordpress\/ -->\n<title>Se rehabilita v\u00eda hacia reservorios de agua que abastecen a Bah\u00eda de Car\u00e1quez - Prefectura de Manab\u00ed<\/title>\n<meta name=\"robots\" content=\"index, follow, max-snippet:-1, max-image-preview:large, max-video-preview:-1\" \/>\n<link rel=\"canonical\" href=\"https:\/\/www.manabi.gob.ec\/index.php\/se-rehabilita-via-hacia-reservorios-de-agua-que-abastecen-a-bahia-de-caraquez\/\" \/>\n<meta property=\"og:locale\" content=\"es_ES\" \/>\n<meta property=\"og:type\" content=\"article\" \/>\n<meta property=\"og:title\" content=\"Se rehabilita v\u00eda hacia reservorios de agua que abastecen a Bah\u00eda de Car\u00e1quez - Prefectura de Manab\u00ed\" \/>\n<meta property=\"og:description\" content=\"Con el objetivo de garantizar el acceso a los tanques reservorios de agua potable que abastece a la ciudad de Bah\u00eda de Car\u00e1quez, la Prefectura de Manab\u00ed trabaja en la rehabilitaci\u00f3n en la v\u00eda ubicada en el sector Buenos Aires del cant\u00f3n Tosagua. Los trabajos comprenden mantenimiento vial con material p\u00e9treo tipo subbase, y la [&hellip;]\" \/>\n<meta property=\"og:url\" content=\"https:\/\/www.manabi.gob.ec\/index.php\/se-rehabilita-via-hacia-reservorios-de-agua-que-abastecen-a-bahia-de-caraquez\/\" \/>\n<meta property=\"og:site_name\" content=\"Prefectura de Manab\u00ed\" \/>\n<meta property=\"article:published_time\" content=\"2026-04-29T16:35:33+00:00\" \/>\n<meta property=\"article:modified_time\" content=\"2026-04-29T16:35:34+00:00\" \/>\n<meta property=\"og:image\" content=\"https:\/\/www.manabi.gob.ec\/wp-content\/uploads\/2026\/04\/WhatsApp-Image-2026-04-29-at-9.11.07-AM-scaled.jpeg\" \/>\n\t<meta property=\"og:image:width\" content=\"2560\" \/>\n\t<meta property=\"og:image:height\" content=\"1920\" \/>\n\t<meta property=\"og:image:type\" content=\"image\/jpeg\" \/>\n<meta name=\"author\" content=\"Lui Ochoa\" \/>\n<meta name=\"twitter:card\" content=\"summary_large_image\" \/>\n<meta name=\"twitter:label1\" content=\"Escrito por\" \/>\n\t<meta name=\"twitter:data1\" content=\"Lui Ochoa\" \/>\n\t<meta name=\"twitter:label2\" content=\"Tiempo de lectura\" \/>\n\t<meta name=\"twitter:data2\" content=\"2 minutos\" \/>\n<script type=\"application\/ld+json\" class=\"yoast-schema-graph\">{\"@context\":\"https:\\\/\\\/schema.org\",\"@graph\":[{\"@type\":\"Article\",\"@id\":\"https:\\\/\\\/www.manabi.gob.ec\\\/index.php\\\/se-rehabilita-via-hacia-reservorios-de-agua-que-abastecen-a-bahia-de-caraquez\\\/#article\",\"isPartOf\":{\"@id\":\"https:\\\/\\\/www.manabi.gob.ec\\\/index.php\\\/se-rehabilita-via-hacia-reservorios-de-agua-que-abastecen-a-bahia-de-caraquez\\\/\"},\"author\":{\"name\":\"Lui Ochoa\",\"@id\":\"https:\\\/\\\/www.manabi.gob.ec\\\/#\\\/schema\\\/person\\\/c4f117989332ad723a6ced5994aa7d7a\"},\"headline\":\"Se rehabilita v\u00eda hacia reservorios de agua que abastecen a Bah\u00eda de Car\u00e1quez\",\"datePublished\":\"2026-04-29T16:35:33+00:00\",\"dateModified\":\"2026-04-29T16:35:34+00:00\",\"mainEntityOfPage\":{\"@id\":\"https:\\\/\\\/www.manabi.gob.ec\\\/index.php\\\/se-rehabilita-via-hacia-reservorios-de-agua-que-abastecen-a-bahia-de-caraquez\\\/\"},\"wordCount\":250,\"image\":{\"@id\":\"https:\\\/\\\/www.manabi.gob.ec\\\/index.php\\\/se-rehabilita-via-hacia-reservorios-de-agua-que-abastecen-a-bahia-de-caraquez\\\/#primaryimage\"},\"thumbnailUrl\":\"https:\\\/\\\/www.manabi.gob.ec\\\/wp-content\\\/uploads\\\/2026\\\/04\\\/WhatsApp-Image-2026-04-29-at-9.11.07-AM-scaled.jpeg\",\"articleSection\":[\"Ambiente\",\"Desarrollo Social\",\"Noticias\",\"Obra P\u00fablica\",\"Todas\"],\"inLanguage\":\"es\"},{\"@type\":\"WebPage\",\"@id\":\"https:\\\/\\\/www.manabi.gob.ec\\\/index.php\\\/se-rehabilita-via-hacia-reservorios-de-agua-que-abastecen-a-bahia-de-caraquez\\\/\",\"url\":\"https:\\\/\\\/www.manabi.gob.ec\\\/index.php\\\/se-rehabilita-via-hacia-reservorios-de-agua-que-abastecen-a-bahia-de-caraquez\\\/\",\"name\":\"Se rehabilita v\u00eda hacia reservorios de agua que abastecen a Bah\u00eda de Car\u00e1quez - Prefectura de Manab\u00ed\",\"isPartOf\":{\"@id\":\"https:\\\/\\\/www.manabi.gob.ec\\\/#website\"},\"primaryImageOfPage\":{\"@id\":\"https:\\\/\\\/www.manabi.gob.ec\\\/index.php\\\/se-rehabilita-via-hacia-reservorios-de-agua-que-abastecen-a-bahia-de-caraquez\\\/#primaryimage\"},\"image\":{\"@id\":\"https:\\\/\\\/www.manabi.gob.ec\\\/index.php\\\/se-rehabilita-via-hacia-reservorios-de-agua-que-abastecen-a-bahia-de-caraquez\\\/#primaryimage\"},\"thumbnailUrl\":\"https:\\\/\\\/www.manabi.gob.ec\\\/wp-content\\\/uploads\\\/2026\\\/04\\\/WhatsApp-Image-2026-04-29-at-9.11.07-AM-scaled.jpeg\",\"datePublished\":\"2026-04-29T16:35:33+00:00\",\"dateModified\":\"2026-04-29T16:35:34+00:00\",\"author\":{\"@id\":\"https:\\\/\\\/www.manabi.gob.ec\\\/#\\\/schema\\\/person\\\/c4f117989332ad723a6ced5994aa7d7a\"},\"breadcrumb\":{\"@id\":\"https:\\\/\\\/www.manabi.gob.ec\\\/index.php\\\/se-rehabilita-via-hacia-reservorios-de-agua-que-abastecen-a-bahia-de-caraquez\\\/#breadcrumb\"},\"inLanguage\":\"es\",\"potentialAction\":[{\"@type\":\"ReadAction\",\"target\":[\"https:\\\/\\\/www.manabi.gob.ec\\\/index.php\\\/se-rehabilita-via-hacia-reservorios-de-agua-que-abastecen-a-bahia-de-caraquez\\\/\"]}]},{\"@type\":\"ImageObject\",\"inLanguage\":\"es\",\"@id\":\"https:\\\/\\\/www.manabi.gob.ec\\\/index.php\\\/se-rehabilita-via-hacia-reservorios-de-agua-que-abastecen-a-bahia-de-caraquez\\\/#primaryimage\",\"url\":\"https:\\\/\\\/www.manabi.gob.ec\\\/wp-content\\\/uploads\\\/2026\\\/04\\\/WhatsApp-Image-2026-04-29-at-9.11.07-AM-scaled.jpeg\",\"contentUrl\":\"https:\\\/\\\/www.manabi.gob.ec\\\/wp-content\\\/uploads\\\/2026\\\/04\\\/WhatsApp-Image-2026-04-29-at-9.11.07-AM-scaled.jpeg\",\"width\":2560,\"height\":1920},{\"@type\":\"BreadcrumbList\",\"@id\":\"https:\\\/\\\/www.manabi.gob.ec\\\/index.php\\\/se-rehabilita-via-hacia-reservorios-de-agua-que-abastecen-a-bahia-de-caraquez\\\/#breadcrumb\",\"itemListElement\":[{\"@type\":\"ListItem\",\"position\":1,\"name\":\"Portada\",\"item\":\"https:\\\/\\\/www.manabi.gob.ec\\\/\"},{\"@type\":\"ListItem\",\"position\":2,\"name\":\"Se rehabilita v\u00eda hacia reservorios de agua que abastecen a Bah\u00eda de Car\u00e1quez\"}]},{\"@type\":\"WebSite\",\"@id\":\"https:\\\/\\\/www.manabi.gob.ec\\\/#website\",\"url\":\"https:\\\/\\\/www.manabi.gob.ec\\\/\",\"name\":\"Prefectura de Manab\u00ed\",\"description\":\"P\u00e1gina web de la prefectura\",\"potentialAction\":[{\"@type\":\"SearchAction\",\"target\":{\"@type\":\"EntryPoint\",\"urlTemplate\":\"https:\\\/\\\/www.manabi.gob.ec\\\/?s={search_term_string}\"},\"query-input\":{\"@type\":\"PropertyValueSpecification\",\"valueRequired\":true,\"valueName\":\"search_term_string\"}}],\"inLanguage\":\"es\"},{\"@type\":\"Person\",\"@id\":\"https:\\\/\\\/www.manabi.gob.ec\\\/#\\\/schema\\\/person\\\/c4f117989332ad723a6ced5994aa7d7a\",\"name\":\"Lui Ochoa\",\"image\":{\"@type\":\"ImageObject\",\"inLanguage\":\"es\",\"@id\":\"https:\\\/\\\/secure.gravatar.com\\\/avatar\\\/6e8017d0fe69dead8a95864d2eb6e1e1d8bf8e01194ba49cf7b897ff038126ba?s=96&d=mm&r=g\",\"url\":\"https:\\\/\\\/secure.gravatar.com\\\/avatar\\\/6e8017d0fe69dead8a95864d2eb6e1e1d8bf8e01194ba49cf7b897ff038126ba?s=96&d=mm&r=g\",\"contentUrl\":\"https:\\\/\\\/secure.gravatar.com\\\/avatar\\\/6e8017d0fe69dead8a95864d2eb6e1e1d8bf8e01194ba49cf7b897ff038126ba?s=96&d=mm&r=g\",\"caption\":\"Lui Ochoa\"},\"url\":\"https:\\\/\\\/www.manabi.gob.ec\\\/index.php\\\/author\\\/lochoa\\\/\"}]}<\/script>\n<!-- \/ Yoast SEO plugin. -->","yoast_head_json":{"title":"Se rehabilita v\u00eda hacia reservorios de agua que abastecen a Bah\u00eda de Car\u00e1quez - Prefectura de Manab\u00ed","robots":{"index":"index","follow":"follow","max-snippet":"max-snippet:-1","max-image-preview":"max-image-preview:large","max-video-preview":"max-video-preview:-1"},"canonical":"https:\/\/www.manabi.gob.ec\/index.php\/se-rehabilita-via-hacia-reservorios-de-agua-que-abastecen-a-bahia-de-caraquez\/","og_locale":"es_ES","og_type":"article","og_title":"Se rehabilita v\u00eda hacia reservorios de agua que abastecen a Bah\u00eda de Car\u00e1quez - Prefectura de Manab\u00ed","og_description":"Con el objetivo de garantizar el acceso a los tanques reservorios de agua potable que abastece a la ciudad de Bah\u00eda de Car\u00e1quez, la Prefectura de Manab\u00ed trabaja en la rehabilitaci\u00f3n en la v\u00eda ubicada en el sector Buenos Aires del cant\u00f3n Tosagua. Los trabajos comprenden mantenimiento vial con material p\u00e9treo tipo subbase, y la [&hellip;]","og_url":"https:\/\/www.manabi.gob.ec\/index.php\/se-rehabilita-via-hacia-reservorios-de-agua-que-abastecen-a-bahia-de-caraquez\/","og_site_name":"Prefectura de Manab\u00ed","article_published_time":"2026-04-29T16:35:33+00:00","article_modified_time":"2026-04-29T16:35:34+00:00","og_image":[{"width":2560,"height":1920,"url":"https:\/\/www.manabi.gob.ec\/wp-content\/uploads\/2026\/04\/WhatsApp-Image-2026-04-29-at-9.11.07-AM-scaled.jpeg","type":"image\/jpeg"}],"author":"Lui Ochoa","twitter_card":"summary_large_image","twitter_misc":{"Escrito por":"Lui Ochoa","Tiempo de lectura":"2 minutos"},"schema":{"@context":"https:\/\/schema.org","@graph":[{"@type":"Article","@id":"https:\/\/www.manabi.gob.ec\/index.php\/se-rehabilita-via-hacia-reservorios-de-agua-que-abastecen-a-bahia-de-caraquez\/#article","isPartOf":{"@id":"https:\/\/www.manabi.gob.ec\/index.php\/se-rehabilita-via-hacia-reservorios-de-agua-que-abastecen-a-bahia-de-caraquez\/"},"author":{"name":"Lui Ochoa","@id":"https:\/\/www.manabi.gob.ec\/#\/schema\/person\/c4f117989332ad723a6ced5994aa7d7a"},"headline":"Se rehabilita v\u00eda hacia reservorios de agua que abastecen a Bah\u00eda de Car\u00e1quez","datePublished":"2026-04-29T16:35:33+00:00","dateModified":"2026-04-29T16:35:34+00:00","mainEntityOfPage":{"@id":"https:\/\/www.manabi.gob.ec\/index.php\/se-rehabilita-via-hacia-reservorios-de-agua-que-abastecen-a-bahia-de-caraquez\/"},"wordCount":250,"image":{"@id":"https:\/\/www.manabi.gob.ec\/index.php\/se-rehabilita-via-hacia-reservorios-de-agua-que-abastecen-a-bahia-de-caraquez\/#primaryimage"},"thumbnailUrl":"https:\/\/www.manabi.gob.ec\/wp-content\/uploads\/2026\/04\/WhatsApp-Image-2026-04-29-at-9.11.07-AM-scaled.jpeg","articleSection":["Ambiente","Desarrollo Social","Noticias","Obra P\u00fablica","Todas"],"inLanguage":"es"},{"@type":"WebPage","@id":"https:\/\/www.manabi.gob.ec\/index.php\/se-rehabilita-via-hacia-reservorios-de-agua-que-abastecen-a-bahia-de-caraquez\/","url":"https:\/\/www.manabi.gob.ec\/index.php\/se-rehabilita-via-hacia-reservorios-de-agua-que-abastecen-a-bahia-de-caraquez\/","name":"Se rehabilita v\u00eda hacia reservorios de agua que abastecen a Bah\u00eda de Car\u00e1quez - Prefectura de Manab\u00ed","isPartOf":{"@id":"https:\/\/www.manabi.gob.ec\/#website"},"primaryImageOfPage":{"@id":"https:\/\/www.manabi.gob.ec\/index.php\/se-rehabilita-via-hacia-reservorios-de-agua-que-abastecen-a-bahia-de-caraquez\/#primaryimage"},"image":{"@id":"https:\/\/www.manabi.gob.ec\/index.php\/se-rehabilita-via-hacia-reservorios-de-agua-que-abastecen-a-bahia-de-caraquez\/#primaryimage"},"thumbnailUrl":"https:\/\/www.manabi.gob.ec\/wp-content\/uploads\/2026\/04\/WhatsApp-Image-2026-04-29-at-9.11.07-AM-scaled.jpeg","datePublished":"2026-04-29T16:35:33+00:00","dateModified":"2026-04-29T16:35:34+00:00","author":{"@id":"https:\/\/www.manabi.gob.ec\/#\/schema\/person\/c4f117989332ad723a6ced5994aa7d7a"},"breadcrumb":{"@id":"https:\/\/www.manabi.gob.ec\/index.php\/se-rehabilita-via-hacia-reservorios-de-agua-que-abastecen-a-bahia-de-caraquez\/#breadcrumb"},"inLanguage":"es","potentialAction":[{"@type":"ReadAction","target":["https:\/\/www.manabi.gob.ec\/index.php\/se-rehabilita-via-hacia-reservorios-de-agua-que-abastecen-a-bahia-de-caraquez\/"]}]},{"@type":"ImageObject","inLanguage":"es","@id":"https:\/\/www.manabi.gob.ec\/index.php\/se-rehabilita-via-hacia-reservorios-de-agua-que-abastecen-a-bahia-de-caraquez\/#primaryimage","url":"https:\/\/www.manabi.gob.ec\/wp-content\/uploads\/2026\/04\/WhatsApp-Image-2026-04-29-at-9.11.07-AM-scaled.jpeg","contentUrl":"https:\/\/www.manabi.gob.ec\/wp-content\/uploads\/2026\/04\/WhatsApp-Image-2026-04-29-at-9.11.07-AM-scaled.jpeg","width":2560,"height":1920},{"@type":"BreadcrumbList","@id":"https:\/\/www.manabi.gob.ec\/index.php\/se-rehabilita-via-hacia-reservorios-de-agua-que-abastecen-a-bahia-de-caraquez\/#breadcrumb","itemListElement":[{"@type":"ListItem","position":1,"name":"Portada","item":"https:\/\/www.manabi.gob.ec\/"},{"@type":"ListItem","position":2,"name":"Se rehabilita v\u00eda hacia reservorios de agua que abastecen a Bah\u00eda de Car\u00e1quez"}]},{"@type":"WebSite","@id":"https:\/\/www.manabi.gob.ec\/#website","url":"https:\/\/www.manabi.gob.ec\/","name":"Prefectura de Manab\u00ed","description":"P\u00e1gina web de la prefectura","potentialAction":[{"@type":"SearchAction","target":{"@type":"EntryPoint","urlTemplate":"https:\/\/www.manabi.gob.ec\/?s={search_term_string}"},"query-input":{"@type":"PropertyValueSpecification","valueRequired":true,"valueName":"search_term_string"}}],"inLanguage":"es"},{"@type":"Person","@id":"https:\/\/www.manabi.gob.ec\/#\/schema\/person\/c4f117989332ad723a6ced5994aa7d7a","name":"Lui Ochoa","image":{"@type":"ImageObject","inLanguage":"es","@id":"https:\/\/secure.gravatar.com\/avatar\/6e8017d0fe69dead8a95864d2eb6e1e1d8bf8e01194ba49cf7b897ff038126ba?s=96&d=mm&r=g","url":"https:\/\/secure.gravatar.com\/avatar\/6e8017d0fe69dead8a95864d2eb6e1e1d8bf8e01194ba49cf7b897ff038126ba?s=96&d=mm&r=g","contentUrl":"https:\/\/secure.gravatar.com\/avatar\/6e8017d0fe69dead8a95864d2eb6e1e1d8bf8e01194ba49cf7b897ff038126ba?s=96&d=mm&r=g","caption":"Lui Ochoa"},"url":"https:\/\/www.manabi.gob.ec\/index.php\/author\/lochoa\/"}]}},"jetpack_featured_media_url":"https:\/\/www.manabi.gob.ec\/wp-content\/uploads\/2026\/04\/WhatsApp-Image-2026-04-29-at-9.11.07-AM-scaled.jpeg","_links":{"self":[{"href":"https:\/\/www.manabi.gob.ec\/index.php\/wp-json\/wp\/v2\/posts\/34427","targetHints":{"allow":["GET"]}}],"collection":[{"href":"https:\/\/www.manabi.gob.ec\/index.php\/wp-json\/wp\/v2\/posts"}],"about":[{"href":"https:\/\/www.manabi.gob.ec\/index.php\/wp-json\/wp\/v2\/types\/post"}],"author":[{"embeddable":true,"href":"https:\/\/www.manabi.gob.ec\/index.php\/wp-json\/wp\/v2\/users\/10"}],"replies":[{"embeddable":true,"href":"https:\/\/www.manabi.gob.ec\/index.php\/wp-json\/wp\/v2\/comments?post=34427"}],"version-history":[{"count":1,"href":"https:\/\/www.manabi.gob.ec\/index.php\/wp-json\/wp\/v2\/posts\/34427\/revisions"}],"predecessor-version":[{"id":34430,"href":"https:\/\/www.manabi.gob.ec\/index.php\/wp-json\/wp\/v2\/posts\/34427\/revisions\/34430"}],"wp:featuredmedia":[{"embeddable":true,"href":"https:\/\/www.manabi.gob.ec\/index.php\/wp-json\/wp\/v2\/media\/34428"}],"wp:attachment":[{"href":"https:\/\/www.manabi.gob.ec\/index.php\/wp-json\/wp\/v2\/media?parent=34427"}],"wp:term":[{"taxonomy":"category","embeddable":true,"href":"https:\/\/www.manabi.gob.ec\/index.php\/wp-json\/wp\/v2\/categories?post=34427"},{"taxonomy":"post_tag","embeddable":true,"href":"https:\/\/www.manabi.gob.ec\/index.php\/wp-json\/wp\/v2\/tags?post=34427"}],"curies":[{"name":"wp","href":"https:\/\/api.w.org\/{rel}","templated":true}]}}