{"id":34435,"date":"2026-04-29T16:39:01","date_gmt":"2026-04-29T16:39:01","guid":{"rendered":"https:\/\/www.manabi.gob.ec\/?p=34435"},"modified":"2026-04-29T16:39:02","modified_gmt":"2026-04-29T16:39:02","slug":"se-fortalece-la-inclusion-educativa-para-estudiantes-con-discapacidad-visual-en-manabi","status":"publish","type":"post","link":"https:\/\/www.manabi.gob.ec\/index.php\/se-fortalece-la-inclusion-educativa-para-estudiantes-con-discapacidad-visual-en-manabi\/","title":{"rendered":"Se fortalece la inclusi\u00f3n educativa para estudiantes con discapacidad visual en Manab\u00ed"},"content":{"rendered":"\n<p>Docentes de 18 unidades educativas de la provincia participaron en el \u201cSeminario &#8211; Taller de elaboraci\u00f3n de material did\u00e1ctico adaptado para estudiantes con discapacidad visual\u201d, desarrollado en Portoviejo por la Fundaci\u00f3n Dr. Oswaldo Loor.<\/p>\n\n\n\n<p>La jornada formativa inici\u00f3 el 18 de abril y concluy\u00f3 con un acto que cont\u00f3 con el acompa\u00f1amiento de la Prefectura de Manab\u00ed.<\/p>\n\n\n\n<p>El proceso se ejecuta en el marco de un convenio de cooperaci\u00f3n interinstitucional, mediante el cual el Gobierno Provincial brinda apoyo para la implementaci\u00f3n de iniciativas orientadas a fortalecer la educaci\u00f3n inclusiva. La capacitaci\u00f3n estuvo dirigida a mejorar las herramientas pedag\u00f3gicas de los docentes que trabajan con estudiantes con discapacidad visual.<\/p>\n\n\n\n<p>Durante la jornada de clausura, la prefecta subrogante de Manab\u00ed, Kelly Buenaventura, destac\u00f3 la importancia de generar espacios que permitan fortalecer capacidades docentes y promover una educaci\u00f3n con enfoque de inclusi\u00f3n y dignidad para todos los estudiantes.<\/p>\n\n\n\n<p>La presidenta de la Fundaci\u00f3n Dr. Oswaldo Loor, Yolanda \u00c1vila, resalt\u00f3 que el respaldo institucional de la Prefectura ha sido clave para sostener este tipo de procesos formativos, que impactan directamente en la calidad educativa de los ni\u00f1os con discapacidad visual.<\/p>\n\n\n\n<p>La articulaci\u00f3n entre la Prefectura de Manab\u00ed y la Fundaci\u00f3n reafirma el compromiso de impulsar acciones que promuevan la igualdad de oportunidades, fortaleciendo la atenci\u00f3n educativa a grupos prioritarios en toda la provincia.<\/p>\n","protected":false},"excerpt":{"rendered":"<p>Docentes de 18 unidades educativas de la provincia participaron en el \u201cSeminario &#8211; Taller de elaboraci\u00f3n de material did\u00e1ctico adaptado para estudiantes con discapacidad visual\u201d, desarrollado en Portoviejo por la Fundaci\u00f3n Dr. Oswaldo Loor. La jornada formativa inici\u00f3 el 18 de abril y concluy\u00f3 con un acto que cont\u00f3 con el acompa\u00f1amiento de la Prefectura [&hellip;]<\/p>\n","protected":false},"author":10,"featured_media":34436,"comment_status":"closed","ping_status":"closed","sticky":false,"template":"","format":"standard","meta":{"_joinchat":[],"footnotes":""},"categories":[150,142,92,91],"tags":[],"class_list":["post-34435","post","type-post","status-publish","format-standard","has-post-thumbnail","hentry","category-ambiente","category-desarrollo-social","category-noticias-manabi","category-todas"],"yoast_head":"<!-- This site is optimized with the Yoast SEO plugin v27.4 - https:\/\/yoast.com\/product\/yoast-seo-wordpress\/ -->\n<title>Se fortalece la inclusi\u00f3n educativa para estudiantes con discapacidad visual en Manab\u00ed - Prefectura de Manab\u00ed<\/title>\n<meta name=\"robots\" content=\"index, follow, max-snippet:-1, max-image-preview:large, max-video-preview:-1\" \/>\n<link rel=\"canonical\" href=\"https:\/\/www.manabi.gob.ec\/index.php\/se-fortalece-la-inclusion-educativa-para-estudiantes-con-discapacidad-visual-en-manabi\/\" \/>\n<meta property=\"og:locale\" content=\"es_ES\" \/>\n<meta property=\"og:type\" content=\"article\" \/>\n<meta property=\"og:title\" content=\"Se fortalece la inclusi\u00f3n educativa para estudiantes con discapacidad visual en Manab\u00ed - Prefectura de Manab\u00ed\" \/>\n<meta property=\"og:description\" content=\"Docentes de 18 unidades educativas de la provincia participaron en el \u201cSeminario &#8211; Taller de elaboraci\u00f3n de material did\u00e1ctico adaptado para estudiantes con discapacidad visual\u201d, desarrollado en Portoviejo por la Fundaci\u00f3n Dr. Oswaldo Loor. La jornada formativa inici\u00f3 el 18 de abril y concluy\u00f3 con un acto que cont\u00f3 con el acompa\u00f1amiento de la Prefectura [&hellip;]\" \/>\n<meta property=\"og:url\" content=\"https:\/\/www.manabi.gob.ec\/index.php\/se-fortalece-la-inclusion-educativa-para-estudiantes-con-discapacidad-visual-en-manabi\/\" \/>\n<meta property=\"og:site_name\" content=\"Prefectura de Manab\u00ed\" \/>\n<meta property=\"article:published_time\" content=\"2026-04-29T16:39:01+00:00\" \/>\n<meta property=\"article:modified_time\" content=\"2026-04-29T16:39:02+00:00\" \/>\n<meta property=\"og:image\" content=\"https:\/\/www.manabi.gob.ec\/wp-content\/uploads\/2026\/04\/WhatsApp-Image-2026-04-29-at-11.04.31-AM.jpeg\" \/>\n\t<meta property=\"og:image:width\" content=\"1280\" \/>\n\t<meta property=\"og:image:height\" content=\"853\" \/>\n\t<meta property=\"og:image:type\" content=\"image\/jpeg\" \/>\n<meta name=\"author\" content=\"Lui Ochoa\" \/>\n<meta name=\"twitter:card\" content=\"summary_large_image\" \/>\n<meta name=\"twitter:label1\" content=\"Escrito por\" \/>\n\t<meta name=\"twitter:data1\" content=\"Lui Ochoa\" \/>\n\t<meta name=\"twitter:label2\" content=\"Tiempo de lectura\" \/>\n\t<meta name=\"twitter:data2\" content=\"2 minutos\" \/>\n<script type=\"application\/ld+json\" class=\"yoast-schema-graph\">{\"@context\":\"https:\\\/\\\/schema.org\",\"@graph\":[{\"@type\":\"Article\",\"@id\":\"https:\\\/\\\/www.manabi.gob.ec\\\/index.php\\\/se-fortalece-la-inclusion-educativa-para-estudiantes-con-discapacidad-visual-en-manabi\\\/#article\",\"isPartOf\":{\"@id\":\"https:\\\/\\\/www.manabi.gob.ec\\\/index.php\\\/se-fortalece-la-inclusion-educativa-para-estudiantes-con-discapacidad-visual-en-manabi\\\/\"},\"author\":{\"name\":\"Lui Ochoa\",\"@id\":\"https:\\\/\\\/www.manabi.gob.ec\\\/#\\\/schema\\\/person\\\/c4f117989332ad723a6ced5994aa7d7a\"},\"headline\":\"Se fortalece la inclusi\u00f3n educativa para estudiantes con discapacidad visual en Manab\u00ed\",\"datePublished\":\"2026-04-29T16:39:01+00:00\",\"dateModified\":\"2026-04-29T16:39:02+00:00\",\"mainEntityOfPage\":{\"@id\":\"https:\\\/\\\/www.manabi.gob.ec\\\/index.php\\\/se-fortalece-la-inclusion-educativa-para-estudiantes-con-discapacidad-visual-en-manabi\\\/\"},\"wordCount\":246,\"image\":{\"@id\":\"https:\\\/\\\/www.manabi.gob.ec\\\/index.php\\\/se-fortalece-la-inclusion-educativa-para-estudiantes-con-discapacidad-visual-en-manabi\\\/#primaryimage\"},\"thumbnailUrl\":\"https:\\\/\\\/www.manabi.gob.ec\\\/wp-content\\\/uploads\\\/2026\\\/04\\\/WhatsApp-Image-2026-04-29-at-11.04.31-AM.jpeg\",\"articleSection\":[\"Ambiente\",\"Desarrollo Social\",\"Noticias\",\"Todas\"],\"inLanguage\":\"es\"},{\"@type\":\"WebPage\",\"@id\":\"https:\\\/\\\/www.manabi.gob.ec\\\/index.php\\\/se-fortalece-la-inclusion-educativa-para-estudiantes-con-discapacidad-visual-en-manabi\\\/\",\"url\":\"https:\\\/\\\/www.manabi.gob.ec\\\/index.php\\\/se-fortalece-la-inclusion-educativa-para-estudiantes-con-discapacidad-visual-en-manabi\\\/\",\"name\":\"Se fortalece la inclusi\u00f3n educativa para estudiantes con discapacidad visual en Manab\u00ed - Prefectura de Manab\u00ed\",\"isPartOf\":{\"@id\":\"https:\\\/\\\/www.manabi.gob.ec\\\/#website\"},\"primaryImageOfPage\":{\"@id\":\"https:\\\/\\\/www.manabi.gob.ec\\\/index.php\\\/se-fortalece-la-inclusion-educativa-para-estudiantes-con-discapacidad-visual-en-manabi\\\/#primaryimage\"},\"image\":{\"@id\":\"https:\\\/\\\/www.manabi.gob.ec\\\/index.php\\\/se-fortalece-la-inclusion-educativa-para-estudiantes-con-discapacidad-visual-en-manabi\\\/#primaryimage\"},\"thumbnailUrl\":\"https:\\\/\\\/www.manabi.gob.ec\\\/wp-content\\\/uploads\\\/2026\\\/04\\\/WhatsApp-Image-2026-04-29-at-11.04.31-AM.jpeg\",\"datePublished\":\"2026-04-29T16:39:01+00:00\",\"dateModified\":\"2026-04-29T16:39:02+00:00\",\"author\":{\"@id\":\"https:\\\/\\\/www.manabi.gob.ec\\\/#\\\/schema\\\/person\\\/c4f117989332ad723a6ced5994aa7d7a\"},\"breadcrumb\":{\"@id\":\"https:\\\/\\\/www.manabi.gob.ec\\\/index.php\\\/se-fortalece-la-inclusion-educativa-para-estudiantes-con-discapacidad-visual-en-manabi\\\/#breadcrumb\"},\"inLanguage\":\"es\",\"potentialAction\":[{\"@type\":\"ReadAction\",\"target\":[\"https:\\\/\\\/www.manabi.gob.ec\\\/index.php\\\/se-fortalece-la-inclusion-educativa-para-estudiantes-con-discapacidad-visual-en-manabi\\\/\"]}]},{\"@type\":\"ImageObject\",\"inLanguage\":\"es\",\"@id\":\"https:\\\/\\\/www.manabi.gob.ec\\\/index.php\\\/se-fortalece-la-inclusion-educativa-para-estudiantes-con-discapacidad-visual-en-manabi\\\/#primaryimage\",\"url\":\"https:\\\/\\\/www.manabi.gob.ec\\\/wp-content\\\/uploads\\\/2026\\\/04\\\/WhatsApp-Image-2026-04-29-at-11.04.31-AM.jpeg\",\"contentUrl\":\"https:\\\/\\\/www.manabi.gob.ec\\\/wp-content\\\/uploads\\\/2026\\\/04\\\/WhatsApp-Image-2026-04-29-at-11.04.31-AM.jpeg\",\"width\":1280,\"height\":853},{\"@type\":\"BreadcrumbList\",\"@id\":\"https:\\\/\\\/www.manabi.gob.ec\\\/index.php\\\/se-fortalece-la-inclusion-educativa-para-estudiantes-con-discapacidad-visual-en-manabi\\\/#breadcrumb\",\"itemListElement\":[{\"@type\":\"ListItem\",\"position\":1,\"name\":\"Portada\",\"item\":\"https:\\\/\\\/www.manabi.gob.ec\\\/\"},{\"@type\":\"ListItem\",\"position\":2,\"name\":\"Se fortalece la inclusi\u00f3n educativa para estudiantes con discapacidad visual en Manab\u00ed\"}]},{\"@type\":\"WebSite\",\"@id\":\"https:\\\/\\\/www.manabi.gob.ec\\\/#website\",\"url\":\"https:\\\/\\\/www.manabi.gob.ec\\\/\",\"name\":\"Prefectura de Manab\u00ed\",\"description\":\"P\u00e1gina web de la prefectura\",\"potentialAction\":[{\"@type\":\"SearchAction\",\"target\":{\"@type\":\"EntryPoint\",\"urlTemplate\":\"https:\\\/\\\/www.manabi.gob.ec\\\/?s={search_term_string}\"},\"query-input\":{\"@type\":\"PropertyValueSpecification\",\"valueRequired\":true,\"valueName\":\"search_term_string\"}}],\"inLanguage\":\"es\"},{\"@type\":\"Person\",\"@id\":\"https:\\\/\\\/www.manabi.gob.ec\\\/#\\\/schema\\\/person\\\/c4f117989332ad723a6ced5994aa7d7a\",\"name\":\"Lui Ochoa\",\"image\":{\"@type\":\"ImageObject\",\"inLanguage\":\"es\",\"@id\":\"https:\\\/\\\/secure.gravatar.com\\\/avatar\\\/6e8017d0fe69dead8a95864d2eb6e1e1d8bf8e01194ba49cf7b897ff038126ba?s=96&d=mm&r=g\",\"url\":\"https:\\\/\\\/secure.gravatar.com\\\/avatar\\\/6e8017d0fe69dead8a95864d2eb6e1e1d8bf8e01194ba49cf7b897ff038126ba?s=96&d=mm&r=g\",\"contentUrl\":\"https:\\\/\\\/secure.gravatar.com\\\/avatar\\\/6e8017d0fe69dead8a95864d2eb6e1e1d8bf8e01194ba49cf7b897ff038126ba?s=96&d=mm&r=g\",\"caption\":\"Lui Ochoa\"},\"url\":\"https:\\\/\\\/www.manabi.gob.ec\\\/index.php\\\/author\\\/lochoa\\\/\"}]}<\/script>\n<!-- \/ Yoast SEO plugin. -->","yoast_head_json":{"title":"Se fortalece la inclusi\u00f3n educativa para estudiantes con discapacidad visual en Manab\u00ed - Prefectura de Manab\u00ed","robots":{"index":"index","follow":"follow","max-snippet":"max-snippet:-1","max-image-preview":"max-image-preview:large","max-video-preview":"max-video-preview:-1"},"canonical":"https:\/\/www.manabi.gob.ec\/index.php\/se-fortalece-la-inclusion-educativa-para-estudiantes-con-discapacidad-visual-en-manabi\/","og_locale":"es_ES","og_type":"article","og_title":"Se fortalece la inclusi\u00f3n educativa para estudiantes con discapacidad visual en Manab\u00ed - Prefectura de Manab\u00ed","og_description":"Docentes de 18 unidades educativas de la provincia participaron en el \u201cSeminario &#8211; Taller de elaboraci\u00f3n de material did\u00e1ctico adaptado para estudiantes con discapacidad visual\u201d, desarrollado en Portoviejo por la Fundaci\u00f3n Dr. Oswaldo Loor. La jornada formativa inici\u00f3 el 18 de abril y concluy\u00f3 con un acto que cont\u00f3 con el acompa\u00f1amiento de la Prefectura [&hellip;]","og_url":"https:\/\/www.manabi.gob.ec\/index.php\/se-fortalece-la-inclusion-educativa-para-estudiantes-con-discapacidad-visual-en-manabi\/","og_site_name":"Prefectura de Manab\u00ed","article_published_time":"2026-04-29T16:39:01+00:00","article_modified_time":"2026-04-29T16:39:02+00:00","og_image":[{"width":1280,"height":853,"url":"https:\/\/www.manabi.gob.ec\/wp-content\/uploads\/2026\/04\/WhatsApp-Image-2026-04-29-at-11.04.31-AM.jpeg","type":"image\/jpeg"}],"author":"Lui Ochoa","twitter_card":"summary_large_image","twitter_misc":{"Escrito por":"Lui Ochoa","Tiempo de lectura":"2 minutos"},"schema":{"@context":"https:\/\/schema.org","@graph":[{"@type":"Article","@id":"https:\/\/www.manabi.gob.ec\/index.php\/se-fortalece-la-inclusion-educativa-para-estudiantes-con-discapacidad-visual-en-manabi\/#article","isPartOf":{"@id":"https:\/\/www.manabi.gob.ec\/index.php\/se-fortalece-la-inclusion-educativa-para-estudiantes-con-discapacidad-visual-en-manabi\/"},"author":{"name":"Lui Ochoa","@id":"https:\/\/www.manabi.gob.ec\/#\/schema\/person\/c4f117989332ad723a6ced5994aa7d7a"},"headline":"Se fortalece la inclusi\u00f3n educativa para estudiantes con discapacidad visual en Manab\u00ed","datePublished":"2026-04-29T16:39:01+00:00","dateModified":"2026-04-29T16:39:02+00:00","mainEntityOfPage":{"@id":"https:\/\/www.manabi.gob.ec\/index.php\/se-fortalece-la-inclusion-educativa-para-estudiantes-con-discapacidad-visual-en-manabi\/"},"wordCount":246,"image":{"@id":"https:\/\/www.manabi.gob.ec\/index.php\/se-fortalece-la-inclusion-educativa-para-estudiantes-con-discapacidad-visual-en-manabi\/#primaryimage"},"thumbnailUrl":"https:\/\/www.manabi.gob.ec\/wp-content\/uploads\/2026\/04\/WhatsApp-Image-2026-04-29-at-11.04.31-AM.jpeg","articleSection":["Ambiente","Desarrollo Social","Noticias","Todas"],"inLanguage":"es"},{"@type":"WebPage","@id":"https:\/\/www.manabi.gob.ec\/index.php\/se-fortalece-la-inclusion-educativa-para-estudiantes-con-discapacidad-visual-en-manabi\/","url":"https:\/\/www.manabi.gob.ec\/index.php\/se-fortalece-la-inclusion-educativa-para-estudiantes-con-discapacidad-visual-en-manabi\/","name":"Se fortalece la inclusi\u00f3n educativa para estudiantes con discapacidad visual en Manab\u00ed - Prefectura de Manab\u00ed","isPartOf":{"@id":"https:\/\/www.manabi.gob.ec\/#website"},"primaryImageOfPage":{"@id":"https:\/\/www.manabi.gob.ec\/index.php\/se-fortalece-la-inclusion-educativa-para-estudiantes-con-discapacidad-visual-en-manabi\/#primaryimage"},"image":{"@id":"https:\/\/www.manabi.gob.ec\/index.php\/se-fortalece-la-inclusion-educativa-para-estudiantes-con-discapacidad-visual-en-manabi\/#primaryimage"},"thumbnailUrl":"https:\/\/www.manabi.gob.ec\/wp-content\/uploads\/2026\/04\/WhatsApp-Image-2026-04-29-at-11.04.31-AM.jpeg","datePublished":"2026-04-29T16:39:01+00:00","dateModified":"2026-04-29T16:39:02+00:00","author":{"@id":"https:\/\/www.manabi.gob.ec\/#\/schema\/person\/c4f117989332ad723a6ced5994aa7d7a"},"breadcrumb":{"@id":"https:\/\/www.manabi.gob.ec\/index.php\/se-fortalece-la-inclusion-educativa-para-estudiantes-con-discapacidad-visual-en-manabi\/#breadcrumb"},"inLanguage":"es","potentialAction":[{"@type":"ReadAction","target":["https:\/\/www.manabi.gob.ec\/index.php\/se-fortalece-la-inclusion-educativa-para-estudiantes-con-discapacidad-visual-en-manabi\/"]}]},{"@type":"ImageObject","inLanguage":"es","@id":"https:\/\/www.manabi.gob.ec\/index.php\/se-fortalece-la-inclusion-educativa-para-estudiantes-con-discapacidad-visual-en-manabi\/#primaryimage","url":"https:\/\/www.manabi.gob.ec\/wp-content\/uploads\/2026\/04\/WhatsApp-Image-2026-04-29-at-11.04.31-AM.jpeg","contentUrl":"https:\/\/www.manabi.gob.ec\/wp-content\/uploads\/2026\/04\/WhatsApp-Image-2026-04-29-at-11.04.31-AM.jpeg","width":1280,"height":853},{"@type":"BreadcrumbList","@id":"https:\/\/www.manabi.gob.ec\/index.php\/se-fortalece-la-inclusion-educativa-para-estudiantes-con-discapacidad-visual-en-manabi\/#breadcrumb","itemListElement":[{"@type":"ListItem","position":1,"name":"Portada","item":"https:\/\/www.manabi.gob.ec\/"},{"@type":"ListItem","position":2,"name":"Se fortalece la inclusi\u00f3n educativa para estudiantes con discapacidad visual en Manab\u00ed"}]},{"@type":"WebSite","@id":"https:\/\/www.manabi.gob.ec\/#website","url":"https:\/\/www.manabi.gob.ec\/","name":"Prefectura de Manab\u00ed","description":"P\u00e1gina web de la prefectura","potentialAction":[{"@type":"SearchAction","target":{"@type":"EntryPoint","urlTemplate":"https:\/\/www.manabi.gob.ec\/?s={search_term_string}"},"query-input":{"@type":"PropertyValueSpecification","valueRequired":true,"valueName":"search_term_string"}}],"inLanguage":"es"},{"@type":"Person","@id":"https:\/\/www.manabi.gob.ec\/#\/schema\/person\/c4f117989332ad723a6ced5994aa7d7a","name":"Lui Ochoa","image":{"@type":"ImageObject","inLanguage":"es","@id":"https:\/\/secure.gravatar.com\/avatar\/6e8017d0fe69dead8a95864d2eb6e1e1d8bf8e01194ba49cf7b897ff038126ba?s=96&d=mm&r=g","url":"https:\/\/secure.gravatar.com\/avatar\/6e8017d0fe69dead8a95864d2eb6e1e1d8bf8e01194ba49cf7b897ff038126ba?s=96&d=mm&r=g","contentUrl":"https:\/\/secure.gravatar.com\/avatar\/6e8017d0fe69dead8a95864d2eb6e1e1d8bf8e01194ba49cf7b897ff038126ba?s=96&d=mm&r=g","caption":"Lui Ochoa"},"url":"https:\/\/www.manabi.gob.ec\/index.php\/author\/lochoa\/"}]}},"jetpack_featured_media_url":"https:\/\/www.manabi.gob.ec\/wp-content\/uploads\/2026\/04\/WhatsApp-Image-2026-04-29-at-11.04.31-AM.jpeg","_links":{"self":[{"href":"https:\/\/www.manabi.gob.ec\/index.php\/wp-json\/wp\/v2\/posts\/34435","targetHints":{"allow":["GET"]}}],"collection":[{"href":"https:\/\/www.manabi.gob.ec\/index.php\/wp-json\/wp\/v2\/posts"}],"about":[{"href":"https:\/\/www.manabi.gob.ec\/index.php\/wp-json\/wp\/v2\/types\/post"}],"author":[{"embeddable":true,"href":"https:\/\/www.manabi.gob.ec\/index.php\/wp-json\/wp\/v2\/users\/10"}],"replies":[{"embeddable":true,"href":"https:\/\/www.manabi.gob.ec\/index.php\/wp-json\/wp\/v2\/comments?post=34435"}],"version-history":[{"count":1,"href":"https:\/\/www.manabi.gob.ec\/index.php\/wp-json\/wp\/v2\/posts\/34435\/revisions"}],"predecessor-version":[{"id":34437,"href":"https:\/\/www.manabi.gob.ec\/index.php\/wp-json\/wp\/v2\/posts\/34435\/revisions\/34437"}],"wp:featuredmedia":[{"embeddable":true,"href":"https:\/\/www.manabi.gob.ec\/index.php\/wp-json\/wp\/v2\/media\/34436"}],"wp:attachment":[{"href":"https:\/\/www.manabi.gob.ec\/index.php\/wp-json\/wp\/v2\/media?parent=34435"}],"wp:term":[{"taxonomy":"category","embeddable":true,"href":"https:\/\/www.manabi.gob.ec\/index.php\/wp-json\/wp\/v2\/categories?post=34435"},{"taxonomy":"post_tag","embeddable":true,"href":"https:\/\/www.manabi.gob.ec\/index.php\/wp-json\/wp\/v2\/tags?post=34435"}],"curies":[{"name":"wp","href":"https:\/\/api.w.org\/{rel}","templated":true}]}}