{"id":34439,"date":"2026-04-30T18:21:04","date_gmt":"2026-04-30T18:21:04","guid":{"rendered":"https:\/\/www.manabi.gob.ec\/?p=34439"},"modified":"2026-04-30T18:21:04","modified_gmt":"2026-04-30T18:21:04","slug":"se-habilita-la-via-la-sequita-correagua-charapoto","status":"publish","type":"post","link":"https:\/\/www.manabi.gob.ec\/index.php\/se-habilita-la-via-la-sequita-correagua-charapoto\/","title":{"rendered":"Se habilita la v\u00eda La Sequita\u2013Correagua\u2013Charapot\u00f3"},"content":{"rendered":"\n<p>La v\u00eda La Sequita\u2013Correagua\u2013Charapot\u00f3 qued\u00f3 habilitada al tr\u00e1nsito vehicular la tarde de este mi\u00e9rcoles 29 de abril, tras la culminaci\u00f3n de los trabajos ejecutados por la Prefectura de Manab\u00ed, a trav\u00e9s de la empresa p\u00fablica Manab\u00ed Vial, en aporte articulado con el GAD Municipal de Sucre y el GAD Parroquial de Charapot\u00f3. Esta arteria conecta de manera estrat\u00e9gica a los cantones Portoviejo, Sucre e indirectamente con Rocafuerte.<\/p>\n\n\n\n<p>La intervenci\u00f3n incluy\u00f3: mejoramiento de la estructura vial, rehabilitaci\u00f3n de drenajes, colocaci\u00f3n de pavimento r\u00edgido, bacheo menor, as\u00ed como los drenajes pluviales que fueron afectados en las \u00faltimas temporadas invernales y carpeta asf\u00e1ltica en una longitud aproximada de 300 metros.<\/p>\n\n\n\n<p>Con la habilitaci\u00f3n de esta v\u00eda, se garantiza una circulaci\u00f3n m\u00e1s \u00e1gil y segura durante el feriado por el D\u00eda Internacional del Trabajo, que inicia este jueves 30 de abril. Adem\u00e1s, se facilita el acceso directo hacia destinos tur\u00edsticos del perfil costero como San Jacinto, San Clemente y San Alejo, reduciendo tiempos de traslado.<\/p>\n\n\n\n<p>Durante un recorrido en territorio, la prefecta de Manab\u00ed subrogante, Kelly Buenaventura, verific\u00f3 la culminaci\u00f3n de los trabajos y destac\u00f3 la importancia de esta obra para la conectividad y la dinamizaci\u00f3n econ\u00f3mica de la zona. Asimismo, resalt\u00f3 el trabajo articulado entre los distintos niveles de gobierno.<\/p>\n\n\n\n<p>De manera complementaria, Manab\u00ed Vial avanza en el mantenimiento de la v\u00eda San Jos\u00e9 de Las Pe\u00f1as\u2013Virgen de Las Pe\u00f1as, en el cant\u00f3n Rocafuerte, con una longitud de 3,6 kil\u00f3metros. Esta intervenci\u00f3n registra un avance del 80% e incluye la aplicaci\u00f3n de doble tratamiento superficial bituminoso. (DTSB).<\/p>\n\n\n\n<p>Estas acciones forman parte del plan vial que impulsa la Prefectura de Manab\u00ed para fortalecer la movilidad en sectores rurales y productivos, priorizando intervenciones oportunas que respondan a las necesidades de la poblaci\u00f3n y contribuyan al desarrollo territorial.<\/p>\n","protected":false},"excerpt":{"rendered":"<p>La v\u00eda La Sequita\u2013Correagua\u2013Charapot\u00f3 qued\u00f3 habilitada al tr\u00e1nsito vehicular la tarde de este mi\u00e9rcoles 29 de abril, tras la culminaci\u00f3n de los trabajos ejecutados por la Prefectura de Manab\u00ed, a trav\u00e9s de la empresa p\u00fablica Manab\u00ed Vial, en aporte articulado con el GAD Municipal de Sucre y el GAD Parroquial de Charapot\u00f3. Esta arteria conecta [&hellip;]<\/p>\n","protected":false},"author":10,"featured_media":34440,"comment_status":"closed","ping_status":"closed","sticky":false,"template":"","format":"standard","meta":{"_joinchat":[],"footnotes":""},"categories":[150,142,170,92,91],"tags":[],"class_list":["post-34439","post","type-post","status-publish","format-standard","has-post-thumbnail","hentry","category-ambiente","category-desarrollo-social","category-manabi-vial","category-noticias-manabi","category-todas"],"yoast_head":"<!-- This site is optimized with the Yoast SEO plugin v27.4 - https:\/\/yoast.com\/product\/yoast-seo-wordpress\/ -->\n<title>Se habilita la v\u00eda La Sequita\u2013Correagua\u2013Charapot\u00f3 - Prefectura de Manab\u00ed<\/title>\n<meta name=\"robots\" content=\"index, follow, max-snippet:-1, max-image-preview:large, max-video-preview:-1\" \/>\n<link rel=\"canonical\" href=\"https:\/\/www.manabi.gob.ec\/index.php\/se-habilita-la-via-la-sequita-correagua-charapoto\/\" \/>\n<meta property=\"og:locale\" content=\"es_ES\" \/>\n<meta property=\"og:type\" content=\"article\" \/>\n<meta property=\"og:title\" content=\"Se habilita la v\u00eda La Sequita\u2013Correagua\u2013Charapot\u00f3 - Prefectura de Manab\u00ed\" \/>\n<meta property=\"og:description\" content=\"La v\u00eda La Sequita\u2013Correagua\u2013Charapot\u00f3 qued\u00f3 habilitada al tr\u00e1nsito vehicular la tarde de este mi\u00e9rcoles 29 de abril, tras la culminaci\u00f3n de los trabajos ejecutados por la Prefectura de Manab\u00ed, a trav\u00e9s de la empresa p\u00fablica Manab\u00ed Vial, en aporte articulado con el GAD Municipal de Sucre y el GAD Parroquial de Charapot\u00f3. Esta arteria conecta [&hellip;]\" \/>\n<meta property=\"og:url\" content=\"https:\/\/www.manabi.gob.ec\/index.php\/se-habilita-la-via-la-sequita-correagua-charapoto\/\" \/>\n<meta property=\"og:site_name\" content=\"Prefectura de Manab\u00ed\" \/>\n<meta property=\"article:published_time\" content=\"2026-04-30T18:21:04+00:00\" \/>\n<meta property=\"og:image\" content=\"https:\/\/www.manabi.gob.ec\/wp-content\/uploads\/2026\/04\/WhatsApp-Image-2026-04-30-at-11.49.36-AM-3.jpg\" \/>\n\t<meta property=\"og:image:width\" content=\"1264\" \/>\n\t<meta property=\"og:image:height\" content=\"1200\" \/>\n\t<meta property=\"og:image:type\" content=\"image\/jpeg\" \/>\n<meta name=\"author\" content=\"Lui Ochoa\" \/>\n<meta name=\"twitter:card\" content=\"summary_large_image\" \/>\n<meta name=\"twitter:label1\" content=\"Escrito por\" \/>\n\t<meta name=\"twitter:data1\" content=\"Lui Ochoa\" \/>\n\t<meta name=\"twitter:label2\" content=\"Tiempo de lectura\" \/>\n\t<meta name=\"twitter:data2\" content=\"2 minutos\" \/>\n<script type=\"application\/ld+json\" class=\"yoast-schema-graph\">{\"@context\":\"https:\\\/\\\/schema.org\",\"@graph\":[{\"@type\":\"Article\",\"@id\":\"https:\\\/\\\/www.manabi.gob.ec\\\/index.php\\\/se-habilita-la-via-la-sequita-correagua-charapoto\\\/#article\",\"isPartOf\":{\"@id\":\"https:\\\/\\\/www.manabi.gob.ec\\\/index.php\\\/se-habilita-la-via-la-sequita-correagua-charapoto\\\/\"},\"author\":{\"name\":\"Lui Ochoa\",\"@id\":\"https:\\\/\\\/www.manabi.gob.ec\\\/#\\\/schema\\\/person\\\/c4f117989332ad723a6ced5994aa7d7a\"},\"headline\":\"Se habilita la v\u00eda La Sequita\u2013Correagua\u2013Charapot\u00f3\",\"datePublished\":\"2026-04-30T18:21:04+00:00\",\"mainEntityOfPage\":{\"@id\":\"https:\\\/\\\/www.manabi.gob.ec\\\/index.php\\\/se-habilita-la-via-la-sequita-correagua-charapoto\\\/\"},\"wordCount\":329,\"image\":{\"@id\":\"https:\\\/\\\/www.manabi.gob.ec\\\/index.php\\\/se-habilita-la-via-la-sequita-correagua-charapoto\\\/#primaryimage\"},\"thumbnailUrl\":\"https:\\\/\\\/www.manabi.gob.ec\\\/wp-content\\\/uploads\\\/2026\\\/04\\\/WhatsApp-Image-2026-04-30-at-11.49.36-AM-3.jpg\",\"articleSection\":[\"Ambiente\",\"Desarrollo Social\",\"Manab\u00ed Vial\",\"Noticias\",\"Todas\"],\"inLanguage\":\"es\"},{\"@type\":\"WebPage\",\"@id\":\"https:\\\/\\\/www.manabi.gob.ec\\\/index.php\\\/se-habilita-la-via-la-sequita-correagua-charapoto\\\/\",\"url\":\"https:\\\/\\\/www.manabi.gob.ec\\\/index.php\\\/se-habilita-la-via-la-sequita-correagua-charapoto\\\/\",\"name\":\"Se habilita la v\u00eda La Sequita\u2013Correagua\u2013Charapot\u00f3 - Prefectura de Manab\u00ed\",\"isPartOf\":{\"@id\":\"https:\\\/\\\/www.manabi.gob.ec\\\/#website\"},\"primaryImageOfPage\":{\"@id\":\"https:\\\/\\\/www.manabi.gob.ec\\\/index.php\\\/se-habilita-la-via-la-sequita-correagua-charapoto\\\/#primaryimage\"},\"image\":{\"@id\":\"https:\\\/\\\/www.manabi.gob.ec\\\/index.php\\\/se-habilita-la-via-la-sequita-correagua-charapoto\\\/#primaryimage\"},\"thumbnailUrl\":\"https:\\\/\\\/www.manabi.gob.ec\\\/wp-content\\\/uploads\\\/2026\\\/04\\\/WhatsApp-Image-2026-04-30-at-11.49.36-AM-3.jpg\",\"datePublished\":\"2026-04-30T18:21:04+00:00\",\"author\":{\"@id\":\"https:\\\/\\\/www.manabi.gob.ec\\\/#\\\/schema\\\/person\\\/c4f117989332ad723a6ced5994aa7d7a\"},\"breadcrumb\":{\"@id\":\"https:\\\/\\\/www.manabi.gob.ec\\\/index.php\\\/se-habilita-la-via-la-sequita-correagua-charapoto\\\/#breadcrumb\"},\"inLanguage\":\"es\",\"potentialAction\":[{\"@type\":\"ReadAction\",\"target\":[\"https:\\\/\\\/www.manabi.gob.ec\\\/index.php\\\/se-habilita-la-via-la-sequita-correagua-charapoto\\\/\"]}]},{\"@type\":\"ImageObject\",\"inLanguage\":\"es\",\"@id\":\"https:\\\/\\\/www.manabi.gob.ec\\\/index.php\\\/se-habilita-la-via-la-sequita-correagua-charapoto\\\/#primaryimage\",\"url\":\"https:\\\/\\\/www.manabi.gob.ec\\\/wp-content\\\/uploads\\\/2026\\\/04\\\/WhatsApp-Image-2026-04-30-at-11.49.36-AM-3.jpg\",\"contentUrl\":\"https:\\\/\\\/www.manabi.gob.ec\\\/wp-content\\\/uploads\\\/2026\\\/04\\\/WhatsApp-Image-2026-04-30-at-11.49.36-AM-3.jpg\",\"width\":1264,\"height\":1200},{\"@type\":\"BreadcrumbList\",\"@id\":\"https:\\\/\\\/www.manabi.gob.ec\\\/index.php\\\/se-habilita-la-via-la-sequita-correagua-charapoto\\\/#breadcrumb\",\"itemListElement\":[{\"@type\":\"ListItem\",\"position\":1,\"name\":\"Portada\",\"item\":\"https:\\\/\\\/www.manabi.gob.ec\\\/\"},{\"@type\":\"ListItem\",\"position\":2,\"name\":\"Se habilita la v\u00eda La Sequita\u2013Correagua\u2013Charapot\u00f3\"}]},{\"@type\":\"WebSite\",\"@id\":\"https:\\\/\\\/www.manabi.gob.ec\\\/#website\",\"url\":\"https:\\\/\\\/www.manabi.gob.ec\\\/\",\"name\":\"Prefectura de Manab\u00ed\",\"description\":\"P\u00e1gina web de la prefectura\",\"potentialAction\":[{\"@type\":\"SearchAction\",\"target\":{\"@type\":\"EntryPoint\",\"urlTemplate\":\"https:\\\/\\\/www.manabi.gob.ec\\\/?s={search_term_string}\"},\"query-input\":{\"@type\":\"PropertyValueSpecification\",\"valueRequired\":true,\"valueName\":\"search_term_string\"}}],\"inLanguage\":\"es\"},{\"@type\":\"Person\",\"@id\":\"https:\\\/\\\/www.manabi.gob.ec\\\/#\\\/schema\\\/person\\\/c4f117989332ad723a6ced5994aa7d7a\",\"name\":\"Lui Ochoa\",\"image\":{\"@type\":\"ImageObject\",\"inLanguage\":\"es\",\"@id\":\"https:\\\/\\\/secure.gravatar.com\\\/avatar\\\/6e8017d0fe69dead8a95864d2eb6e1e1d8bf8e01194ba49cf7b897ff038126ba?s=96&d=mm&r=g\",\"url\":\"https:\\\/\\\/secure.gravatar.com\\\/avatar\\\/6e8017d0fe69dead8a95864d2eb6e1e1d8bf8e01194ba49cf7b897ff038126ba?s=96&d=mm&r=g\",\"contentUrl\":\"https:\\\/\\\/secure.gravatar.com\\\/avatar\\\/6e8017d0fe69dead8a95864d2eb6e1e1d8bf8e01194ba49cf7b897ff038126ba?s=96&d=mm&r=g\",\"caption\":\"Lui Ochoa\"},\"url\":\"https:\\\/\\\/www.manabi.gob.ec\\\/index.php\\\/author\\\/lochoa\\\/\"}]}<\/script>\n<!-- \/ Yoast SEO plugin. -->","yoast_head_json":{"title":"Se habilita la v\u00eda La Sequita\u2013Correagua\u2013Charapot\u00f3 - Prefectura de Manab\u00ed","robots":{"index":"index","follow":"follow","max-snippet":"max-snippet:-1","max-image-preview":"max-image-preview:large","max-video-preview":"max-video-preview:-1"},"canonical":"https:\/\/www.manabi.gob.ec\/index.php\/se-habilita-la-via-la-sequita-correagua-charapoto\/","og_locale":"es_ES","og_type":"article","og_title":"Se habilita la v\u00eda La Sequita\u2013Correagua\u2013Charapot\u00f3 - Prefectura de Manab\u00ed","og_description":"La v\u00eda La Sequita\u2013Correagua\u2013Charapot\u00f3 qued\u00f3 habilitada al tr\u00e1nsito vehicular la tarde de este mi\u00e9rcoles 29 de abril, tras la culminaci\u00f3n de los trabajos ejecutados por la Prefectura de Manab\u00ed, a trav\u00e9s de la empresa p\u00fablica Manab\u00ed Vial, en aporte articulado con el GAD Municipal de Sucre y el GAD Parroquial de Charapot\u00f3. Esta arteria conecta [&hellip;]","og_url":"https:\/\/www.manabi.gob.ec\/index.php\/se-habilita-la-via-la-sequita-correagua-charapoto\/","og_site_name":"Prefectura de Manab\u00ed","article_published_time":"2026-04-30T18:21:04+00:00","og_image":[{"width":1264,"height":1200,"url":"https:\/\/www.manabi.gob.ec\/wp-content\/uploads\/2026\/04\/WhatsApp-Image-2026-04-30-at-11.49.36-AM-3.jpg","type":"image\/jpeg"}],"author":"Lui Ochoa","twitter_card":"summary_large_image","twitter_misc":{"Escrito por":"Lui Ochoa","Tiempo de lectura":"2 minutos"},"schema":{"@context":"https:\/\/schema.org","@graph":[{"@type":"Article","@id":"https:\/\/www.manabi.gob.ec\/index.php\/se-habilita-la-via-la-sequita-correagua-charapoto\/#article","isPartOf":{"@id":"https:\/\/www.manabi.gob.ec\/index.php\/se-habilita-la-via-la-sequita-correagua-charapoto\/"},"author":{"name":"Lui Ochoa","@id":"https:\/\/www.manabi.gob.ec\/#\/schema\/person\/c4f117989332ad723a6ced5994aa7d7a"},"headline":"Se habilita la v\u00eda La Sequita\u2013Correagua\u2013Charapot\u00f3","datePublished":"2026-04-30T18:21:04+00:00","mainEntityOfPage":{"@id":"https:\/\/www.manabi.gob.ec\/index.php\/se-habilita-la-via-la-sequita-correagua-charapoto\/"},"wordCount":329,"image":{"@id":"https:\/\/www.manabi.gob.ec\/index.php\/se-habilita-la-via-la-sequita-correagua-charapoto\/#primaryimage"},"thumbnailUrl":"https:\/\/www.manabi.gob.ec\/wp-content\/uploads\/2026\/04\/WhatsApp-Image-2026-04-30-at-11.49.36-AM-3.jpg","articleSection":["Ambiente","Desarrollo Social","Manab\u00ed Vial","Noticias","Todas"],"inLanguage":"es"},{"@type":"WebPage","@id":"https:\/\/www.manabi.gob.ec\/index.php\/se-habilita-la-via-la-sequita-correagua-charapoto\/","url":"https:\/\/www.manabi.gob.ec\/index.php\/se-habilita-la-via-la-sequita-correagua-charapoto\/","name":"Se habilita la v\u00eda La Sequita\u2013Correagua\u2013Charapot\u00f3 - Prefectura de Manab\u00ed","isPartOf":{"@id":"https:\/\/www.manabi.gob.ec\/#website"},"primaryImageOfPage":{"@id":"https:\/\/www.manabi.gob.ec\/index.php\/se-habilita-la-via-la-sequita-correagua-charapoto\/#primaryimage"},"image":{"@id":"https:\/\/www.manabi.gob.ec\/index.php\/se-habilita-la-via-la-sequita-correagua-charapoto\/#primaryimage"},"thumbnailUrl":"https:\/\/www.manabi.gob.ec\/wp-content\/uploads\/2026\/04\/WhatsApp-Image-2026-04-30-at-11.49.36-AM-3.jpg","datePublished":"2026-04-30T18:21:04+00:00","author":{"@id":"https:\/\/www.manabi.gob.ec\/#\/schema\/person\/c4f117989332ad723a6ced5994aa7d7a"},"breadcrumb":{"@id":"https:\/\/www.manabi.gob.ec\/index.php\/se-habilita-la-via-la-sequita-correagua-charapoto\/#breadcrumb"},"inLanguage":"es","potentialAction":[{"@type":"ReadAction","target":["https:\/\/www.manabi.gob.ec\/index.php\/se-habilita-la-via-la-sequita-correagua-charapoto\/"]}]},{"@type":"ImageObject","inLanguage":"es","@id":"https:\/\/www.manabi.gob.ec\/index.php\/se-habilita-la-via-la-sequita-correagua-charapoto\/#primaryimage","url":"https:\/\/www.manabi.gob.ec\/wp-content\/uploads\/2026\/04\/WhatsApp-Image-2026-04-30-at-11.49.36-AM-3.jpg","contentUrl":"https:\/\/www.manabi.gob.ec\/wp-content\/uploads\/2026\/04\/WhatsApp-Image-2026-04-30-at-11.49.36-AM-3.jpg","width":1264,"height":1200},{"@type":"BreadcrumbList","@id":"https:\/\/www.manabi.gob.ec\/index.php\/se-habilita-la-via-la-sequita-correagua-charapoto\/#breadcrumb","itemListElement":[{"@type":"ListItem","position":1,"name":"Portada","item":"https:\/\/www.manabi.gob.ec\/"},{"@type":"ListItem","position":2,"name":"Se habilita la v\u00eda La Sequita\u2013Correagua\u2013Charapot\u00f3"}]},{"@type":"WebSite","@id":"https:\/\/www.manabi.gob.ec\/#website","url":"https:\/\/www.manabi.gob.ec\/","name":"Prefectura de Manab\u00ed","description":"P\u00e1gina web de la prefectura","potentialAction":[{"@type":"SearchAction","target":{"@type":"EntryPoint","urlTemplate":"https:\/\/www.manabi.gob.ec\/?s={search_term_string}"},"query-input":{"@type":"PropertyValueSpecification","valueRequired":true,"valueName":"search_term_string"}}],"inLanguage":"es"},{"@type":"Person","@id":"https:\/\/www.manabi.gob.ec\/#\/schema\/person\/c4f117989332ad723a6ced5994aa7d7a","name":"Lui Ochoa","image":{"@type":"ImageObject","inLanguage":"es","@id":"https:\/\/secure.gravatar.com\/avatar\/6e8017d0fe69dead8a95864d2eb6e1e1d8bf8e01194ba49cf7b897ff038126ba?s=96&d=mm&r=g","url":"https:\/\/secure.gravatar.com\/avatar\/6e8017d0fe69dead8a95864d2eb6e1e1d8bf8e01194ba49cf7b897ff038126ba?s=96&d=mm&r=g","contentUrl":"https:\/\/secure.gravatar.com\/avatar\/6e8017d0fe69dead8a95864d2eb6e1e1d8bf8e01194ba49cf7b897ff038126ba?s=96&d=mm&r=g","caption":"Lui Ochoa"},"url":"https:\/\/www.manabi.gob.ec\/index.php\/author\/lochoa\/"}]}},"jetpack_featured_media_url":"https:\/\/www.manabi.gob.ec\/wp-content\/uploads\/2026\/04\/WhatsApp-Image-2026-04-30-at-11.49.36-AM-3.jpg","_links":{"self":[{"href":"https:\/\/www.manabi.gob.ec\/index.php\/wp-json\/wp\/v2\/posts\/34439","targetHints":{"allow":["GET"]}}],"collection":[{"href":"https:\/\/www.manabi.gob.ec\/index.php\/wp-json\/wp\/v2\/posts"}],"about":[{"href":"https:\/\/www.manabi.gob.ec\/index.php\/wp-json\/wp\/v2\/types\/post"}],"author":[{"embeddable":true,"href":"https:\/\/www.manabi.gob.ec\/index.php\/wp-json\/wp\/v2\/users\/10"}],"replies":[{"embeddable":true,"href":"https:\/\/www.manabi.gob.ec\/index.php\/wp-json\/wp\/v2\/comments?post=34439"}],"version-history":[{"count":1,"href":"https:\/\/www.manabi.gob.ec\/index.php\/wp-json\/wp\/v2\/posts\/34439\/revisions"}],"predecessor-version":[{"id":34441,"href":"https:\/\/www.manabi.gob.ec\/index.php\/wp-json\/wp\/v2\/posts\/34439\/revisions\/34441"}],"wp:featuredmedia":[{"embeddable":true,"href":"https:\/\/www.manabi.gob.ec\/index.php\/wp-json\/wp\/v2\/media\/34440"}],"wp:attachment":[{"href":"https:\/\/www.manabi.gob.ec\/index.php\/wp-json\/wp\/v2\/media?parent=34439"}],"wp:term":[{"taxonomy":"category","embeddable":true,"href":"https:\/\/www.manabi.gob.ec\/index.php\/wp-json\/wp\/v2\/categories?post=34439"},{"taxonomy":"post_tag","embeddable":true,"href":"https:\/\/www.manabi.gob.ec\/index.php\/wp-json\/wp\/v2\/tags?post=34439"}],"curies":[{"name":"wp","href":"https:\/\/api.w.org\/{rel}","templated":true}]}}