{"id":35391,"date":"2026-09-01T13:49:12","date_gmt":"2026-09-01T13:49:12","guid":{"rendered":"https:\/\/www.manabi.gob.ec\/?p=35391"},"modified":"2026-09-01T13:49:13","modified_gmt":"2026-09-01T13:49:13","slug":"el-cacao-manabita-abre-nuevos-caminos-y-conquista-oportunidades-en-chokao","status":"publish","type":"post","link":"https:\/\/www.manabi.gob.ec\/index.php\/el-cacao-manabita-abre-nuevos-caminos-y-conquista-oportunidades-en-chokao\/","title":{"rendered":"El cacao manabita abre nuevos caminos y conquista oportunidades en CHOKAO"},"content":{"rendered":"\n<p class=\"wp-block-paragraph\">El cacao de los emprendedores manabitas cerr\u00f3 su participaci\u00f3n en CHOKAO, con nuevos contactos, aprendizajes y una mirada m\u00e1s amplia sobre las oportunidades que existen para sus productos en otros mercados.<\/p>\n\n\n\n<p class=\"wp-block-paragraph\">CHOKAO la feria y el encuentro nacional de cacao y chocolate m\u00e1s importante del Ecuador, organizado por la Asociaci\u00f3n Nacional de Exportadores e Industriales de Cacao del Ecuador (ANECACAO). Este a\u00f1o se realiz\u00f3 del 25 al 27 de agosto en el Centro de Convenciones de la Universidad de Especialidades Esp\u00edritu Santo (UEES), en Samborond\u00f3n.<\/p>\n\n\n\n<p class=\"wp-block-paragraph\">Durante los tres d\u00edas de feria participaron De Chechi, con productos elaborados de cacao de 24 de Mayo y Jaramij\u00f3, y CALTAO, del cant\u00f3n Bol\u00edvar, con el acompa\u00f1amiento de la Prefectura de Manab\u00ed y la Cooperaci\u00f3n Alemana GIZ.<\/p>\n\n\n\n<p class=\"wp-block-paragraph\">Uno de los encuentros destacados fue con Mauro Quishpe, residente en Espa\u00f1a, quien convers\u00f3 con representantes de Kamaney, De Chechi y CALTAO sobre las posibilidades para el cacao ecuatoriano en mercados como Corea y Dub\u00e1i. Su mensaje fue tambi\u00e9n una invitaci\u00f3n a mirar hacia el origen: conservar el cacao Nacional Fino de Aroma, responsable de las caracter\u00edsticas y sabores que distinguen al cacao ecuatoriano, y promover proyectos que permitan recuperar y mantener estos cultivos.<\/p>\n\n\n\n<p class=\"wp-block-paragraph\">Para Quishpe, Manab\u00ed tiene la oportunidad de hacer la diferencia si apuesta por preservar este patrimonio y aprovecharlo con valor agregado.<\/p>\n\n\n\n<p class=\"wp-block-paragraph\">Otro de los temas que gener\u00f3 inter\u00e9s fue la posible presencia del fen\u00f3meno de El Ni\u00f1o en noviembre y sus efectos sobre el sector. Para Jonathan Sabando, de Samor, quien a\u00f1os atr\u00e1s particip\u00f3 en CHOKAO como emprendedor y hoy regresa como microempresario, conocer estos escenarios es importante para anticiparse y tomar decisiones que permitan proteger los cultivos y la producci\u00f3n de cacao.<\/p>\n\n\n\n<p class=\"wp-block-paragraph\">M\u00e1s all\u00e1 de exhibir el producto en los stands, los emprendedores tuvieron la oportunidad de conversar directamente con empresarios, productores y especialistas, presentar sus productos y conocer nuevas propuestas. Ese intercambio les permiti\u00f3 identificar posibilidades y llevarse ideas concretas para seguir fortaleciendo sus marcas.<\/p>\n\n\n\n<p class=\"wp-block-paragraph\">CHOKAO termina hoy, pero para De Chechi y CALTAO lo vivido durante estos d\u00edas apenas comienza a tomar forma: conversaciones que pueden convertirse en nuevos caminos, ideas que podr\u00e1n impulsar sus productos y la certeza de que el cacao que nace en Manab\u00ed tiene mucho m\u00e1s por contar y conquistar.<\/p>\n\n\n\n<p class=\"wp-block-paragraph\">La participaci\u00f3n forma parte del acompa\u00f1amiento de la Prefectura de Manab\u00ed para fortalecer la calidad, el conocimiento y la sostenibilidad de los productos que generan los emprendedores del territorio, acerc\u00e1ndolos a espacios donde puedan conectar con nuevas oportunidades.<\/p>\n","protected":false},"excerpt":{"rendered":"<p>El cacao de los emprendedores manabitas cerr\u00f3 su participaci\u00f3n en CHOKAO, con nuevos contactos, aprendizajes y una mirada m\u00e1s amplia sobre las oportunidades que existen para sus productos en otros mercados. CHOKAO la feria y el encuentro nacional de cacao y chocolate m\u00e1s importante del Ecuador, organizado por la Asociaci\u00f3n Nacional de Exportadores e Industriales [&hellip;]<\/p>\n","protected":false},"author":10,"featured_media":35392,"comment_status":"closed","ping_status":"closed","sticky":false,"template":"","format":"standard","meta":{"_joinchat":[],"footnotes":""},"categories":[150,142,92,140,91],"tags":[297,374],"class_list":["post-35391","post","type-post","status-publish","format-standard","has-post-thumbnail","hentry","category-ambiente","category-desarrollo-social","category-noticias-manabi","category-produccion","category-todas","tag-cacao","tag-chocolate"],"yoast_head":"<!-- This site is optimized with the Yoast SEO plugin v27.4 - https:\/\/yoast.com\/product\/yoast-seo-wordpress\/ -->\n<title>El cacao manabita abre nuevos caminos y conquista oportunidades en CHOKAO - Prefectura de Manab\u00ed<\/title>\n<meta name=\"robots\" content=\"index, follow, max-snippet:-1, max-image-preview:large, max-video-preview:-1\" \/>\n<link rel=\"canonical\" href=\"https:\/\/www.manabi.gob.ec\/index.php\/el-cacao-manabita-abre-nuevos-caminos-y-conquista-oportunidades-en-chokao\/\" \/>\n<meta property=\"og:locale\" content=\"es_ES\" \/>\n<meta property=\"og:type\" content=\"article\" \/>\n<meta property=\"og:title\" content=\"El cacao manabita abre nuevos caminos y conquista oportunidades en CHOKAO - Prefectura de Manab\u00ed\" \/>\n<meta property=\"og:description\" content=\"El cacao de los emprendedores manabitas cerr\u00f3 su participaci\u00f3n en CHOKAO, con nuevos contactos, aprendizajes y una mirada m\u00e1s amplia sobre las oportunidades que existen para sus productos en otros mercados. CHOKAO la feria y el encuentro nacional de cacao y chocolate m\u00e1s importante del Ecuador, organizado por la Asociaci\u00f3n Nacional de Exportadores e Industriales [&hellip;]\" \/>\n<meta property=\"og:url\" content=\"https:\/\/www.manabi.gob.ec\/index.php\/el-cacao-manabita-abre-nuevos-caminos-y-conquista-oportunidades-en-chokao\/\" \/>\n<meta property=\"og:site_name\" content=\"Prefectura de Manab\u00ed\" \/>\n<meta property=\"article:published_time\" content=\"2026-09-01T13:49:12+00:00\" \/>\n<meta property=\"article:modified_time\" content=\"2026-09-01T13:49:13+00:00\" \/>\n<meta property=\"og:image\" content=\"https:\/\/www.manabi.gob.ec\/wp-content\/uploads\/2026\/09\/WhatsApp-Image-2026-08-28-at-8.58.10-AM-scaled.jpeg\" \/>\n\t<meta property=\"og:image:width\" content=\"2560\" \/>\n\t<meta property=\"og:image:height\" content=\"1920\" \/>\n\t<meta property=\"og:image:type\" content=\"image\/jpeg\" \/>\n<meta name=\"author\" content=\"Lui Ochoa\" \/>\n<meta name=\"twitter:card\" content=\"summary_large_image\" \/>\n<meta name=\"twitter:label1\" content=\"Escrito por\" \/>\n\t<meta name=\"twitter:data1\" content=\"Lui Ochoa\" \/>\n\t<meta name=\"twitter:label2\" content=\"Tiempo de lectura\" \/>\n\t<meta name=\"twitter:data2\" content=\"3 minutos\" \/>\n<script type=\"application\/ld+json\" class=\"yoast-schema-graph\">{\"@context\":\"https:\\\/\\\/schema.org\",\"@graph\":[{\"@type\":\"Article\",\"@id\":\"https:\\\/\\\/www.manabi.gob.ec\\\/index.php\\\/el-cacao-manabita-abre-nuevos-caminos-y-conquista-oportunidades-en-chokao\\\/#article\",\"isPartOf\":{\"@id\":\"https:\\\/\\\/www.manabi.gob.ec\\\/index.php\\\/el-cacao-manabita-abre-nuevos-caminos-y-conquista-oportunidades-en-chokao\\\/\"},\"author\":{\"name\":\"Lui Ochoa\",\"@id\":\"https:\\\/\\\/www.manabi.gob.ec\\\/#\\\/schema\\\/person\\\/c4f117989332ad723a6ced5994aa7d7a\"},\"headline\":\"El cacao manabita abre nuevos caminos y conquista oportunidades en CHOKAO\",\"datePublished\":\"2026-09-01T13:49:12+00:00\",\"dateModified\":\"2026-09-01T13:49:13+00:00\",\"mainEntityOfPage\":{\"@id\":\"https:\\\/\\\/www.manabi.gob.ec\\\/index.php\\\/el-cacao-manabita-abre-nuevos-caminos-y-conquista-oportunidades-en-chokao\\\/\"},\"wordCount\":450,\"image\":{\"@id\":\"https:\\\/\\\/www.manabi.gob.ec\\\/index.php\\\/el-cacao-manabita-abre-nuevos-caminos-y-conquista-oportunidades-en-chokao\\\/#primaryimage\"},\"thumbnailUrl\":\"https:\\\/\\\/www.manabi.gob.ec\\\/wp-content\\\/uploads\\\/2026\\\/09\\\/WhatsApp-Image-2026-08-28-at-8.58.10-AM-scaled.jpeg\",\"keywords\":[\"cacao\",\"chocolate\"],\"articleSection\":[\"Ambiente\",\"Desarrollo Social\",\"Noticias\",\"Producci\u00f3n\",\"Todas\"],\"inLanguage\":\"es\"},{\"@type\":\"WebPage\",\"@id\":\"https:\\\/\\\/www.manabi.gob.ec\\\/index.php\\\/el-cacao-manabita-abre-nuevos-caminos-y-conquista-oportunidades-en-chokao\\\/\",\"url\":\"https:\\\/\\\/www.manabi.gob.ec\\\/index.php\\\/el-cacao-manabita-abre-nuevos-caminos-y-conquista-oportunidades-en-chokao\\\/\",\"name\":\"El cacao manabita abre nuevos caminos y conquista oportunidades en CHOKAO - Prefectura de Manab\u00ed\",\"isPartOf\":{\"@id\":\"https:\\\/\\\/www.manabi.gob.ec\\\/#website\"},\"primaryImageOfPage\":{\"@id\":\"https:\\\/\\\/www.manabi.gob.ec\\\/index.php\\\/el-cacao-manabita-abre-nuevos-caminos-y-conquista-oportunidades-en-chokao\\\/#primaryimage\"},\"image\":{\"@id\":\"https:\\\/\\\/www.manabi.gob.ec\\\/index.php\\\/el-cacao-manabita-abre-nuevos-caminos-y-conquista-oportunidades-en-chokao\\\/#primaryimage\"},\"thumbnailUrl\":\"https:\\\/\\\/www.manabi.gob.ec\\\/wp-content\\\/uploads\\\/2026\\\/09\\\/WhatsApp-Image-2026-08-28-at-8.58.10-AM-scaled.jpeg\",\"datePublished\":\"2026-09-01T13:49:12+00:00\",\"dateModified\":\"2026-09-01T13:49:13+00:00\",\"author\":{\"@id\":\"https:\\\/\\\/www.manabi.gob.ec\\\/#\\\/schema\\\/person\\\/c4f117989332ad723a6ced5994aa7d7a\"},\"breadcrumb\":{\"@id\":\"https:\\\/\\\/www.manabi.gob.ec\\\/index.php\\\/el-cacao-manabita-abre-nuevos-caminos-y-conquista-oportunidades-en-chokao\\\/#breadcrumb\"},\"inLanguage\":\"es\",\"potentialAction\":[{\"@type\":\"ReadAction\",\"target\":[\"https:\\\/\\\/www.manabi.gob.ec\\\/index.php\\\/el-cacao-manabita-abre-nuevos-caminos-y-conquista-oportunidades-en-chokao\\\/\"]}]},{\"@type\":\"ImageObject\",\"inLanguage\":\"es\",\"@id\":\"https:\\\/\\\/www.manabi.gob.ec\\\/index.php\\\/el-cacao-manabita-abre-nuevos-caminos-y-conquista-oportunidades-en-chokao\\\/#primaryimage\",\"url\":\"https:\\\/\\\/www.manabi.gob.ec\\\/wp-content\\\/uploads\\\/2026\\\/09\\\/WhatsApp-Image-2026-08-28-at-8.58.10-AM-scaled.jpeg\",\"contentUrl\":\"https:\\\/\\\/www.manabi.gob.ec\\\/wp-content\\\/uploads\\\/2026\\\/09\\\/WhatsApp-Image-2026-08-28-at-8.58.10-AM-scaled.jpeg\",\"width\":2560,\"height\":1920},{\"@type\":\"BreadcrumbList\",\"@id\":\"https:\\\/\\\/www.manabi.gob.ec\\\/index.php\\\/el-cacao-manabita-abre-nuevos-caminos-y-conquista-oportunidades-en-chokao\\\/#breadcrumb\",\"itemListElement\":[{\"@type\":\"ListItem\",\"position\":1,\"name\":\"Portada\",\"item\":\"https:\\\/\\\/www.manabi.gob.ec\\\/\"},{\"@type\":\"ListItem\",\"position\":2,\"name\":\"El cacao manabita abre nuevos caminos y conquista oportunidades en CHOKAO\"}]},{\"@type\":\"WebSite\",\"@id\":\"https:\\\/\\\/www.manabi.gob.ec\\\/#website\",\"url\":\"https:\\\/\\\/www.manabi.gob.ec\\\/\",\"name\":\"Prefectura de Manab\u00ed\",\"description\":\"P\u00e1gina web de la prefectura\",\"potentialAction\":[{\"@type\":\"SearchAction\",\"target\":{\"@type\":\"EntryPoint\",\"urlTemplate\":\"https:\\\/\\\/www.manabi.gob.ec\\\/?s={search_term_string}\"},\"query-input\":{\"@type\":\"PropertyValueSpecification\",\"valueRequired\":true,\"valueName\":\"search_term_string\"}}],\"inLanguage\":\"es\"},{\"@type\":\"Person\",\"@id\":\"https:\\\/\\\/www.manabi.gob.ec\\\/#\\\/schema\\\/person\\\/c4f117989332ad723a6ced5994aa7d7a\",\"name\":\"Lui Ochoa\",\"image\":{\"@type\":\"ImageObject\",\"inLanguage\":\"es\",\"@id\":\"https:\\\/\\\/secure.gravatar.com\\\/avatar\\\/6e8017d0fe69dead8a95864d2eb6e1e1d8bf8e01194ba49cf7b897ff038126ba?s=96&d=mm&r=g\",\"url\":\"https:\\\/\\\/secure.gravatar.com\\\/avatar\\\/6e8017d0fe69dead8a95864d2eb6e1e1d8bf8e01194ba49cf7b897ff038126ba?s=96&d=mm&r=g\",\"contentUrl\":\"https:\\\/\\\/secure.gravatar.com\\\/avatar\\\/6e8017d0fe69dead8a95864d2eb6e1e1d8bf8e01194ba49cf7b897ff038126ba?s=96&d=mm&r=g\",\"caption\":\"Lui Ochoa\"},\"url\":\"https:\\\/\\\/www.manabi.gob.ec\\\/index.php\\\/author\\\/lochoa\\\/\"}]}<\/script>\n<!-- \/ Yoast SEO plugin. -->","yoast_head_json":{"title":"El cacao manabita abre nuevos caminos y conquista oportunidades en CHOKAO - Prefectura de Manab\u00ed","robots":{"index":"index","follow":"follow","max-snippet":"max-snippet:-1","max-image-preview":"max-image-preview:large","max-video-preview":"max-video-preview:-1"},"canonical":"https:\/\/www.manabi.gob.ec\/index.php\/el-cacao-manabita-abre-nuevos-caminos-y-conquista-oportunidades-en-chokao\/","og_locale":"es_ES","og_type":"article","og_title":"El cacao manabita abre nuevos caminos y conquista oportunidades en CHOKAO - Prefectura de Manab\u00ed","og_description":"El cacao de los emprendedores manabitas cerr\u00f3 su participaci\u00f3n en CHOKAO, con nuevos contactos, aprendizajes y una mirada m\u00e1s amplia sobre las oportunidades que existen para sus productos en otros mercados. CHOKAO la feria y el encuentro nacional de cacao y chocolate m\u00e1s importante del Ecuador, organizado por la Asociaci\u00f3n Nacional de Exportadores e Industriales [&hellip;]","og_url":"https:\/\/www.manabi.gob.ec\/index.php\/el-cacao-manabita-abre-nuevos-caminos-y-conquista-oportunidades-en-chokao\/","og_site_name":"Prefectura de Manab\u00ed","article_published_time":"2026-09-01T13:49:12+00:00","article_modified_time":"2026-09-01T13:49:13+00:00","og_image":[{"width":2560,"height":1920,"url":"https:\/\/www.manabi.gob.ec\/wp-content\/uploads\/2026\/09\/WhatsApp-Image-2026-08-28-at-8.58.10-AM-scaled.jpeg","type":"image\/jpeg"}],"author":"Lui Ochoa","twitter_card":"summary_large_image","twitter_misc":{"Escrito por":"Lui Ochoa","Tiempo de lectura":"3 minutos"},"schema":{"@context":"https:\/\/schema.org","@graph":[{"@type":"Article","@id":"https:\/\/www.manabi.gob.ec\/index.php\/el-cacao-manabita-abre-nuevos-caminos-y-conquista-oportunidades-en-chokao\/#article","isPartOf":{"@id":"https:\/\/www.manabi.gob.ec\/index.php\/el-cacao-manabita-abre-nuevos-caminos-y-conquista-oportunidades-en-chokao\/"},"author":{"name":"Lui Ochoa","@id":"https:\/\/www.manabi.gob.ec\/#\/schema\/person\/c4f117989332ad723a6ced5994aa7d7a"},"headline":"El cacao manabita abre nuevos caminos y conquista oportunidades en CHOKAO","datePublished":"2026-09-01T13:49:12+00:00","dateModified":"2026-09-01T13:49:13+00:00","mainEntityOfPage":{"@id":"https:\/\/www.manabi.gob.ec\/index.php\/el-cacao-manabita-abre-nuevos-caminos-y-conquista-oportunidades-en-chokao\/"},"wordCount":450,"image":{"@id":"https:\/\/www.manabi.gob.ec\/index.php\/el-cacao-manabita-abre-nuevos-caminos-y-conquista-oportunidades-en-chokao\/#primaryimage"},"thumbnailUrl":"https:\/\/www.manabi.gob.ec\/wp-content\/uploads\/2026\/09\/WhatsApp-Image-2026-08-28-at-8.58.10-AM-scaled.jpeg","keywords":["cacao","chocolate"],"articleSection":["Ambiente","Desarrollo Social","Noticias","Producci\u00f3n","Todas"],"inLanguage":"es"},{"@type":"WebPage","@id":"https:\/\/www.manabi.gob.ec\/index.php\/el-cacao-manabita-abre-nuevos-caminos-y-conquista-oportunidades-en-chokao\/","url":"https:\/\/www.manabi.gob.ec\/index.php\/el-cacao-manabita-abre-nuevos-caminos-y-conquista-oportunidades-en-chokao\/","name":"El cacao manabita abre nuevos caminos y conquista oportunidades en CHOKAO - Prefectura de Manab\u00ed","isPartOf":{"@id":"https:\/\/www.manabi.gob.ec\/#website"},"primaryImageOfPage":{"@id":"https:\/\/www.manabi.gob.ec\/index.php\/el-cacao-manabita-abre-nuevos-caminos-y-conquista-oportunidades-en-chokao\/#primaryimage"},"image":{"@id":"https:\/\/www.manabi.gob.ec\/index.php\/el-cacao-manabita-abre-nuevos-caminos-y-conquista-oportunidades-en-chokao\/#primaryimage"},"thumbnailUrl":"https:\/\/www.manabi.gob.ec\/wp-content\/uploads\/2026\/09\/WhatsApp-Image-2026-08-28-at-8.58.10-AM-scaled.jpeg","datePublished":"2026-09-01T13:49:12+00:00","dateModified":"2026-09-01T13:49:13+00:00","author":{"@id":"https:\/\/www.manabi.gob.ec\/#\/schema\/person\/c4f117989332ad723a6ced5994aa7d7a"},"breadcrumb":{"@id":"https:\/\/www.manabi.gob.ec\/index.php\/el-cacao-manabita-abre-nuevos-caminos-y-conquista-oportunidades-en-chokao\/#breadcrumb"},"inLanguage":"es","potentialAction":[{"@type":"ReadAction","target":["https:\/\/www.manabi.gob.ec\/index.php\/el-cacao-manabita-abre-nuevos-caminos-y-conquista-oportunidades-en-chokao\/"]}]},{"@type":"ImageObject","inLanguage":"es","@id":"https:\/\/www.manabi.gob.ec\/index.php\/el-cacao-manabita-abre-nuevos-caminos-y-conquista-oportunidades-en-chokao\/#primaryimage","url":"https:\/\/www.manabi.gob.ec\/wp-content\/uploads\/2026\/09\/WhatsApp-Image-2026-08-28-at-8.58.10-AM-scaled.jpeg","contentUrl":"https:\/\/www.manabi.gob.ec\/wp-content\/uploads\/2026\/09\/WhatsApp-Image-2026-08-28-at-8.58.10-AM-scaled.jpeg","width":2560,"height":1920},{"@type":"BreadcrumbList","@id":"https:\/\/www.manabi.gob.ec\/index.php\/el-cacao-manabita-abre-nuevos-caminos-y-conquista-oportunidades-en-chokao\/#breadcrumb","itemListElement":[{"@type":"ListItem","position":1,"name":"Portada","item":"https:\/\/www.manabi.gob.ec\/"},{"@type":"ListItem","position":2,"name":"El cacao manabita abre nuevos caminos y conquista oportunidades en CHOKAO"}]},{"@type":"WebSite","@id":"https:\/\/www.manabi.gob.ec\/#website","url":"https:\/\/www.manabi.gob.ec\/","name":"Prefectura de Manab\u00ed","description":"P\u00e1gina web de la prefectura","potentialAction":[{"@type":"SearchAction","target":{"@type":"EntryPoint","urlTemplate":"https:\/\/www.manabi.gob.ec\/?s={search_term_string}"},"query-input":{"@type":"PropertyValueSpecification","valueRequired":true,"valueName":"search_term_string"}}],"inLanguage":"es"},{"@type":"Person","@id":"https:\/\/www.manabi.gob.ec\/#\/schema\/person\/c4f117989332ad723a6ced5994aa7d7a","name":"Lui Ochoa","image":{"@type":"ImageObject","inLanguage":"es","@id":"https:\/\/secure.gravatar.com\/avatar\/6e8017d0fe69dead8a95864d2eb6e1e1d8bf8e01194ba49cf7b897ff038126ba?s=96&d=mm&r=g","url":"https:\/\/secure.gravatar.com\/avatar\/6e8017d0fe69dead8a95864d2eb6e1e1d8bf8e01194ba49cf7b897ff038126ba?s=96&d=mm&r=g","contentUrl":"https:\/\/secure.gravatar.com\/avatar\/6e8017d0fe69dead8a95864d2eb6e1e1d8bf8e01194ba49cf7b897ff038126ba?s=96&d=mm&r=g","caption":"Lui Ochoa"},"url":"https:\/\/www.manabi.gob.ec\/index.php\/author\/lochoa\/"}]}},"jetpack_featured_media_url":"https:\/\/www.manabi.gob.ec\/wp-content\/uploads\/2026\/09\/WhatsApp-Image-2026-08-28-at-8.58.10-AM-scaled.jpeg","_links":{"self":[{"href":"https:\/\/www.manabi.gob.ec\/index.php\/wp-json\/wp\/v2\/posts\/35391","targetHints":{"allow":["GET"]}}],"collection":[{"href":"https:\/\/www.manabi.gob.ec\/index.php\/wp-json\/wp\/v2\/posts"}],"about":[{"href":"https:\/\/www.manabi.gob.ec\/index.php\/wp-json\/wp\/v2\/types\/post"}],"author":[{"embeddable":true,"href":"https:\/\/www.manabi.gob.ec\/index.php\/wp-json\/wp\/v2\/users\/10"}],"replies":[{"embeddable":true,"href":"https:\/\/www.manabi.gob.ec\/index.php\/wp-json\/wp\/v2\/comments?post=35391"}],"version-history":[{"count":1,"href":"https:\/\/www.manabi.gob.ec\/index.php\/wp-json\/wp\/v2\/posts\/35391\/revisions"}],"predecessor-version":[{"id":35393,"href":"https:\/\/www.manabi.gob.ec\/index.php\/wp-json\/wp\/v2\/posts\/35391\/revisions\/35393"}],"wp:featuredmedia":[{"embeddable":true,"href":"https:\/\/www.manabi.gob.ec\/index.php\/wp-json\/wp\/v2\/media\/35392"}],"wp:attachment":[{"href":"https:\/\/www.manabi.gob.ec\/index.php\/wp-json\/wp\/v2\/media?parent=35391"}],"wp:term":[{"taxonomy":"category","embeddable":true,"href":"https:\/\/www.manabi.gob.ec\/index.php\/wp-json\/wp\/v2\/categories?post=35391"},{"taxonomy":"post_tag","embeddable":true,"href":"https:\/\/www.manabi.gob.ec\/index.php\/wp-json\/wp\/v2\/tags?post=35391"}],"curies":[{"name":"wp","href":"https:\/\/api.w.org\/{rel}","templated":true}]}}