{"id":35394,"date":"2026-09-01T13:51:47","date_gmt":"2026-09-01T13:51:47","guid":{"rendered":"https:\/\/www.manabi.gob.ec\/?p=35394"},"modified":"2026-09-01T13:51:48","modified_gmt":"2026-09-01T13:51:48","slug":"estudiantes-de-gastronomia-llevaran-los-sabores-y-la-identidad-de-manabi-a-galapagos","status":"publish","type":"post","link":"https:\/\/www.manabi.gob.ec\/index.php\/estudiantes-de-gastronomia-llevaran-los-sabores-y-la-identidad-de-manabi-a-galapagos\/","title":{"rendered":"Estudiantes de gastronom\u00eda llevar\u00e1n los sabores y la identidad de Manab\u00ed a Gal\u00e1pagos"},"content":{"rendered":"\n<p class=\"wp-block-paragraph\">La gastronom\u00eda de Manab\u00ed estar\u00e1 presente en el VIII Concurso MasterChef Junior \u201cSabor Galapague\u00f1o\u201d, que se realizar\u00e1 del 7 al 14 de septiembre en San Cristobal, Gal\u00e1pagos, donde estudiantes de Bachillerato T\u00e9cnico en Gastronom\u00eda y Artes Culinarias expondr\u00e1n el sabor y la identidad de nuestra provincia.<\/p>\n\n\n\n<p class=\"wp-block-paragraph\">Para conocer las expectativas de los participantes previo a este evento, el prefecto de Manab\u00ed, Leonardo Orlando, se reuni\u00f3 este jueves 27 de agosto con estudiantes de Bachillerato T\u00e9cnico en Gastronom\u00eda y Artes Culinarias, docentes y el coordinador zonal 4 de Educaci\u00f3n para Manab\u00ed y Santo Domingo de los Ts\u00e1chilas, Diego V\u00e9lez. Durante el encuentro los j\u00f3venes conversaron sobre su preparaci\u00f3n y el reto de representar a Manab\u00ed en este intercambio pedag\u00f3gico.<\/p>\n\n\n\n<p class=\"wp-block-paragraph\">La delegaci\u00f3n est\u00e1 integrada por estudiantes de las unidades educativas Pedernales, Ciudad de Jipijapa, Rocafuerte, 2 de Agosto de Salango, Provincia de Manab\u00ed, Jama, Cultura Machalilla y Diana Esther. La edici\u00f3n 2026 reunir\u00e1 a estas ocho instituciones de Manab\u00ed y dos de Gal\u00e1pagos.<\/p>\n\n\n\n<p class=\"wp-block-paragraph\">\u201cQuiero disfrutar cada momento y dar lo mejor de m\u00ed. S\u00e9 que ser\u00e1 un gran reto, pero tambi\u00e9n una oportunidad incre\u00edble para crecer y demostrar todo lo que he aprendido con dedicaci\u00f3n y amor por la cocina\u201d, expres\u00f3 Elkin Mendoza, estudiante de tercero de Bachillerato. Otro de los participantes destac\u00f3 que esperan regresar para motivar a m\u00e1s j\u00f3venes a escoger esta especialidad y compartir lo aprendido sobre las costumbres, tradiciones y gastronom\u00eda de Gal\u00e1pagos.<\/p>\n\n\n\n<p class=\"wp-block-paragraph\">El concurso se realizar\u00e1 el 9 de septiembre y pondr\u00e1 a prueba la creatividad y el trabajo en equipo de los estudiantes con la preparaci\u00f3n de un men\u00fa de tres tiempos: entrada, plato fuerte y postre. La agenda contempla adem\u00e1s actividades gastron\u00f3micas, deportivas, culturales y acad\u00e9micas, entre ellas la elaboraci\u00f3n de la tradicional tonga manabita y un Foro de Saberes.<\/p>\n\n\n\n<p class=\"wp-block-paragraph\">\u201cDesde la Prefectura de Manab\u00ed apoyaremos a nuestros j\u00f3venes en esta experiencia, que les permitir\u00e1 aprender, competir y llevar un pedacito de nuestra identidad gastron\u00f3mica a las islas\u201d, destac\u00f3 el prefecto&nbsp; Orlando. El respaldo a esta iniciativa busca generar nuevas oportunidades para los futuros bachilleres t\u00e9cnicos y fortalecer una formaci\u00f3n pr\u00e1ctica que conecte lo aprendido en las aulas con nuevas experiencias.<\/p>\n","protected":false},"excerpt":{"rendered":"<p>La gastronom\u00eda de Manab\u00ed estar\u00e1 presente en el VIII Concurso MasterChef Junior \u201cSabor Galapague\u00f1o\u201d, que se realizar\u00e1 del 7 al 14 de septiembre en San Cristobal, Gal\u00e1pagos, donde estudiantes de Bachillerato T\u00e9cnico en Gastronom\u00eda y Artes Culinarias expondr\u00e1n el sabor y la identidad de nuestra provincia. Para conocer las expectativas de los participantes previo a [&hellip;]<\/p>\n","protected":false},"author":10,"featured_media":35395,"comment_status":"closed","ping_status":"closed","sticky":false,"template":"","format":"standard","meta":{"_joinchat":[],"footnotes":""},"categories":[150,142,92,140,91],"tags":[375],"class_list":["post-35394","post","type-post","status-publish","format-standard","has-post-thumbnail","hentry","category-ambiente","category-desarrollo-social","category-noticias-manabi","category-produccion","category-todas","tag-gastronomia-2"],"yoast_head":"<!-- This site is optimized with the Yoast SEO plugin v27.4 - https:\/\/yoast.com\/product\/yoast-seo-wordpress\/ -->\n<title>Estudiantes de gastronom\u00eda llevar\u00e1n los sabores y la identidad de Manab\u00ed a Gal\u00e1pagos - Prefectura de Manab\u00ed<\/title>\n<meta name=\"robots\" content=\"index, follow, max-snippet:-1, max-image-preview:large, max-video-preview:-1\" \/>\n<link rel=\"canonical\" href=\"https:\/\/www.manabi.gob.ec\/index.php\/estudiantes-de-gastronomia-llevaran-los-sabores-y-la-identidad-de-manabi-a-galapagos\/\" \/>\n<meta property=\"og:locale\" content=\"es_ES\" \/>\n<meta property=\"og:type\" content=\"article\" \/>\n<meta property=\"og:title\" content=\"Estudiantes de gastronom\u00eda llevar\u00e1n los sabores y la identidad de Manab\u00ed a Gal\u00e1pagos - Prefectura de Manab\u00ed\" \/>\n<meta property=\"og:description\" content=\"La gastronom\u00eda de Manab\u00ed estar\u00e1 presente en el VIII Concurso MasterChef Junior \u201cSabor Galapague\u00f1o\u201d, que se realizar\u00e1 del 7 al 14 de septiembre en San Cristobal, Gal\u00e1pagos, donde estudiantes de Bachillerato T\u00e9cnico en Gastronom\u00eda y Artes Culinarias expondr\u00e1n el sabor y la identidad de nuestra provincia. Para conocer las expectativas de los participantes previo a [&hellip;]\" \/>\n<meta property=\"og:url\" content=\"https:\/\/www.manabi.gob.ec\/index.php\/estudiantes-de-gastronomia-llevaran-los-sabores-y-la-identidad-de-manabi-a-galapagos\/\" \/>\n<meta property=\"og:site_name\" content=\"Prefectura de Manab\u00ed\" \/>\n<meta property=\"article:published_time\" content=\"2026-09-01T13:51:47+00:00\" \/>\n<meta property=\"article:modified_time\" content=\"2026-09-01T13:51:48+00:00\" \/>\n<meta property=\"og:image\" content=\"https:\/\/www.manabi.gob.ec\/wp-content\/uploads\/2026\/09\/WhatsApp-Image-2026-08-28-at-1.30.21-PM-scaled.jpeg\" \/>\n\t<meta property=\"og:image:width\" content=\"2560\" \/>\n\t<meta property=\"og:image:height\" content=\"1437\" \/>\n\t<meta property=\"og:image:type\" content=\"image\/jpeg\" \/>\n<meta name=\"author\" content=\"Lui Ochoa\" \/>\n<meta name=\"twitter:card\" content=\"summary_large_image\" \/>\n<meta name=\"twitter:label1\" content=\"Escrito por\" \/>\n\t<meta name=\"twitter:data1\" content=\"Lui Ochoa\" \/>\n\t<meta name=\"twitter:label2\" content=\"Tiempo de lectura\" \/>\n\t<meta name=\"twitter:data2\" content=\"2 minutos\" \/>\n<script type=\"application\/ld+json\" class=\"yoast-schema-graph\">{\"@context\":\"https:\\\/\\\/schema.org\",\"@graph\":[{\"@type\":\"Article\",\"@id\":\"https:\\\/\\\/www.manabi.gob.ec\\\/index.php\\\/estudiantes-de-gastronomia-llevaran-los-sabores-y-la-identidad-de-manabi-a-galapagos\\\/#article\",\"isPartOf\":{\"@id\":\"https:\\\/\\\/www.manabi.gob.ec\\\/index.php\\\/estudiantes-de-gastronomia-llevaran-los-sabores-y-la-identidad-de-manabi-a-galapagos\\\/\"},\"author\":{\"name\":\"Lui Ochoa\",\"@id\":\"https:\\\/\\\/www.manabi.gob.ec\\\/#\\\/schema\\\/person\\\/c4f117989332ad723a6ced5994aa7d7a\"},\"headline\":\"Estudiantes de gastronom\u00eda llevar\u00e1n los sabores y la identidad de Manab\u00ed a Gal\u00e1pagos\",\"datePublished\":\"2026-09-01T13:51:47+00:00\",\"dateModified\":\"2026-09-01T13:51:48+00:00\",\"mainEntityOfPage\":{\"@id\":\"https:\\\/\\\/www.manabi.gob.ec\\\/index.php\\\/estudiantes-de-gastronomia-llevaran-los-sabores-y-la-identidad-de-manabi-a-galapagos\\\/\"},\"wordCount\":400,\"image\":{\"@id\":\"https:\\\/\\\/www.manabi.gob.ec\\\/index.php\\\/estudiantes-de-gastronomia-llevaran-los-sabores-y-la-identidad-de-manabi-a-galapagos\\\/#primaryimage\"},\"thumbnailUrl\":\"https:\\\/\\\/www.manabi.gob.ec\\\/wp-content\\\/uploads\\\/2026\\\/09\\\/WhatsApp-Image-2026-08-28-at-1.30.21-PM-scaled.jpeg\",\"keywords\":[\"gastronomia\"],\"articleSection\":[\"Ambiente\",\"Desarrollo Social\",\"Noticias\",\"Producci\u00f3n\",\"Todas\"],\"inLanguage\":\"es\"},{\"@type\":\"WebPage\",\"@id\":\"https:\\\/\\\/www.manabi.gob.ec\\\/index.php\\\/estudiantes-de-gastronomia-llevaran-los-sabores-y-la-identidad-de-manabi-a-galapagos\\\/\",\"url\":\"https:\\\/\\\/www.manabi.gob.ec\\\/index.php\\\/estudiantes-de-gastronomia-llevaran-los-sabores-y-la-identidad-de-manabi-a-galapagos\\\/\",\"name\":\"Estudiantes de gastronom\u00eda llevar\u00e1n los sabores y la identidad de Manab\u00ed a Gal\u00e1pagos - Prefectura de Manab\u00ed\",\"isPartOf\":{\"@id\":\"https:\\\/\\\/www.manabi.gob.ec\\\/#website\"},\"primaryImageOfPage\":{\"@id\":\"https:\\\/\\\/www.manabi.gob.ec\\\/index.php\\\/estudiantes-de-gastronomia-llevaran-los-sabores-y-la-identidad-de-manabi-a-galapagos\\\/#primaryimage\"},\"image\":{\"@id\":\"https:\\\/\\\/www.manabi.gob.ec\\\/index.php\\\/estudiantes-de-gastronomia-llevaran-los-sabores-y-la-identidad-de-manabi-a-galapagos\\\/#primaryimage\"},\"thumbnailUrl\":\"https:\\\/\\\/www.manabi.gob.ec\\\/wp-content\\\/uploads\\\/2026\\\/09\\\/WhatsApp-Image-2026-08-28-at-1.30.21-PM-scaled.jpeg\",\"datePublished\":\"2026-09-01T13:51:47+00:00\",\"dateModified\":\"2026-09-01T13:51:48+00:00\",\"author\":{\"@id\":\"https:\\\/\\\/www.manabi.gob.ec\\\/#\\\/schema\\\/person\\\/c4f117989332ad723a6ced5994aa7d7a\"},\"breadcrumb\":{\"@id\":\"https:\\\/\\\/www.manabi.gob.ec\\\/index.php\\\/estudiantes-de-gastronomia-llevaran-los-sabores-y-la-identidad-de-manabi-a-galapagos\\\/#breadcrumb\"},\"inLanguage\":\"es\",\"potentialAction\":[{\"@type\":\"ReadAction\",\"target\":[\"https:\\\/\\\/www.manabi.gob.ec\\\/index.php\\\/estudiantes-de-gastronomia-llevaran-los-sabores-y-la-identidad-de-manabi-a-galapagos\\\/\"]}]},{\"@type\":\"ImageObject\",\"inLanguage\":\"es\",\"@id\":\"https:\\\/\\\/www.manabi.gob.ec\\\/index.php\\\/estudiantes-de-gastronomia-llevaran-los-sabores-y-la-identidad-de-manabi-a-galapagos\\\/#primaryimage\",\"url\":\"https:\\\/\\\/www.manabi.gob.ec\\\/wp-content\\\/uploads\\\/2026\\\/09\\\/WhatsApp-Image-2026-08-28-at-1.30.21-PM-scaled.jpeg\",\"contentUrl\":\"https:\\\/\\\/www.manabi.gob.ec\\\/wp-content\\\/uploads\\\/2026\\\/09\\\/WhatsApp-Image-2026-08-28-at-1.30.21-PM-scaled.jpeg\",\"width\":2560,\"height\":1437},{\"@type\":\"BreadcrumbList\",\"@id\":\"https:\\\/\\\/www.manabi.gob.ec\\\/index.php\\\/estudiantes-de-gastronomia-llevaran-los-sabores-y-la-identidad-de-manabi-a-galapagos\\\/#breadcrumb\",\"itemListElement\":[{\"@type\":\"ListItem\",\"position\":1,\"name\":\"Portada\",\"item\":\"https:\\\/\\\/www.manabi.gob.ec\\\/\"},{\"@type\":\"ListItem\",\"position\":2,\"name\":\"Estudiantes de gastronom\u00eda llevar\u00e1n los sabores y la identidad de Manab\u00ed a Gal\u00e1pagos\"}]},{\"@type\":\"WebSite\",\"@id\":\"https:\\\/\\\/www.manabi.gob.ec\\\/#website\",\"url\":\"https:\\\/\\\/www.manabi.gob.ec\\\/\",\"name\":\"Prefectura de Manab\u00ed\",\"description\":\"P\u00e1gina web de la prefectura\",\"potentialAction\":[{\"@type\":\"SearchAction\",\"target\":{\"@type\":\"EntryPoint\",\"urlTemplate\":\"https:\\\/\\\/www.manabi.gob.ec\\\/?s={search_term_string}\"},\"query-input\":{\"@type\":\"PropertyValueSpecification\",\"valueRequired\":true,\"valueName\":\"search_term_string\"}}],\"inLanguage\":\"es\"},{\"@type\":\"Person\",\"@id\":\"https:\\\/\\\/www.manabi.gob.ec\\\/#\\\/schema\\\/person\\\/c4f117989332ad723a6ced5994aa7d7a\",\"name\":\"Lui Ochoa\",\"image\":{\"@type\":\"ImageObject\",\"inLanguage\":\"es\",\"@id\":\"https:\\\/\\\/secure.gravatar.com\\\/avatar\\\/6e8017d0fe69dead8a95864d2eb6e1e1d8bf8e01194ba49cf7b897ff038126ba?s=96&d=mm&r=g\",\"url\":\"https:\\\/\\\/secure.gravatar.com\\\/avatar\\\/6e8017d0fe69dead8a95864d2eb6e1e1d8bf8e01194ba49cf7b897ff038126ba?s=96&d=mm&r=g\",\"contentUrl\":\"https:\\\/\\\/secure.gravatar.com\\\/avatar\\\/6e8017d0fe69dead8a95864d2eb6e1e1d8bf8e01194ba49cf7b897ff038126ba?s=96&d=mm&r=g\",\"caption\":\"Lui Ochoa\"},\"url\":\"https:\\\/\\\/www.manabi.gob.ec\\\/index.php\\\/author\\\/lochoa\\\/\"}]}<\/script>\n<!-- \/ Yoast SEO plugin. -->","yoast_head_json":{"title":"Estudiantes de gastronom\u00eda llevar\u00e1n los sabores y la identidad de Manab\u00ed a Gal\u00e1pagos - Prefectura de Manab\u00ed","robots":{"index":"index","follow":"follow","max-snippet":"max-snippet:-1","max-image-preview":"max-image-preview:large","max-video-preview":"max-video-preview:-1"},"canonical":"https:\/\/www.manabi.gob.ec\/index.php\/estudiantes-de-gastronomia-llevaran-los-sabores-y-la-identidad-de-manabi-a-galapagos\/","og_locale":"es_ES","og_type":"article","og_title":"Estudiantes de gastronom\u00eda llevar\u00e1n los sabores y la identidad de Manab\u00ed a Gal\u00e1pagos - Prefectura de Manab\u00ed","og_description":"La gastronom\u00eda de Manab\u00ed estar\u00e1 presente en el VIII Concurso MasterChef Junior \u201cSabor Galapague\u00f1o\u201d, que se realizar\u00e1 del 7 al 14 de septiembre en San Cristobal, Gal\u00e1pagos, donde estudiantes de Bachillerato T\u00e9cnico en Gastronom\u00eda y Artes Culinarias expondr\u00e1n el sabor y la identidad de nuestra provincia. Para conocer las expectativas de los participantes previo a [&hellip;]","og_url":"https:\/\/www.manabi.gob.ec\/index.php\/estudiantes-de-gastronomia-llevaran-los-sabores-y-la-identidad-de-manabi-a-galapagos\/","og_site_name":"Prefectura de Manab\u00ed","article_published_time":"2026-09-01T13:51:47+00:00","article_modified_time":"2026-09-01T13:51:48+00:00","og_image":[{"width":2560,"height":1437,"url":"https:\/\/www.manabi.gob.ec\/wp-content\/uploads\/2026\/09\/WhatsApp-Image-2026-08-28-at-1.30.21-PM-scaled.jpeg","type":"image\/jpeg"}],"author":"Lui Ochoa","twitter_card":"summary_large_image","twitter_misc":{"Escrito por":"Lui Ochoa","Tiempo de lectura":"2 minutos"},"schema":{"@context":"https:\/\/schema.org","@graph":[{"@type":"Article","@id":"https:\/\/www.manabi.gob.ec\/index.php\/estudiantes-de-gastronomia-llevaran-los-sabores-y-la-identidad-de-manabi-a-galapagos\/#article","isPartOf":{"@id":"https:\/\/www.manabi.gob.ec\/index.php\/estudiantes-de-gastronomia-llevaran-los-sabores-y-la-identidad-de-manabi-a-galapagos\/"},"author":{"name":"Lui Ochoa","@id":"https:\/\/www.manabi.gob.ec\/#\/schema\/person\/c4f117989332ad723a6ced5994aa7d7a"},"headline":"Estudiantes de gastronom\u00eda llevar\u00e1n los sabores y la identidad de Manab\u00ed a Gal\u00e1pagos","datePublished":"2026-09-01T13:51:47+00:00","dateModified":"2026-09-01T13:51:48+00:00","mainEntityOfPage":{"@id":"https:\/\/www.manabi.gob.ec\/index.php\/estudiantes-de-gastronomia-llevaran-los-sabores-y-la-identidad-de-manabi-a-galapagos\/"},"wordCount":400,"image":{"@id":"https:\/\/www.manabi.gob.ec\/index.php\/estudiantes-de-gastronomia-llevaran-los-sabores-y-la-identidad-de-manabi-a-galapagos\/#primaryimage"},"thumbnailUrl":"https:\/\/www.manabi.gob.ec\/wp-content\/uploads\/2026\/09\/WhatsApp-Image-2026-08-28-at-1.30.21-PM-scaled.jpeg","keywords":["gastronomia"],"articleSection":["Ambiente","Desarrollo Social","Noticias","Producci\u00f3n","Todas"],"inLanguage":"es"},{"@type":"WebPage","@id":"https:\/\/www.manabi.gob.ec\/index.php\/estudiantes-de-gastronomia-llevaran-los-sabores-y-la-identidad-de-manabi-a-galapagos\/","url":"https:\/\/www.manabi.gob.ec\/index.php\/estudiantes-de-gastronomia-llevaran-los-sabores-y-la-identidad-de-manabi-a-galapagos\/","name":"Estudiantes de gastronom\u00eda llevar\u00e1n los sabores y la identidad de Manab\u00ed a Gal\u00e1pagos - Prefectura de Manab\u00ed","isPartOf":{"@id":"https:\/\/www.manabi.gob.ec\/#website"},"primaryImageOfPage":{"@id":"https:\/\/www.manabi.gob.ec\/index.php\/estudiantes-de-gastronomia-llevaran-los-sabores-y-la-identidad-de-manabi-a-galapagos\/#primaryimage"},"image":{"@id":"https:\/\/www.manabi.gob.ec\/index.php\/estudiantes-de-gastronomia-llevaran-los-sabores-y-la-identidad-de-manabi-a-galapagos\/#primaryimage"},"thumbnailUrl":"https:\/\/www.manabi.gob.ec\/wp-content\/uploads\/2026\/09\/WhatsApp-Image-2026-08-28-at-1.30.21-PM-scaled.jpeg","datePublished":"2026-09-01T13:51:47+00:00","dateModified":"2026-09-01T13:51:48+00:00","author":{"@id":"https:\/\/www.manabi.gob.ec\/#\/schema\/person\/c4f117989332ad723a6ced5994aa7d7a"},"breadcrumb":{"@id":"https:\/\/www.manabi.gob.ec\/index.php\/estudiantes-de-gastronomia-llevaran-los-sabores-y-la-identidad-de-manabi-a-galapagos\/#breadcrumb"},"inLanguage":"es","potentialAction":[{"@type":"ReadAction","target":["https:\/\/www.manabi.gob.ec\/index.php\/estudiantes-de-gastronomia-llevaran-los-sabores-y-la-identidad-de-manabi-a-galapagos\/"]}]},{"@type":"ImageObject","inLanguage":"es","@id":"https:\/\/www.manabi.gob.ec\/index.php\/estudiantes-de-gastronomia-llevaran-los-sabores-y-la-identidad-de-manabi-a-galapagos\/#primaryimage","url":"https:\/\/www.manabi.gob.ec\/wp-content\/uploads\/2026\/09\/WhatsApp-Image-2026-08-28-at-1.30.21-PM-scaled.jpeg","contentUrl":"https:\/\/www.manabi.gob.ec\/wp-content\/uploads\/2026\/09\/WhatsApp-Image-2026-08-28-at-1.30.21-PM-scaled.jpeg","width":2560,"height":1437},{"@type":"BreadcrumbList","@id":"https:\/\/www.manabi.gob.ec\/index.php\/estudiantes-de-gastronomia-llevaran-los-sabores-y-la-identidad-de-manabi-a-galapagos\/#breadcrumb","itemListElement":[{"@type":"ListItem","position":1,"name":"Portada","item":"https:\/\/www.manabi.gob.ec\/"},{"@type":"ListItem","position":2,"name":"Estudiantes de gastronom\u00eda llevar\u00e1n los sabores y la identidad de Manab\u00ed a Gal\u00e1pagos"}]},{"@type":"WebSite","@id":"https:\/\/www.manabi.gob.ec\/#website","url":"https:\/\/www.manabi.gob.ec\/","name":"Prefectura de Manab\u00ed","description":"P\u00e1gina web de la prefectura","potentialAction":[{"@type":"SearchAction","target":{"@type":"EntryPoint","urlTemplate":"https:\/\/www.manabi.gob.ec\/?s={search_term_string}"},"query-input":{"@type":"PropertyValueSpecification","valueRequired":true,"valueName":"search_term_string"}}],"inLanguage":"es"},{"@type":"Person","@id":"https:\/\/www.manabi.gob.ec\/#\/schema\/person\/c4f117989332ad723a6ced5994aa7d7a","name":"Lui Ochoa","image":{"@type":"ImageObject","inLanguage":"es","@id":"https:\/\/secure.gravatar.com\/avatar\/6e8017d0fe69dead8a95864d2eb6e1e1d8bf8e01194ba49cf7b897ff038126ba?s=96&d=mm&r=g","url":"https:\/\/secure.gravatar.com\/avatar\/6e8017d0fe69dead8a95864d2eb6e1e1d8bf8e01194ba49cf7b897ff038126ba?s=96&d=mm&r=g","contentUrl":"https:\/\/secure.gravatar.com\/avatar\/6e8017d0fe69dead8a95864d2eb6e1e1d8bf8e01194ba49cf7b897ff038126ba?s=96&d=mm&r=g","caption":"Lui Ochoa"},"url":"https:\/\/www.manabi.gob.ec\/index.php\/author\/lochoa\/"}]}},"jetpack_featured_media_url":"https:\/\/www.manabi.gob.ec\/wp-content\/uploads\/2026\/09\/WhatsApp-Image-2026-08-28-at-1.30.21-PM-scaled.jpeg","_links":{"self":[{"href":"https:\/\/www.manabi.gob.ec\/index.php\/wp-json\/wp\/v2\/posts\/35394","targetHints":{"allow":["GET"]}}],"collection":[{"href":"https:\/\/www.manabi.gob.ec\/index.php\/wp-json\/wp\/v2\/posts"}],"about":[{"href":"https:\/\/www.manabi.gob.ec\/index.php\/wp-json\/wp\/v2\/types\/post"}],"author":[{"embeddable":true,"href":"https:\/\/www.manabi.gob.ec\/index.php\/wp-json\/wp\/v2\/users\/10"}],"replies":[{"embeddable":true,"href":"https:\/\/www.manabi.gob.ec\/index.php\/wp-json\/wp\/v2\/comments?post=35394"}],"version-history":[{"count":1,"href":"https:\/\/www.manabi.gob.ec\/index.php\/wp-json\/wp\/v2\/posts\/35394\/revisions"}],"predecessor-version":[{"id":35396,"href":"https:\/\/www.manabi.gob.ec\/index.php\/wp-json\/wp\/v2\/posts\/35394\/revisions\/35396"}],"wp:featuredmedia":[{"embeddable":true,"href":"https:\/\/www.manabi.gob.ec\/index.php\/wp-json\/wp\/v2\/media\/35395"}],"wp:attachment":[{"href":"https:\/\/www.manabi.gob.ec\/index.php\/wp-json\/wp\/v2\/media?parent=35394"}],"wp:term":[{"taxonomy":"category","embeddable":true,"href":"https:\/\/www.manabi.gob.ec\/index.php\/wp-json\/wp\/v2\/categories?post=35394"},{"taxonomy":"post_tag","embeddable":true,"href":"https:\/\/www.manabi.gob.ec\/index.php\/wp-json\/wp\/v2\/tags?post=35394"}],"curies":[{"name":"wp","href":"https:\/\/api.w.org\/{rel}","templated":true}]}}