{"id":35397,"date":"2026-09-01T13:53:33","date_gmt":"2026-09-01T13:53:33","guid":{"rendered":"https:\/\/www.manabi.gob.ec\/?p=35397"},"modified":"2026-09-01T13:53:34","modified_gmt":"2026-09-01T13:53:34","slug":"trabajos-en-via-rural-de-17-km-devuelve-la-tranquilidad-a-productores-de-san-pablo-de-pueblo-nuevo","status":"publish","type":"post","link":"https:\/\/www.manabi.gob.ec\/index.php\/trabajos-en-via-rural-de-17-km-devuelve-la-tranquilidad-a-productores-de-san-pablo-de-pueblo-nuevo\/","title":{"rendered":"Trabajos en v\u00eda rural de 17 km devuelve la tranquilidad a productores de San Pablo de Pueblo Nuevo"},"content":{"rendered":"\n<p class=\"wp-block-paragraph\">Para Ram\u00f3n Berm\u00fadez, productor de la comunidad Santa B\u00e1rbara, volver a transitar por la v\u00eda que comunica con El Moral, Boca de Prosperina y Agua Fr\u00eda significa recuperar algo m\u00e1s que un camino: la posibilidad de sacar su producci\u00f3n sin temor a que se pierda. \u201cAqu\u00ed la mayor parte de la producci\u00f3n se estaba perdiendo\u201d, cuenta mientras observa los trabajos que ejecuta la Prefectura de Manab\u00ed.<\/p>\n\n\n\n<p class=\"wp-block-paragraph\">La v\u00eda tiene aproximadamente 17 kil\u00f3metros y atraviesa varios sectores rurales de San Pablo de Pueblo Nuevo del cant\u00f3n Santa Ana, entre ellos Santa B\u00e1rbara, Domingo, El Moral, La Tranca, Chontillal y Lisondro. Es un eje que tambi\u00e9n permite conectar con la v\u00eda San Juan de las Cucarachas y con sectores rurales de Honorato V\u00e1squez y del cant\u00f3n Balzar.<\/p>\n\n\n\n<p class=\"wp-block-paragraph\">Desde fines de julio, la Prefectura trabaja en el mantenimiento de esta ruta mediante la reconformaci\u00f3n, limpieza de cunetas y reposici\u00f3n de material de cantera. Para estas labores se utiliza maquinaria institucional y material que es trasladado desde Portoviejo, con el objetivo de recuperar las condiciones de circulaci\u00f3n.<\/p>\n\n\n\n<p class=\"wp-block-paragraph\">Los trabajos tambi\u00e9n incluyen la preparaci\u00f3n de una mina local de material que permitir\u00e1 atender esta y otras necesidades de las comunidades rurales de la parroquia. De esta manera, la intervenci\u00f3n busca sostener la transitabilidad y facilitar el desplazamiento de quienes utilizan diariamente esta v\u00eda para sus actividades productivas y familiares.<\/p>\n\n\n\n<p class=\"wp-block-paragraph\">Para quienes viven de la agricultura, las mejoras tienen un efecto directo. Berm\u00fadez asegura que ahora sienten mayor tranquilidad para continuar trabajando y sacar sus productos hacia los mercados. \u201cYa con esto, uno va con empe\u00f1o haciendo sus cositas para vender\u201d, expresa, al destacar que contar con una v\u00eda en mejores condiciones les permite seguir produciendo.<\/p>\n\n\n\n<p class=\"wp-block-paragraph\">A esta intervenci\u00f3n se suma la construcci\u00f3n de la v\u00eda Ayacucho\u2013La Uni\u00f3n\u2013San Pablo de Pueblo Nuevo\u2013San Juan de las Cucarachas, una obra estrat\u00e9gica que fortalecer\u00e1 la conexi\u00f3n de Santa Ana con otras zonas de Manab\u00ed y con Guayas.<\/p>\n","protected":false},"excerpt":{"rendered":"<p>Para Ram\u00f3n Berm\u00fadez, productor de la comunidad Santa B\u00e1rbara, volver a transitar por la v\u00eda que comunica con El Moral, Boca de Prosperina y Agua Fr\u00eda significa recuperar algo m\u00e1s que un camino: la posibilidad de sacar su producci\u00f3n sin temor a que se pierda. \u201cAqu\u00ed la mayor parte de la producci\u00f3n se estaba perdiendo\u201d, [&hellip;]<\/p>\n","protected":false},"author":10,"featured_media":35398,"comment_status":"closed","ping_status":"closed","sticky":false,"template":"","format":"standard","meta":{"_joinchat":[],"footnotes":""},"categories":[150,142,170,372,92,181,91,127],"tags":[128],"class_list":["post-35397","post","type-post","status-publish","format-standard","has-post-thumbnail","hentry","category-ambiente","category-desarrollo-social","category-manabi-vial","category-manabi-cambia-para-siempre","category-noticias-manabi","category-obra-publica","category-todas","category-vialidad","tag-vialidad"],"yoast_head":"<!-- This site is optimized with the Yoast SEO plugin v27.4 - https:\/\/yoast.com\/product\/yoast-seo-wordpress\/ -->\n<title>Trabajos en v\u00eda rural de 17 km devuelve la tranquilidad a productores de San Pablo de Pueblo Nuevo - Prefectura de Manab\u00ed<\/title>\n<meta name=\"robots\" content=\"index, follow, max-snippet:-1, max-image-preview:large, max-video-preview:-1\" \/>\n<link rel=\"canonical\" href=\"https:\/\/www.manabi.gob.ec\/index.php\/trabajos-en-via-rural-de-17-km-devuelve-la-tranquilidad-a-productores-de-san-pablo-de-pueblo-nuevo\/\" \/>\n<meta property=\"og:locale\" content=\"es_ES\" \/>\n<meta property=\"og:type\" content=\"article\" \/>\n<meta property=\"og:title\" content=\"Trabajos en v\u00eda rural de 17 km devuelve la tranquilidad a productores de San Pablo de Pueblo Nuevo - Prefectura de Manab\u00ed\" \/>\n<meta property=\"og:description\" content=\"Para Ram\u00f3n Berm\u00fadez, productor de la comunidad Santa B\u00e1rbara, volver a transitar por la v\u00eda que comunica con El Moral, Boca de Prosperina y Agua Fr\u00eda significa recuperar algo m\u00e1s que un camino: la posibilidad de sacar su producci\u00f3n sin temor a que se pierda. \u201cAqu\u00ed la mayor parte de la producci\u00f3n se estaba perdiendo\u201d, [&hellip;]\" \/>\n<meta property=\"og:url\" content=\"https:\/\/www.manabi.gob.ec\/index.php\/trabajos-en-via-rural-de-17-km-devuelve-la-tranquilidad-a-productores-de-san-pablo-de-pueblo-nuevo\/\" \/>\n<meta property=\"og:site_name\" content=\"Prefectura de Manab\u00ed\" \/>\n<meta property=\"article:published_time\" content=\"2026-09-01T13:53:33+00:00\" \/>\n<meta property=\"article:modified_time\" content=\"2026-09-01T13:53:34+00:00\" \/>\n<meta property=\"og:image\" content=\"https:\/\/www.manabi.gob.ec\/wp-content\/uploads\/2026\/09\/WhatsApp-Image-2026-08-28-at-2.24.52-PM.jpeg\" \/>\n\t<meta property=\"og:image:width\" content=\"1280\" \/>\n\t<meta property=\"og:image:height\" content=\"853\" \/>\n\t<meta property=\"og:image:type\" content=\"image\/jpeg\" \/>\n<meta name=\"author\" content=\"Lui Ochoa\" \/>\n<meta name=\"twitter:card\" content=\"summary_large_image\" \/>\n<meta name=\"twitter:label1\" content=\"Escrito por\" \/>\n\t<meta name=\"twitter:data1\" content=\"Lui Ochoa\" \/>\n\t<meta name=\"twitter:label2\" content=\"Tiempo de lectura\" \/>\n\t<meta name=\"twitter:data2\" content=\"2 minutos\" \/>\n<script type=\"application\/ld+json\" class=\"yoast-schema-graph\">{\"@context\":\"https:\\\/\\\/schema.org\",\"@graph\":[{\"@type\":\"Article\",\"@id\":\"https:\\\/\\\/www.manabi.gob.ec\\\/index.php\\\/trabajos-en-via-rural-de-17-km-devuelve-la-tranquilidad-a-productores-de-san-pablo-de-pueblo-nuevo\\\/#article\",\"isPartOf\":{\"@id\":\"https:\\\/\\\/www.manabi.gob.ec\\\/index.php\\\/trabajos-en-via-rural-de-17-km-devuelve-la-tranquilidad-a-productores-de-san-pablo-de-pueblo-nuevo\\\/\"},\"author\":{\"name\":\"Lui Ochoa\",\"@id\":\"https:\\\/\\\/www.manabi.gob.ec\\\/#\\\/schema\\\/person\\\/c4f117989332ad723a6ced5994aa7d7a\"},\"headline\":\"Trabajos en v\u00eda rural de 17 km devuelve la tranquilidad a productores de San Pablo de Pueblo Nuevo\",\"datePublished\":\"2026-09-01T13:53:33+00:00\",\"dateModified\":\"2026-09-01T13:53:34+00:00\",\"mainEntityOfPage\":{\"@id\":\"https:\\\/\\\/www.manabi.gob.ec\\\/index.php\\\/trabajos-en-via-rural-de-17-km-devuelve-la-tranquilidad-a-productores-de-san-pablo-de-pueblo-nuevo\\\/\"},\"wordCount\":370,\"image\":{\"@id\":\"https:\\\/\\\/www.manabi.gob.ec\\\/index.php\\\/trabajos-en-via-rural-de-17-km-devuelve-la-tranquilidad-a-productores-de-san-pablo-de-pueblo-nuevo\\\/#primaryimage\"},\"thumbnailUrl\":\"https:\\\/\\\/www.manabi.gob.ec\\\/wp-content\\\/uploads\\\/2026\\\/09\\\/WhatsApp-Image-2026-08-28-at-2.24.52-PM.jpeg\",\"keywords\":[\"Vialidad\"],\"articleSection\":[\"Ambiente\",\"Desarrollo Social\",\"Manab\u00ed Vial\",\"Manab\u0131 cambia para siempre\",\"Noticias\",\"Obra P\u00fablica\",\"Todas\",\"Vialidad\"],\"inLanguage\":\"es\"},{\"@type\":\"WebPage\",\"@id\":\"https:\\\/\\\/www.manabi.gob.ec\\\/index.php\\\/trabajos-en-via-rural-de-17-km-devuelve-la-tranquilidad-a-productores-de-san-pablo-de-pueblo-nuevo\\\/\",\"url\":\"https:\\\/\\\/www.manabi.gob.ec\\\/index.php\\\/trabajos-en-via-rural-de-17-km-devuelve-la-tranquilidad-a-productores-de-san-pablo-de-pueblo-nuevo\\\/\",\"name\":\"Trabajos en v\u00eda rural de 17 km devuelve la tranquilidad a productores de San Pablo de Pueblo Nuevo - Prefectura de Manab\u00ed\",\"isPartOf\":{\"@id\":\"https:\\\/\\\/www.manabi.gob.ec\\\/#website\"},\"primaryImageOfPage\":{\"@id\":\"https:\\\/\\\/www.manabi.gob.ec\\\/index.php\\\/trabajos-en-via-rural-de-17-km-devuelve-la-tranquilidad-a-productores-de-san-pablo-de-pueblo-nuevo\\\/#primaryimage\"},\"image\":{\"@id\":\"https:\\\/\\\/www.manabi.gob.ec\\\/index.php\\\/trabajos-en-via-rural-de-17-km-devuelve-la-tranquilidad-a-productores-de-san-pablo-de-pueblo-nuevo\\\/#primaryimage\"},\"thumbnailUrl\":\"https:\\\/\\\/www.manabi.gob.ec\\\/wp-content\\\/uploads\\\/2026\\\/09\\\/WhatsApp-Image-2026-08-28-at-2.24.52-PM.jpeg\",\"datePublished\":\"2026-09-01T13:53:33+00:00\",\"dateModified\":\"2026-09-01T13:53:34+00:00\",\"author\":{\"@id\":\"https:\\\/\\\/www.manabi.gob.ec\\\/#\\\/schema\\\/person\\\/c4f117989332ad723a6ced5994aa7d7a\"},\"breadcrumb\":{\"@id\":\"https:\\\/\\\/www.manabi.gob.ec\\\/index.php\\\/trabajos-en-via-rural-de-17-km-devuelve-la-tranquilidad-a-productores-de-san-pablo-de-pueblo-nuevo\\\/#breadcrumb\"},\"inLanguage\":\"es\",\"potentialAction\":[{\"@type\":\"ReadAction\",\"target\":[\"https:\\\/\\\/www.manabi.gob.ec\\\/index.php\\\/trabajos-en-via-rural-de-17-km-devuelve-la-tranquilidad-a-productores-de-san-pablo-de-pueblo-nuevo\\\/\"]}]},{\"@type\":\"ImageObject\",\"inLanguage\":\"es\",\"@id\":\"https:\\\/\\\/www.manabi.gob.ec\\\/index.php\\\/trabajos-en-via-rural-de-17-km-devuelve-la-tranquilidad-a-productores-de-san-pablo-de-pueblo-nuevo\\\/#primaryimage\",\"url\":\"https:\\\/\\\/www.manabi.gob.ec\\\/wp-content\\\/uploads\\\/2026\\\/09\\\/WhatsApp-Image-2026-08-28-at-2.24.52-PM.jpeg\",\"contentUrl\":\"https:\\\/\\\/www.manabi.gob.ec\\\/wp-content\\\/uploads\\\/2026\\\/09\\\/WhatsApp-Image-2026-08-28-at-2.24.52-PM.jpeg\",\"width\":1280,\"height\":853},{\"@type\":\"BreadcrumbList\",\"@id\":\"https:\\\/\\\/www.manabi.gob.ec\\\/index.php\\\/trabajos-en-via-rural-de-17-km-devuelve-la-tranquilidad-a-productores-de-san-pablo-de-pueblo-nuevo\\\/#breadcrumb\",\"itemListElement\":[{\"@type\":\"ListItem\",\"position\":1,\"name\":\"Portada\",\"item\":\"https:\\\/\\\/www.manabi.gob.ec\\\/\"},{\"@type\":\"ListItem\",\"position\":2,\"name\":\"Trabajos en v\u00eda rural de 17 km devuelve la tranquilidad a productores de San Pablo de Pueblo Nuevo\"}]},{\"@type\":\"WebSite\",\"@id\":\"https:\\\/\\\/www.manabi.gob.ec\\\/#website\",\"url\":\"https:\\\/\\\/www.manabi.gob.ec\\\/\",\"name\":\"Prefectura de Manab\u00ed\",\"description\":\"P\u00e1gina web de la prefectura\",\"potentialAction\":[{\"@type\":\"SearchAction\",\"target\":{\"@type\":\"EntryPoint\",\"urlTemplate\":\"https:\\\/\\\/www.manabi.gob.ec\\\/?s={search_term_string}\"},\"query-input\":{\"@type\":\"PropertyValueSpecification\",\"valueRequired\":true,\"valueName\":\"search_term_string\"}}],\"inLanguage\":\"es\"},{\"@type\":\"Person\",\"@id\":\"https:\\\/\\\/www.manabi.gob.ec\\\/#\\\/schema\\\/person\\\/c4f117989332ad723a6ced5994aa7d7a\",\"name\":\"Lui Ochoa\",\"image\":{\"@type\":\"ImageObject\",\"inLanguage\":\"es\",\"@id\":\"https:\\\/\\\/secure.gravatar.com\\\/avatar\\\/6e8017d0fe69dead8a95864d2eb6e1e1d8bf8e01194ba49cf7b897ff038126ba?s=96&d=mm&r=g\",\"url\":\"https:\\\/\\\/secure.gravatar.com\\\/avatar\\\/6e8017d0fe69dead8a95864d2eb6e1e1d8bf8e01194ba49cf7b897ff038126ba?s=96&d=mm&r=g\",\"contentUrl\":\"https:\\\/\\\/secure.gravatar.com\\\/avatar\\\/6e8017d0fe69dead8a95864d2eb6e1e1d8bf8e01194ba49cf7b897ff038126ba?s=96&d=mm&r=g\",\"caption\":\"Lui Ochoa\"},\"url\":\"https:\\\/\\\/www.manabi.gob.ec\\\/index.php\\\/author\\\/lochoa\\\/\"}]}<\/script>\n<!-- \/ Yoast SEO plugin. -->","yoast_head_json":{"title":"Trabajos en v\u00eda rural de 17 km devuelve la tranquilidad a productores de San Pablo de Pueblo Nuevo - Prefectura de Manab\u00ed","robots":{"index":"index","follow":"follow","max-snippet":"max-snippet:-1","max-image-preview":"max-image-preview:large","max-video-preview":"max-video-preview:-1"},"canonical":"https:\/\/www.manabi.gob.ec\/index.php\/trabajos-en-via-rural-de-17-km-devuelve-la-tranquilidad-a-productores-de-san-pablo-de-pueblo-nuevo\/","og_locale":"es_ES","og_type":"article","og_title":"Trabajos en v\u00eda rural de 17 km devuelve la tranquilidad a productores de San Pablo de Pueblo Nuevo - Prefectura de Manab\u00ed","og_description":"Para Ram\u00f3n Berm\u00fadez, productor de la comunidad Santa B\u00e1rbara, volver a transitar por la v\u00eda que comunica con El Moral, Boca de Prosperina y Agua Fr\u00eda significa recuperar algo m\u00e1s que un camino: la posibilidad de sacar su producci\u00f3n sin temor a que se pierda. \u201cAqu\u00ed la mayor parte de la producci\u00f3n se estaba perdiendo\u201d, [&hellip;]","og_url":"https:\/\/www.manabi.gob.ec\/index.php\/trabajos-en-via-rural-de-17-km-devuelve-la-tranquilidad-a-productores-de-san-pablo-de-pueblo-nuevo\/","og_site_name":"Prefectura de Manab\u00ed","article_published_time":"2026-09-01T13:53:33+00:00","article_modified_time":"2026-09-01T13:53:34+00:00","og_image":[{"width":1280,"height":853,"url":"https:\/\/www.manabi.gob.ec\/wp-content\/uploads\/2026\/09\/WhatsApp-Image-2026-08-28-at-2.24.52-PM.jpeg","type":"image\/jpeg"}],"author":"Lui Ochoa","twitter_card":"summary_large_image","twitter_misc":{"Escrito por":"Lui Ochoa","Tiempo de lectura":"2 minutos"},"schema":{"@context":"https:\/\/schema.org","@graph":[{"@type":"Article","@id":"https:\/\/www.manabi.gob.ec\/index.php\/trabajos-en-via-rural-de-17-km-devuelve-la-tranquilidad-a-productores-de-san-pablo-de-pueblo-nuevo\/#article","isPartOf":{"@id":"https:\/\/www.manabi.gob.ec\/index.php\/trabajos-en-via-rural-de-17-km-devuelve-la-tranquilidad-a-productores-de-san-pablo-de-pueblo-nuevo\/"},"author":{"name":"Lui Ochoa","@id":"https:\/\/www.manabi.gob.ec\/#\/schema\/person\/c4f117989332ad723a6ced5994aa7d7a"},"headline":"Trabajos en v\u00eda rural de 17 km devuelve la tranquilidad a productores de San Pablo de Pueblo Nuevo","datePublished":"2026-09-01T13:53:33+00:00","dateModified":"2026-09-01T13:53:34+00:00","mainEntityOfPage":{"@id":"https:\/\/www.manabi.gob.ec\/index.php\/trabajos-en-via-rural-de-17-km-devuelve-la-tranquilidad-a-productores-de-san-pablo-de-pueblo-nuevo\/"},"wordCount":370,"image":{"@id":"https:\/\/www.manabi.gob.ec\/index.php\/trabajos-en-via-rural-de-17-km-devuelve-la-tranquilidad-a-productores-de-san-pablo-de-pueblo-nuevo\/#primaryimage"},"thumbnailUrl":"https:\/\/www.manabi.gob.ec\/wp-content\/uploads\/2026\/09\/WhatsApp-Image-2026-08-28-at-2.24.52-PM.jpeg","keywords":["Vialidad"],"articleSection":["Ambiente","Desarrollo Social","Manab\u00ed Vial","Manab\u0131 cambia para siempre","Noticias","Obra P\u00fablica","Todas","Vialidad"],"inLanguage":"es"},{"@type":"WebPage","@id":"https:\/\/www.manabi.gob.ec\/index.php\/trabajos-en-via-rural-de-17-km-devuelve-la-tranquilidad-a-productores-de-san-pablo-de-pueblo-nuevo\/","url":"https:\/\/www.manabi.gob.ec\/index.php\/trabajos-en-via-rural-de-17-km-devuelve-la-tranquilidad-a-productores-de-san-pablo-de-pueblo-nuevo\/","name":"Trabajos en v\u00eda rural de 17 km devuelve la tranquilidad a productores de San Pablo de Pueblo Nuevo - Prefectura de Manab\u00ed","isPartOf":{"@id":"https:\/\/www.manabi.gob.ec\/#website"},"primaryImageOfPage":{"@id":"https:\/\/www.manabi.gob.ec\/index.php\/trabajos-en-via-rural-de-17-km-devuelve-la-tranquilidad-a-productores-de-san-pablo-de-pueblo-nuevo\/#primaryimage"},"image":{"@id":"https:\/\/www.manabi.gob.ec\/index.php\/trabajos-en-via-rural-de-17-km-devuelve-la-tranquilidad-a-productores-de-san-pablo-de-pueblo-nuevo\/#primaryimage"},"thumbnailUrl":"https:\/\/www.manabi.gob.ec\/wp-content\/uploads\/2026\/09\/WhatsApp-Image-2026-08-28-at-2.24.52-PM.jpeg","datePublished":"2026-09-01T13:53:33+00:00","dateModified":"2026-09-01T13:53:34+00:00","author":{"@id":"https:\/\/www.manabi.gob.ec\/#\/schema\/person\/c4f117989332ad723a6ced5994aa7d7a"},"breadcrumb":{"@id":"https:\/\/www.manabi.gob.ec\/index.php\/trabajos-en-via-rural-de-17-km-devuelve-la-tranquilidad-a-productores-de-san-pablo-de-pueblo-nuevo\/#breadcrumb"},"inLanguage":"es","potentialAction":[{"@type":"ReadAction","target":["https:\/\/www.manabi.gob.ec\/index.php\/trabajos-en-via-rural-de-17-km-devuelve-la-tranquilidad-a-productores-de-san-pablo-de-pueblo-nuevo\/"]}]},{"@type":"ImageObject","inLanguage":"es","@id":"https:\/\/www.manabi.gob.ec\/index.php\/trabajos-en-via-rural-de-17-km-devuelve-la-tranquilidad-a-productores-de-san-pablo-de-pueblo-nuevo\/#primaryimage","url":"https:\/\/www.manabi.gob.ec\/wp-content\/uploads\/2026\/09\/WhatsApp-Image-2026-08-28-at-2.24.52-PM.jpeg","contentUrl":"https:\/\/www.manabi.gob.ec\/wp-content\/uploads\/2026\/09\/WhatsApp-Image-2026-08-28-at-2.24.52-PM.jpeg","width":1280,"height":853},{"@type":"BreadcrumbList","@id":"https:\/\/www.manabi.gob.ec\/index.php\/trabajos-en-via-rural-de-17-km-devuelve-la-tranquilidad-a-productores-de-san-pablo-de-pueblo-nuevo\/#breadcrumb","itemListElement":[{"@type":"ListItem","position":1,"name":"Portada","item":"https:\/\/www.manabi.gob.ec\/"},{"@type":"ListItem","position":2,"name":"Trabajos en v\u00eda rural de 17 km devuelve la tranquilidad a productores de San Pablo de Pueblo Nuevo"}]},{"@type":"WebSite","@id":"https:\/\/www.manabi.gob.ec\/#website","url":"https:\/\/www.manabi.gob.ec\/","name":"Prefectura de Manab\u00ed","description":"P\u00e1gina web de la prefectura","potentialAction":[{"@type":"SearchAction","target":{"@type":"EntryPoint","urlTemplate":"https:\/\/www.manabi.gob.ec\/?s={search_term_string}"},"query-input":{"@type":"PropertyValueSpecification","valueRequired":true,"valueName":"search_term_string"}}],"inLanguage":"es"},{"@type":"Person","@id":"https:\/\/www.manabi.gob.ec\/#\/schema\/person\/c4f117989332ad723a6ced5994aa7d7a","name":"Lui Ochoa","image":{"@type":"ImageObject","inLanguage":"es","@id":"https:\/\/secure.gravatar.com\/avatar\/6e8017d0fe69dead8a95864d2eb6e1e1d8bf8e01194ba49cf7b897ff038126ba?s=96&d=mm&r=g","url":"https:\/\/secure.gravatar.com\/avatar\/6e8017d0fe69dead8a95864d2eb6e1e1d8bf8e01194ba49cf7b897ff038126ba?s=96&d=mm&r=g","contentUrl":"https:\/\/secure.gravatar.com\/avatar\/6e8017d0fe69dead8a95864d2eb6e1e1d8bf8e01194ba49cf7b897ff038126ba?s=96&d=mm&r=g","caption":"Lui Ochoa"},"url":"https:\/\/www.manabi.gob.ec\/index.php\/author\/lochoa\/"}]}},"jetpack_featured_media_url":"https:\/\/www.manabi.gob.ec\/wp-content\/uploads\/2026\/09\/WhatsApp-Image-2026-08-28-at-2.24.52-PM.jpeg","_links":{"self":[{"href":"https:\/\/www.manabi.gob.ec\/index.php\/wp-json\/wp\/v2\/posts\/35397","targetHints":{"allow":["GET"]}}],"collection":[{"href":"https:\/\/www.manabi.gob.ec\/index.php\/wp-json\/wp\/v2\/posts"}],"about":[{"href":"https:\/\/www.manabi.gob.ec\/index.php\/wp-json\/wp\/v2\/types\/post"}],"author":[{"embeddable":true,"href":"https:\/\/www.manabi.gob.ec\/index.php\/wp-json\/wp\/v2\/users\/10"}],"replies":[{"embeddable":true,"href":"https:\/\/www.manabi.gob.ec\/index.php\/wp-json\/wp\/v2\/comments?post=35397"}],"version-history":[{"count":1,"href":"https:\/\/www.manabi.gob.ec\/index.php\/wp-json\/wp\/v2\/posts\/35397\/revisions"}],"predecessor-version":[{"id":35399,"href":"https:\/\/www.manabi.gob.ec\/index.php\/wp-json\/wp\/v2\/posts\/35397\/revisions\/35399"}],"wp:featuredmedia":[{"embeddable":true,"href":"https:\/\/www.manabi.gob.ec\/index.php\/wp-json\/wp\/v2\/media\/35398"}],"wp:attachment":[{"href":"https:\/\/www.manabi.gob.ec\/index.php\/wp-json\/wp\/v2\/media?parent=35397"}],"wp:term":[{"taxonomy":"category","embeddable":true,"href":"https:\/\/www.manabi.gob.ec\/index.php\/wp-json\/wp\/v2\/categories?post=35397"},{"taxonomy":"post_tag","embeddable":true,"href":"https:\/\/www.manabi.gob.ec\/index.php\/wp-json\/wp\/v2\/tags?post=35397"}],"curies":[{"name":"wp","href":"https:\/\/api.w.org\/{rel}","templated":true}]}}