{"id":35400,"date":"2026-09-01T13:57:26","date_gmt":"2026-09-01T13:57:26","guid":{"rendered":"https:\/\/www.manabi.gob.ec\/?p=35400"},"modified":"2026-09-01T13:57:28","modified_gmt":"2026-09-01T13:57:28","slug":"la-rehabilitacion-fisica-gratuita-llega-a-las-familias-de-jaramijo","status":"publish","type":"post","link":"https:\/\/www.manabi.gob.ec\/index.php\/la-rehabilitacion-fisica-gratuita-llega-a-las-familias-de-jaramijo\/","title":{"rendered":"La rehabilitaci\u00f3n f\u00edsica gratuita llega a las familias de Jaramij\u00f3"},"content":{"rendered":"\n<p class=\"wp-block-paragraph\">\u201cDurante los 86 a\u00f1os que tengo no ha habido un centro de rehabilitaci\u00f3n f\u00edsica aqu\u00ed. Hoy ese es un beneficio para nosotros porque no tenemos que viajar y, m\u00e1s a\u00fan, pagar por una terapia\u201d. As\u00ed resumi\u00f3 Ra\u00fal Buenaventura lo que significa la apertura del nuevo Centro de Rehabilitaci\u00f3n F\u00edsica Manab\u00ed Humano, que la Prefectura de Manab\u00ed y el GAD Municipal de Jaramij\u00f3, implementaron en este cant\u00f3n.<\/p>\n\n\n\n<p class=\"wp-block-paragraph\">El centro fue inaugurado el 28 de agosto, quebeneficiar\u00e1 directamente a 135 personas y permitir\u00e1 que quienes requieren terapias frecuentes accedan a atenci\u00f3n gratuita dentro del cant\u00f3n, y ya no viajar a Manta o Portoviejo. Con esta apertura, Manab\u00ed alcanza 73 centros de rehabilitaci\u00f3n f\u00edsica, como parte del proyecto \u201cRompiendo Barreras e Integrando Sue\u00f1os\u201d.<\/p>\n\n\n\n<p class=\"wp-block-paragraph\">La atenci\u00f3n tambi\u00e9n llegar\u00e1 a los hogares de pacientes que no puedan movilizarse y se habilit\u00f3 un c\u00f3digo QR para el agendamiento de citas. A esto se sumar\u00e1n servicios itinerantes de medicina general, odontolog\u00eda y optometr\u00eda.<\/p>\n\n\n\n<p class=\"wp-block-paragraph\">Durante la inauguraci\u00f3n el prefecto, Leonardo Orlando, anunci\u00f3 la ampliaci\u00f3n de la atenci\u00f3n con un equipo de cuatro profesionales para brindar rehabilitaci\u00f3n f\u00edsica, terapia ocupacional, terapia de lenguaje y psicolog\u00eda cl\u00ednica.<br>Para esa ampliaci\u00f3n, el Municipio dispondr\u00e1 de m\u00e1s espacio y la Prefectura aportar\u00e1 con equipamiento y profesionales. \u201cPrimero es la inclusi\u00f3n, la gratuidad de todos los servicios p\u00fablicos que brindamos, y luego la econom\u00eda. El tiempo y la movilizaci\u00f3n implican un costo adicional\u201d, se\u00f1al\u00f3 el prefecto Orlando.<\/p>\n\n\n\n<p class=\"wp-block-paragraph\">Alexander Mero, destac\u00f3 el impacto que tendr\u00e1 el servicio para las personas con discapacidad y sus familias. \u201cContar con un centro de rehabilitaci\u00f3n en nuestro propio cant\u00f3n era una necesidad y, para muchos de nosotros, tambi\u00e9n era un sue\u00f1o. Hoy ese sue\u00f1o se hace realidad\u201d, expres\u00f3.<\/p>\n\n\n\n<p class=\"wp-block-paragraph\">Para Ra\u00fal Buenaventura, el beneficio es concreto. \u201cAgradezco al prefecto Leonardo Orlando y al alcalde Simetro Calder\u00f3n por hacer posible este centro para quienes estamos imposibilitados y queremos volver a dar unos cuantos pasos\u201d. En Jaramij\u00f3, la rehabilitaci\u00f3n gratuita ahora est\u00e1 m\u00e1s cerca de quienes la necesitan.<\/p>\n","protected":false},"excerpt":{"rendered":"<p>\u201cDurante los 86 a\u00f1os que tengo no ha habido un centro de rehabilitaci\u00f3n f\u00edsica aqu\u00ed. Hoy ese es un beneficio para nosotros porque no tenemos que viajar y, m\u00e1s a\u00fan, pagar por una terapia\u201d. As\u00ed resumi\u00f3 Ra\u00fal Buenaventura lo que significa la apertura del nuevo Centro de Rehabilitaci\u00f3n F\u00edsica Manab\u00ed Humano, que la Prefectura de [&hellip;]<\/p>\n","protected":false},"author":10,"featured_media":35401,"comment_status":"closed","ping_status":"closed","sticky":false,"template":"","format":"standard","meta":{"_joinchat":[],"footnotes":""},"categories":[150,142,211,92,91],"tags":[],"class_list":["post-35400","post","type-post","status-publish","format-standard","has-post-thumbnail","hentry","category-ambiente","category-desarrollo-social","category-jaramijo","category-noticias-manabi","category-todas"],"yoast_head":"<!-- This site is optimized with the Yoast SEO plugin v27.4 - https:\/\/yoast.com\/product\/yoast-seo-wordpress\/ -->\n<title>La rehabilitaci\u00f3n f\u00edsica gratuita llega a las familias de Jaramij\u00f3 - Prefectura de Manab\u00ed<\/title>\n<meta name=\"robots\" content=\"index, follow, max-snippet:-1, max-image-preview:large, max-video-preview:-1\" \/>\n<link rel=\"canonical\" href=\"https:\/\/www.manabi.gob.ec\/index.php\/la-rehabilitacion-fisica-gratuita-llega-a-las-familias-de-jaramijo\/\" \/>\n<meta property=\"og:locale\" content=\"es_ES\" \/>\n<meta property=\"og:type\" content=\"article\" \/>\n<meta property=\"og:title\" content=\"La rehabilitaci\u00f3n f\u00edsica gratuita llega a las familias de Jaramij\u00f3 - Prefectura de Manab\u00ed\" \/>\n<meta property=\"og:description\" content=\"\u201cDurante los 86 a\u00f1os que tengo no ha habido un centro de rehabilitaci\u00f3n f\u00edsica aqu\u00ed. Hoy ese es un beneficio para nosotros porque no tenemos que viajar y, m\u00e1s a\u00fan, pagar por una terapia\u201d. As\u00ed resumi\u00f3 Ra\u00fal Buenaventura lo que significa la apertura del nuevo Centro de Rehabilitaci\u00f3n F\u00edsica Manab\u00ed Humano, que la Prefectura de [&hellip;]\" \/>\n<meta property=\"og:url\" content=\"https:\/\/www.manabi.gob.ec\/index.php\/la-rehabilitacion-fisica-gratuita-llega-a-las-familias-de-jaramijo\/\" \/>\n<meta property=\"og:site_name\" content=\"Prefectura de Manab\u00ed\" \/>\n<meta property=\"article:published_time\" content=\"2026-09-01T13:57:26+00:00\" \/>\n<meta property=\"article:modified_time\" content=\"2026-09-01T13:57:28+00:00\" \/>\n<meta property=\"og:image\" content=\"https:\/\/www.manabi.gob.ec\/wp-content\/uploads\/2026\/09\/WhatsApp-Image-2026-08-31-at-8.59.32-AM-scaled.jpeg\" \/>\n\t<meta property=\"og:image:width\" content=\"2560\" \/>\n\t<meta property=\"og:image:height\" content=\"1437\" \/>\n\t<meta property=\"og:image:type\" content=\"image\/jpeg\" \/>\n<meta name=\"author\" content=\"Lui Ochoa\" \/>\n<meta name=\"twitter:card\" content=\"summary_large_image\" \/>\n<meta name=\"twitter:label1\" content=\"Escrito por\" \/>\n\t<meta name=\"twitter:data1\" content=\"Lui Ochoa\" \/>\n\t<meta name=\"twitter:label2\" content=\"Tiempo de lectura\" \/>\n\t<meta name=\"twitter:data2\" content=\"2 minutos\" \/>\n<script type=\"application\/ld+json\" class=\"yoast-schema-graph\">{\"@context\":\"https:\\\/\\\/schema.org\",\"@graph\":[{\"@type\":\"Article\",\"@id\":\"https:\\\/\\\/www.manabi.gob.ec\\\/index.php\\\/la-rehabilitacion-fisica-gratuita-llega-a-las-familias-de-jaramijo\\\/#article\",\"isPartOf\":{\"@id\":\"https:\\\/\\\/www.manabi.gob.ec\\\/index.php\\\/la-rehabilitacion-fisica-gratuita-llega-a-las-familias-de-jaramijo\\\/\"},\"author\":{\"name\":\"Lui Ochoa\",\"@id\":\"https:\\\/\\\/www.manabi.gob.ec\\\/#\\\/schema\\\/person\\\/c4f117989332ad723a6ced5994aa7d7a\"},\"headline\":\"La rehabilitaci\u00f3n f\u00edsica gratuita llega a las familias de Jaramij\u00f3\",\"datePublished\":\"2026-09-01T13:57:26+00:00\",\"dateModified\":\"2026-09-01T13:57:28+00:00\",\"mainEntityOfPage\":{\"@id\":\"https:\\\/\\\/www.manabi.gob.ec\\\/index.php\\\/la-rehabilitacion-fisica-gratuita-llega-a-las-familias-de-jaramijo\\\/\"},\"wordCount\":378,\"image\":{\"@id\":\"https:\\\/\\\/www.manabi.gob.ec\\\/index.php\\\/la-rehabilitacion-fisica-gratuita-llega-a-las-familias-de-jaramijo\\\/#primaryimage\"},\"thumbnailUrl\":\"https:\\\/\\\/www.manabi.gob.ec\\\/wp-content\\\/uploads\\\/2026\\\/09\\\/WhatsApp-Image-2026-08-31-at-8.59.32-AM-scaled.jpeg\",\"articleSection\":[\"Ambiente\",\"Desarrollo Social\",\"Jaramij\u00f3\",\"Noticias\",\"Todas\"],\"inLanguage\":\"es\"},{\"@type\":\"WebPage\",\"@id\":\"https:\\\/\\\/www.manabi.gob.ec\\\/index.php\\\/la-rehabilitacion-fisica-gratuita-llega-a-las-familias-de-jaramijo\\\/\",\"url\":\"https:\\\/\\\/www.manabi.gob.ec\\\/index.php\\\/la-rehabilitacion-fisica-gratuita-llega-a-las-familias-de-jaramijo\\\/\",\"name\":\"La rehabilitaci\u00f3n f\u00edsica gratuita llega a las familias de Jaramij\u00f3 - Prefectura de Manab\u00ed\",\"isPartOf\":{\"@id\":\"https:\\\/\\\/www.manabi.gob.ec\\\/#website\"},\"primaryImageOfPage\":{\"@id\":\"https:\\\/\\\/www.manabi.gob.ec\\\/index.php\\\/la-rehabilitacion-fisica-gratuita-llega-a-las-familias-de-jaramijo\\\/#primaryimage\"},\"image\":{\"@id\":\"https:\\\/\\\/www.manabi.gob.ec\\\/index.php\\\/la-rehabilitacion-fisica-gratuita-llega-a-las-familias-de-jaramijo\\\/#primaryimage\"},\"thumbnailUrl\":\"https:\\\/\\\/www.manabi.gob.ec\\\/wp-content\\\/uploads\\\/2026\\\/09\\\/WhatsApp-Image-2026-08-31-at-8.59.32-AM-scaled.jpeg\",\"datePublished\":\"2026-09-01T13:57:26+00:00\",\"dateModified\":\"2026-09-01T13:57:28+00:00\",\"author\":{\"@id\":\"https:\\\/\\\/www.manabi.gob.ec\\\/#\\\/schema\\\/person\\\/c4f117989332ad723a6ced5994aa7d7a\"},\"breadcrumb\":{\"@id\":\"https:\\\/\\\/www.manabi.gob.ec\\\/index.php\\\/la-rehabilitacion-fisica-gratuita-llega-a-las-familias-de-jaramijo\\\/#breadcrumb\"},\"inLanguage\":\"es\",\"potentialAction\":[{\"@type\":\"ReadAction\",\"target\":[\"https:\\\/\\\/www.manabi.gob.ec\\\/index.php\\\/la-rehabilitacion-fisica-gratuita-llega-a-las-familias-de-jaramijo\\\/\"]}]},{\"@type\":\"ImageObject\",\"inLanguage\":\"es\",\"@id\":\"https:\\\/\\\/www.manabi.gob.ec\\\/index.php\\\/la-rehabilitacion-fisica-gratuita-llega-a-las-familias-de-jaramijo\\\/#primaryimage\",\"url\":\"https:\\\/\\\/www.manabi.gob.ec\\\/wp-content\\\/uploads\\\/2026\\\/09\\\/WhatsApp-Image-2026-08-31-at-8.59.32-AM-scaled.jpeg\",\"contentUrl\":\"https:\\\/\\\/www.manabi.gob.ec\\\/wp-content\\\/uploads\\\/2026\\\/09\\\/WhatsApp-Image-2026-08-31-at-8.59.32-AM-scaled.jpeg\",\"width\":2560,\"height\":1437},{\"@type\":\"BreadcrumbList\",\"@id\":\"https:\\\/\\\/www.manabi.gob.ec\\\/index.php\\\/la-rehabilitacion-fisica-gratuita-llega-a-las-familias-de-jaramijo\\\/#breadcrumb\",\"itemListElement\":[{\"@type\":\"ListItem\",\"position\":1,\"name\":\"Portada\",\"item\":\"https:\\\/\\\/www.manabi.gob.ec\\\/\"},{\"@type\":\"ListItem\",\"position\":2,\"name\":\"La rehabilitaci\u00f3n f\u00edsica gratuita llega a las familias de Jaramij\u00f3\"}]},{\"@type\":\"WebSite\",\"@id\":\"https:\\\/\\\/www.manabi.gob.ec\\\/#website\",\"url\":\"https:\\\/\\\/www.manabi.gob.ec\\\/\",\"name\":\"Prefectura de Manab\u00ed\",\"description\":\"P\u00e1gina web de la prefectura\",\"potentialAction\":[{\"@type\":\"SearchAction\",\"target\":{\"@type\":\"EntryPoint\",\"urlTemplate\":\"https:\\\/\\\/www.manabi.gob.ec\\\/?s={search_term_string}\"},\"query-input\":{\"@type\":\"PropertyValueSpecification\",\"valueRequired\":true,\"valueName\":\"search_term_string\"}}],\"inLanguage\":\"es\"},{\"@type\":\"Person\",\"@id\":\"https:\\\/\\\/www.manabi.gob.ec\\\/#\\\/schema\\\/person\\\/c4f117989332ad723a6ced5994aa7d7a\",\"name\":\"Lui Ochoa\",\"image\":{\"@type\":\"ImageObject\",\"inLanguage\":\"es\",\"@id\":\"https:\\\/\\\/secure.gravatar.com\\\/avatar\\\/6e8017d0fe69dead8a95864d2eb6e1e1d8bf8e01194ba49cf7b897ff038126ba?s=96&d=mm&r=g\",\"url\":\"https:\\\/\\\/secure.gravatar.com\\\/avatar\\\/6e8017d0fe69dead8a95864d2eb6e1e1d8bf8e01194ba49cf7b897ff038126ba?s=96&d=mm&r=g\",\"contentUrl\":\"https:\\\/\\\/secure.gravatar.com\\\/avatar\\\/6e8017d0fe69dead8a95864d2eb6e1e1d8bf8e01194ba49cf7b897ff038126ba?s=96&d=mm&r=g\",\"caption\":\"Lui Ochoa\"},\"url\":\"https:\\\/\\\/www.manabi.gob.ec\\\/index.php\\\/author\\\/lochoa\\\/\"}]}<\/script>\n<!-- \/ Yoast SEO plugin. -->","yoast_head_json":{"title":"La rehabilitaci\u00f3n f\u00edsica gratuita llega a las familias de Jaramij\u00f3 - Prefectura de Manab\u00ed","robots":{"index":"index","follow":"follow","max-snippet":"max-snippet:-1","max-image-preview":"max-image-preview:large","max-video-preview":"max-video-preview:-1"},"canonical":"https:\/\/www.manabi.gob.ec\/index.php\/la-rehabilitacion-fisica-gratuita-llega-a-las-familias-de-jaramijo\/","og_locale":"es_ES","og_type":"article","og_title":"La rehabilitaci\u00f3n f\u00edsica gratuita llega a las familias de Jaramij\u00f3 - Prefectura de Manab\u00ed","og_description":"\u201cDurante los 86 a\u00f1os que tengo no ha habido un centro de rehabilitaci\u00f3n f\u00edsica aqu\u00ed. Hoy ese es un beneficio para nosotros porque no tenemos que viajar y, m\u00e1s a\u00fan, pagar por una terapia\u201d. As\u00ed resumi\u00f3 Ra\u00fal Buenaventura lo que significa la apertura del nuevo Centro de Rehabilitaci\u00f3n F\u00edsica Manab\u00ed Humano, que la Prefectura de [&hellip;]","og_url":"https:\/\/www.manabi.gob.ec\/index.php\/la-rehabilitacion-fisica-gratuita-llega-a-las-familias-de-jaramijo\/","og_site_name":"Prefectura de Manab\u00ed","article_published_time":"2026-09-01T13:57:26+00:00","article_modified_time":"2026-09-01T13:57:28+00:00","og_image":[{"width":2560,"height":1437,"url":"https:\/\/www.manabi.gob.ec\/wp-content\/uploads\/2026\/09\/WhatsApp-Image-2026-08-31-at-8.59.32-AM-scaled.jpeg","type":"image\/jpeg"}],"author":"Lui Ochoa","twitter_card":"summary_large_image","twitter_misc":{"Escrito por":"Lui Ochoa","Tiempo de lectura":"2 minutos"},"schema":{"@context":"https:\/\/schema.org","@graph":[{"@type":"Article","@id":"https:\/\/www.manabi.gob.ec\/index.php\/la-rehabilitacion-fisica-gratuita-llega-a-las-familias-de-jaramijo\/#article","isPartOf":{"@id":"https:\/\/www.manabi.gob.ec\/index.php\/la-rehabilitacion-fisica-gratuita-llega-a-las-familias-de-jaramijo\/"},"author":{"name":"Lui Ochoa","@id":"https:\/\/www.manabi.gob.ec\/#\/schema\/person\/c4f117989332ad723a6ced5994aa7d7a"},"headline":"La rehabilitaci\u00f3n f\u00edsica gratuita llega a las familias de Jaramij\u00f3","datePublished":"2026-09-01T13:57:26+00:00","dateModified":"2026-09-01T13:57:28+00:00","mainEntityOfPage":{"@id":"https:\/\/www.manabi.gob.ec\/index.php\/la-rehabilitacion-fisica-gratuita-llega-a-las-familias-de-jaramijo\/"},"wordCount":378,"image":{"@id":"https:\/\/www.manabi.gob.ec\/index.php\/la-rehabilitacion-fisica-gratuita-llega-a-las-familias-de-jaramijo\/#primaryimage"},"thumbnailUrl":"https:\/\/www.manabi.gob.ec\/wp-content\/uploads\/2026\/09\/WhatsApp-Image-2026-08-31-at-8.59.32-AM-scaled.jpeg","articleSection":["Ambiente","Desarrollo Social","Jaramij\u00f3","Noticias","Todas"],"inLanguage":"es"},{"@type":"WebPage","@id":"https:\/\/www.manabi.gob.ec\/index.php\/la-rehabilitacion-fisica-gratuita-llega-a-las-familias-de-jaramijo\/","url":"https:\/\/www.manabi.gob.ec\/index.php\/la-rehabilitacion-fisica-gratuita-llega-a-las-familias-de-jaramijo\/","name":"La rehabilitaci\u00f3n f\u00edsica gratuita llega a las familias de Jaramij\u00f3 - Prefectura de Manab\u00ed","isPartOf":{"@id":"https:\/\/www.manabi.gob.ec\/#website"},"primaryImageOfPage":{"@id":"https:\/\/www.manabi.gob.ec\/index.php\/la-rehabilitacion-fisica-gratuita-llega-a-las-familias-de-jaramijo\/#primaryimage"},"image":{"@id":"https:\/\/www.manabi.gob.ec\/index.php\/la-rehabilitacion-fisica-gratuita-llega-a-las-familias-de-jaramijo\/#primaryimage"},"thumbnailUrl":"https:\/\/www.manabi.gob.ec\/wp-content\/uploads\/2026\/09\/WhatsApp-Image-2026-08-31-at-8.59.32-AM-scaled.jpeg","datePublished":"2026-09-01T13:57:26+00:00","dateModified":"2026-09-01T13:57:28+00:00","author":{"@id":"https:\/\/www.manabi.gob.ec\/#\/schema\/person\/c4f117989332ad723a6ced5994aa7d7a"},"breadcrumb":{"@id":"https:\/\/www.manabi.gob.ec\/index.php\/la-rehabilitacion-fisica-gratuita-llega-a-las-familias-de-jaramijo\/#breadcrumb"},"inLanguage":"es","potentialAction":[{"@type":"ReadAction","target":["https:\/\/www.manabi.gob.ec\/index.php\/la-rehabilitacion-fisica-gratuita-llega-a-las-familias-de-jaramijo\/"]}]},{"@type":"ImageObject","inLanguage":"es","@id":"https:\/\/www.manabi.gob.ec\/index.php\/la-rehabilitacion-fisica-gratuita-llega-a-las-familias-de-jaramijo\/#primaryimage","url":"https:\/\/www.manabi.gob.ec\/wp-content\/uploads\/2026\/09\/WhatsApp-Image-2026-08-31-at-8.59.32-AM-scaled.jpeg","contentUrl":"https:\/\/www.manabi.gob.ec\/wp-content\/uploads\/2026\/09\/WhatsApp-Image-2026-08-31-at-8.59.32-AM-scaled.jpeg","width":2560,"height":1437},{"@type":"BreadcrumbList","@id":"https:\/\/www.manabi.gob.ec\/index.php\/la-rehabilitacion-fisica-gratuita-llega-a-las-familias-de-jaramijo\/#breadcrumb","itemListElement":[{"@type":"ListItem","position":1,"name":"Portada","item":"https:\/\/www.manabi.gob.ec\/"},{"@type":"ListItem","position":2,"name":"La rehabilitaci\u00f3n f\u00edsica gratuita llega a las familias de Jaramij\u00f3"}]},{"@type":"WebSite","@id":"https:\/\/www.manabi.gob.ec\/#website","url":"https:\/\/www.manabi.gob.ec\/","name":"Prefectura de Manab\u00ed","description":"P\u00e1gina web de la prefectura","potentialAction":[{"@type":"SearchAction","target":{"@type":"EntryPoint","urlTemplate":"https:\/\/www.manabi.gob.ec\/?s={search_term_string}"},"query-input":{"@type":"PropertyValueSpecification","valueRequired":true,"valueName":"search_term_string"}}],"inLanguage":"es"},{"@type":"Person","@id":"https:\/\/www.manabi.gob.ec\/#\/schema\/person\/c4f117989332ad723a6ced5994aa7d7a","name":"Lui Ochoa","image":{"@type":"ImageObject","inLanguage":"es","@id":"https:\/\/secure.gravatar.com\/avatar\/6e8017d0fe69dead8a95864d2eb6e1e1d8bf8e01194ba49cf7b897ff038126ba?s=96&d=mm&r=g","url":"https:\/\/secure.gravatar.com\/avatar\/6e8017d0fe69dead8a95864d2eb6e1e1d8bf8e01194ba49cf7b897ff038126ba?s=96&d=mm&r=g","contentUrl":"https:\/\/secure.gravatar.com\/avatar\/6e8017d0fe69dead8a95864d2eb6e1e1d8bf8e01194ba49cf7b897ff038126ba?s=96&d=mm&r=g","caption":"Lui Ochoa"},"url":"https:\/\/www.manabi.gob.ec\/index.php\/author\/lochoa\/"}]}},"jetpack_featured_media_url":"https:\/\/www.manabi.gob.ec\/wp-content\/uploads\/2026\/09\/WhatsApp-Image-2026-08-31-at-8.59.32-AM-scaled.jpeg","_links":{"self":[{"href":"https:\/\/www.manabi.gob.ec\/index.php\/wp-json\/wp\/v2\/posts\/35400","targetHints":{"allow":["GET"]}}],"collection":[{"href":"https:\/\/www.manabi.gob.ec\/index.php\/wp-json\/wp\/v2\/posts"}],"about":[{"href":"https:\/\/www.manabi.gob.ec\/index.php\/wp-json\/wp\/v2\/types\/post"}],"author":[{"embeddable":true,"href":"https:\/\/www.manabi.gob.ec\/index.php\/wp-json\/wp\/v2\/users\/10"}],"replies":[{"embeddable":true,"href":"https:\/\/www.manabi.gob.ec\/index.php\/wp-json\/wp\/v2\/comments?post=35400"}],"version-history":[{"count":1,"href":"https:\/\/www.manabi.gob.ec\/index.php\/wp-json\/wp\/v2\/posts\/35400\/revisions"}],"predecessor-version":[{"id":35402,"href":"https:\/\/www.manabi.gob.ec\/index.php\/wp-json\/wp\/v2\/posts\/35400\/revisions\/35402"}],"wp:featuredmedia":[{"embeddable":true,"href":"https:\/\/www.manabi.gob.ec\/index.php\/wp-json\/wp\/v2\/media\/35401"}],"wp:attachment":[{"href":"https:\/\/www.manabi.gob.ec\/index.php\/wp-json\/wp\/v2\/media?parent=35400"}],"wp:term":[{"taxonomy":"category","embeddable":true,"href":"https:\/\/www.manabi.gob.ec\/index.php\/wp-json\/wp\/v2\/categories?post=35400"},{"taxonomy":"post_tag","embeddable":true,"href":"https:\/\/www.manabi.gob.ec\/index.php\/wp-json\/wp\/v2\/tags?post=35400"}],"curies":[{"name":"wp","href":"https:\/\/api.w.org\/{rel}","templated":true}]}}