{"id":35403,"date":"2026-09-01T14:00:27","date_gmt":"2026-09-01T14:00:27","guid":{"rendered":"https:\/\/www.manabi.gob.ec\/?p=35403"},"modified":"2026-09-01T14:00:35","modified_gmt":"2026-09-01T14:00:35","slug":"la-danza-brillo-en-la-casa-de-la-cultura-nucleo-de-manabi","status":"publish","type":"post","link":"https:\/\/www.manabi.gob.ec\/index.php\/la-danza-brillo-en-la-casa-de-la-cultura-nucleo-de-manabi\/","title":{"rendered":"La danza brill\u00f3 en la Casa de la Cultura N\u00facleo de Manab\u00ed"},"content":{"rendered":"\n<p class=\"wp-block-paragraph\">La Casa de la Cultura N\u00facleo de Manab\u00ed fue escenario del destacado Festival de Danza \u201cEn Cuerpo y Alma\u201d, que reuni\u00f3 a 17 escuelas y academias de danza provenientes de diferentes sectores de la provincia y del pa\u00eds.<\/p>\n\n\n\n<p class=\"wp-block-paragraph\">En este importante encuentro art\u00edstico se destac\u00f3 la participaci\u00f3n de la Prefectura de Manab\u00ed, con la presentaci\u00f3n \u201cLa P\u00edcara P\u00e1jara Pinta\u201d, protagonizada por los alumnos de la academia, quienes demostraron talento, disciplina y pasi\u00f3n por la danza.<\/p>\n\n\n\n<p class=\"wp-block-paragraph\">El Presidente de la instituci\u00f3n expres\u00f3 su agradecimiento por el apoyo incondicional de la Prefectura de Manab\u00ed, liderada por el economista Leonardo Orlando, Prefecto de Manab\u00ed, cuyo respaldo fortalece el desarrollo cultural y art\u00edstico de nuestra provincia.<\/p>\n\n\n\n<p class=\"wp-block-paragraph\">Manab\u00ed sigue demostrando que su talento y cultura brillan con fuerza.<\/p>\n","protected":false},"excerpt":{"rendered":"<p>La Casa de la Cultura N\u00facleo de Manab\u00ed fue escenario del destacado Festival de Danza \u201cEn Cuerpo y Alma\u201d, que reuni\u00f3 a 17 escuelas y academias de danza provenientes de diferentes sectores de la provincia y del pa\u00eds. En este importante encuentro art\u00edstico se destac\u00f3 la participaci\u00f3n de la Prefectura de Manab\u00ed, con la presentaci\u00f3n [&hellip;]<\/p>\n","protected":false},"author":10,"featured_media":35404,"comment_status":"closed","ping_status":"closed","sticky":false,"template":"","format":"standard","meta":{"_joinchat":[],"footnotes":""},"categories":[150,142,92,91],"tags":[206,376],"class_list":["post-35403","post","type-post","status-publish","format-standard","has-post-thumbnail","hentry","category-ambiente","category-desarrollo-social","category-noticias-manabi","category-todas","tag-cultura","tag-danza"],"yoast_head":"<!-- This site is optimized with the Yoast SEO plugin v27.4 - https:\/\/yoast.com\/product\/yoast-seo-wordpress\/ -->\n<title>La danza brill\u00f3 en la Casa de la Cultura N\u00facleo de Manab\u00ed - Prefectura de Manab\u00ed<\/title>\n<meta name=\"robots\" content=\"index, follow, max-snippet:-1, max-image-preview:large, max-video-preview:-1\" \/>\n<link rel=\"canonical\" href=\"https:\/\/www.manabi.gob.ec\/index.php\/la-danza-brillo-en-la-casa-de-la-cultura-nucleo-de-manabi\/\" \/>\n<meta property=\"og:locale\" content=\"es_ES\" \/>\n<meta property=\"og:type\" content=\"article\" \/>\n<meta property=\"og:title\" content=\"La danza brill\u00f3 en la Casa de la Cultura N\u00facleo de Manab\u00ed - Prefectura de Manab\u00ed\" \/>\n<meta property=\"og:description\" content=\"La Casa de la Cultura N\u00facleo de Manab\u00ed fue escenario del destacado Festival de Danza \u201cEn Cuerpo y Alma\u201d, que reuni\u00f3 a 17 escuelas y academias de danza provenientes de diferentes sectores de la provincia y del pa\u00eds. En este importante encuentro art\u00edstico se destac\u00f3 la participaci\u00f3n de la Prefectura de Manab\u00ed, con la presentaci\u00f3n [&hellip;]\" \/>\n<meta property=\"og:url\" content=\"https:\/\/www.manabi.gob.ec\/index.php\/la-danza-brillo-en-la-casa-de-la-cultura-nucleo-de-manabi\/\" \/>\n<meta property=\"og:site_name\" content=\"Prefectura de Manab\u00ed\" \/>\n<meta property=\"article:published_time\" content=\"2026-09-01T14:00:27+00:00\" \/>\n<meta property=\"article:modified_time\" content=\"2026-09-01T14:00:35+00:00\" \/>\n<meta property=\"og:image\" content=\"https:\/\/www.manabi.gob.ec\/wp-content\/uploads\/2026\/09\/WhatsApp-Image-2026-08-31-at-1.26.56-PM.jpeg\" \/>\n\t<meta property=\"og:image:width\" content=\"1280\" \/>\n\t<meta property=\"og:image:height\" content=\"853\" \/>\n\t<meta property=\"og:image:type\" content=\"image\/jpeg\" \/>\n<meta name=\"author\" content=\"Lui Ochoa\" \/>\n<meta name=\"twitter:card\" content=\"summary_large_image\" \/>\n<meta name=\"twitter:label1\" content=\"Escrito por\" \/>\n\t<meta name=\"twitter:data1\" content=\"Lui Ochoa\" \/>\n\t<meta name=\"twitter:label2\" content=\"Tiempo de lectura\" \/>\n\t<meta name=\"twitter:data2\" content=\"1 minuto\" \/>\n<script type=\"application\/ld+json\" class=\"yoast-schema-graph\">{\"@context\":\"https:\\\/\\\/schema.org\",\"@graph\":[{\"@type\":\"Article\",\"@id\":\"https:\\\/\\\/www.manabi.gob.ec\\\/index.php\\\/la-danza-brillo-en-la-casa-de-la-cultura-nucleo-de-manabi\\\/#article\",\"isPartOf\":{\"@id\":\"https:\\\/\\\/www.manabi.gob.ec\\\/index.php\\\/la-danza-brillo-en-la-casa-de-la-cultura-nucleo-de-manabi\\\/\"},\"author\":{\"name\":\"Lui Ochoa\",\"@id\":\"https:\\\/\\\/www.manabi.gob.ec\\\/#\\\/schema\\\/person\\\/c4f117989332ad723a6ced5994aa7d7a\"},\"headline\":\"La danza brill\u00f3 en la Casa de la Cultura N\u00facleo de Manab\u00ed\",\"datePublished\":\"2026-09-01T14:00:27+00:00\",\"dateModified\":\"2026-09-01T14:00:35+00:00\",\"mainEntityOfPage\":{\"@id\":\"https:\\\/\\\/www.manabi.gob.ec\\\/index.php\\\/la-danza-brillo-en-la-casa-de-la-cultura-nucleo-de-manabi\\\/\"},\"wordCount\":145,\"image\":{\"@id\":\"https:\\\/\\\/www.manabi.gob.ec\\\/index.php\\\/la-danza-brillo-en-la-casa-de-la-cultura-nucleo-de-manabi\\\/#primaryimage\"},\"thumbnailUrl\":\"https:\\\/\\\/www.manabi.gob.ec\\\/wp-content\\\/uploads\\\/2026\\\/09\\\/WhatsApp-Image-2026-08-31-at-1.26.56-PM.jpeg\",\"keywords\":[\"Cultura\",\"danza\"],\"articleSection\":[\"Ambiente\",\"Desarrollo Social\",\"Noticias\",\"Todas\"],\"inLanguage\":\"es\"},{\"@type\":\"WebPage\",\"@id\":\"https:\\\/\\\/www.manabi.gob.ec\\\/index.php\\\/la-danza-brillo-en-la-casa-de-la-cultura-nucleo-de-manabi\\\/\",\"url\":\"https:\\\/\\\/www.manabi.gob.ec\\\/index.php\\\/la-danza-brillo-en-la-casa-de-la-cultura-nucleo-de-manabi\\\/\",\"name\":\"La danza brill\u00f3 en la Casa de la Cultura N\u00facleo de Manab\u00ed - Prefectura de Manab\u00ed\",\"isPartOf\":{\"@id\":\"https:\\\/\\\/www.manabi.gob.ec\\\/#website\"},\"primaryImageOfPage\":{\"@id\":\"https:\\\/\\\/www.manabi.gob.ec\\\/index.php\\\/la-danza-brillo-en-la-casa-de-la-cultura-nucleo-de-manabi\\\/#primaryimage\"},\"image\":{\"@id\":\"https:\\\/\\\/www.manabi.gob.ec\\\/index.php\\\/la-danza-brillo-en-la-casa-de-la-cultura-nucleo-de-manabi\\\/#primaryimage\"},\"thumbnailUrl\":\"https:\\\/\\\/www.manabi.gob.ec\\\/wp-content\\\/uploads\\\/2026\\\/09\\\/WhatsApp-Image-2026-08-31-at-1.26.56-PM.jpeg\",\"datePublished\":\"2026-09-01T14:00:27+00:00\",\"dateModified\":\"2026-09-01T14:00:35+00:00\",\"author\":{\"@id\":\"https:\\\/\\\/www.manabi.gob.ec\\\/#\\\/schema\\\/person\\\/c4f117989332ad723a6ced5994aa7d7a\"},\"breadcrumb\":{\"@id\":\"https:\\\/\\\/www.manabi.gob.ec\\\/index.php\\\/la-danza-brillo-en-la-casa-de-la-cultura-nucleo-de-manabi\\\/#breadcrumb\"},\"inLanguage\":\"es\",\"potentialAction\":[{\"@type\":\"ReadAction\",\"target\":[\"https:\\\/\\\/www.manabi.gob.ec\\\/index.php\\\/la-danza-brillo-en-la-casa-de-la-cultura-nucleo-de-manabi\\\/\"]}]},{\"@type\":\"ImageObject\",\"inLanguage\":\"es\",\"@id\":\"https:\\\/\\\/www.manabi.gob.ec\\\/index.php\\\/la-danza-brillo-en-la-casa-de-la-cultura-nucleo-de-manabi\\\/#primaryimage\",\"url\":\"https:\\\/\\\/www.manabi.gob.ec\\\/wp-content\\\/uploads\\\/2026\\\/09\\\/WhatsApp-Image-2026-08-31-at-1.26.56-PM.jpeg\",\"contentUrl\":\"https:\\\/\\\/www.manabi.gob.ec\\\/wp-content\\\/uploads\\\/2026\\\/09\\\/WhatsApp-Image-2026-08-31-at-1.26.56-PM.jpeg\",\"width\":1280,\"height\":853},{\"@type\":\"BreadcrumbList\",\"@id\":\"https:\\\/\\\/www.manabi.gob.ec\\\/index.php\\\/la-danza-brillo-en-la-casa-de-la-cultura-nucleo-de-manabi\\\/#breadcrumb\",\"itemListElement\":[{\"@type\":\"ListItem\",\"position\":1,\"name\":\"Portada\",\"item\":\"https:\\\/\\\/www.manabi.gob.ec\\\/\"},{\"@type\":\"ListItem\",\"position\":2,\"name\":\"La danza brill\u00f3 en la Casa de la Cultura N\u00facleo de Manab\u00ed\"}]},{\"@type\":\"WebSite\",\"@id\":\"https:\\\/\\\/www.manabi.gob.ec\\\/#website\",\"url\":\"https:\\\/\\\/www.manabi.gob.ec\\\/\",\"name\":\"Prefectura de Manab\u00ed\",\"description\":\"P\u00e1gina web de la prefectura\",\"potentialAction\":[{\"@type\":\"SearchAction\",\"target\":{\"@type\":\"EntryPoint\",\"urlTemplate\":\"https:\\\/\\\/www.manabi.gob.ec\\\/?s={search_term_string}\"},\"query-input\":{\"@type\":\"PropertyValueSpecification\",\"valueRequired\":true,\"valueName\":\"search_term_string\"}}],\"inLanguage\":\"es\"},{\"@type\":\"Person\",\"@id\":\"https:\\\/\\\/www.manabi.gob.ec\\\/#\\\/schema\\\/person\\\/c4f117989332ad723a6ced5994aa7d7a\",\"name\":\"Lui Ochoa\",\"image\":{\"@type\":\"ImageObject\",\"inLanguage\":\"es\",\"@id\":\"https:\\\/\\\/secure.gravatar.com\\\/avatar\\\/6e8017d0fe69dead8a95864d2eb6e1e1d8bf8e01194ba49cf7b897ff038126ba?s=96&d=mm&r=g\",\"url\":\"https:\\\/\\\/secure.gravatar.com\\\/avatar\\\/6e8017d0fe69dead8a95864d2eb6e1e1d8bf8e01194ba49cf7b897ff038126ba?s=96&d=mm&r=g\",\"contentUrl\":\"https:\\\/\\\/secure.gravatar.com\\\/avatar\\\/6e8017d0fe69dead8a95864d2eb6e1e1d8bf8e01194ba49cf7b897ff038126ba?s=96&d=mm&r=g\",\"caption\":\"Lui Ochoa\"},\"url\":\"https:\\\/\\\/www.manabi.gob.ec\\\/index.php\\\/author\\\/lochoa\\\/\"}]}<\/script>\n<!-- \/ Yoast SEO plugin. -->","yoast_head_json":{"title":"La danza brill\u00f3 en la Casa de la Cultura N\u00facleo de Manab\u00ed - Prefectura de Manab\u00ed","robots":{"index":"index","follow":"follow","max-snippet":"max-snippet:-1","max-image-preview":"max-image-preview:large","max-video-preview":"max-video-preview:-1"},"canonical":"https:\/\/www.manabi.gob.ec\/index.php\/la-danza-brillo-en-la-casa-de-la-cultura-nucleo-de-manabi\/","og_locale":"es_ES","og_type":"article","og_title":"La danza brill\u00f3 en la Casa de la Cultura N\u00facleo de Manab\u00ed - Prefectura de Manab\u00ed","og_description":"La Casa de la Cultura N\u00facleo de Manab\u00ed fue escenario del destacado Festival de Danza \u201cEn Cuerpo y Alma\u201d, que reuni\u00f3 a 17 escuelas y academias de danza provenientes de diferentes sectores de la provincia y del pa\u00eds. En este importante encuentro art\u00edstico se destac\u00f3 la participaci\u00f3n de la Prefectura de Manab\u00ed, con la presentaci\u00f3n [&hellip;]","og_url":"https:\/\/www.manabi.gob.ec\/index.php\/la-danza-brillo-en-la-casa-de-la-cultura-nucleo-de-manabi\/","og_site_name":"Prefectura de Manab\u00ed","article_published_time":"2026-09-01T14:00:27+00:00","article_modified_time":"2026-09-01T14:00:35+00:00","og_image":[{"width":1280,"height":853,"url":"https:\/\/www.manabi.gob.ec\/wp-content\/uploads\/2026\/09\/WhatsApp-Image-2026-08-31-at-1.26.56-PM.jpeg","type":"image\/jpeg"}],"author":"Lui Ochoa","twitter_card":"summary_large_image","twitter_misc":{"Escrito por":"Lui Ochoa","Tiempo de lectura":"1 minuto"},"schema":{"@context":"https:\/\/schema.org","@graph":[{"@type":"Article","@id":"https:\/\/www.manabi.gob.ec\/index.php\/la-danza-brillo-en-la-casa-de-la-cultura-nucleo-de-manabi\/#article","isPartOf":{"@id":"https:\/\/www.manabi.gob.ec\/index.php\/la-danza-brillo-en-la-casa-de-la-cultura-nucleo-de-manabi\/"},"author":{"name":"Lui Ochoa","@id":"https:\/\/www.manabi.gob.ec\/#\/schema\/person\/c4f117989332ad723a6ced5994aa7d7a"},"headline":"La danza brill\u00f3 en la Casa de la Cultura N\u00facleo de Manab\u00ed","datePublished":"2026-09-01T14:00:27+00:00","dateModified":"2026-09-01T14:00:35+00:00","mainEntityOfPage":{"@id":"https:\/\/www.manabi.gob.ec\/index.php\/la-danza-brillo-en-la-casa-de-la-cultura-nucleo-de-manabi\/"},"wordCount":145,"image":{"@id":"https:\/\/www.manabi.gob.ec\/index.php\/la-danza-brillo-en-la-casa-de-la-cultura-nucleo-de-manabi\/#primaryimage"},"thumbnailUrl":"https:\/\/www.manabi.gob.ec\/wp-content\/uploads\/2026\/09\/WhatsApp-Image-2026-08-31-at-1.26.56-PM.jpeg","keywords":["Cultura","danza"],"articleSection":["Ambiente","Desarrollo Social","Noticias","Todas"],"inLanguage":"es"},{"@type":"WebPage","@id":"https:\/\/www.manabi.gob.ec\/index.php\/la-danza-brillo-en-la-casa-de-la-cultura-nucleo-de-manabi\/","url":"https:\/\/www.manabi.gob.ec\/index.php\/la-danza-brillo-en-la-casa-de-la-cultura-nucleo-de-manabi\/","name":"La danza brill\u00f3 en la Casa de la Cultura N\u00facleo de Manab\u00ed - Prefectura de Manab\u00ed","isPartOf":{"@id":"https:\/\/www.manabi.gob.ec\/#website"},"primaryImageOfPage":{"@id":"https:\/\/www.manabi.gob.ec\/index.php\/la-danza-brillo-en-la-casa-de-la-cultura-nucleo-de-manabi\/#primaryimage"},"image":{"@id":"https:\/\/www.manabi.gob.ec\/index.php\/la-danza-brillo-en-la-casa-de-la-cultura-nucleo-de-manabi\/#primaryimage"},"thumbnailUrl":"https:\/\/www.manabi.gob.ec\/wp-content\/uploads\/2026\/09\/WhatsApp-Image-2026-08-31-at-1.26.56-PM.jpeg","datePublished":"2026-09-01T14:00:27+00:00","dateModified":"2026-09-01T14:00:35+00:00","author":{"@id":"https:\/\/www.manabi.gob.ec\/#\/schema\/person\/c4f117989332ad723a6ced5994aa7d7a"},"breadcrumb":{"@id":"https:\/\/www.manabi.gob.ec\/index.php\/la-danza-brillo-en-la-casa-de-la-cultura-nucleo-de-manabi\/#breadcrumb"},"inLanguage":"es","potentialAction":[{"@type":"ReadAction","target":["https:\/\/www.manabi.gob.ec\/index.php\/la-danza-brillo-en-la-casa-de-la-cultura-nucleo-de-manabi\/"]}]},{"@type":"ImageObject","inLanguage":"es","@id":"https:\/\/www.manabi.gob.ec\/index.php\/la-danza-brillo-en-la-casa-de-la-cultura-nucleo-de-manabi\/#primaryimage","url":"https:\/\/www.manabi.gob.ec\/wp-content\/uploads\/2026\/09\/WhatsApp-Image-2026-08-31-at-1.26.56-PM.jpeg","contentUrl":"https:\/\/www.manabi.gob.ec\/wp-content\/uploads\/2026\/09\/WhatsApp-Image-2026-08-31-at-1.26.56-PM.jpeg","width":1280,"height":853},{"@type":"BreadcrumbList","@id":"https:\/\/www.manabi.gob.ec\/index.php\/la-danza-brillo-en-la-casa-de-la-cultura-nucleo-de-manabi\/#breadcrumb","itemListElement":[{"@type":"ListItem","position":1,"name":"Portada","item":"https:\/\/www.manabi.gob.ec\/"},{"@type":"ListItem","position":2,"name":"La danza brill\u00f3 en la Casa de la Cultura N\u00facleo de Manab\u00ed"}]},{"@type":"WebSite","@id":"https:\/\/www.manabi.gob.ec\/#website","url":"https:\/\/www.manabi.gob.ec\/","name":"Prefectura de Manab\u00ed","description":"P\u00e1gina web de la prefectura","potentialAction":[{"@type":"SearchAction","target":{"@type":"EntryPoint","urlTemplate":"https:\/\/www.manabi.gob.ec\/?s={search_term_string}"},"query-input":{"@type":"PropertyValueSpecification","valueRequired":true,"valueName":"search_term_string"}}],"inLanguage":"es"},{"@type":"Person","@id":"https:\/\/www.manabi.gob.ec\/#\/schema\/person\/c4f117989332ad723a6ced5994aa7d7a","name":"Lui Ochoa","image":{"@type":"ImageObject","inLanguage":"es","@id":"https:\/\/secure.gravatar.com\/avatar\/6e8017d0fe69dead8a95864d2eb6e1e1d8bf8e01194ba49cf7b897ff038126ba?s=96&d=mm&r=g","url":"https:\/\/secure.gravatar.com\/avatar\/6e8017d0fe69dead8a95864d2eb6e1e1d8bf8e01194ba49cf7b897ff038126ba?s=96&d=mm&r=g","contentUrl":"https:\/\/secure.gravatar.com\/avatar\/6e8017d0fe69dead8a95864d2eb6e1e1d8bf8e01194ba49cf7b897ff038126ba?s=96&d=mm&r=g","caption":"Lui Ochoa"},"url":"https:\/\/www.manabi.gob.ec\/index.php\/author\/lochoa\/"}]}},"jetpack_featured_media_url":"https:\/\/www.manabi.gob.ec\/wp-content\/uploads\/2026\/09\/WhatsApp-Image-2026-08-31-at-1.26.56-PM.jpeg","_links":{"self":[{"href":"https:\/\/www.manabi.gob.ec\/index.php\/wp-json\/wp\/v2\/posts\/35403","targetHints":{"allow":["GET"]}}],"collection":[{"href":"https:\/\/www.manabi.gob.ec\/index.php\/wp-json\/wp\/v2\/posts"}],"about":[{"href":"https:\/\/www.manabi.gob.ec\/index.php\/wp-json\/wp\/v2\/types\/post"}],"author":[{"embeddable":true,"href":"https:\/\/www.manabi.gob.ec\/index.php\/wp-json\/wp\/v2\/users\/10"}],"replies":[{"embeddable":true,"href":"https:\/\/www.manabi.gob.ec\/index.php\/wp-json\/wp\/v2\/comments?post=35403"}],"version-history":[{"count":1,"href":"https:\/\/www.manabi.gob.ec\/index.php\/wp-json\/wp\/v2\/posts\/35403\/revisions"}],"predecessor-version":[{"id":35405,"href":"https:\/\/www.manabi.gob.ec\/index.php\/wp-json\/wp\/v2\/posts\/35403\/revisions\/35405"}],"wp:featuredmedia":[{"embeddable":true,"href":"https:\/\/www.manabi.gob.ec\/index.php\/wp-json\/wp\/v2\/media\/35404"}],"wp:attachment":[{"href":"https:\/\/www.manabi.gob.ec\/index.php\/wp-json\/wp\/v2\/media?parent=35403"}],"wp:term":[{"taxonomy":"category","embeddable":true,"href":"https:\/\/www.manabi.gob.ec\/index.php\/wp-json\/wp\/v2\/categories?post=35403"},{"taxonomy":"post_tag","embeddable":true,"href":"https:\/\/www.manabi.gob.ec\/index.php\/wp-json\/wp\/v2\/tags?post=35403"}],"curies":[{"name":"wp","href":"https:\/\/api.w.org\/{rel}","templated":true}]}}