{"id":35408,"date":"2026-09-01T14:02:36","date_gmt":"2026-09-01T14:02:36","guid":{"rendered":"https:\/\/www.manabi.gob.ec\/?p=35408"},"modified":"2026-09-01T14:02:37","modified_gmt":"2026-09-01T14:02:37","slug":"nuevas-tecnicas-transforman-el-trabajo-de-los-ganaderos-de-eloy-alfaro-de-chone","status":"publish","type":"post","link":"https:\/\/www.manabi.gob.ec\/index.php\/nuevas-tecnicas-transforman-el-trabajo-de-los-ganaderos-de-eloy-alfaro-de-chone\/","title":{"rendered":"Nuevas t\u00e9cnicas transforman el trabajo de los ganaderos de Eloy Alfaro de Chone"},"content":{"rendered":"\n<p class=\"wp-block-paragraph\">Las familias ganaderas de las comunidades Cucuy y Lim\u00f3n, de la parroquia Eloy Alfaro de Chone, incorporan nuevos conocimientos a sus actividades cotidianas. El orde\u00f1o comunitario y la elaboraci\u00f3n del tradicional queso chonero fueron parte de una jornada de capacitaci\u00f3n en territorio, en la que particip\u00f3 el prefecto, Leonardo Orlando.<\/p>\n\n\n\n<p class=\"wp-block-paragraph\">La actividad se desarroll\u00f3 el s\u00e1bado 29 de agosto, en la que tambi\u00e9n se realiz\u00f3 la pen\u00faltima entrega de insumos a 51 familias participantes de las Escuelas del Productor Ganadero, quienes recibieron picadoras para la elaboraci\u00f3n de ensilaje y materiales para la instalaci\u00f3n de cercas el\u00e9ctricas. Las mujeres rurales representan el 35 % de participaci\u00f3n en este proyecto, orientado a fortalecer las capacidades de quienes trabajan directamente en sus fincas.<\/p>\n\n\n\n<p class=\"wp-block-paragraph\">Estas comunidades son parte de las 231 Escuelas del Productor que funcionan actualmente en Manab\u00ed, que capacitan a m\u00e1s de 8.000 productores de los sectores agr\u00edcola, pesquero, ap\u00edcola, av\u00edcola, porcino, caprino y ganadero bovino.<\/p>\n\n\n\n<p class=\"wp-block-paragraph\">Si se consideran todos los ciclos de capacitaci\u00f3n ejecutados por las Escuelas, el programa ha beneficiado a m\u00e1s de 15.000 productores. En el caso de la actividad pecuaria, el proceso ha entrado en una etapa enfocada en mejorar la reproducci\u00f3n y la gen\u00e9tica del ganado, explic\u00f3 Tatiana Pacheco, directora de Fomento Productivo.<\/p>\n\n\n\n<p class=\"wp-block-paragraph\">La funcionaria se\u00f1al\u00f3 que la meta provincial es realizar 8.000 inseminaciones bovinas. Hasta el momento se han efectuado m\u00e1s de 1.300 y la tasa de pre\u00f1ez supera el 65 %, seg\u00fan los registros del programa. El acompa\u00f1amiento incluye visitas de los t\u00e9cnicos a las fincas para orientar a los productores y dar seguimiento a los procesos reproductivos.<\/p>\n\n\n\n<p class=\"wp-block-paragraph\">Entre quienes participan est\u00e1 Nirma Flores de Valga Zambrano, una profesora jubilada de 73 a\u00f1os que decidi\u00f3 invertir sus ahorros en una finca de Cucuy y encontr\u00f3 en la Escuela del Productor una oportunidad para actualizar sus conocimientos. Cuenta que ahora elaboran biol para fertilizar sus cultivos y han incorporado nuevas t\u00e9cnicas para el manejo del ganado. Nirma estima que estas pr\u00e1cticas pueden representar un ahorro de hasta el 80 % frente a la compra de productos qu\u00edmicos.<\/p>\n\n\n\n<p class=\"wp-block-paragraph\">El acompa\u00f1amiento t\u00e9cnico de las Escuelas del Productor continuar\u00e1 hasta diciembre del 2026. La \u00faltima entrega de insumos de este ciclo se realiza este lunes 31 de agosto en Jipijapa, mientras las familias ganaderas de Cucuy, Lim\u00f3n y otras comunidades contin\u00faan aplicando en sus fincas los conocimientos adquiridos, con la filosof\u00eda de las Escuelas del Productor: aprender haciendo y convertir ese aprendizaje en herramientas para el trabajo diario.<\/p>\n","protected":false},"excerpt":{"rendered":"<p>Las familias ganaderas de las comunidades Cucuy y Lim\u00f3n, de la parroquia Eloy Alfaro de Chone, incorporan nuevos conocimientos a sus actividades cotidianas. El orde\u00f1o comunitario y la elaboraci\u00f3n del tradicional queso chonero fueron parte de una jornada de capacitaci\u00f3n en territorio, en la que particip\u00f3 el prefecto, Leonardo Orlando. La actividad se desarroll\u00f3 el [&hellip;]<\/p>\n","protected":false},"author":10,"featured_media":35409,"comment_status":"closed","ping_status":"closed","sticky":false,"template":"","format":"standard","meta":{"_joinchat":[],"footnotes":""},"categories":[150,141,142,92,91],"tags":[377],"class_list":["post-35408","post","type-post","status-publish","format-standard","has-post-thumbnail","hentry","category-ambiente","category-chone","category-desarrollo-social","category-noticias-manabi","category-todas","tag-ganaderos"],"yoast_head":"<!-- This site is optimized with the Yoast SEO plugin v27.4 - https:\/\/yoast.com\/product\/yoast-seo-wordpress\/ -->\n<title>Nuevas t\u00e9cnicas transforman el trabajo de los ganaderos de Eloy Alfaro de Chone - Prefectura de Manab\u00ed<\/title>\n<meta name=\"robots\" content=\"index, follow, max-snippet:-1, max-image-preview:large, max-video-preview:-1\" \/>\n<link rel=\"canonical\" href=\"https:\/\/www.manabi.gob.ec\/index.php\/nuevas-tecnicas-transforman-el-trabajo-de-los-ganaderos-de-eloy-alfaro-de-chone\/\" \/>\n<meta property=\"og:locale\" content=\"es_ES\" \/>\n<meta property=\"og:type\" content=\"article\" \/>\n<meta property=\"og:title\" content=\"Nuevas t\u00e9cnicas transforman el trabajo de los ganaderos de Eloy Alfaro de Chone - Prefectura de Manab\u00ed\" \/>\n<meta property=\"og:description\" content=\"Las familias ganaderas de las comunidades Cucuy y Lim\u00f3n, de la parroquia Eloy Alfaro de Chone, incorporan nuevos conocimientos a sus actividades cotidianas. El orde\u00f1o comunitario y la elaboraci\u00f3n del tradicional queso chonero fueron parte de una jornada de capacitaci\u00f3n en territorio, en la que particip\u00f3 el prefecto, Leonardo Orlando. La actividad se desarroll\u00f3 el [&hellip;]\" \/>\n<meta property=\"og:url\" content=\"https:\/\/www.manabi.gob.ec\/index.php\/nuevas-tecnicas-transforman-el-trabajo-de-los-ganaderos-de-eloy-alfaro-de-chone\/\" \/>\n<meta property=\"og:site_name\" content=\"Prefectura de Manab\u00ed\" \/>\n<meta property=\"article:published_time\" content=\"2026-09-01T14:02:36+00:00\" \/>\n<meta property=\"article:modified_time\" content=\"2026-09-01T14:02:37+00:00\" \/>\n<meta property=\"og:image\" content=\"https:\/\/www.manabi.gob.ec\/wp-content\/uploads\/2026\/09\/WhatsApp-Image-2026-08-31-at-1.28.29-PM-scaled.jpeg\" \/>\n\t<meta property=\"og:image:width\" content=\"2560\" \/>\n\t<meta property=\"og:image:height\" content=\"1436\" \/>\n\t<meta property=\"og:image:type\" content=\"image\/jpeg\" \/>\n<meta name=\"author\" content=\"Lui Ochoa\" \/>\n<meta name=\"twitter:card\" content=\"summary_large_image\" \/>\n<meta name=\"twitter:label1\" content=\"Escrito por\" \/>\n\t<meta name=\"twitter:data1\" content=\"Lui Ochoa\" \/>\n\t<meta name=\"twitter:label2\" content=\"Tiempo de lectura\" \/>\n\t<meta name=\"twitter:data2\" content=\"3 minutos\" \/>\n<script type=\"application\/ld+json\" class=\"yoast-schema-graph\">{\"@context\":\"https:\\\/\\\/schema.org\",\"@graph\":[{\"@type\":\"Article\",\"@id\":\"https:\\\/\\\/www.manabi.gob.ec\\\/index.php\\\/nuevas-tecnicas-transforman-el-trabajo-de-los-ganaderos-de-eloy-alfaro-de-chone\\\/#article\",\"isPartOf\":{\"@id\":\"https:\\\/\\\/www.manabi.gob.ec\\\/index.php\\\/nuevas-tecnicas-transforman-el-trabajo-de-los-ganaderos-de-eloy-alfaro-de-chone\\\/\"},\"author\":{\"name\":\"Lui Ochoa\",\"@id\":\"https:\\\/\\\/www.manabi.gob.ec\\\/#\\\/schema\\\/person\\\/c4f117989332ad723a6ced5994aa7d7a\"},\"headline\":\"Nuevas t\u00e9cnicas transforman el trabajo de los ganaderos de Eloy Alfaro de Chone\",\"datePublished\":\"2026-09-01T14:02:36+00:00\",\"dateModified\":\"2026-09-01T14:02:37+00:00\",\"mainEntityOfPage\":{\"@id\":\"https:\\\/\\\/www.manabi.gob.ec\\\/index.php\\\/nuevas-tecnicas-transforman-el-trabajo-de-los-ganaderos-de-eloy-alfaro-de-chone\\\/\"},\"wordCount\":441,\"image\":{\"@id\":\"https:\\\/\\\/www.manabi.gob.ec\\\/index.php\\\/nuevas-tecnicas-transforman-el-trabajo-de-los-ganaderos-de-eloy-alfaro-de-chone\\\/#primaryimage\"},\"thumbnailUrl\":\"https:\\\/\\\/www.manabi.gob.ec\\\/wp-content\\\/uploads\\\/2026\\\/09\\\/WhatsApp-Image-2026-08-31-at-1.28.29-PM-scaled.jpeg\",\"keywords\":[\"ganaderos\"],\"articleSection\":[\"Ambiente\",\"Chone\",\"Desarrollo Social\",\"Noticias\",\"Todas\"],\"inLanguage\":\"es\"},{\"@type\":\"WebPage\",\"@id\":\"https:\\\/\\\/www.manabi.gob.ec\\\/index.php\\\/nuevas-tecnicas-transforman-el-trabajo-de-los-ganaderos-de-eloy-alfaro-de-chone\\\/\",\"url\":\"https:\\\/\\\/www.manabi.gob.ec\\\/index.php\\\/nuevas-tecnicas-transforman-el-trabajo-de-los-ganaderos-de-eloy-alfaro-de-chone\\\/\",\"name\":\"Nuevas t\u00e9cnicas transforman el trabajo de los ganaderos de Eloy Alfaro de Chone - Prefectura de Manab\u00ed\",\"isPartOf\":{\"@id\":\"https:\\\/\\\/www.manabi.gob.ec\\\/#website\"},\"primaryImageOfPage\":{\"@id\":\"https:\\\/\\\/www.manabi.gob.ec\\\/index.php\\\/nuevas-tecnicas-transforman-el-trabajo-de-los-ganaderos-de-eloy-alfaro-de-chone\\\/#primaryimage\"},\"image\":{\"@id\":\"https:\\\/\\\/www.manabi.gob.ec\\\/index.php\\\/nuevas-tecnicas-transforman-el-trabajo-de-los-ganaderos-de-eloy-alfaro-de-chone\\\/#primaryimage\"},\"thumbnailUrl\":\"https:\\\/\\\/www.manabi.gob.ec\\\/wp-content\\\/uploads\\\/2026\\\/09\\\/WhatsApp-Image-2026-08-31-at-1.28.29-PM-scaled.jpeg\",\"datePublished\":\"2026-09-01T14:02:36+00:00\",\"dateModified\":\"2026-09-01T14:02:37+00:00\",\"author\":{\"@id\":\"https:\\\/\\\/www.manabi.gob.ec\\\/#\\\/schema\\\/person\\\/c4f117989332ad723a6ced5994aa7d7a\"},\"breadcrumb\":{\"@id\":\"https:\\\/\\\/www.manabi.gob.ec\\\/index.php\\\/nuevas-tecnicas-transforman-el-trabajo-de-los-ganaderos-de-eloy-alfaro-de-chone\\\/#breadcrumb\"},\"inLanguage\":\"es\",\"potentialAction\":[{\"@type\":\"ReadAction\",\"target\":[\"https:\\\/\\\/www.manabi.gob.ec\\\/index.php\\\/nuevas-tecnicas-transforman-el-trabajo-de-los-ganaderos-de-eloy-alfaro-de-chone\\\/\"]}]},{\"@type\":\"ImageObject\",\"inLanguage\":\"es\",\"@id\":\"https:\\\/\\\/www.manabi.gob.ec\\\/index.php\\\/nuevas-tecnicas-transforman-el-trabajo-de-los-ganaderos-de-eloy-alfaro-de-chone\\\/#primaryimage\",\"url\":\"https:\\\/\\\/www.manabi.gob.ec\\\/wp-content\\\/uploads\\\/2026\\\/09\\\/WhatsApp-Image-2026-08-31-at-1.28.29-PM-scaled.jpeg\",\"contentUrl\":\"https:\\\/\\\/www.manabi.gob.ec\\\/wp-content\\\/uploads\\\/2026\\\/09\\\/WhatsApp-Image-2026-08-31-at-1.28.29-PM-scaled.jpeg\",\"width\":2560,\"height\":1436},{\"@type\":\"BreadcrumbList\",\"@id\":\"https:\\\/\\\/www.manabi.gob.ec\\\/index.php\\\/nuevas-tecnicas-transforman-el-trabajo-de-los-ganaderos-de-eloy-alfaro-de-chone\\\/#breadcrumb\",\"itemListElement\":[{\"@type\":\"ListItem\",\"position\":1,\"name\":\"Portada\",\"item\":\"https:\\\/\\\/www.manabi.gob.ec\\\/\"},{\"@type\":\"ListItem\",\"position\":2,\"name\":\"Nuevas t\u00e9cnicas transforman el trabajo de los ganaderos de Eloy Alfaro de Chone\"}]},{\"@type\":\"WebSite\",\"@id\":\"https:\\\/\\\/www.manabi.gob.ec\\\/#website\",\"url\":\"https:\\\/\\\/www.manabi.gob.ec\\\/\",\"name\":\"Prefectura de Manab\u00ed\",\"description\":\"P\u00e1gina web de la prefectura\",\"potentialAction\":[{\"@type\":\"SearchAction\",\"target\":{\"@type\":\"EntryPoint\",\"urlTemplate\":\"https:\\\/\\\/www.manabi.gob.ec\\\/?s={search_term_string}\"},\"query-input\":{\"@type\":\"PropertyValueSpecification\",\"valueRequired\":true,\"valueName\":\"search_term_string\"}}],\"inLanguage\":\"es\"},{\"@type\":\"Person\",\"@id\":\"https:\\\/\\\/www.manabi.gob.ec\\\/#\\\/schema\\\/person\\\/c4f117989332ad723a6ced5994aa7d7a\",\"name\":\"Lui Ochoa\",\"image\":{\"@type\":\"ImageObject\",\"inLanguage\":\"es\",\"@id\":\"https:\\\/\\\/secure.gravatar.com\\\/avatar\\\/6e8017d0fe69dead8a95864d2eb6e1e1d8bf8e01194ba49cf7b897ff038126ba?s=96&d=mm&r=g\",\"url\":\"https:\\\/\\\/secure.gravatar.com\\\/avatar\\\/6e8017d0fe69dead8a95864d2eb6e1e1d8bf8e01194ba49cf7b897ff038126ba?s=96&d=mm&r=g\",\"contentUrl\":\"https:\\\/\\\/secure.gravatar.com\\\/avatar\\\/6e8017d0fe69dead8a95864d2eb6e1e1d8bf8e01194ba49cf7b897ff038126ba?s=96&d=mm&r=g\",\"caption\":\"Lui Ochoa\"},\"url\":\"https:\\\/\\\/www.manabi.gob.ec\\\/index.php\\\/author\\\/lochoa\\\/\"}]}<\/script>\n<!-- \/ Yoast SEO plugin. -->","yoast_head_json":{"title":"Nuevas t\u00e9cnicas transforman el trabajo de los ganaderos de Eloy Alfaro de Chone - Prefectura de Manab\u00ed","robots":{"index":"index","follow":"follow","max-snippet":"max-snippet:-1","max-image-preview":"max-image-preview:large","max-video-preview":"max-video-preview:-1"},"canonical":"https:\/\/www.manabi.gob.ec\/index.php\/nuevas-tecnicas-transforman-el-trabajo-de-los-ganaderos-de-eloy-alfaro-de-chone\/","og_locale":"es_ES","og_type":"article","og_title":"Nuevas t\u00e9cnicas transforman el trabajo de los ganaderos de Eloy Alfaro de Chone - Prefectura de Manab\u00ed","og_description":"Las familias ganaderas de las comunidades Cucuy y Lim\u00f3n, de la parroquia Eloy Alfaro de Chone, incorporan nuevos conocimientos a sus actividades cotidianas. El orde\u00f1o comunitario y la elaboraci\u00f3n del tradicional queso chonero fueron parte de una jornada de capacitaci\u00f3n en territorio, en la que particip\u00f3 el prefecto, Leonardo Orlando. La actividad se desarroll\u00f3 el [&hellip;]","og_url":"https:\/\/www.manabi.gob.ec\/index.php\/nuevas-tecnicas-transforman-el-trabajo-de-los-ganaderos-de-eloy-alfaro-de-chone\/","og_site_name":"Prefectura de Manab\u00ed","article_published_time":"2026-09-01T14:02:36+00:00","article_modified_time":"2026-09-01T14:02:37+00:00","og_image":[{"width":2560,"height":1436,"url":"https:\/\/www.manabi.gob.ec\/wp-content\/uploads\/2026\/09\/WhatsApp-Image-2026-08-31-at-1.28.29-PM-scaled.jpeg","type":"image\/jpeg"}],"author":"Lui Ochoa","twitter_card":"summary_large_image","twitter_misc":{"Escrito por":"Lui Ochoa","Tiempo de lectura":"3 minutos"},"schema":{"@context":"https:\/\/schema.org","@graph":[{"@type":"Article","@id":"https:\/\/www.manabi.gob.ec\/index.php\/nuevas-tecnicas-transforman-el-trabajo-de-los-ganaderos-de-eloy-alfaro-de-chone\/#article","isPartOf":{"@id":"https:\/\/www.manabi.gob.ec\/index.php\/nuevas-tecnicas-transforman-el-trabajo-de-los-ganaderos-de-eloy-alfaro-de-chone\/"},"author":{"name":"Lui Ochoa","@id":"https:\/\/www.manabi.gob.ec\/#\/schema\/person\/c4f117989332ad723a6ced5994aa7d7a"},"headline":"Nuevas t\u00e9cnicas transforman el trabajo de los ganaderos de Eloy Alfaro de Chone","datePublished":"2026-09-01T14:02:36+00:00","dateModified":"2026-09-01T14:02:37+00:00","mainEntityOfPage":{"@id":"https:\/\/www.manabi.gob.ec\/index.php\/nuevas-tecnicas-transforman-el-trabajo-de-los-ganaderos-de-eloy-alfaro-de-chone\/"},"wordCount":441,"image":{"@id":"https:\/\/www.manabi.gob.ec\/index.php\/nuevas-tecnicas-transforman-el-trabajo-de-los-ganaderos-de-eloy-alfaro-de-chone\/#primaryimage"},"thumbnailUrl":"https:\/\/www.manabi.gob.ec\/wp-content\/uploads\/2026\/09\/WhatsApp-Image-2026-08-31-at-1.28.29-PM-scaled.jpeg","keywords":["ganaderos"],"articleSection":["Ambiente","Chone","Desarrollo Social","Noticias","Todas"],"inLanguage":"es"},{"@type":"WebPage","@id":"https:\/\/www.manabi.gob.ec\/index.php\/nuevas-tecnicas-transforman-el-trabajo-de-los-ganaderos-de-eloy-alfaro-de-chone\/","url":"https:\/\/www.manabi.gob.ec\/index.php\/nuevas-tecnicas-transforman-el-trabajo-de-los-ganaderos-de-eloy-alfaro-de-chone\/","name":"Nuevas t\u00e9cnicas transforman el trabajo de los ganaderos de Eloy Alfaro de Chone - Prefectura de Manab\u00ed","isPartOf":{"@id":"https:\/\/www.manabi.gob.ec\/#website"},"primaryImageOfPage":{"@id":"https:\/\/www.manabi.gob.ec\/index.php\/nuevas-tecnicas-transforman-el-trabajo-de-los-ganaderos-de-eloy-alfaro-de-chone\/#primaryimage"},"image":{"@id":"https:\/\/www.manabi.gob.ec\/index.php\/nuevas-tecnicas-transforman-el-trabajo-de-los-ganaderos-de-eloy-alfaro-de-chone\/#primaryimage"},"thumbnailUrl":"https:\/\/www.manabi.gob.ec\/wp-content\/uploads\/2026\/09\/WhatsApp-Image-2026-08-31-at-1.28.29-PM-scaled.jpeg","datePublished":"2026-09-01T14:02:36+00:00","dateModified":"2026-09-01T14:02:37+00:00","author":{"@id":"https:\/\/www.manabi.gob.ec\/#\/schema\/person\/c4f117989332ad723a6ced5994aa7d7a"},"breadcrumb":{"@id":"https:\/\/www.manabi.gob.ec\/index.php\/nuevas-tecnicas-transforman-el-trabajo-de-los-ganaderos-de-eloy-alfaro-de-chone\/#breadcrumb"},"inLanguage":"es","potentialAction":[{"@type":"ReadAction","target":["https:\/\/www.manabi.gob.ec\/index.php\/nuevas-tecnicas-transforman-el-trabajo-de-los-ganaderos-de-eloy-alfaro-de-chone\/"]}]},{"@type":"ImageObject","inLanguage":"es","@id":"https:\/\/www.manabi.gob.ec\/index.php\/nuevas-tecnicas-transforman-el-trabajo-de-los-ganaderos-de-eloy-alfaro-de-chone\/#primaryimage","url":"https:\/\/www.manabi.gob.ec\/wp-content\/uploads\/2026\/09\/WhatsApp-Image-2026-08-31-at-1.28.29-PM-scaled.jpeg","contentUrl":"https:\/\/www.manabi.gob.ec\/wp-content\/uploads\/2026\/09\/WhatsApp-Image-2026-08-31-at-1.28.29-PM-scaled.jpeg","width":2560,"height":1436},{"@type":"BreadcrumbList","@id":"https:\/\/www.manabi.gob.ec\/index.php\/nuevas-tecnicas-transforman-el-trabajo-de-los-ganaderos-de-eloy-alfaro-de-chone\/#breadcrumb","itemListElement":[{"@type":"ListItem","position":1,"name":"Portada","item":"https:\/\/www.manabi.gob.ec\/"},{"@type":"ListItem","position":2,"name":"Nuevas t\u00e9cnicas transforman el trabajo de los ganaderos de Eloy Alfaro de Chone"}]},{"@type":"WebSite","@id":"https:\/\/www.manabi.gob.ec\/#website","url":"https:\/\/www.manabi.gob.ec\/","name":"Prefectura de Manab\u00ed","description":"P\u00e1gina web de la prefectura","potentialAction":[{"@type":"SearchAction","target":{"@type":"EntryPoint","urlTemplate":"https:\/\/www.manabi.gob.ec\/?s={search_term_string}"},"query-input":{"@type":"PropertyValueSpecification","valueRequired":true,"valueName":"search_term_string"}}],"inLanguage":"es"},{"@type":"Person","@id":"https:\/\/www.manabi.gob.ec\/#\/schema\/person\/c4f117989332ad723a6ced5994aa7d7a","name":"Lui Ochoa","image":{"@type":"ImageObject","inLanguage":"es","@id":"https:\/\/secure.gravatar.com\/avatar\/6e8017d0fe69dead8a95864d2eb6e1e1d8bf8e01194ba49cf7b897ff038126ba?s=96&d=mm&r=g","url":"https:\/\/secure.gravatar.com\/avatar\/6e8017d0fe69dead8a95864d2eb6e1e1d8bf8e01194ba49cf7b897ff038126ba?s=96&d=mm&r=g","contentUrl":"https:\/\/secure.gravatar.com\/avatar\/6e8017d0fe69dead8a95864d2eb6e1e1d8bf8e01194ba49cf7b897ff038126ba?s=96&d=mm&r=g","caption":"Lui Ochoa"},"url":"https:\/\/www.manabi.gob.ec\/index.php\/author\/lochoa\/"}]}},"jetpack_featured_media_url":"https:\/\/www.manabi.gob.ec\/wp-content\/uploads\/2026\/09\/WhatsApp-Image-2026-08-31-at-1.28.29-PM-scaled.jpeg","_links":{"self":[{"href":"https:\/\/www.manabi.gob.ec\/index.php\/wp-json\/wp\/v2\/posts\/35408","targetHints":{"allow":["GET"]}}],"collection":[{"href":"https:\/\/www.manabi.gob.ec\/index.php\/wp-json\/wp\/v2\/posts"}],"about":[{"href":"https:\/\/www.manabi.gob.ec\/index.php\/wp-json\/wp\/v2\/types\/post"}],"author":[{"embeddable":true,"href":"https:\/\/www.manabi.gob.ec\/index.php\/wp-json\/wp\/v2\/users\/10"}],"replies":[{"embeddable":true,"href":"https:\/\/www.manabi.gob.ec\/index.php\/wp-json\/wp\/v2\/comments?post=35408"}],"version-history":[{"count":1,"href":"https:\/\/www.manabi.gob.ec\/index.php\/wp-json\/wp\/v2\/posts\/35408\/revisions"}],"predecessor-version":[{"id":35410,"href":"https:\/\/www.manabi.gob.ec\/index.php\/wp-json\/wp\/v2\/posts\/35408\/revisions\/35410"}],"wp:featuredmedia":[{"embeddable":true,"href":"https:\/\/www.manabi.gob.ec\/index.php\/wp-json\/wp\/v2\/media\/35409"}],"wp:attachment":[{"href":"https:\/\/www.manabi.gob.ec\/index.php\/wp-json\/wp\/v2\/media?parent=35408"}],"wp:term":[{"taxonomy":"category","embeddable":true,"href":"https:\/\/www.manabi.gob.ec\/index.php\/wp-json\/wp\/v2\/categories?post=35408"},{"taxonomy":"post_tag","embeddable":true,"href":"https:\/\/www.manabi.gob.ec\/index.php\/wp-json\/wp\/v2\/tags?post=35408"}],"curies":[{"name":"wp","href":"https:\/\/api.w.org\/{rel}","templated":true}]}}