{"id":35411,"date":"2026-09-01T14:04:52","date_gmt":"2026-09-01T14:04:52","guid":{"rendered":"https:\/\/www.manabi.gob.ec\/?p=35411"},"modified":"2026-09-01T14:04:54","modified_gmt":"2026-09-01T14:04:54","slug":"se-busca-mercados-internacionales-para-la-produccion-fruticola-de-manabi","status":"publish","type":"post","link":"https:\/\/www.manabi.gob.ec\/index.php\/se-busca-mercados-internacionales-para-la-produccion-fruticola-de-manabi\/","title":{"rendered":"Se busca mercados internacionales para la producci\u00f3n frut\u00edcola de Manab\u00ed"},"content":{"rendered":"\n<p class=\"wp-block-paragraph\">En Italia, la Prefectura de Manab\u00ed mantuvo un acercamiento con representantes de DOLE en ese pa\u00eds auropeo para presentar el potencial productivo frut\u00edcola de la provincia y conocer las condiciones y exigencias para una eventual vinculaci\u00f3n comercial con ese mercado .<\/p>\n\n\n\n<p class=\"wp-block-paragraph\">Durante la reuni\u00f3n, Denise Espa\u00f1a \u00c1lava, representante de la Prefectura de Manab\u00ed, dialog\u00f3 con Giusto Curti, Managing, Director Fresh Fruit Division Southern Europe, sobre las caracter\u00edsticas de la producci\u00f3n frut\u00edcola manabita, las oportunidades que ofrece el mercado europeo y los est\u00e1ndares que deben cumplir los productores para incorporarse a cadenas internacionales de comercializaci\u00f3n.<\/p>\n\n\n\n<p class=\"wp-block-paragraph\">En el encuentro se presentaron frutas con potencial de internacionalizaci\u00f3n, entre ellas pitahaya, aguacate, ar\u00e1ndano y mango. La conversaci\u00f3n permiti\u00f3 abordar aspectos fundamentales para una posible relaci\u00f3n comercial, como la disponibilidad de vol\u00famenes, continuidad del suministro, calidad, trazabilidad, certificaciones, log\u00edstica y sostenibilidad.<\/p>\n\n\n\n<p class=\"wp-block-paragraph\">Durante el di\u00e1logo, Curti destac\u00f3 las oportunidades que representa Manab\u00ed y resalt\u00f3 la relaci\u00f3n que DOLE mantiene con Ecuador. \u201cVivimos nuestros centros de maduraci\u00f3n como si fueran un pedacito de Ecuador prestado a Italia y promovemos la calidad que viene de all\u00ed\u201d, se\u00f1al\u00f3.<\/p>\n\n\n\n<p class=\"wp-block-paragraph\">DOLE mantiene una relaci\u00f3n comercial de larga trayectoria con Ecuador a trav\u00e9s de la cadena internacional del banano. Registros recientes de comercio exterior evidencian operaciones de DOLE Italia con banano Cavendish de origen ecuatoriano, lo que constituye un v\u00ednculo comercial existente entre la empresa y la producci\u00f3n del pa\u00eds.<\/p>\n\n\n\n<p class=\"wp-block-paragraph\">Como siguiente paso, se plante\u00f3 la posibilidad de profundizar el conocimiento sobre la oferta frut\u00edcola de Manab\u00ed y evaluar un acercamiento directo a las zonas productivas de la provincia, sujeto al inter\u00e9s comercial y al cumplimiento de los requerimientos t\u00e9cnicos del mercado europeo.<\/p>\n\n\n\n<p class=\"wp-block-paragraph\">Para la Prefectura de Manab\u00ed, este acercamiento representa un paso hacia una estrategia de internacionalizaci\u00f3n m\u00e1s concreta, que parte de identificar la demanda, contrastarla con la capacidad productiva de la provincia y trabajar en las condiciones que permitan cerrar las brechas existentes para acceder de manera sostenible a nuevos mercados.<\/p>\n","protected":false},"excerpt":{"rendered":"<p>En Italia, la Prefectura de Manab\u00ed mantuvo un acercamiento con representantes de DOLE en ese pa\u00eds auropeo para presentar el potencial productivo frut\u00edcola de la provincia y conocer las condiciones y exigencias para una eventual vinculaci\u00f3n comercial con ese mercado . Durante la reuni\u00f3n, Denise Espa\u00f1a \u00c1lava, representante de la Prefectura de Manab\u00ed, dialog\u00f3 con [&hellip;]<\/p>\n","protected":false},"author":10,"featured_media":35412,"comment_status":"closed","ping_status":"closed","sticky":false,"template":"","format":"standard","meta":{"_joinchat":[],"footnotes":""},"categories":[150,142,370,92,91],"tags":[357],"class_list":["post-35411","post","type-post","status-publish","format-standard","has-post-thumbnail","hentry","category-ambiente","category-desarrollo-social","category-escuela-del-productor","category-noticias-manabi","category-todas","tag-agricultura"],"yoast_head":"<!-- This site is optimized with the Yoast SEO plugin v27.4 - https:\/\/yoast.com\/product\/yoast-seo-wordpress\/ -->\n<title>Se busca mercados internacionales para la producci\u00f3n frut\u00edcola de Manab\u00ed - Prefectura de Manab\u00ed<\/title>\n<meta name=\"robots\" content=\"index, follow, max-snippet:-1, max-image-preview:large, max-video-preview:-1\" \/>\n<link rel=\"canonical\" href=\"https:\/\/www.manabi.gob.ec\/index.php\/se-busca-mercados-internacionales-para-la-produccion-fruticola-de-manabi\/\" \/>\n<meta property=\"og:locale\" content=\"es_ES\" \/>\n<meta property=\"og:type\" content=\"article\" \/>\n<meta property=\"og:title\" content=\"Se busca mercados internacionales para la producci\u00f3n frut\u00edcola de Manab\u00ed - Prefectura de Manab\u00ed\" \/>\n<meta property=\"og:description\" content=\"En Italia, la Prefectura de Manab\u00ed mantuvo un acercamiento con representantes de DOLE en ese pa\u00eds auropeo para presentar el potencial productivo frut\u00edcola de la provincia y conocer las condiciones y exigencias para una eventual vinculaci\u00f3n comercial con ese mercado . Durante la reuni\u00f3n, Denise Espa\u00f1a \u00c1lava, representante de la Prefectura de Manab\u00ed, dialog\u00f3 con [&hellip;]\" \/>\n<meta property=\"og:url\" content=\"https:\/\/www.manabi.gob.ec\/index.php\/se-busca-mercados-internacionales-para-la-produccion-fruticola-de-manabi\/\" \/>\n<meta property=\"og:site_name\" content=\"Prefectura de Manab\u00ed\" \/>\n<meta property=\"article:published_time\" content=\"2026-09-01T14:04:52+00:00\" \/>\n<meta property=\"article:modified_time\" content=\"2026-09-01T14:04:54+00:00\" \/>\n<meta property=\"og:image\" content=\"https:\/\/www.manabi.gob.ec\/wp-content\/uploads\/2026\/09\/WhatsApp-Image-2026-08-31-at-1.46.21-PM.jpeg\" \/>\n\t<meta property=\"og:image:width\" content=\"1600\" \/>\n\t<meta property=\"og:image:height\" content=\"1105\" \/>\n\t<meta property=\"og:image:type\" content=\"image\/jpeg\" \/>\n<meta name=\"author\" content=\"Lui Ochoa\" \/>\n<meta name=\"twitter:card\" content=\"summary_large_image\" \/>\n<meta name=\"twitter:label1\" content=\"Escrito por\" \/>\n\t<meta name=\"twitter:data1\" content=\"Lui Ochoa\" \/>\n\t<meta name=\"twitter:label2\" content=\"Tiempo de lectura\" \/>\n\t<meta name=\"twitter:data2\" content=\"2 minutos\" \/>\n<script type=\"application\/ld+json\" class=\"yoast-schema-graph\">{\"@context\":\"https:\\\/\\\/schema.org\",\"@graph\":[{\"@type\":\"Article\",\"@id\":\"https:\\\/\\\/www.manabi.gob.ec\\\/index.php\\\/se-busca-mercados-internacionales-para-la-produccion-fruticola-de-manabi\\\/#article\",\"isPartOf\":{\"@id\":\"https:\\\/\\\/www.manabi.gob.ec\\\/index.php\\\/se-busca-mercados-internacionales-para-la-produccion-fruticola-de-manabi\\\/\"},\"author\":{\"name\":\"Lui Ochoa\",\"@id\":\"https:\\\/\\\/www.manabi.gob.ec\\\/#\\\/schema\\\/person\\\/c4f117989332ad723a6ced5994aa7d7a\"},\"headline\":\"Se busca mercados internacionales para la producci\u00f3n frut\u00edcola de Manab\u00ed\",\"datePublished\":\"2026-09-01T14:04:52+00:00\",\"dateModified\":\"2026-09-01T14:04:54+00:00\",\"mainEntityOfPage\":{\"@id\":\"https:\\\/\\\/www.manabi.gob.ec\\\/index.php\\\/se-busca-mercados-internacionales-para-la-produccion-fruticola-de-manabi\\\/\"},\"wordCount\":362,\"image\":{\"@id\":\"https:\\\/\\\/www.manabi.gob.ec\\\/index.php\\\/se-busca-mercados-internacionales-para-la-produccion-fruticola-de-manabi\\\/#primaryimage\"},\"thumbnailUrl\":\"https:\\\/\\\/www.manabi.gob.ec\\\/wp-content\\\/uploads\\\/2026\\\/09\\\/WhatsApp-Image-2026-08-31-at-1.46.21-PM.jpeg\",\"keywords\":[\"agricultura\"],\"articleSection\":[\"Ambiente\",\"Desarrollo Social\",\"Escuela del Productor\",\"Noticias\",\"Todas\"],\"inLanguage\":\"es\"},{\"@type\":\"WebPage\",\"@id\":\"https:\\\/\\\/www.manabi.gob.ec\\\/index.php\\\/se-busca-mercados-internacionales-para-la-produccion-fruticola-de-manabi\\\/\",\"url\":\"https:\\\/\\\/www.manabi.gob.ec\\\/index.php\\\/se-busca-mercados-internacionales-para-la-produccion-fruticola-de-manabi\\\/\",\"name\":\"Se busca mercados internacionales para la producci\u00f3n frut\u00edcola de Manab\u00ed - Prefectura de Manab\u00ed\",\"isPartOf\":{\"@id\":\"https:\\\/\\\/www.manabi.gob.ec\\\/#website\"},\"primaryImageOfPage\":{\"@id\":\"https:\\\/\\\/www.manabi.gob.ec\\\/index.php\\\/se-busca-mercados-internacionales-para-la-produccion-fruticola-de-manabi\\\/#primaryimage\"},\"image\":{\"@id\":\"https:\\\/\\\/www.manabi.gob.ec\\\/index.php\\\/se-busca-mercados-internacionales-para-la-produccion-fruticola-de-manabi\\\/#primaryimage\"},\"thumbnailUrl\":\"https:\\\/\\\/www.manabi.gob.ec\\\/wp-content\\\/uploads\\\/2026\\\/09\\\/WhatsApp-Image-2026-08-31-at-1.46.21-PM.jpeg\",\"datePublished\":\"2026-09-01T14:04:52+00:00\",\"dateModified\":\"2026-09-01T14:04:54+00:00\",\"author\":{\"@id\":\"https:\\\/\\\/www.manabi.gob.ec\\\/#\\\/schema\\\/person\\\/c4f117989332ad723a6ced5994aa7d7a\"},\"breadcrumb\":{\"@id\":\"https:\\\/\\\/www.manabi.gob.ec\\\/index.php\\\/se-busca-mercados-internacionales-para-la-produccion-fruticola-de-manabi\\\/#breadcrumb\"},\"inLanguage\":\"es\",\"potentialAction\":[{\"@type\":\"ReadAction\",\"target\":[\"https:\\\/\\\/www.manabi.gob.ec\\\/index.php\\\/se-busca-mercados-internacionales-para-la-produccion-fruticola-de-manabi\\\/\"]}]},{\"@type\":\"ImageObject\",\"inLanguage\":\"es\",\"@id\":\"https:\\\/\\\/www.manabi.gob.ec\\\/index.php\\\/se-busca-mercados-internacionales-para-la-produccion-fruticola-de-manabi\\\/#primaryimage\",\"url\":\"https:\\\/\\\/www.manabi.gob.ec\\\/wp-content\\\/uploads\\\/2026\\\/09\\\/WhatsApp-Image-2026-08-31-at-1.46.21-PM.jpeg\",\"contentUrl\":\"https:\\\/\\\/www.manabi.gob.ec\\\/wp-content\\\/uploads\\\/2026\\\/09\\\/WhatsApp-Image-2026-08-31-at-1.46.21-PM.jpeg\",\"width\":1600,\"height\":1105},{\"@type\":\"BreadcrumbList\",\"@id\":\"https:\\\/\\\/www.manabi.gob.ec\\\/index.php\\\/se-busca-mercados-internacionales-para-la-produccion-fruticola-de-manabi\\\/#breadcrumb\",\"itemListElement\":[{\"@type\":\"ListItem\",\"position\":1,\"name\":\"Portada\",\"item\":\"https:\\\/\\\/www.manabi.gob.ec\\\/\"},{\"@type\":\"ListItem\",\"position\":2,\"name\":\"Se busca mercados internacionales para la producci\u00f3n frut\u00edcola de Manab\u00ed\"}]},{\"@type\":\"WebSite\",\"@id\":\"https:\\\/\\\/www.manabi.gob.ec\\\/#website\",\"url\":\"https:\\\/\\\/www.manabi.gob.ec\\\/\",\"name\":\"Prefectura de Manab\u00ed\",\"description\":\"P\u00e1gina web de la prefectura\",\"potentialAction\":[{\"@type\":\"SearchAction\",\"target\":{\"@type\":\"EntryPoint\",\"urlTemplate\":\"https:\\\/\\\/www.manabi.gob.ec\\\/?s={search_term_string}\"},\"query-input\":{\"@type\":\"PropertyValueSpecification\",\"valueRequired\":true,\"valueName\":\"search_term_string\"}}],\"inLanguage\":\"es\"},{\"@type\":\"Person\",\"@id\":\"https:\\\/\\\/www.manabi.gob.ec\\\/#\\\/schema\\\/person\\\/c4f117989332ad723a6ced5994aa7d7a\",\"name\":\"Lui Ochoa\",\"image\":{\"@type\":\"ImageObject\",\"inLanguage\":\"es\",\"@id\":\"https:\\\/\\\/secure.gravatar.com\\\/avatar\\\/6e8017d0fe69dead8a95864d2eb6e1e1d8bf8e01194ba49cf7b897ff038126ba?s=96&d=mm&r=g\",\"url\":\"https:\\\/\\\/secure.gravatar.com\\\/avatar\\\/6e8017d0fe69dead8a95864d2eb6e1e1d8bf8e01194ba49cf7b897ff038126ba?s=96&d=mm&r=g\",\"contentUrl\":\"https:\\\/\\\/secure.gravatar.com\\\/avatar\\\/6e8017d0fe69dead8a95864d2eb6e1e1d8bf8e01194ba49cf7b897ff038126ba?s=96&d=mm&r=g\",\"caption\":\"Lui Ochoa\"},\"url\":\"https:\\\/\\\/www.manabi.gob.ec\\\/index.php\\\/author\\\/lochoa\\\/\"}]}<\/script>\n<!-- \/ Yoast SEO plugin. -->","yoast_head_json":{"title":"Se busca mercados internacionales para la producci\u00f3n frut\u00edcola de Manab\u00ed - Prefectura de Manab\u00ed","robots":{"index":"index","follow":"follow","max-snippet":"max-snippet:-1","max-image-preview":"max-image-preview:large","max-video-preview":"max-video-preview:-1"},"canonical":"https:\/\/www.manabi.gob.ec\/index.php\/se-busca-mercados-internacionales-para-la-produccion-fruticola-de-manabi\/","og_locale":"es_ES","og_type":"article","og_title":"Se busca mercados internacionales para la producci\u00f3n frut\u00edcola de Manab\u00ed - Prefectura de Manab\u00ed","og_description":"En Italia, la Prefectura de Manab\u00ed mantuvo un acercamiento con representantes de DOLE en ese pa\u00eds auropeo para presentar el potencial productivo frut\u00edcola de la provincia y conocer las condiciones y exigencias para una eventual vinculaci\u00f3n comercial con ese mercado . Durante la reuni\u00f3n, Denise Espa\u00f1a \u00c1lava, representante de la Prefectura de Manab\u00ed, dialog\u00f3 con [&hellip;]","og_url":"https:\/\/www.manabi.gob.ec\/index.php\/se-busca-mercados-internacionales-para-la-produccion-fruticola-de-manabi\/","og_site_name":"Prefectura de Manab\u00ed","article_published_time":"2026-09-01T14:04:52+00:00","article_modified_time":"2026-09-01T14:04:54+00:00","og_image":[{"width":1600,"height":1105,"url":"https:\/\/www.manabi.gob.ec\/wp-content\/uploads\/2026\/09\/WhatsApp-Image-2026-08-31-at-1.46.21-PM.jpeg","type":"image\/jpeg"}],"author":"Lui Ochoa","twitter_card":"summary_large_image","twitter_misc":{"Escrito por":"Lui Ochoa","Tiempo de lectura":"2 minutos"},"schema":{"@context":"https:\/\/schema.org","@graph":[{"@type":"Article","@id":"https:\/\/www.manabi.gob.ec\/index.php\/se-busca-mercados-internacionales-para-la-produccion-fruticola-de-manabi\/#article","isPartOf":{"@id":"https:\/\/www.manabi.gob.ec\/index.php\/se-busca-mercados-internacionales-para-la-produccion-fruticola-de-manabi\/"},"author":{"name":"Lui Ochoa","@id":"https:\/\/www.manabi.gob.ec\/#\/schema\/person\/c4f117989332ad723a6ced5994aa7d7a"},"headline":"Se busca mercados internacionales para la producci\u00f3n frut\u00edcola de Manab\u00ed","datePublished":"2026-09-01T14:04:52+00:00","dateModified":"2026-09-01T14:04:54+00:00","mainEntityOfPage":{"@id":"https:\/\/www.manabi.gob.ec\/index.php\/se-busca-mercados-internacionales-para-la-produccion-fruticola-de-manabi\/"},"wordCount":362,"image":{"@id":"https:\/\/www.manabi.gob.ec\/index.php\/se-busca-mercados-internacionales-para-la-produccion-fruticola-de-manabi\/#primaryimage"},"thumbnailUrl":"https:\/\/www.manabi.gob.ec\/wp-content\/uploads\/2026\/09\/WhatsApp-Image-2026-08-31-at-1.46.21-PM.jpeg","keywords":["agricultura"],"articleSection":["Ambiente","Desarrollo Social","Escuela del Productor","Noticias","Todas"],"inLanguage":"es"},{"@type":"WebPage","@id":"https:\/\/www.manabi.gob.ec\/index.php\/se-busca-mercados-internacionales-para-la-produccion-fruticola-de-manabi\/","url":"https:\/\/www.manabi.gob.ec\/index.php\/se-busca-mercados-internacionales-para-la-produccion-fruticola-de-manabi\/","name":"Se busca mercados internacionales para la producci\u00f3n frut\u00edcola de Manab\u00ed - Prefectura de Manab\u00ed","isPartOf":{"@id":"https:\/\/www.manabi.gob.ec\/#website"},"primaryImageOfPage":{"@id":"https:\/\/www.manabi.gob.ec\/index.php\/se-busca-mercados-internacionales-para-la-produccion-fruticola-de-manabi\/#primaryimage"},"image":{"@id":"https:\/\/www.manabi.gob.ec\/index.php\/se-busca-mercados-internacionales-para-la-produccion-fruticola-de-manabi\/#primaryimage"},"thumbnailUrl":"https:\/\/www.manabi.gob.ec\/wp-content\/uploads\/2026\/09\/WhatsApp-Image-2026-08-31-at-1.46.21-PM.jpeg","datePublished":"2026-09-01T14:04:52+00:00","dateModified":"2026-09-01T14:04:54+00:00","author":{"@id":"https:\/\/www.manabi.gob.ec\/#\/schema\/person\/c4f117989332ad723a6ced5994aa7d7a"},"breadcrumb":{"@id":"https:\/\/www.manabi.gob.ec\/index.php\/se-busca-mercados-internacionales-para-la-produccion-fruticola-de-manabi\/#breadcrumb"},"inLanguage":"es","potentialAction":[{"@type":"ReadAction","target":["https:\/\/www.manabi.gob.ec\/index.php\/se-busca-mercados-internacionales-para-la-produccion-fruticola-de-manabi\/"]}]},{"@type":"ImageObject","inLanguage":"es","@id":"https:\/\/www.manabi.gob.ec\/index.php\/se-busca-mercados-internacionales-para-la-produccion-fruticola-de-manabi\/#primaryimage","url":"https:\/\/www.manabi.gob.ec\/wp-content\/uploads\/2026\/09\/WhatsApp-Image-2026-08-31-at-1.46.21-PM.jpeg","contentUrl":"https:\/\/www.manabi.gob.ec\/wp-content\/uploads\/2026\/09\/WhatsApp-Image-2026-08-31-at-1.46.21-PM.jpeg","width":1600,"height":1105},{"@type":"BreadcrumbList","@id":"https:\/\/www.manabi.gob.ec\/index.php\/se-busca-mercados-internacionales-para-la-produccion-fruticola-de-manabi\/#breadcrumb","itemListElement":[{"@type":"ListItem","position":1,"name":"Portada","item":"https:\/\/www.manabi.gob.ec\/"},{"@type":"ListItem","position":2,"name":"Se busca mercados internacionales para la producci\u00f3n frut\u00edcola de Manab\u00ed"}]},{"@type":"WebSite","@id":"https:\/\/www.manabi.gob.ec\/#website","url":"https:\/\/www.manabi.gob.ec\/","name":"Prefectura de Manab\u00ed","description":"P\u00e1gina web de la prefectura","potentialAction":[{"@type":"SearchAction","target":{"@type":"EntryPoint","urlTemplate":"https:\/\/www.manabi.gob.ec\/?s={search_term_string}"},"query-input":{"@type":"PropertyValueSpecification","valueRequired":true,"valueName":"search_term_string"}}],"inLanguage":"es"},{"@type":"Person","@id":"https:\/\/www.manabi.gob.ec\/#\/schema\/person\/c4f117989332ad723a6ced5994aa7d7a","name":"Lui Ochoa","image":{"@type":"ImageObject","inLanguage":"es","@id":"https:\/\/secure.gravatar.com\/avatar\/6e8017d0fe69dead8a95864d2eb6e1e1d8bf8e01194ba49cf7b897ff038126ba?s=96&d=mm&r=g","url":"https:\/\/secure.gravatar.com\/avatar\/6e8017d0fe69dead8a95864d2eb6e1e1d8bf8e01194ba49cf7b897ff038126ba?s=96&d=mm&r=g","contentUrl":"https:\/\/secure.gravatar.com\/avatar\/6e8017d0fe69dead8a95864d2eb6e1e1d8bf8e01194ba49cf7b897ff038126ba?s=96&d=mm&r=g","caption":"Lui Ochoa"},"url":"https:\/\/www.manabi.gob.ec\/index.php\/author\/lochoa\/"}]}},"jetpack_featured_media_url":"https:\/\/www.manabi.gob.ec\/wp-content\/uploads\/2026\/09\/WhatsApp-Image-2026-08-31-at-1.46.21-PM.jpeg","_links":{"self":[{"href":"https:\/\/www.manabi.gob.ec\/index.php\/wp-json\/wp\/v2\/posts\/35411","targetHints":{"allow":["GET"]}}],"collection":[{"href":"https:\/\/www.manabi.gob.ec\/index.php\/wp-json\/wp\/v2\/posts"}],"about":[{"href":"https:\/\/www.manabi.gob.ec\/index.php\/wp-json\/wp\/v2\/types\/post"}],"author":[{"embeddable":true,"href":"https:\/\/www.manabi.gob.ec\/index.php\/wp-json\/wp\/v2\/users\/10"}],"replies":[{"embeddable":true,"href":"https:\/\/www.manabi.gob.ec\/index.php\/wp-json\/wp\/v2\/comments?post=35411"}],"version-history":[{"count":1,"href":"https:\/\/www.manabi.gob.ec\/index.php\/wp-json\/wp\/v2\/posts\/35411\/revisions"}],"predecessor-version":[{"id":35413,"href":"https:\/\/www.manabi.gob.ec\/index.php\/wp-json\/wp\/v2\/posts\/35411\/revisions\/35413"}],"wp:featuredmedia":[{"embeddable":true,"href":"https:\/\/www.manabi.gob.ec\/index.php\/wp-json\/wp\/v2\/media\/35412"}],"wp:attachment":[{"href":"https:\/\/www.manabi.gob.ec\/index.php\/wp-json\/wp\/v2\/media?parent=35411"}],"wp:term":[{"taxonomy":"category","embeddable":true,"href":"https:\/\/www.manabi.gob.ec\/index.php\/wp-json\/wp\/v2\/categories?post=35411"},{"taxonomy":"post_tag","embeddable":true,"href":"https:\/\/www.manabi.gob.ec\/index.php\/wp-json\/wp\/v2\/tags?post=35411"}],"curies":[{"name":"wp","href":"https:\/\/api.w.org\/{rel}","templated":true}]}}