{"id":35414,"date":"2026-09-01T14:06:26","date_gmt":"2026-09-01T14:06:26","guid":{"rendered":"https:\/\/www.manabi.gob.ec\/?p=35414"},"modified":"2026-09-01T14:06:27","modified_gmt":"2026-09-01T14:06:27","slug":"brigadas-auditivas-hacen-evaluaciones-para-posterior-entrega-de-500-audifonos","status":"publish","type":"post","link":"https:\/\/www.manabi.gob.ec\/index.php\/brigadas-auditivas-hacen-evaluaciones-para-posterior-entrega-de-500-audifonos\/","title":{"rendered":"Brigadas auditivas hacen evaluaciones para posterior entrega de 500 aud\u00edfonos"},"content":{"rendered":"\n<p class=\"wp-block-paragraph\">Durante diez a\u00f1os, Walter Medina ha visto c\u00f3mo su capacidad para escuchar se ha reducido progresivamente. Hoy tiene p\u00e9rdida total de audici\u00f3n en el o\u00eddo izquierdo y parcial en el derecho. A sus 66 a\u00f1os, y sin los recursos para adquirir un dispositivo auditivo, acudi\u00f3 a la brigada de salud que la Prefectura de Manab\u00ed realiz\u00f3 en la parroquia Crucita, donde una audiometr\u00eda permiti\u00f3 evaluar su condici\u00f3n y determinar sus necesidades.<\/p>\n\n\n\n<p class=\"wp-block-paragraph\">Walter est\u00e1 casado desde hace 16 a\u00f1os con Mar\u00eda Salazar. Con el avance de su problema auditivo, ella se convirti\u00f3 en un apoyo permanente para ayudarlo a comunicarse y desenvolverse en sus actividades cotidianas. Ahora, despu\u00e9s de a\u00f1os sin poder costear una soluci\u00f3n, Walter forma parte del proceso de evaluaci\u00f3n previo a la entrega de aud\u00edfonos que impulsa la Prefectura, liderada por el prefecto Leonardo Orlando.<\/p>\n\n\n\n<p class=\"wp-block-paragraph\">\u201cDesde hace diez a\u00f1os tengo este problema y cada vez fui escuchando menos\u201d, cuenta Walter. Su historia refleja la realidad de personas que han tenido que convivir durante a\u00f1os con dificultades auditivas debido, entre otros factores, a las limitaciones econ\u00f3micas para acceder a dispositivos especializados.<\/p>\n\n\n\n<p class=\"wp-block-paragraph\">En Crucita, 20 personas fueron atendidas mediante ex\u00e1menes de audiometr\u00eda, que permiten establecer el nivel de p\u00e9rdida auditiva y determinar si requieren uno o dos aud\u00edfonos, as\u00ed como las caracter\u00edsticas del dispositivo adecuado para cada caso.<\/p>\n\n\n\n<p class=\"wp-block-paragraph\">Las brigadas se realizan desde julio en diferentes puntos de Manab\u00ed, como parte de una primera fase de evaluaci\u00f3n de los pacientes. Una vez cumplido este proceso, y de acuerdo con los resultados obtenidos, se realizar\u00e1 la entrega de 500 aud\u00edfonos, considerando las necesidades espec\u00edficas determinadas por los especialistas.<\/p>\n\n\n\n<p class=\"wp-block-paragraph\">En el caso de Walter, la evaluaci\u00f3n estableci\u00f3 que recibir\u00e1 un aud\u00edfono para su o\u00eddo derecho, donde conserva capacidad auditiva. En el izquierdo, la p\u00e9rdida de audici\u00f3n es total. Para \u00e9l, acceder a este dispositivo representa la posibilidad de escuchar mejor y comunicarse con mayor independencia. Para Mar\u00eda, quien durante estos a\u00f1os ha sido su principal apoyo, significa tambi\u00e9n un cambio importante en la din\u00e1mica cotidiana de ambos.<\/p>\n\n\n\n<p class=\"wp-block-paragraph\">Con estas brigadas, la Prefectura de Manab\u00ed acerca atenci\u00f3n de salud especializada al territorio y prioriza que cada dispositivo sea entregado con base en una evaluaci\u00f3n t\u00e9cnica, para que los 500 aud\u00edfonos lleguen a quienes realmente los necesitan y respondan a las condiciones particulares de cada paciente.<\/p>\n\n\n\n<p class=\"wp-block-paragraph\">Las personas interesadas en acceder a este servicio pueden acercarse a las brigadas m\u00e9dicas que la Prefectura de Manab\u00ed realiza en territorio. All\u00ed recibir\u00e1n informaci\u00f3n sobre el proceso y ser\u00e1n orientadas para su posterior atenci\u00f3n y evaluaci\u00f3n auditiva, de acuerdo con cada caso.<\/p>\n","protected":false},"excerpt":{"rendered":"<p>Durante diez a\u00f1os, Walter Medina ha visto c\u00f3mo su capacidad para escuchar se ha reducido progresivamente. Hoy tiene p\u00e9rdida total de audici\u00f3n en el o\u00eddo izquierdo y parcial en el derecho. A sus 66 a\u00f1os, y sin los recursos para adquirir un dispositivo auditivo, acudi\u00f3 a la brigada de salud que la Prefectura de Manab\u00ed [&hellip;]<\/p>\n","protected":false},"author":10,"featured_media":35415,"comment_status":"closed","ping_status":"closed","sticky":false,"template":"","format":"standard","meta":{"_joinchat":[],"footnotes":""},"categories":[150,142,92,91],"tags":[378,353,261],"class_list":["post-35414","post","type-post","status-publish","format-standard","has-post-thumbnail","hentry","category-ambiente","category-desarrollo-social","category-noticias-manabi","category-todas","tag-auditivos","tag-brigadas","tag-salud"],"yoast_head":"<!-- This site is optimized with the Yoast SEO plugin v27.4 - https:\/\/yoast.com\/product\/yoast-seo-wordpress\/ -->\n<title>Brigadas auditivas hacen evaluaciones para posterior entrega de 500 aud\u00edfonos - Prefectura de Manab\u00ed<\/title>\n<meta name=\"robots\" content=\"index, follow, max-snippet:-1, max-image-preview:large, max-video-preview:-1\" \/>\n<link rel=\"canonical\" href=\"https:\/\/www.manabi.gob.ec\/index.php\/brigadas-auditivas-hacen-evaluaciones-para-posterior-entrega-de-500-audifonos\/\" \/>\n<meta property=\"og:locale\" content=\"es_ES\" \/>\n<meta property=\"og:type\" content=\"article\" \/>\n<meta property=\"og:title\" content=\"Brigadas auditivas hacen evaluaciones para posterior entrega de 500 aud\u00edfonos - Prefectura de Manab\u00ed\" \/>\n<meta property=\"og:description\" content=\"Durante diez a\u00f1os, Walter Medina ha visto c\u00f3mo su capacidad para escuchar se ha reducido progresivamente. Hoy tiene p\u00e9rdida total de audici\u00f3n en el o\u00eddo izquierdo y parcial en el derecho. A sus 66 a\u00f1os, y sin los recursos para adquirir un dispositivo auditivo, acudi\u00f3 a la brigada de salud que la Prefectura de Manab\u00ed [&hellip;]\" \/>\n<meta property=\"og:url\" content=\"https:\/\/www.manabi.gob.ec\/index.php\/brigadas-auditivas-hacen-evaluaciones-para-posterior-entrega-de-500-audifonos\/\" \/>\n<meta property=\"og:site_name\" content=\"Prefectura de Manab\u00ed\" \/>\n<meta property=\"article:published_time\" content=\"2026-09-01T14:06:26+00:00\" \/>\n<meta property=\"article:modified_time\" content=\"2026-09-01T14:06:27+00:00\" \/>\n<meta property=\"og:image\" content=\"https:\/\/www.manabi.gob.ec\/wp-content\/uploads\/2026\/09\/WhatsApp-Image-2026-09-01-at-8.40.56-AM.jpeg\" \/>\n\t<meta property=\"og:image:width\" content=\"1280\" \/>\n\t<meta property=\"og:image:height\" content=\"960\" \/>\n\t<meta property=\"og:image:type\" content=\"image\/jpeg\" \/>\n<meta name=\"author\" content=\"Lui Ochoa\" \/>\n<meta name=\"twitter:card\" content=\"summary_large_image\" \/>\n<meta name=\"twitter:label1\" content=\"Escrito por\" \/>\n\t<meta name=\"twitter:data1\" content=\"Lui Ochoa\" \/>\n\t<meta name=\"twitter:label2\" content=\"Tiempo de lectura\" \/>\n\t<meta name=\"twitter:data2\" content=\"3 minutos\" \/>\n<script type=\"application\/ld+json\" class=\"yoast-schema-graph\">{\"@context\":\"https:\\\/\\\/schema.org\",\"@graph\":[{\"@type\":\"Article\",\"@id\":\"https:\\\/\\\/www.manabi.gob.ec\\\/index.php\\\/brigadas-auditivas-hacen-evaluaciones-para-posterior-entrega-de-500-audifonos\\\/#article\",\"isPartOf\":{\"@id\":\"https:\\\/\\\/www.manabi.gob.ec\\\/index.php\\\/brigadas-auditivas-hacen-evaluaciones-para-posterior-entrega-de-500-audifonos\\\/\"},\"author\":{\"name\":\"Lui Ochoa\",\"@id\":\"https:\\\/\\\/www.manabi.gob.ec\\\/#\\\/schema\\\/person\\\/c4f117989332ad723a6ced5994aa7d7a\"},\"headline\":\"Brigadas auditivas hacen evaluaciones para posterior entrega de 500 aud\u00edfonos\",\"datePublished\":\"2026-09-01T14:06:26+00:00\",\"dateModified\":\"2026-09-01T14:06:27+00:00\",\"mainEntityOfPage\":{\"@id\":\"https:\\\/\\\/www.manabi.gob.ec\\\/index.php\\\/brigadas-auditivas-hacen-evaluaciones-para-posterior-entrega-de-500-audifonos\\\/\"},\"wordCount\":475,\"image\":{\"@id\":\"https:\\\/\\\/www.manabi.gob.ec\\\/index.php\\\/brigadas-auditivas-hacen-evaluaciones-para-posterior-entrega-de-500-audifonos\\\/#primaryimage\"},\"thumbnailUrl\":\"https:\\\/\\\/www.manabi.gob.ec\\\/wp-content\\\/uploads\\\/2026\\\/09\\\/WhatsApp-Image-2026-09-01-at-8.40.56-AM.jpeg\",\"keywords\":[\"auditivos\",\"brigadas\",\"Salud\"],\"articleSection\":[\"Ambiente\",\"Desarrollo Social\",\"Noticias\",\"Todas\"],\"inLanguage\":\"es\"},{\"@type\":\"WebPage\",\"@id\":\"https:\\\/\\\/www.manabi.gob.ec\\\/index.php\\\/brigadas-auditivas-hacen-evaluaciones-para-posterior-entrega-de-500-audifonos\\\/\",\"url\":\"https:\\\/\\\/www.manabi.gob.ec\\\/index.php\\\/brigadas-auditivas-hacen-evaluaciones-para-posterior-entrega-de-500-audifonos\\\/\",\"name\":\"Brigadas auditivas hacen evaluaciones para posterior entrega de 500 aud\u00edfonos - Prefectura de Manab\u00ed\",\"isPartOf\":{\"@id\":\"https:\\\/\\\/www.manabi.gob.ec\\\/#website\"},\"primaryImageOfPage\":{\"@id\":\"https:\\\/\\\/www.manabi.gob.ec\\\/index.php\\\/brigadas-auditivas-hacen-evaluaciones-para-posterior-entrega-de-500-audifonos\\\/#primaryimage\"},\"image\":{\"@id\":\"https:\\\/\\\/www.manabi.gob.ec\\\/index.php\\\/brigadas-auditivas-hacen-evaluaciones-para-posterior-entrega-de-500-audifonos\\\/#primaryimage\"},\"thumbnailUrl\":\"https:\\\/\\\/www.manabi.gob.ec\\\/wp-content\\\/uploads\\\/2026\\\/09\\\/WhatsApp-Image-2026-09-01-at-8.40.56-AM.jpeg\",\"datePublished\":\"2026-09-01T14:06:26+00:00\",\"dateModified\":\"2026-09-01T14:06:27+00:00\",\"author\":{\"@id\":\"https:\\\/\\\/www.manabi.gob.ec\\\/#\\\/schema\\\/person\\\/c4f117989332ad723a6ced5994aa7d7a\"},\"breadcrumb\":{\"@id\":\"https:\\\/\\\/www.manabi.gob.ec\\\/index.php\\\/brigadas-auditivas-hacen-evaluaciones-para-posterior-entrega-de-500-audifonos\\\/#breadcrumb\"},\"inLanguage\":\"es\",\"potentialAction\":[{\"@type\":\"ReadAction\",\"target\":[\"https:\\\/\\\/www.manabi.gob.ec\\\/index.php\\\/brigadas-auditivas-hacen-evaluaciones-para-posterior-entrega-de-500-audifonos\\\/\"]}]},{\"@type\":\"ImageObject\",\"inLanguage\":\"es\",\"@id\":\"https:\\\/\\\/www.manabi.gob.ec\\\/index.php\\\/brigadas-auditivas-hacen-evaluaciones-para-posterior-entrega-de-500-audifonos\\\/#primaryimage\",\"url\":\"https:\\\/\\\/www.manabi.gob.ec\\\/wp-content\\\/uploads\\\/2026\\\/09\\\/WhatsApp-Image-2026-09-01-at-8.40.56-AM.jpeg\",\"contentUrl\":\"https:\\\/\\\/www.manabi.gob.ec\\\/wp-content\\\/uploads\\\/2026\\\/09\\\/WhatsApp-Image-2026-09-01-at-8.40.56-AM.jpeg\",\"width\":1280,\"height\":960},{\"@type\":\"BreadcrumbList\",\"@id\":\"https:\\\/\\\/www.manabi.gob.ec\\\/index.php\\\/brigadas-auditivas-hacen-evaluaciones-para-posterior-entrega-de-500-audifonos\\\/#breadcrumb\",\"itemListElement\":[{\"@type\":\"ListItem\",\"position\":1,\"name\":\"Portada\",\"item\":\"https:\\\/\\\/www.manabi.gob.ec\\\/\"},{\"@type\":\"ListItem\",\"position\":2,\"name\":\"Brigadas auditivas hacen evaluaciones para posterior entrega de 500 aud\u00edfonos\"}]},{\"@type\":\"WebSite\",\"@id\":\"https:\\\/\\\/www.manabi.gob.ec\\\/#website\",\"url\":\"https:\\\/\\\/www.manabi.gob.ec\\\/\",\"name\":\"Prefectura de Manab\u00ed\",\"description\":\"P\u00e1gina web de la prefectura\",\"potentialAction\":[{\"@type\":\"SearchAction\",\"target\":{\"@type\":\"EntryPoint\",\"urlTemplate\":\"https:\\\/\\\/www.manabi.gob.ec\\\/?s={search_term_string}\"},\"query-input\":{\"@type\":\"PropertyValueSpecification\",\"valueRequired\":true,\"valueName\":\"search_term_string\"}}],\"inLanguage\":\"es\"},{\"@type\":\"Person\",\"@id\":\"https:\\\/\\\/www.manabi.gob.ec\\\/#\\\/schema\\\/person\\\/c4f117989332ad723a6ced5994aa7d7a\",\"name\":\"Lui Ochoa\",\"image\":{\"@type\":\"ImageObject\",\"inLanguage\":\"es\",\"@id\":\"https:\\\/\\\/secure.gravatar.com\\\/avatar\\\/6e8017d0fe69dead8a95864d2eb6e1e1d8bf8e01194ba49cf7b897ff038126ba?s=96&d=mm&r=g\",\"url\":\"https:\\\/\\\/secure.gravatar.com\\\/avatar\\\/6e8017d0fe69dead8a95864d2eb6e1e1d8bf8e01194ba49cf7b897ff038126ba?s=96&d=mm&r=g\",\"contentUrl\":\"https:\\\/\\\/secure.gravatar.com\\\/avatar\\\/6e8017d0fe69dead8a95864d2eb6e1e1d8bf8e01194ba49cf7b897ff038126ba?s=96&d=mm&r=g\",\"caption\":\"Lui Ochoa\"},\"url\":\"https:\\\/\\\/www.manabi.gob.ec\\\/index.php\\\/author\\\/lochoa\\\/\"}]}<\/script>\n<!-- \/ Yoast SEO plugin. -->","yoast_head_json":{"title":"Brigadas auditivas hacen evaluaciones para posterior entrega de 500 aud\u00edfonos - Prefectura de Manab\u00ed","robots":{"index":"index","follow":"follow","max-snippet":"max-snippet:-1","max-image-preview":"max-image-preview:large","max-video-preview":"max-video-preview:-1"},"canonical":"https:\/\/www.manabi.gob.ec\/index.php\/brigadas-auditivas-hacen-evaluaciones-para-posterior-entrega-de-500-audifonos\/","og_locale":"es_ES","og_type":"article","og_title":"Brigadas auditivas hacen evaluaciones para posterior entrega de 500 aud\u00edfonos - Prefectura de Manab\u00ed","og_description":"Durante diez a\u00f1os, Walter Medina ha visto c\u00f3mo su capacidad para escuchar se ha reducido progresivamente. Hoy tiene p\u00e9rdida total de audici\u00f3n en el o\u00eddo izquierdo y parcial en el derecho. A sus 66 a\u00f1os, y sin los recursos para adquirir un dispositivo auditivo, acudi\u00f3 a la brigada de salud que la Prefectura de Manab\u00ed [&hellip;]","og_url":"https:\/\/www.manabi.gob.ec\/index.php\/brigadas-auditivas-hacen-evaluaciones-para-posterior-entrega-de-500-audifonos\/","og_site_name":"Prefectura de Manab\u00ed","article_published_time":"2026-09-01T14:06:26+00:00","article_modified_time":"2026-09-01T14:06:27+00:00","og_image":[{"width":1280,"height":960,"url":"https:\/\/www.manabi.gob.ec\/wp-content\/uploads\/2026\/09\/WhatsApp-Image-2026-09-01-at-8.40.56-AM.jpeg","type":"image\/jpeg"}],"author":"Lui Ochoa","twitter_card":"summary_large_image","twitter_misc":{"Escrito por":"Lui Ochoa","Tiempo de lectura":"3 minutos"},"schema":{"@context":"https:\/\/schema.org","@graph":[{"@type":"Article","@id":"https:\/\/www.manabi.gob.ec\/index.php\/brigadas-auditivas-hacen-evaluaciones-para-posterior-entrega-de-500-audifonos\/#article","isPartOf":{"@id":"https:\/\/www.manabi.gob.ec\/index.php\/brigadas-auditivas-hacen-evaluaciones-para-posterior-entrega-de-500-audifonos\/"},"author":{"name":"Lui Ochoa","@id":"https:\/\/www.manabi.gob.ec\/#\/schema\/person\/c4f117989332ad723a6ced5994aa7d7a"},"headline":"Brigadas auditivas hacen evaluaciones para posterior entrega de 500 aud\u00edfonos","datePublished":"2026-09-01T14:06:26+00:00","dateModified":"2026-09-01T14:06:27+00:00","mainEntityOfPage":{"@id":"https:\/\/www.manabi.gob.ec\/index.php\/brigadas-auditivas-hacen-evaluaciones-para-posterior-entrega-de-500-audifonos\/"},"wordCount":475,"image":{"@id":"https:\/\/www.manabi.gob.ec\/index.php\/brigadas-auditivas-hacen-evaluaciones-para-posterior-entrega-de-500-audifonos\/#primaryimage"},"thumbnailUrl":"https:\/\/www.manabi.gob.ec\/wp-content\/uploads\/2026\/09\/WhatsApp-Image-2026-09-01-at-8.40.56-AM.jpeg","keywords":["auditivos","brigadas","Salud"],"articleSection":["Ambiente","Desarrollo Social","Noticias","Todas"],"inLanguage":"es"},{"@type":"WebPage","@id":"https:\/\/www.manabi.gob.ec\/index.php\/brigadas-auditivas-hacen-evaluaciones-para-posterior-entrega-de-500-audifonos\/","url":"https:\/\/www.manabi.gob.ec\/index.php\/brigadas-auditivas-hacen-evaluaciones-para-posterior-entrega-de-500-audifonos\/","name":"Brigadas auditivas hacen evaluaciones para posterior entrega de 500 aud\u00edfonos - Prefectura de Manab\u00ed","isPartOf":{"@id":"https:\/\/www.manabi.gob.ec\/#website"},"primaryImageOfPage":{"@id":"https:\/\/www.manabi.gob.ec\/index.php\/brigadas-auditivas-hacen-evaluaciones-para-posterior-entrega-de-500-audifonos\/#primaryimage"},"image":{"@id":"https:\/\/www.manabi.gob.ec\/index.php\/brigadas-auditivas-hacen-evaluaciones-para-posterior-entrega-de-500-audifonos\/#primaryimage"},"thumbnailUrl":"https:\/\/www.manabi.gob.ec\/wp-content\/uploads\/2026\/09\/WhatsApp-Image-2026-09-01-at-8.40.56-AM.jpeg","datePublished":"2026-09-01T14:06:26+00:00","dateModified":"2026-09-01T14:06:27+00:00","author":{"@id":"https:\/\/www.manabi.gob.ec\/#\/schema\/person\/c4f117989332ad723a6ced5994aa7d7a"},"breadcrumb":{"@id":"https:\/\/www.manabi.gob.ec\/index.php\/brigadas-auditivas-hacen-evaluaciones-para-posterior-entrega-de-500-audifonos\/#breadcrumb"},"inLanguage":"es","potentialAction":[{"@type":"ReadAction","target":["https:\/\/www.manabi.gob.ec\/index.php\/brigadas-auditivas-hacen-evaluaciones-para-posterior-entrega-de-500-audifonos\/"]}]},{"@type":"ImageObject","inLanguage":"es","@id":"https:\/\/www.manabi.gob.ec\/index.php\/brigadas-auditivas-hacen-evaluaciones-para-posterior-entrega-de-500-audifonos\/#primaryimage","url":"https:\/\/www.manabi.gob.ec\/wp-content\/uploads\/2026\/09\/WhatsApp-Image-2026-09-01-at-8.40.56-AM.jpeg","contentUrl":"https:\/\/www.manabi.gob.ec\/wp-content\/uploads\/2026\/09\/WhatsApp-Image-2026-09-01-at-8.40.56-AM.jpeg","width":1280,"height":960},{"@type":"BreadcrumbList","@id":"https:\/\/www.manabi.gob.ec\/index.php\/brigadas-auditivas-hacen-evaluaciones-para-posterior-entrega-de-500-audifonos\/#breadcrumb","itemListElement":[{"@type":"ListItem","position":1,"name":"Portada","item":"https:\/\/www.manabi.gob.ec\/"},{"@type":"ListItem","position":2,"name":"Brigadas auditivas hacen evaluaciones para posterior entrega de 500 aud\u00edfonos"}]},{"@type":"WebSite","@id":"https:\/\/www.manabi.gob.ec\/#website","url":"https:\/\/www.manabi.gob.ec\/","name":"Prefectura de Manab\u00ed","description":"P\u00e1gina web de la prefectura","potentialAction":[{"@type":"SearchAction","target":{"@type":"EntryPoint","urlTemplate":"https:\/\/www.manabi.gob.ec\/?s={search_term_string}"},"query-input":{"@type":"PropertyValueSpecification","valueRequired":true,"valueName":"search_term_string"}}],"inLanguage":"es"},{"@type":"Person","@id":"https:\/\/www.manabi.gob.ec\/#\/schema\/person\/c4f117989332ad723a6ced5994aa7d7a","name":"Lui Ochoa","image":{"@type":"ImageObject","inLanguage":"es","@id":"https:\/\/secure.gravatar.com\/avatar\/6e8017d0fe69dead8a95864d2eb6e1e1d8bf8e01194ba49cf7b897ff038126ba?s=96&d=mm&r=g","url":"https:\/\/secure.gravatar.com\/avatar\/6e8017d0fe69dead8a95864d2eb6e1e1d8bf8e01194ba49cf7b897ff038126ba?s=96&d=mm&r=g","contentUrl":"https:\/\/secure.gravatar.com\/avatar\/6e8017d0fe69dead8a95864d2eb6e1e1d8bf8e01194ba49cf7b897ff038126ba?s=96&d=mm&r=g","caption":"Lui Ochoa"},"url":"https:\/\/www.manabi.gob.ec\/index.php\/author\/lochoa\/"}]}},"jetpack_featured_media_url":"https:\/\/www.manabi.gob.ec\/wp-content\/uploads\/2026\/09\/WhatsApp-Image-2026-09-01-at-8.40.56-AM.jpeg","_links":{"self":[{"href":"https:\/\/www.manabi.gob.ec\/index.php\/wp-json\/wp\/v2\/posts\/35414","targetHints":{"allow":["GET"]}}],"collection":[{"href":"https:\/\/www.manabi.gob.ec\/index.php\/wp-json\/wp\/v2\/posts"}],"about":[{"href":"https:\/\/www.manabi.gob.ec\/index.php\/wp-json\/wp\/v2\/types\/post"}],"author":[{"embeddable":true,"href":"https:\/\/www.manabi.gob.ec\/index.php\/wp-json\/wp\/v2\/users\/10"}],"replies":[{"embeddable":true,"href":"https:\/\/www.manabi.gob.ec\/index.php\/wp-json\/wp\/v2\/comments?post=35414"}],"version-history":[{"count":1,"href":"https:\/\/www.manabi.gob.ec\/index.php\/wp-json\/wp\/v2\/posts\/35414\/revisions"}],"predecessor-version":[{"id":35416,"href":"https:\/\/www.manabi.gob.ec\/index.php\/wp-json\/wp\/v2\/posts\/35414\/revisions\/35416"}],"wp:featuredmedia":[{"embeddable":true,"href":"https:\/\/www.manabi.gob.ec\/index.php\/wp-json\/wp\/v2\/media\/35415"}],"wp:attachment":[{"href":"https:\/\/www.manabi.gob.ec\/index.php\/wp-json\/wp\/v2\/media?parent=35414"}],"wp:term":[{"taxonomy":"category","embeddable":true,"href":"https:\/\/www.manabi.gob.ec\/index.php\/wp-json\/wp\/v2\/categories?post=35414"},{"taxonomy":"post_tag","embeddable":true,"href":"https:\/\/www.manabi.gob.ec\/index.php\/wp-json\/wp\/v2\/tags?post=35414"}],"curies":[{"name":"wp","href":"https:\/\/api.w.org\/{rel}","templated":true}]}}