{"id":35417,"date":"2026-09-01T14:08:22","date_gmt":"2026-09-01T14:08:22","guid":{"rendered":"https:\/\/www.manabi.gob.ec\/?p=35417"},"modified":"2026-09-01T14:08:22","modified_gmt":"2026-09-01T14:08:22","slug":"jipijapa-cierra-ciclo-2025-2026-de-las-escuelas-del-productor-con-apoyo-a-familias-ganaderas","status":"publish","type":"post","link":"https:\/\/www.manabi.gob.ec\/index.php\/jipijapa-cierra-ciclo-2025-2026-de-las-escuelas-del-productor-con-apoyo-a-familias-ganaderas\/","title":{"rendered":"Jipijapa cierra ciclo 2025-2026 de las Escuelas del Productor con apoyo a familias ganaderas"},"content":{"rendered":"\n<p class=\"wp-block-paragraph\">La \u00faltima entrega de insumos, materiales y herramientas de las Escuelas del Productor de la Prefectura de Manab\u00ed se realiz\u00f3 el lunes 31 de agosto en Jipijapa, como parte del ciclo II 2025-2026 de la Escuela del Productor Ganadero. La jornada cont\u00f3 con la presencia del prefecto Leonardo Orlando y reuni\u00f3 a las familias que participan en este proceso de formaci\u00f3n pr\u00e1ctica.<\/p>\n\n\n\n<p class=\"wp-block-paragraph\">En Jipijapa, 27 familias productoras forman parte de esta Escuela Ganadera, que actualmente avanza hacia la fase de inseminaci\u00f3n artificial de su ganado. La entrega de implementos busca complementar la capacitaci\u00f3n y facilitar que los conocimientos adquiridos durante las jornadas puedan aplicarse directamente en las fincas.<\/p>\n\n\n\n<p class=\"wp-block-paragraph\">\u201cHoy les traemos estos insumos, estas herramientas y estos conocimientos para que ustedes mejoren su calidad de vida, para que produzcan m\u00e1s y mejor, cuidando la salud humana y la del planeta, con alimentos sanos y nutritivos\u201d, se\u00f1al\u00f3 el prefecto, Leonardo Orlando, durante la jornada, y destac\u00f3 el prop\u00f3sito integral de este proceso de acompa\u00f1amiento a las familias rurales.<\/p>\n\n\n\n<p class=\"wp-block-paragraph\">Para Jos\u00e9 Antonio S\u00e1nchez, productor de la zona de La Mona y participante de la Escuela de Ganader\u00eda, la experiencia ha sido fortalecedora porque les ha permitido dejar atr\u00e1s pr\u00e1cticas realizadas de manera r\u00fastica y avanzar hacia un manejo m\u00e1s t\u00e9cnico de sus animales. \u201cGracias a la asistencia t\u00e9cnica de la Prefectura hemos tenido los conocimientos para poder avanzar con respecto a la crianza de nuestros animales de una manera m\u00e1s eficiente\u201d, manifest\u00f3.<\/p>\n\n\n\n<p class=\"wp-block-paragraph\">S\u00e1nchez explic\u00f3 que parte de lo aprendido se aplicar\u00e1 especialmente en el manejo de los pastos, una de las principales dificultades de la zona por la falta de alimento para el ganado. Tambi\u00e9n destac\u00f3 el aprovechamiento de los recursos entregados y consider\u00f3 necesario que este tipo de formaci\u00f3n contin\u00fae en otros cantones de Manab\u00ed. \u201cNecesitamos de manera urgente este tipo de conocimientos para poder tener mucho m\u00e1s ganancias\u201d, expres\u00f3.<\/p>\n\n\n\n<p class=\"wp-block-paragraph\">La experiencia de Jipijapa forma parte de una estrategia que se desarrolla en diferentes zonas rurales de Manab\u00ed. Actualmente funcionan 231 Escuelas del Productor en diversas cadenas productivas: 123 agr\u00edcolas, 34 ganaderas correspondientes a dos ciclos, 40 de pesca artesanal, 20 ap\u00edcolas, 2 caprinas, 12 de producci\u00f3n av\u00edcola y porcina y 27 orientadas a la diversificaci\u00f3n productiva, con alternativas como vainilla y ma\u00edz.<\/p>\n\n\n\n<p class=\"wp-block-paragraph\">En conjunto, las Escuelas atienden a m\u00e1s de 8.000 productores en el ciclo vigente y, al considerar todos los ciclos desarrollados, han alcanzado a m\u00e1s de 15.000 beneficiarios en la provincia. La metodolog\u00eda de \u201caprender haciendo\u201d busca que la capacitaci\u00f3n trascienda el aula y se convierta en conocimientos, pr\u00e1cticas y herramientas \u00fatiles para fortalecer la producci\u00f3n y las condiciones de vida de las familias rurales.<\/p>\n","protected":false},"excerpt":{"rendered":"<p>La \u00faltima entrega de insumos, materiales y herramientas de las Escuelas del Productor de la Prefectura de Manab\u00ed se realiz\u00f3 el lunes 31 de agosto en Jipijapa, como parte del ciclo II 2025-2026 de la Escuela del Productor Ganadero. La jornada cont\u00f3 con la presencia del prefecto Leonardo Orlando y reuni\u00f3 a las familias que [&hellip;]<\/p>\n","protected":false},"author":10,"featured_media":35418,"comment_status":"closed","ping_status":"closed","sticky":false,"template":"","format":"standard","meta":{"_joinchat":[],"footnotes":""},"categories":[150,142,370,92,91],"tags":[380,379],"class_list":["post-35417","post","type-post","status-publish","format-standard","has-post-thumbnail","hentry","category-ambiente","category-desarrollo-social","category-escuela-del-productor","category-noticias-manabi","category-todas","tag-escuelas","tag-productor"],"yoast_head":"<!-- This site is optimized with the Yoast SEO plugin v27.4 - https:\/\/yoast.com\/product\/yoast-seo-wordpress\/ -->\n<title>Jipijapa cierra ciclo 2025-2026 de las Escuelas del Productor con apoyo a familias ganaderas - Prefectura de Manab\u00ed<\/title>\n<meta name=\"robots\" content=\"index, follow, max-snippet:-1, max-image-preview:large, max-video-preview:-1\" \/>\n<link rel=\"canonical\" href=\"https:\/\/www.manabi.gob.ec\/index.php\/jipijapa-cierra-ciclo-2025-2026-de-las-escuelas-del-productor-con-apoyo-a-familias-ganaderas\/\" \/>\n<meta property=\"og:locale\" content=\"es_ES\" \/>\n<meta property=\"og:type\" content=\"article\" \/>\n<meta property=\"og:title\" content=\"Jipijapa cierra ciclo 2025-2026 de las Escuelas del Productor con apoyo a familias ganaderas - Prefectura de Manab\u00ed\" \/>\n<meta property=\"og:description\" content=\"La \u00faltima entrega de insumos, materiales y herramientas de las Escuelas del Productor de la Prefectura de Manab\u00ed se realiz\u00f3 el lunes 31 de agosto en Jipijapa, como parte del ciclo II 2025-2026 de la Escuela del Productor Ganadero. La jornada cont\u00f3 con la presencia del prefecto Leonardo Orlando y reuni\u00f3 a las familias que [&hellip;]\" \/>\n<meta property=\"og:url\" content=\"https:\/\/www.manabi.gob.ec\/index.php\/jipijapa-cierra-ciclo-2025-2026-de-las-escuelas-del-productor-con-apoyo-a-familias-ganaderas\/\" \/>\n<meta property=\"og:site_name\" content=\"Prefectura de Manab\u00ed\" \/>\n<meta property=\"article:published_time\" content=\"2026-09-01T14:08:22+00:00\" \/>\n<meta property=\"og:image\" content=\"https:\/\/www.manabi.gob.ec\/wp-content\/uploads\/2026\/09\/WhatsApp-Image-2026-09-01-at-8.43.47-AM-scaled.jpeg\" \/>\n\t<meta property=\"og:image:width\" content=\"2560\" \/>\n\t<meta property=\"og:image:height\" content=\"1437\" \/>\n\t<meta property=\"og:image:type\" content=\"image\/jpeg\" \/>\n<meta name=\"author\" content=\"Lui Ochoa\" \/>\n<meta name=\"twitter:card\" content=\"summary_large_image\" \/>\n<meta name=\"twitter:label1\" content=\"Escrito por\" \/>\n\t<meta name=\"twitter:data1\" content=\"Lui Ochoa\" \/>\n\t<meta name=\"twitter:label2\" content=\"Tiempo de lectura\" \/>\n\t<meta name=\"twitter:data2\" content=\"3 minutos\" \/>\n<script type=\"application\/ld+json\" class=\"yoast-schema-graph\">{\"@context\":\"https:\\\/\\\/schema.org\",\"@graph\":[{\"@type\":\"Article\",\"@id\":\"https:\\\/\\\/www.manabi.gob.ec\\\/index.php\\\/jipijapa-cierra-ciclo-2025-2026-de-las-escuelas-del-productor-con-apoyo-a-familias-ganaderas\\\/#article\",\"isPartOf\":{\"@id\":\"https:\\\/\\\/www.manabi.gob.ec\\\/index.php\\\/jipijapa-cierra-ciclo-2025-2026-de-las-escuelas-del-productor-con-apoyo-a-familias-ganaderas\\\/\"},\"author\":{\"name\":\"Lui Ochoa\",\"@id\":\"https:\\\/\\\/www.manabi.gob.ec\\\/#\\\/schema\\\/person\\\/c4f117989332ad723a6ced5994aa7d7a\"},\"headline\":\"Jipijapa cierra ciclo 2025-2026 de las Escuelas del Productor con apoyo a familias ganaderas\",\"datePublished\":\"2026-09-01T14:08:22+00:00\",\"mainEntityOfPage\":{\"@id\":\"https:\\\/\\\/www.manabi.gob.ec\\\/index.php\\\/jipijapa-cierra-ciclo-2025-2026-de-las-escuelas-del-productor-con-apoyo-a-familias-ganaderas\\\/\"},\"wordCount\":473,\"image\":{\"@id\":\"https:\\\/\\\/www.manabi.gob.ec\\\/index.php\\\/jipijapa-cierra-ciclo-2025-2026-de-las-escuelas-del-productor-con-apoyo-a-familias-ganaderas\\\/#primaryimage\"},\"thumbnailUrl\":\"https:\\\/\\\/www.manabi.gob.ec\\\/wp-content\\\/uploads\\\/2026\\\/09\\\/WhatsApp-Image-2026-09-01-at-8.43.47-AM-scaled.jpeg\",\"keywords\":[\"escuelas\",\"productor\"],\"articleSection\":[\"Ambiente\",\"Desarrollo Social\",\"Escuela del Productor\",\"Noticias\",\"Todas\"],\"inLanguage\":\"es\"},{\"@type\":\"WebPage\",\"@id\":\"https:\\\/\\\/www.manabi.gob.ec\\\/index.php\\\/jipijapa-cierra-ciclo-2025-2026-de-las-escuelas-del-productor-con-apoyo-a-familias-ganaderas\\\/\",\"url\":\"https:\\\/\\\/www.manabi.gob.ec\\\/index.php\\\/jipijapa-cierra-ciclo-2025-2026-de-las-escuelas-del-productor-con-apoyo-a-familias-ganaderas\\\/\",\"name\":\"Jipijapa cierra ciclo 2025-2026 de las Escuelas del Productor con apoyo a familias ganaderas - Prefectura de Manab\u00ed\",\"isPartOf\":{\"@id\":\"https:\\\/\\\/www.manabi.gob.ec\\\/#website\"},\"primaryImageOfPage\":{\"@id\":\"https:\\\/\\\/www.manabi.gob.ec\\\/index.php\\\/jipijapa-cierra-ciclo-2025-2026-de-las-escuelas-del-productor-con-apoyo-a-familias-ganaderas\\\/#primaryimage\"},\"image\":{\"@id\":\"https:\\\/\\\/www.manabi.gob.ec\\\/index.php\\\/jipijapa-cierra-ciclo-2025-2026-de-las-escuelas-del-productor-con-apoyo-a-familias-ganaderas\\\/#primaryimage\"},\"thumbnailUrl\":\"https:\\\/\\\/www.manabi.gob.ec\\\/wp-content\\\/uploads\\\/2026\\\/09\\\/WhatsApp-Image-2026-09-01-at-8.43.47-AM-scaled.jpeg\",\"datePublished\":\"2026-09-01T14:08:22+00:00\",\"author\":{\"@id\":\"https:\\\/\\\/www.manabi.gob.ec\\\/#\\\/schema\\\/person\\\/c4f117989332ad723a6ced5994aa7d7a\"},\"breadcrumb\":{\"@id\":\"https:\\\/\\\/www.manabi.gob.ec\\\/index.php\\\/jipijapa-cierra-ciclo-2025-2026-de-las-escuelas-del-productor-con-apoyo-a-familias-ganaderas\\\/#breadcrumb\"},\"inLanguage\":\"es\",\"potentialAction\":[{\"@type\":\"ReadAction\",\"target\":[\"https:\\\/\\\/www.manabi.gob.ec\\\/index.php\\\/jipijapa-cierra-ciclo-2025-2026-de-las-escuelas-del-productor-con-apoyo-a-familias-ganaderas\\\/\"]}]},{\"@type\":\"ImageObject\",\"inLanguage\":\"es\",\"@id\":\"https:\\\/\\\/www.manabi.gob.ec\\\/index.php\\\/jipijapa-cierra-ciclo-2025-2026-de-las-escuelas-del-productor-con-apoyo-a-familias-ganaderas\\\/#primaryimage\",\"url\":\"https:\\\/\\\/www.manabi.gob.ec\\\/wp-content\\\/uploads\\\/2026\\\/09\\\/WhatsApp-Image-2026-09-01-at-8.43.47-AM-scaled.jpeg\",\"contentUrl\":\"https:\\\/\\\/www.manabi.gob.ec\\\/wp-content\\\/uploads\\\/2026\\\/09\\\/WhatsApp-Image-2026-09-01-at-8.43.47-AM-scaled.jpeg\",\"width\":2560,\"height\":1437},{\"@type\":\"BreadcrumbList\",\"@id\":\"https:\\\/\\\/www.manabi.gob.ec\\\/index.php\\\/jipijapa-cierra-ciclo-2025-2026-de-las-escuelas-del-productor-con-apoyo-a-familias-ganaderas\\\/#breadcrumb\",\"itemListElement\":[{\"@type\":\"ListItem\",\"position\":1,\"name\":\"Portada\",\"item\":\"https:\\\/\\\/www.manabi.gob.ec\\\/\"},{\"@type\":\"ListItem\",\"position\":2,\"name\":\"Jipijapa cierra ciclo 2025-2026 de las Escuelas del Productor con apoyo a familias ganaderas\"}]},{\"@type\":\"WebSite\",\"@id\":\"https:\\\/\\\/www.manabi.gob.ec\\\/#website\",\"url\":\"https:\\\/\\\/www.manabi.gob.ec\\\/\",\"name\":\"Prefectura de Manab\u00ed\",\"description\":\"P\u00e1gina web de la prefectura\",\"potentialAction\":[{\"@type\":\"SearchAction\",\"target\":{\"@type\":\"EntryPoint\",\"urlTemplate\":\"https:\\\/\\\/www.manabi.gob.ec\\\/?s={search_term_string}\"},\"query-input\":{\"@type\":\"PropertyValueSpecification\",\"valueRequired\":true,\"valueName\":\"search_term_string\"}}],\"inLanguage\":\"es\"},{\"@type\":\"Person\",\"@id\":\"https:\\\/\\\/www.manabi.gob.ec\\\/#\\\/schema\\\/person\\\/c4f117989332ad723a6ced5994aa7d7a\",\"name\":\"Lui Ochoa\",\"image\":{\"@type\":\"ImageObject\",\"inLanguage\":\"es\",\"@id\":\"https:\\\/\\\/secure.gravatar.com\\\/avatar\\\/6e8017d0fe69dead8a95864d2eb6e1e1d8bf8e01194ba49cf7b897ff038126ba?s=96&d=mm&r=g\",\"url\":\"https:\\\/\\\/secure.gravatar.com\\\/avatar\\\/6e8017d0fe69dead8a95864d2eb6e1e1d8bf8e01194ba49cf7b897ff038126ba?s=96&d=mm&r=g\",\"contentUrl\":\"https:\\\/\\\/secure.gravatar.com\\\/avatar\\\/6e8017d0fe69dead8a95864d2eb6e1e1d8bf8e01194ba49cf7b897ff038126ba?s=96&d=mm&r=g\",\"caption\":\"Lui Ochoa\"},\"url\":\"https:\\\/\\\/www.manabi.gob.ec\\\/index.php\\\/author\\\/lochoa\\\/\"}]}<\/script>\n<!-- \/ Yoast SEO plugin. -->","yoast_head_json":{"title":"Jipijapa cierra ciclo 2025-2026 de las Escuelas del Productor con apoyo a familias ganaderas - Prefectura de Manab\u00ed","robots":{"index":"index","follow":"follow","max-snippet":"max-snippet:-1","max-image-preview":"max-image-preview:large","max-video-preview":"max-video-preview:-1"},"canonical":"https:\/\/www.manabi.gob.ec\/index.php\/jipijapa-cierra-ciclo-2025-2026-de-las-escuelas-del-productor-con-apoyo-a-familias-ganaderas\/","og_locale":"es_ES","og_type":"article","og_title":"Jipijapa cierra ciclo 2025-2026 de las Escuelas del Productor con apoyo a familias ganaderas - Prefectura de Manab\u00ed","og_description":"La \u00faltima entrega de insumos, materiales y herramientas de las Escuelas del Productor de la Prefectura de Manab\u00ed se realiz\u00f3 el lunes 31 de agosto en Jipijapa, como parte del ciclo II 2025-2026 de la Escuela del Productor Ganadero. La jornada cont\u00f3 con la presencia del prefecto Leonardo Orlando y reuni\u00f3 a las familias que [&hellip;]","og_url":"https:\/\/www.manabi.gob.ec\/index.php\/jipijapa-cierra-ciclo-2025-2026-de-las-escuelas-del-productor-con-apoyo-a-familias-ganaderas\/","og_site_name":"Prefectura de Manab\u00ed","article_published_time":"2026-09-01T14:08:22+00:00","og_image":[{"width":2560,"height":1437,"url":"https:\/\/www.manabi.gob.ec\/wp-content\/uploads\/2026\/09\/WhatsApp-Image-2026-09-01-at-8.43.47-AM-scaled.jpeg","type":"image\/jpeg"}],"author":"Lui Ochoa","twitter_card":"summary_large_image","twitter_misc":{"Escrito por":"Lui Ochoa","Tiempo de lectura":"3 minutos"},"schema":{"@context":"https:\/\/schema.org","@graph":[{"@type":"Article","@id":"https:\/\/www.manabi.gob.ec\/index.php\/jipijapa-cierra-ciclo-2025-2026-de-las-escuelas-del-productor-con-apoyo-a-familias-ganaderas\/#article","isPartOf":{"@id":"https:\/\/www.manabi.gob.ec\/index.php\/jipijapa-cierra-ciclo-2025-2026-de-las-escuelas-del-productor-con-apoyo-a-familias-ganaderas\/"},"author":{"name":"Lui Ochoa","@id":"https:\/\/www.manabi.gob.ec\/#\/schema\/person\/c4f117989332ad723a6ced5994aa7d7a"},"headline":"Jipijapa cierra ciclo 2025-2026 de las Escuelas del Productor con apoyo a familias ganaderas","datePublished":"2026-09-01T14:08:22+00:00","mainEntityOfPage":{"@id":"https:\/\/www.manabi.gob.ec\/index.php\/jipijapa-cierra-ciclo-2025-2026-de-las-escuelas-del-productor-con-apoyo-a-familias-ganaderas\/"},"wordCount":473,"image":{"@id":"https:\/\/www.manabi.gob.ec\/index.php\/jipijapa-cierra-ciclo-2025-2026-de-las-escuelas-del-productor-con-apoyo-a-familias-ganaderas\/#primaryimage"},"thumbnailUrl":"https:\/\/www.manabi.gob.ec\/wp-content\/uploads\/2026\/09\/WhatsApp-Image-2026-09-01-at-8.43.47-AM-scaled.jpeg","keywords":["escuelas","productor"],"articleSection":["Ambiente","Desarrollo Social","Escuela del Productor","Noticias","Todas"],"inLanguage":"es"},{"@type":"WebPage","@id":"https:\/\/www.manabi.gob.ec\/index.php\/jipijapa-cierra-ciclo-2025-2026-de-las-escuelas-del-productor-con-apoyo-a-familias-ganaderas\/","url":"https:\/\/www.manabi.gob.ec\/index.php\/jipijapa-cierra-ciclo-2025-2026-de-las-escuelas-del-productor-con-apoyo-a-familias-ganaderas\/","name":"Jipijapa cierra ciclo 2025-2026 de las Escuelas del Productor con apoyo a familias ganaderas - Prefectura de Manab\u00ed","isPartOf":{"@id":"https:\/\/www.manabi.gob.ec\/#website"},"primaryImageOfPage":{"@id":"https:\/\/www.manabi.gob.ec\/index.php\/jipijapa-cierra-ciclo-2025-2026-de-las-escuelas-del-productor-con-apoyo-a-familias-ganaderas\/#primaryimage"},"image":{"@id":"https:\/\/www.manabi.gob.ec\/index.php\/jipijapa-cierra-ciclo-2025-2026-de-las-escuelas-del-productor-con-apoyo-a-familias-ganaderas\/#primaryimage"},"thumbnailUrl":"https:\/\/www.manabi.gob.ec\/wp-content\/uploads\/2026\/09\/WhatsApp-Image-2026-09-01-at-8.43.47-AM-scaled.jpeg","datePublished":"2026-09-01T14:08:22+00:00","author":{"@id":"https:\/\/www.manabi.gob.ec\/#\/schema\/person\/c4f117989332ad723a6ced5994aa7d7a"},"breadcrumb":{"@id":"https:\/\/www.manabi.gob.ec\/index.php\/jipijapa-cierra-ciclo-2025-2026-de-las-escuelas-del-productor-con-apoyo-a-familias-ganaderas\/#breadcrumb"},"inLanguage":"es","potentialAction":[{"@type":"ReadAction","target":["https:\/\/www.manabi.gob.ec\/index.php\/jipijapa-cierra-ciclo-2025-2026-de-las-escuelas-del-productor-con-apoyo-a-familias-ganaderas\/"]}]},{"@type":"ImageObject","inLanguage":"es","@id":"https:\/\/www.manabi.gob.ec\/index.php\/jipijapa-cierra-ciclo-2025-2026-de-las-escuelas-del-productor-con-apoyo-a-familias-ganaderas\/#primaryimage","url":"https:\/\/www.manabi.gob.ec\/wp-content\/uploads\/2026\/09\/WhatsApp-Image-2026-09-01-at-8.43.47-AM-scaled.jpeg","contentUrl":"https:\/\/www.manabi.gob.ec\/wp-content\/uploads\/2026\/09\/WhatsApp-Image-2026-09-01-at-8.43.47-AM-scaled.jpeg","width":2560,"height":1437},{"@type":"BreadcrumbList","@id":"https:\/\/www.manabi.gob.ec\/index.php\/jipijapa-cierra-ciclo-2025-2026-de-las-escuelas-del-productor-con-apoyo-a-familias-ganaderas\/#breadcrumb","itemListElement":[{"@type":"ListItem","position":1,"name":"Portada","item":"https:\/\/www.manabi.gob.ec\/"},{"@type":"ListItem","position":2,"name":"Jipijapa cierra ciclo 2025-2026 de las Escuelas del Productor con apoyo a familias ganaderas"}]},{"@type":"WebSite","@id":"https:\/\/www.manabi.gob.ec\/#website","url":"https:\/\/www.manabi.gob.ec\/","name":"Prefectura de Manab\u00ed","description":"P\u00e1gina web de la prefectura","potentialAction":[{"@type":"SearchAction","target":{"@type":"EntryPoint","urlTemplate":"https:\/\/www.manabi.gob.ec\/?s={search_term_string}"},"query-input":{"@type":"PropertyValueSpecification","valueRequired":true,"valueName":"search_term_string"}}],"inLanguage":"es"},{"@type":"Person","@id":"https:\/\/www.manabi.gob.ec\/#\/schema\/person\/c4f117989332ad723a6ced5994aa7d7a","name":"Lui Ochoa","image":{"@type":"ImageObject","inLanguage":"es","@id":"https:\/\/secure.gravatar.com\/avatar\/6e8017d0fe69dead8a95864d2eb6e1e1d8bf8e01194ba49cf7b897ff038126ba?s=96&d=mm&r=g","url":"https:\/\/secure.gravatar.com\/avatar\/6e8017d0fe69dead8a95864d2eb6e1e1d8bf8e01194ba49cf7b897ff038126ba?s=96&d=mm&r=g","contentUrl":"https:\/\/secure.gravatar.com\/avatar\/6e8017d0fe69dead8a95864d2eb6e1e1d8bf8e01194ba49cf7b897ff038126ba?s=96&d=mm&r=g","caption":"Lui Ochoa"},"url":"https:\/\/www.manabi.gob.ec\/index.php\/author\/lochoa\/"}]}},"jetpack_featured_media_url":"https:\/\/www.manabi.gob.ec\/wp-content\/uploads\/2026\/09\/WhatsApp-Image-2026-09-01-at-8.43.47-AM-scaled.jpeg","_links":{"self":[{"href":"https:\/\/www.manabi.gob.ec\/index.php\/wp-json\/wp\/v2\/posts\/35417","targetHints":{"allow":["GET"]}}],"collection":[{"href":"https:\/\/www.manabi.gob.ec\/index.php\/wp-json\/wp\/v2\/posts"}],"about":[{"href":"https:\/\/www.manabi.gob.ec\/index.php\/wp-json\/wp\/v2\/types\/post"}],"author":[{"embeddable":true,"href":"https:\/\/www.manabi.gob.ec\/index.php\/wp-json\/wp\/v2\/users\/10"}],"replies":[{"embeddable":true,"href":"https:\/\/www.manabi.gob.ec\/index.php\/wp-json\/wp\/v2\/comments?post=35417"}],"version-history":[{"count":1,"href":"https:\/\/www.manabi.gob.ec\/index.php\/wp-json\/wp\/v2\/posts\/35417\/revisions"}],"predecessor-version":[{"id":35419,"href":"https:\/\/www.manabi.gob.ec\/index.php\/wp-json\/wp\/v2\/posts\/35417\/revisions\/35419"}],"wp:featuredmedia":[{"embeddable":true,"href":"https:\/\/www.manabi.gob.ec\/index.php\/wp-json\/wp\/v2\/media\/35418"}],"wp:attachment":[{"href":"https:\/\/www.manabi.gob.ec\/index.php\/wp-json\/wp\/v2\/media?parent=35417"}],"wp:term":[{"taxonomy":"category","embeddable":true,"href":"https:\/\/www.manabi.gob.ec\/index.php\/wp-json\/wp\/v2\/categories?post=35417"},{"taxonomy":"post_tag","embeddable":true,"href":"https:\/\/www.manabi.gob.ec\/index.php\/wp-json\/wp\/v2\/tags?post=35417"}],"curies":[{"name":"wp","href":"https:\/\/api.w.org\/{rel}","templated":true}]}}