{"id":35430,"date":"2026-09-02T18:27:28","date_gmt":"2026-09-02T18:27:28","guid":{"rendered":"https:\/\/www.manabi.gob.ec\/?p=35430"},"modified":"2026-09-02T18:27:29","modified_gmt":"2026-09-02T18:27:29","slug":"manabi-intercambia-conocimientos-ganaderos-en-xiv-feria-charolais-macas-2026","status":"publish","type":"post","link":"https:\/\/www.manabi.gob.ec\/index.php\/manabi-intercambia-conocimientos-ganaderos-en-xiv-feria-charolais-macas-2026\/","title":{"rendered":"Manab\u00ed intercambia conocimientos ganaderos en XIV Feria Charolais Macas-2026"},"content":{"rendered":"\n<p class=\"wp-block-paragraph\">Con el prop\u00f3sito de intercambiar experiencias y fortalecer conocimientos en el campo ganadero para replicar a los productores manabitas, la viceprefecta, Kelly Buenaventura, particip\u00f3 en la XIV Feria Blanca y Concurso Nacional Charolais Macas-2026, evento que re\u00fani\u00f3 a productores, ganaderos y especialistas vinculados al sector bovino.<\/p>\n\n\n\n<p class=\"wp-block-paragraph\">La Viceprefecta manabita asisti\u00f3 este evento de exposici\u00f3n productiva, por invitaci\u00f3n de Wilman Le\u00f3n, presidente de la Asociaci\u00f3n Charolais del Ecuador, que permiti\u00f3 conocer de cerca las caracter\u00edsticas, potencial productivo y experiencias relacionadas con la raza Charolais, reconocida por sus bondades dentro de la producci\u00f3n ganadera.<\/p>\n\n\n\n<p class=\"wp-block-paragraph\">Durante esta jornada, la Viceprefecta destac\u00f3 la importancia de generar espacios de intercambio entre productores de distintas provincias, como una oportunidad para conocer experiencias exitosas, compartir conocimientos e identificar alternativas que puedan contribuir al fortalecimiento de la producci\u00f3n ganadera de Manab\u00ed, donde la Prefectura desarrolla programas de capacitaci\u00f3n al sector, a trav\u00e9s de las Escuelas Gamaderas.<\/p>\n\n\n\n<p class=\"wp-block-paragraph\">\u201cEstos encuentros nos permiten conocer nuevas experiencias, intercambiar conocimientos y mirar hacia adelante, siempre pensando en c\u00f3mo generar m\u00e1s oportunidades para nuestros productores\u201d, se\u00f1al\u00f3 Buenaventura.<\/p>\n\n\n\n<p class=\"wp-block-paragraph\">La Prefectura de Manab\u00ed, bajo el liderazgo del prefecto Leonardo Orlando, impulsa las Escuelas del Productor Agr\u00edcola y Ganadero, que llevan capacitaci\u00f3n, asistencia t\u00e9cnica, innovaci\u00f3n y acompa\u00f1amiento directamente al territorio, con el objetivo de fortalecer las capacidades de los productores y mejorar sus procesos productivos.<\/p>\n\n\n\n<p class=\"wp-block-paragraph\">En este contexto, la experiencia adquirida durante la Feria Blanca representa fue una oportunidad para ampliar conocimientos sobre gen\u00e9tica, manejo y caracter\u00edsticas productivas de la raza Charolais, as\u00ed como para continuar promoviendo el intercambio de tecnolog\u00eda y buenas pr\u00e1cticas en beneficio de los ganaderos manabitas.<\/p>\n\n\n\n<p class=\"wp-block-paragraph\">La viceprefecta resalt\u00f3 adem\u00e1s la importancia de fortalecer los v\u00ednculos entre provincias y mantener una visi\u00f3n de trabajo conjunto para impulsar los sectores agr\u00edcola y ganadero<\/p>\n","protected":false},"excerpt":{"rendered":"<p>Con el prop\u00f3sito de intercambiar experiencias y fortalecer conocimientos en el campo ganadero para replicar a los productores manabitas, la viceprefecta, Kelly Buenaventura, particip\u00f3 en la XIV Feria Blanca y Concurso Nacional Charolais Macas-2026, evento que re\u00fani\u00f3 a productores, ganaderos y especialistas vinculados al sector bovino. La Viceprefecta manabita asisti\u00f3 este evento de exposici\u00f3n productiva, [&hellip;]<\/p>\n","protected":false},"author":10,"featured_media":35431,"comment_status":"closed","ping_status":"closed","sticky":false,"template":"","format":"standard","meta":{"_joinchat":[],"footnotes":""},"categories":[150,142,370,92,91,81],"tags":[],"class_list":["post-35430","post","type-post","status-publish","format-standard","has-post-thumbnail","hentry","category-ambiente","category-desarrollo-social","category-escuela-del-productor","category-noticias-manabi","category-todas","category-turismo"],"yoast_head":"<!-- This site is optimized with the Yoast SEO plugin v27.4 - https:\/\/yoast.com\/product\/yoast-seo-wordpress\/ -->\n<title>Manab\u00ed intercambia conocimientos ganaderos en XIV Feria Charolais Macas-2026 - Prefectura de Manab\u00ed<\/title>\n<meta name=\"robots\" content=\"index, follow, max-snippet:-1, max-image-preview:large, max-video-preview:-1\" \/>\n<link rel=\"canonical\" href=\"https:\/\/www.manabi.gob.ec\/index.php\/manabi-intercambia-conocimientos-ganaderos-en-xiv-feria-charolais-macas-2026\/\" \/>\n<meta property=\"og:locale\" content=\"es_ES\" \/>\n<meta property=\"og:type\" content=\"article\" \/>\n<meta property=\"og:title\" content=\"Manab\u00ed intercambia conocimientos ganaderos en XIV Feria Charolais Macas-2026 - Prefectura de Manab\u00ed\" \/>\n<meta property=\"og:description\" content=\"Con el prop\u00f3sito de intercambiar experiencias y fortalecer conocimientos en el campo ganadero para replicar a los productores manabitas, la viceprefecta, Kelly Buenaventura, particip\u00f3 en la XIV Feria Blanca y Concurso Nacional Charolais Macas-2026, evento que re\u00fani\u00f3 a productores, ganaderos y especialistas vinculados al sector bovino. La Viceprefecta manabita asisti\u00f3 este evento de exposici\u00f3n productiva, [&hellip;]\" \/>\n<meta property=\"og:url\" content=\"https:\/\/www.manabi.gob.ec\/index.php\/manabi-intercambia-conocimientos-ganaderos-en-xiv-feria-charolais-macas-2026\/\" \/>\n<meta property=\"og:site_name\" content=\"Prefectura de Manab\u00ed\" \/>\n<meta property=\"article:published_time\" content=\"2026-09-02T18:27:28+00:00\" \/>\n<meta property=\"article:modified_time\" content=\"2026-09-02T18:27:29+00:00\" \/>\n<meta property=\"og:image\" content=\"https:\/\/www.manabi.gob.ec\/wp-content\/uploads\/2026\/09\/WhatsApp-Image-2026-09-01-at-8.48.44-AM.jpeg\" \/>\n\t<meta property=\"og:image:width\" content=\"1280\" \/>\n\t<meta property=\"og:image:height\" content=\"962\" \/>\n\t<meta property=\"og:image:type\" content=\"image\/jpeg\" \/>\n<meta name=\"author\" content=\"Lui Ochoa\" \/>\n<meta name=\"twitter:card\" content=\"summary_large_image\" \/>\n<meta name=\"twitter:label1\" content=\"Escrito por\" \/>\n\t<meta name=\"twitter:data1\" content=\"Lui Ochoa\" \/>\n\t<meta name=\"twitter:label2\" content=\"Tiempo de lectura\" \/>\n\t<meta name=\"twitter:data2\" content=\"2 minutos\" \/>\n<script type=\"application\/ld+json\" class=\"yoast-schema-graph\">{\"@context\":\"https:\\\/\\\/schema.org\",\"@graph\":[{\"@type\":\"Article\",\"@id\":\"https:\\\/\\\/www.manabi.gob.ec\\\/index.php\\\/manabi-intercambia-conocimientos-ganaderos-en-xiv-feria-charolais-macas-2026\\\/#article\",\"isPartOf\":{\"@id\":\"https:\\\/\\\/www.manabi.gob.ec\\\/index.php\\\/manabi-intercambia-conocimientos-ganaderos-en-xiv-feria-charolais-macas-2026\\\/\"},\"author\":{\"name\":\"Lui Ochoa\",\"@id\":\"https:\\\/\\\/www.manabi.gob.ec\\\/#\\\/schema\\\/person\\\/c4f117989332ad723a6ced5994aa7d7a\"},\"headline\":\"Manab\u00ed intercambia conocimientos ganaderos en XIV Feria Charolais Macas-2026\",\"datePublished\":\"2026-09-02T18:27:28+00:00\",\"dateModified\":\"2026-09-02T18:27:29+00:00\",\"mainEntityOfPage\":{\"@id\":\"https:\\\/\\\/www.manabi.gob.ec\\\/index.php\\\/manabi-intercambia-conocimientos-ganaderos-en-xiv-feria-charolais-macas-2026\\\/\"},\"wordCount\":325,\"image\":{\"@id\":\"https:\\\/\\\/www.manabi.gob.ec\\\/index.php\\\/manabi-intercambia-conocimientos-ganaderos-en-xiv-feria-charolais-macas-2026\\\/#primaryimage\"},\"thumbnailUrl\":\"https:\\\/\\\/www.manabi.gob.ec\\\/wp-content\\\/uploads\\\/2026\\\/09\\\/WhatsApp-Image-2026-09-01-at-8.48.44-AM.jpeg\",\"articleSection\":[\"Ambiente\",\"Desarrollo Social\",\"Escuela del Productor\",\"Noticias\",\"Todas\",\"Turismo\"],\"inLanguage\":\"es\"},{\"@type\":\"WebPage\",\"@id\":\"https:\\\/\\\/www.manabi.gob.ec\\\/index.php\\\/manabi-intercambia-conocimientos-ganaderos-en-xiv-feria-charolais-macas-2026\\\/\",\"url\":\"https:\\\/\\\/www.manabi.gob.ec\\\/index.php\\\/manabi-intercambia-conocimientos-ganaderos-en-xiv-feria-charolais-macas-2026\\\/\",\"name\":\"Manab\u00ed intercambia conocimientos ganaderos en XIV Feria Charolais Macas-2026 - Prefectura de Manab\u00ed\",\"isPartOf\":{\"@id\":\"https:\\\/\\\/www.manabi.gob.ec\\\/#website\"},\"primaryImageOfPage\":{\"@id\":\"https:\\\/\\\/www.manabi.gob.ec\\\/index.php\\\/manabi-intercambia-conocimientos-ganaderos-en-xiv-feria-charolais-macas-2026\\\/#primaryimage\"},\"image\":{\"@id\":\"https:\\\/\\\/www.manabi.gob.ec\\\/index.php\\\/manabi-intercambia-conocimientos-ganaderos-en-xiv-feria-charolais-macas-2026\\\/#primaryimage\"},\"thumbnailUrl\":\"https:\\\/\\\/www.manabi.gob.ec\\\/wp-content\\\/uploads\\\/2026\\\/09\\\/WhatsApp-Image-2026-09-01-at-8.48.44-AM.jpeg\",\"datePublished\":\"2026-09-02T18:27:28+00:00\",\"dateModified\":\"2026-09-02T18:27:29+00:00\",\"author\":{\"@id\":\"https:\\\/\\\/www.manabi.gob.ec\\\/#\\\/schema\\\/person\\\/c4f117989332ad723a6ced5994aa7d7a\"},\"breadcrumb\":{\"@id\":\"https:\\\/\\\/www.manabi.gob.ec\\\/index.php\\\/manabi-intercambia-conocimientos-ganaderos-en-xiv-feria-charolais-macas-2026\\\/#breadcrumb\"},\"inLanguage\":\"es\",\"potentialAction\":[{\"@type\":\"ReadAction\",\"target\":[\"https:\\\/\\\/www.manabi.gob.ec\\\/index.php\\\/manabi-intercambia-conocimientos-ganaderos-en-xiv-feria-charolais-macas-2026\\\/\"]}]},{\"@type\":\"ImageObject\",\"inLanguage\":\"es\",\"@id\":\"https:\\\/\\\/www.manabi.gob.ec\\\/index.php\\\/manabi-intercambia-conocimientos-ganaderos-en-xiv-feria-charolais-macas-2026\\\/#primaryimage\",\"url\":\"https:\\\/\\\/www.manabi.gob.ec\\\/wp-content\\\/uploads\\\/2026\\\/09\\\/WhatsApp-Image-2026-09-01-at-8.48.44-AM.jpeg\",\"contentUrl\":\"https:\\\/\\\/www.manabi.gob.ec\\\/wp-content\\\/uploads\\\/2026\\\/09\\\/WhatsApp-Image-2026-09-01-at-8.48.44-AM.jpeg\",\"width\":1280,\"height\":962},{\"@type\":\"BreadcrumbList\",\"@id\":\"https:\\\/\\\/www.manabi.gob.ec\\\/index.php\\\/manabi-intercambia-conocimientos-ganaderos-en-xiv-feria-charolais-macas-2026\\\/#breadcrumb\",\"itemListElement\":[{\"@type\":\"ListItem\",\"position\":1,\"name\":\"Portada\",\"item\":\"https:\\\/\\\/www.manabi.gob.ec\\\/\"},{\"@type\":\"ListItem\",\"position\":2,\"name\":\"Manab\u00ed intercambia conocimientos ganaderos en XIV Feria Charolais Macas-2026\"}]},{\"@type\":\"WebSite\",\"@id\":\"https:\\\/\\\/www.manabi.gob.ec\\\/#website\",\"url\":\"https:\\\/\\\/www.manabi.gob.ec\\\/\",\"name\":\"Prefectura de Manab\u00ed\",\"description\":\"P\u00e1gina web de la prefectura\",\"potentialAction\":[{\"@type\":\"SearchAction\",\"target\":{\"@type\":\"EntryPoint\",\"urlTemplate\":\"https:\\\/\\\/www.manabi.gob.ec\\\/?s={search_term_string}\"},\"query-input\":{\"@type\":\"PropertyValueSpecification\",\"valueRequired\":true,\"valueName\":\"search_term_string\"}}],\"inLanguage\":\"es\"},{\"@type\":\"Person\",\"@id\":\"https:\\\/\\\/www.manabi.gob.ec\\\/#\\\/schema\\\/person\\\/c4f117989332ad723a6ced5994aa7d7a\",\"name\":\"Lui Ochoa\",\"image\":{\"@type\":\"ImageObject\",\"inLanguage\":\"es\",\"@id\":\"https:\\\/\\\/secure.gravatar.com\\\/avatar\\\/6e8017d0fe69dead8a95864d2eb6e1e1d8bf8e01194ba49cf7b897ff038126ba?s=96&d=mm&r=g\",\"url\":\"https:\\\/\\\/secure.gravatar.com\\\/avatar\\\/6e8017d0fe69dead8a95864d2eb6e1e1d8bf8e01194ba49cf7b897ff038126ba?s=96&d=mm&r=g\",\"contentUrl\":\"https:\\\/\\\/secure.gravatar.com\\\/avatar\\\/6e8017d0fe69dead8a95864d2eb6e1e1d8bf8e01194ba49cf7b897ff038126ba?s=96&d=mm&r=g\",\"caption\":\"Lui Ochoa\"},\"url\":\"https:\\\/\\\/www.manabi.gob.ec\\\/index.php\\\/author\\\/lochoa\\\/\"}]}<\/script>\n<!-- \/ Yoast SEO plugin. -->","yoast_head_json":{"title":"Manab\u00ed intercambia conocimientos ganaderos en XIV Feria Charolais Macas-2026 - Prefectura de Manab\u00ed","robots":{"index":"index","follow":"follow","max-snippet":"max-snippet:-1","max-image-preview":"max-image-preview:large","max-video-preview":"max-video-preview:-1"},"canonical":"https:\/\/www.manabi.gob.ec\/index.php\/manabi-intercambia-conocimientos-ganaderos-en-xiv-feria-charolais-macas-2026\/","og_locale":"es_ES","og_type":"article","og_title":"Manab\u00ed intercambia conocimientos ganaderos en XIV Feria Charolais Macas-2026 - Prefectura de Manab\u00ed","og_description":"Con el prop\u00f3sito de intercambiar experiencias y fortalecer conocimientos en el campo ganadero para replicar a los productores manabitas, la viceprefecta, Kelly Buenaventura, particip\u00f3 en la XIV Feria Blanca y Concurso Nacional Charolais Macas-2026, evento que re\u00fani\u00f3 a productores, ganaderos y especialistas vinculados al sector bovino. La Viceprefecta manabita asisti\u00f3 este evento de exposici\u00f3n productiva, [&hellip;]","og_url":"https:\/\/www.manabi.gob.ec\/index.php\/manabi-intercambia-conocimientos-ganaderos-en-xiv-feria-charolais-macas-2026\/","og_site_name":"Prefectura de Manab\u00ed","article_published_time":"2026-09-02T18:27:28+00:00","article_modified_time":"2026-09-02T18:27:29+00:00","og_image":[{"width":1280,"height":962,"url":"https:\/\/www.manabi.gob.ec\/wp-content\/uploads\/2026\/09\/WhatsApp-Image-2026-09-01-at-8.48.44-AM.jpeg","type":"image\/jpeg"}],"author":"Lui Ochoa","twitter_card":"summary_large_image","twitter_misc":{"Escrito por":"Lui Ochoa","Tiempo de lectura":"2 minutos"},"schema":{"@context":"https:\/\/schema.org","@graph":[{"@type":"Article","@id":"https:\/\/www.manabi.gob.ec\/index.php\/manabi-intercambia-conocimientos-ganaderos-en-xiv-feria-charolais-macas-2026\/#article","isPartOf":{"@id":"https:\/\/www.manabi.gob.ec\/index.php\/manabi-intercambia-conocimientos-ganaderos-en-xiv-feria-charolais-macas-2026\/"},"author":{"name":"Lui Ochoa","@id":"https:\/\/www.manabi.gob.ec\/#\/schema\/person\/c4f117989332ad723a6ced5994aa7d7a"},"headline":"Manab\u00ed intercambia conocimientos ganaderos en XIV Feria Charolais Macas-2026","datePublished":"2026-09-02T18:27:28+00:00","dateModified":"2026-09-02T18:27:29+00:00","mainEntityOfPage":{"@id":"https:\/\/www.manabi.gob.ec\/index.php\/manabi-intercambia-conocimientos-ganaderos-en-xiv-feria-charolais-macas-2026\/"},"wordCount":325,"image":{"@id":"https:\/\/www.manabi.gob.ec\/index.php\/manabi-intercambia-conocimientos-ganaderos-en-xiv-feria-charolais-macas-2026\/#primaryimage"},"thumbnailUrl":"https:\/\/www.manabi.gob.ec\/wp-content\/uploads\/2026\/09\/WhatsApp-Image-2026-09-01-at-8.48.44-AM.jpeg","articleSection":["Ambiente","Desarrollo Social","Escuela del Productor","Noticias","Todas","Turismo"],"inLanguage":"es"},{"@type":"WebPage","@id":"https:\/\/www.manabi.gob.ec\/index.php\/manabi-intercambia-conocimientos-ganaderos-en-xiv-feria-charolais-macas-2026\/","url":"https:\/\/www.manabi.gob.ec\/index.php\/manabi-intercambia-conocimientos-ganaderos-en-xiv-feria-charolais-macas-2026\/","name":"Manab\u00ed intercambia conocimientos ganaderos en XIV Feria Charolais Macas-2026 - Prefectura de Manab\u00ed","isPartOf":{"@id":"https:\/\/www.manabi.gob.ec\/#website"},"primaryImageOfPage":{"@id":"https:\/\/www.manabi.gob.ec\/index.php\/manabi-intercambia-conocimientos-ganaderos-en-xiv-feria-charolais-macas-2026\/#primaryimage"},"image":{"@id":"https:\/\/www.manabi.gob.ec\/index.php\/manabi-intercambia-conocimientos-ganaderos-en-xiv-feria-charolais-macas-2026\/#primaryimage"},"thumbnailUrl":"https:\/\/www.manabi.gob.ec\/wp-content\/uploads\/2026\/09\/WhatsApp-Image-2026-09-01-at-8.48.44-AM.jpeg","datePublished":"2026-09-02T18:27:28+00:00","dateModified":"2026-09-02T18:27:29+00:00","author":{"@id":"https:\/\/www.manabi.gob.ec\/#\/schema\/person\/c4f117989332ad723a6ced5994aa7d7a"},"breadcrumb":{"@id":"https:\/\/www.manabi.gob.ec\/index.php\/manabi-intercambia-conocimientos-ganaderos-en-xiv-feria-charolais-macas-2026\/#breadcrumb"},"inLanguage":"es","potentialAction":[{"@type":"ReadAction","target":["https:\/\/www.manabi.gob.ec\/index.php\/manabi-intercambia-conocimientos-ganaderos-en-xiv-feria-charolais-macas-2026\/"]}]},{"@type":"ImageObject","inLanguage":"es","@id":"https:\/\/www.manabi.gob.ec\/index.php\/manabi-intercambia-conocimientos-ganaderos-en-xiv-feria-charolais-macas-2026\/#primaryimage","url":"https:\/\/www.manabi.gob.ec\/wp-content\/uploads\/2026\/09\/WhatsApp-Image-2026-09-01-at-8.48.44-AM.jpeg","contentUrl":"https:\/\/www.manabi.gob.ec\/wp-content\/uploads\/2026\/09\/WhatsApp-Image-2026-09-01-at-8.48.44-AM.jpeg","width":1280,"height":962},{"@type":"BreadcrumbList","@id":"https:\/\/www.manabi.gob.ec\/index.php\/manabi-intercambia-conocimientos-ganaderos-en-xiv-feria-charolais-macas-2026\/#breadcrumb","itemListElement":[{"@type":"ListItem","position":1,"name":"Portada","item":"https:\/\/www.manabi.gob.ec\/"},{"@type":"ListItem","position":2,"name":"Manab\u00ed intercambia conocimientos ganaderos en XIV Feria Charolais Macas-2026"}]},{"@type":"WebSite","@id":"https:\/\/www.manabi.gob.ec\/#website","url":"https:\/\/www.manabi.gob.ec\/","name":"Prefectura de Manab\u00ed","description":"P\u00e1gina web de la prefectura","potentialAction":[{"@type":"SearchAction","target":{"@type":"EntryPoint","urlTemplate":"https:\/\/www.manabi.gob.ec\/?s={search_term_string}"},"query-input":{"@type":"PropertyValueSpecification","valueRequired":true,"valueName":"search_term_string"}}],"inLanguage":"es"},{"@type":"Person","@id":"https:\/\/www.manabi.gob.ec\/#\/schema\/person\/c4f117989332ad723a6ced5994aa7d7a","name":"Lui Ochoa","image":{"@type":"ImageObject","inLanguage":"es","@id":"https:\/\/secure.gravatar.com\/avatar\/6e8017d0fe69dead8a95864d2eb6e1e1d8bf8e01194ba49cf7b897ff038126ba?s=96&d=mm&r=g","url":"https:\/\/secure.gravatar.com\/avatar\/6e8017d0fe69dead8a95864d2eb6e1e1d8bf8e01194ba49cf7b897ff038126ba?s=96&d=mm&r=g","contentUrl":"https:\/\/secure.gravatar.com\/avatar\/6e8017d0fe69dead8a95864d2eb6e1e1d8bf8e01194ba49cf7b897ff038126ba?s=96&d=mm&r=g","caption":"Lui Ochoa"},"url":"https:\/\/www.manabi.gob.ec\/index.php\/author\/lochoa\/"}]}},"jetpack_featured_media_url":"https:\/\/www.manabi.gob.ec\/wp-content\/uploads\/2026\/09\/WhatsApp-Image-2026-09-01-at-8.48.44-AM.jpeg","_links":{"self":[{"href":"https:\/\/www.manabi.gob.ec\/index.php\/wp-json\/wp\/v2\/posts\/35430","targetHints":{"allow":["GET"]}}],"collection":[{"href":"https:\/\/www.manabi.gob.ec\/index.php\/wp-json\/wp\/v2\/posts"}],"about":[{"href":"https:\/\/www.manabi.gob.ec\/index.php\/wp-json\/wp\/v2\/types\/post"}],"author":[{"embeddable":true,"href":"https:\/\/www.manabi.gob.ec\/index.php\/wp-json\/wp\/v2\/users\/10"}],"replies":[{"embeddable":true,"href":"https:\/\/www.manabi.gob.ec\/index.php\/wp-json\/wp\/v2\/comments?post=35430"}],"version-history":[{"count":1,"href":"https:\/\/www.manabi.gob.ec\/index.php\/wp-json\/wp\/v2\/posts\/35430\/revisions"}],"predecessor-version":[{"id":35432,"href":"https:\/\/www.manabi.gob.ec\/index.php\/wp-json\/wp\/v2\/posts\/35430\/revisions\/35432"}],"wp:featuredmedia":[{"embeddable":true,"href":"https:\/\/www.manabi.gob.ec\/index.php\/wp-json\/wp\/v2\/media\/35431"}],"wp:attachment":[{"href":"https:\/\/www.manabi.gob.ec\/index.php\/wp-json\/wp\/v2\/media?parent=35430"}],"wp:term":[{"taxonomy":"category","embeddable":true,"href":"https:\/\/www.manabi.gob.ec\/index.php\/wp-json\/wp\/v2\/categories?post=35430"},{"taxonomy":"post_tag","embeddable":true,"href":"https:\/\/www.manabi.gob.ec\/index.php\/wp-json\/wp\/v2\/tags?post=35430"}],"curies":[{"name":"wp","href":"https:\/\/api.w.org\/{rel}","templated":true}]}}