{"id":35433,"date":"2026-09-02T20:28:14","date_gmt":"2026-09-02T20:28:14","guid":{"rendered":"https:\/\/www.manabi.gob.ec\/?p=35433"},"modified":"2026-09-02T20:28:15","modified_gmt":"2026-09-02T20:28:15","slug":"se-construye-variantes-en-la-via-rio-santo-la-dibujada-para-garantizar-la-conectividad","status":"publish","type":"post","link":"https:\/\/www.manabi.gob.ec\/index.php\/se-construye-variantes-en-la-via-rio-santo-la-dibujada-para-garantizar-la-conectividad\/","title":{"rendered":"Se construye variantes en la v\u00eda R\u00edo Santo &#8211; La Dibujada para garantizar la conectividad"},"content":{"rendered":"\n<p class=\"wp-block-paragraph\">\u00abHace cuatro a\u00f1os ten\u00edamos que cruzar 27 veces el mismo r\u00edo para poder salir. Ahora, con las variantes del camino alterno que est\u00e1n construyendo, ser\u00e1 m\u00e1s f\u00e1cil llegar a Chone\u00bb, manifest\u00f3 Jos\u00e9 Moreira Medranda, habitante de R\u00edo Santo.<\/p>\n\n\n\n<p class=\"wp-block-paragraph\">Esta comunidad, perteneciente a la parroquia Ricaurte del cant\u00f3n Chone, sufre cada a\u00f1o las consecuencias de las inundaciones causadas por el r\u00edo Santo. \u00abUsted sabe que los campesinos vivimos del campo; este nuevo camino nos va a ayudar much\u00edsimo para poder sacar lo que producimos\u00bb, acot\u00f3 Moreira.<\/p>\n\n\n\n<p class=\"wp-block-paragraph\">La v\u00eda R\u00edo Santo &#8211; La Dibujada se ve afectada todos los a\u00f1os debido a su trazado paralelo al cauce del r\u00edo. Por tal motivo, personal de la Prefectura de Manab\u00ed construye tres variantes en la zona alta mediante una v\u00eda alterna. El objetivo es brindar una soluci\u00f3n de conexi\u00f3n vial m\u00e1s segura para sus habitantes, inform\u00f3 Ra\u00fal Loor, t\u00e9cnico de la entidad.<\/p>\n\n\n\n<p class=\"wp-block-paragraph\">Paralelamente, un equipo de afirmado realiza el tendido, hidratado y compactado de obra b\u00e1sica en doble riego en una distancia de 4,5 kil\u00f3metros, desde el ingreso a R\u00edo Santo hasta el puente Chagual\u00fa.<\/p>\n\n\n\n<p class=\"wp-block-paragraph\">Esta zona se destaca por su alta producci\u00f3n agr\u00edcola y ganadera. Los trabajos benefician a las comunidades de R\u00edo Santo Abajo, R\u00edo Santo Arriba, Las Delicias, El Porvenir, La Dibujada y Tablada de Santos, entre otras de la parroquia Ricaurte. Asimismo, la obra permite conectar con las parroquias Santa Rita (Chone) y Zapallo (Flavio Alfaro).<\/p>\n\n\n\n<p class=\"wp-block-paragraph\">Estas obras de prevenci\u00f3n se ejecutan&nbsp; como medida de prevenci\u00f3n frente al anuncio de la llegada del fen\u00f3meno de El Ni\u00f1o, con el fin de salvaguardar la seguridad e integridad de las familias manabitas.<\/p>\n","protected":false},"excerpt":{"rendered":"<p>\u00abHace cuatro a\u00f1os ten\u00edamos que cruzar 27 veces el mismo r\u00edo para poder salir. Ahora, con las variantes del camino alterno que est\u00e1n construyendo, ser\u00e1 m\u00e1s f\u00e1cil llegar a Chone\u00bb, manifest\u00f3 Jos\u00e9 Moreira Medranda, habitante de R\u00edo Santo. Esta comunidad, perteneciente a la parroquia Ricaurte del cant\u00f3n Chone, sufre cada a\u00f1o las consecuencias de las [&hellip;]<\/p>\n","protected":false},"author":10,"featured_media":35434,"comment_status":"closed","ping_status":"closed","sticky":false,"template":"","format":"standard","meta":{"_joinchat":[],"footnotes":""},"categories":[150,141,142,92,91],"tags":[],"class_list":["post-35433","post","type-post","status-publish","format-standard","has-post-thumbnail","hentry","category-ambiente","category-chone","category-desarrollo-social","category-noticias-manabi","category-todas"],"yoast_head":"<!-- This site is optimized with the Yoast SEO plugin v27.4 - https:\/\/yoast.com\/product\/yoast-seo-wordpress\/ -->\n<title>Se construye variantes en la v\u00eda R\u00edo Santo - La Dibujada para garantizar la conectividad - Prefectura de Manab\u00ed<\/title>\n<meta name=\"robots\" content=\"index, follow, max-snippet:-1, max-image-preview:large, max-video-preview:-1\" \/>\n<link rel=\"canonical\" href=\"https:\/\/www.manabi.gob.ec\/index.php\/se-construye-variantes-en-la-via-rio-santo-la-dibujada-para-garantizar-la-conectividad\/\" \/>\n<meta property=\"og:locale\" content=\"es_ES\" \/>\n<meta property=\"og:type\" content=\"article\" \/>\n<meta property=\"og:title\" content=\"Se construye variantes en la v\u00eda R\u00edo Santo - La Dibujada para garantizar la conectividad - Prefectura de Manab\u00ed\" \/>\n<meta property=\"og:description\" content=\"\u00abHace cuatro a\u00f1os ten\u00edamos que cruzar 27 veces el mismo r\u00edo para poder salir. Ahora, con las variantes del camino alterno que est\u00e1n construyendo, ser\u00e1 m\u00e1s f\u00e1cil llegar a Chone\u00bb, manifest\u00f3 Jos\u00e9 Moreira Medranda, habitante de R\u00edo Santo. Esta comunidad, perteneciente a la parroquia Ricaurte del cant\u00f3n Chone, sufre cada a\u00f1o las consecuencias de las [&hellip;]\" \/>\n<meta property=\"og:url\" content=\"https:\/\/www.manabi.gob.ec\/index.php\/se-construye-variantes-en-la-via-rio-santo-la-dibujada-para-garantizar-la-conectividad\/\" \/>\n<meta property=\"og:site_name\" content=\"Prefectura de Manab\u00ed\" \/>\n<meta property=\"article:published_time\" content=\"2026-09-02T20:28:14+00:00\" \/>\n<meta property=\"article:modified_time\" content=\"2026-09-02T20:28:15+00:00\" \/>\n<meta property=\"og:image\" content=\"https:\/\/www.manabi.gob.ec\/wp-content\/uploads\/2026\/09\/ChatGPT-Image-2-sept-2026-15_26_49-1024x682.png\" \/>\n\t<meta property=\"og:image:width\" content=\"1024\" \/>\n\t<meta property=\"og:image:height\" content=\"682\" \/>\n\t<meta property=\"og:image:type\" content=\"image\/png\" \/>\n<meta name=\"author\" content=\"Lui Ochoa\" \/>\n<meta name=\"twitter:card\" content=\"summary_large_image\" \/>\n<meta name=\"twitter:label1\" content=\"Escrito por\" \/>\n\t<meta name=\"twitter:data1\" content=\"Lui Ochoa\" \/>\n\t<meta name=\"twitter:label2\" content=\"Tiempo de lectura\" \/>\n\t<meta name=\"twitter:data2\" content=\"2 minutos\" \/>\n<script type=\"application\/ld+json\" class=\"yoast-schema-graph\">{\"@context\":\"https:\\\/\\\/schema.org\",\"@graph\":[{\"@type\":\"Article\",\"@id\":\"https:\\\/\\\/www.manabi.gob.ec\\\/index.php\\\/se-construye-variantes-en-la-via-rio-santo-la-dibujada-para-garantizar-la-conectividad\\\/#article\",\"isPartOf\":{\"@id\":\"https:\\\/\\\/www.manabi.gob.ec\\\/index.php\\\/se-construye-variantes-en-la-via-rio-santo-la-dibujada-para-garantizar-la-conectividad\\\/\"},\"author\":{\"name\":\"Lui Ochoa\",\"@id\":\"https:\\\/\\\/www.manabi.gob.ec\\\/#\\\/schema\\\/person\\\/c4f117989332ad723a6ced5994aa7d7a\"},\"headline\":\"Se construye variantes en la v\u00eda R\u00edo Santo &#8211; La Dibujada para garantizar la conectividad\",\"datePublished\":\"2026-09-02T20:28:14+00:00\",\"dateModified\":\"2026-09-02T20:28:15+00:00\",\"mainEntityOfPage\":{\"@id\":\"https:\\\/\\\/www.manabi.gob.ec\\\/index.php\\\/se-construye-variantes-en-la-via-rio-santo-la-dibujada-para-garantizar-la-conectividad\\\/\"},\"wordCount\":318,\"image\":{\"@id\":\"https:\\\/\\\/www.manabi.gob.ec\\\/index.php\\\/se-construye-variantes-en-la-via-rio-santo-la-dibujada-para-garantizar-la-conectividad\\\/#primaryimage\"},\"thumbnailUrl\":\"https:\\\/\\\/www.manabi.gob.ec\\\/wp-content\\\/uploads\\\/2026\\\/09\\\/ChatGPT-Image-2-sept-2026-15_26_49.png\",\"articleSection\":[\"Ambiente\",\"Chone\",\"Desarrollo Social\",\"Noticias\",\"Todas\"],\"inLanguage\":\"es\"},{\"@type\":\"WebPage\",\"@id\":\"https:\\\/\\\/www.manabi.gob.ec\\\/index.php\\\/se-construye-variantes-en-la-via-rio-santo-la-dibujada-para-garantizar-la-conectividad\\\/\",\"url\":\"https:\\\/\\\/www.manabi.gob.ec\\\/index.php\\\/se-construye-variantes-en-la-via-rio-santo-la-dibujada-para-garantizar-la-conectividad\\\/\",\"name\":\"Se construye variantes en la v\u00eda R\u00edo Santo - La Dibujada para garantizar la conectividad - Prefectura de Manab\u00ed\",\"isPartOf\":{\"@id\":\"https:\\\/\\\/www.manabi.gob.ec\\\/#website\"},\"primaryImageOfPage\":{\"@id\":\"https:\\\/\\\/www.manabi.gob.ec\\\/index.php\\\/se-construye-variantes-en-la-via-rio-santo-la-dibujada-para-garantizar-la-conectividad\\\/#primaryimage\"},\"image\":{\"@id\":\"https:\\\/\\\/www.manabi.gob.ec\\\/index.php\\\/se-construye-variantes-en-la-via-rio-santo-la-dibujada-para-garantizar-la-conectividad\\\/#primaryimage\"},\"thumbnailUrl\":\"https:\\\/\\\/www.manabi.gob.ec\\\/wp-content\\\/uploads\\\/2026\\\/09\\\/ChatGPT-Image-2-sept-2026-15_26_49.png\",\"datePublished\":\"2026-09-02T20:28:14+00:00\",\"dateModified\":\"2026-09-02T20:28:15+00:00\",\"author\":{\"@id\":\"https:\\\/\\\/www.manabi.gob.ec\\\/#\\\/schema\\\/person\\\/c4f117989332ad723a6ced5994aa7d7a\"},\"breadcrumb\":{\"@id\":\"https:\\\/\\\/www.manabi.gob.ec\\\/index.php\\\/se-construye-variantes-en-la-via-rio-santo-la-dibujada-para-garantizar-la-conectividad\\\/#breadcrumb\"},\"inLanguage\":\"es\",\"potentialAction\":[{\"@type\":\"ReadAction\",\"target\":[\"https:\\\/\\\/www.manabi.gob.ec\\\/index.php\\\/se-construye-variantes-en-la-via-rio-santo-la-dibujada-para-garantizar-la-conectividad\\\/\"]}]},{\"@type\":\"ImageObject\",\"inLanguage\":\"es\",\"@id\":\"https:\\\/\\\/www.manabi.gob.ec\\\/index.php\\\/se-construye-variantes-en-la-via-rio-santo-la-dibujada-para-garantizar-la-conectividad\\\/#primaryimage\",\"url\":\"https:\\\/\\\/www.manabi.gob.ec\\\/wp-content\\\/uploads\\\/2026\\\/09\\\/ChatGPT-Image-2-sept-2026-15_26_49.png\",\"contentUrl\":\"https:\\\/\\\/www.manabi.gob.ec\\\/wp-content\\\/uploads\\\/2026\\\/09\\\/ChatGPT-Image-2-sept-2026-15_26_49.png\",\"width\":1537,\"height\":1023},{\"@type\":\"BreadcrumbList\",\"@id\":\"https:\\\/\\\/www.manabi.gob.ec\\\/index.php\\\/se-construye-variantes-en-la-via-rio-santo-la-dibujada-para-garantizar-la-conectividad\\\/#breadcrumb\",\"itemListElement\":[{\"@type\":\"ListItem\",\"position\":1,\"name\":\"Portada\",\"item\":\"https:\\\/\\\/www.manabi.gob.ec\\\/\"},{\"@type\":\"ListItem\",\"position\":2,\"name\":\"Se construye variantes en la v\u00eda R\u00edo Santo &#8211; La Dibujada para garantizar la conectividad\"}]},{\"@type\":\"WebSite\",\"@id\":\"https:\\\/\\\/www.manabi.gob.ec\\\/#website\",\"url\":\"https:\\\/\\\/www.manabi.gob.ec\\\/\",\"name\":\"Prefectura de Manab\u00ed\",\"description\":\"P\u00e1gina web de la prefectura\",\"potentialAction\":[{\"@type\":\"SearchAction\",\"target\":{\"@type\":\"EntryPoint\",\"urlTemplate\":\"https:\\\/\\\/www.manabi.gob.ec\\\/?s={search_term_string}\"},\"query-input\":{\"@type\":\"PropertyValueSpecification\",\"valueRequired\":true,\"valueName\":\"search_term_string\"}}],\"inLanguage\":\"es\"},{\"@type\":\"Person\",\"@id\":\"https:\\\/\\\/www.manabi.gob.ec\\\/#\\\/schema\\\/person\\\/c4f117989332ad723a6ced5994aa7d7a\",\"name\":\"Lui Ochoa\",\"image\":{\"@type\":\"ImageObject\",\"inLanguage\":\"es\",\"@id\":\"https:\\\/\\\/secure.gravatar.com\\\/avatar\\\/6e8017d0fe69dead8a95864d2eb6e1e1d8bf8e01194ba49cf7b897ff038126ba?s=96&d=mm&r=g\",\"url\":\"https:\\\/\\\/secure.gravatar.com\\\/avatar\\\/6e8017d0fe69dead8a95864d2eb6e1e1d8bf8e01194ba49cf7b897ff038126ba?s=96&d=mm&r=g\",\"contentUrl\":\"https:\\\/\\\/secure.gravatar.com\\\/avatar\\\/6e8017d0fe69dead8a95864d2eb6e1e1d8bf8e01194ba49cf7b897ff038126ba?s=96&d=mm&r=g\",\"caption\":\"Lui Ochoa\"},\"url\":\"https:\\\/\\\/www.manabi.gob.ec\\\/index.php\\\/author\\\/lochoa\\\/\"}]}<\/script>\n<!-- \/ Yoast SEO plugin. -->","yoast_head_json":{"title":"Se construye variantes en la v\u00eda R\u00edo Santo - La Dibujada para garantizar la conectividad - Prefectura de Manab\u00ed","robots":{"index":"index","follow":"follow","max-snippet":"max-snippet:-1","max-image-preview":"max-image-preview:large","max-video-preview":"max-video-preview:-1"},"canonical":"https:\/\/www.manabi.gob.ec\/index.php\/se-construye-variantes-en-la-via-rio-santo-la-dibujada-para-garantizar-la-conectividad\/","og_locale":"es_ES","og_type":"article","og_title":"Se construye variantes en la v\u00eda R\u00edo Santo - La Dibujada para garantizar la conectividad - Prefectura de Manab\u00ed","og_description":"\u00abHace cuatro a\u00f1os ten\u00edamos que cruzar 27 veces el mismo r\u00edo para poder salir. Ahora, con las variantes del camino alterno que est\u00e1n construyendo, ser\u00e1 m\u00e1s f\u00e1cil llegar a Chone\u00bb, manifest\u00f3 Jos\u00e9 Moreira Medranda, habitante de R\u00edo Santo. Esta comunidad, perteneciente a la parroquia Ricaurte del cant\u00f3n Chone, sufre cada a\u00f1o las consecuencias de las [&hellip;]","og_url":"https:\/\/www.manabi.gob.ec\/index.php\/se-construye-variantes-en-la-via-rio-santo-la-dibujada-para-garantizar-la-conectividad\/","og_site_name":"Prefectura de Manab\u00ed","article_published_time":"2026-09-02T20:28:14+00:00","article_modified_time":"2026-09-02T20:28:15+00:00","og_image":[{"width":1024,"height":682,"url":"https:\/\/www.manabi.gob.ec\/wp-content\/uploads\/2026\/09\/ChatGPT-Image-2-sept-2026-15_26_49-1024x682.png","type":"image\/png"}],"author":"Lui Ochoa","twitter_card":"summary_large_image","twitter_misc":{"Escrito por":"Lui Ochoa","Tiempo de lectura":"2 minutos"},"schema":{"@context":"https:\/\/schema.org","@graph":[{"@type":"Article","@id":"https:\/\/www.manabi.gob.ec\/index.php\/se-construye-variantes-en-la-via-rio-santo-la-dibujada-para-garantizar-la-conectividad\/#article","isPartOf":{"@id":"https:\/\/www.manabi.gob.ec\/index.php\/se-construye-variantes-en-la-via-rio-santo-la-dibujada-para-garantizar-la-conectividad\/"},"author":{"name":"Lui Ochoa","@id":"https:\/\/www.manabi.gob.ec\/#\/schema\/person\/c4f117989332ad723a6ced5994aa7d7a"},"headline":"Se construye variantes en la v\u00eda R\u00edo Santo &#8211; La Dibujada para garantizar la conectividad","datePublished":"2026-09-02T20:28:14+00:00","dateModified":"2026-09-02T20:28:15+00:00","mainEntityOfPage":{"@id":"https:\/\/www.manabi.gob.ec\/index.php\/se-construye-variantes-en-la-via-rio-santo-la-dibujada-para-garantizar-la-conectividad\/"},"wordCount":318,"image":{"@id":"https:\/\/www.manabi.gob.ec\/index.php\/se-construye-variantes-en-la-via-rio-santo-la-dibujada-para-garantizar-la-conectividad\/#primaryimage"},"thumbnailUrl":"https:\/\/www.manabi.gob.ec\/wp-content\/uploads\/2026\/09\/ChatGPT-Image-2-sept-2026-15_26_49.png","articleSection":["Ambiente","Chone","Desarrollo Social","Noticias","Todas"],"inLanguage":"es"},{"@type":"WebPage","@id":"https:\/\/www.manabi.gob.ec\/index.php\/se-construye-variantes-en-la-via-rio-santo-la-dibujada-para-garantizar-la-conectividad\/","url":"https:\/\/www.manabi.gob.ec\/index.php\/se-construye-variantes-en-la-via-rio-santo-la-dibujada-para-garantizar-la-conectividad\/","name":"Se construye variantes en la v\u00eda R\u00edo Santo - La Dibujada para garantizar la conectividad - Prefectura de Manab\u00ed","isPartOf":{"@id":"https:\/\/www.manabi.gob.ec\/#website"},"primaryImageOfPage":{"@id":"https:\/\/www.manabi.gob.ec\/index.php\/se-construye-variantes-en-la-via-rio-santo-la-dibujada-para-garantizar-la-conectividad\/#primaryimage"},"image":{"@id":"https:\/\/www.manabi.gob.ec\/index.php\/se-construye-variantes-en-la-via-rio-santo-la-dibujada-para-garantizar-la-conectividad\/#primaryimage"},"thumbnailUrl":"https:\/\/www.manabi.gob.ec\/wp-content\/uploads\/2026\/09\/ChatGPT-Image-2-sept-2026-15_26_49.png","datePublished":"2026-09-02T20:28:14+00:00","dateModified":"2026-09-02T20:28:15+00:00","author":{"@id":"https:\/\/www.manabi.gob.ec\/#\/schema\/person\/c4f117989332ad723a6ced5994aa7d7a"},"breadcrumb":{"@id":"https:\/\/www.manabi.gob.ec\/index.php\/se-construye-variantes-en-la-via-rio-santo-la-dibujada-para-garantizar-la-conectividad\/#breadcrumb"},"inLanguage":"es","potentialAction":[{"@type":"ReadAction","target":["https:\/\/www.manabi.gob.ec\/index.php\/se-construye-variantes-en-la-via-rio-santo-la-dibujada-para-garantizar-la-conectividad\/"]}]},{"@type":"ImageObject","inLanguage":"es","@id":"https:\/\/www.manabi.gob.ec\/index.php\/se-construye-variantes-en-la-via-rio-santo-la-dibujada-para-garantizar-la-conectividad\/#primaryimage","url":"https:\/\/www.manabi.gob.ec\/wp-content\/uploads\/2026\/09\/ChatGPT-Image-2-sept-2026-15_26_49.png","contentUrl":"https:\/\/www.manabi.gob.ec\/wp-content\/uploads\/2026\/09\/ChatGPT-Image-2-sept-2026-15_26_49.png","width":1537,"height":1023},{"@type":"BreadcrumbList","@id":"https:\/\/www.manabi.gob.ec\/index.php\/se-construye-variantes-en-la-via-rio-santo-la-dibujada-para-garantizar-la-conectividad\/#breadcrumb","itemListElement":[{"@type":"ListItem","position":1,"name":"Portada","item":"https:\/\/www.manabi.gob.ec\/"},{"@type":"ListItem","position":2,"name":"Se construye variantes en la v\u00eda R\u00edo Santo &#8211; La Dibujada para garantizar la conectividad"}]},{"@type":"WebSite","@id":"https:\/\/www.manabi.gob.ec\/#website","url":"https:\/\/www.manabi.gob.ec\/","name":"Prefectura de Manab\u00ed","description":"P\u00e1gina web de la prefectura","potentialAction":[{"@type":"SearchAction","target":{"@type":"EntryPoint","urlTemplate":"https:\/\/www.manabi.gob.ec\/?s={search_term_string}"},"query-input":{"@type":"PropertyValueSpecification","valueRequired":true,"valueName":"search_term_string"}}],"inLanguage":"es"},{"@type":"Person","@id":"https:\/\/www.manabi.gob.ec\/#\/schema\/person\/c4f117989332ad723a6ced5994aa7d7a","name":"Lui Ochoa","image":{"@type":"ImageObject","inLanguage":"es","@id":"https:\/\/secure.gravatar.com\/avatar\/6e8017d0fe69dead8a95864d2eb6e1e1d8bf8e01194ba49cf7b897ff038126ba?s=96&d=mm&r=g","url":"https:\/\/secure.gravatar.com\/avatar\/6e8017d0fe69dead8a95864d2eb6e1e1d8bf8e01194ba49cf7b897ff038126ba?s=96&d=mm&r=g","contentUrl":"https:\/\/secure.gravatar.com\/avatar\/6e8017d0fe69dead8a95864d2eb6e1e1d8bf8e01194ba49cf7b897ff038126ba?s=96&d=mm&r=g","caption":"Lui Ochoa"},"url":"https:\/\/www.manabi.gob.ec\/index.php\/author\/lochoa\/"}]}},"jetpack_featured_media_url":"https:\/\/www.manabi.gob.ec\/wp-content\/uploads\/2026\/09\/ChatGPT-Image-2-sept-2026-15_26_49.png","_links":{"self":[{"href":"https:\/\/www.manabi.gob.ec\/index.php\/wp-json\/wp\/v2\/posts\/35433","targetHints":{"allow":["GET"]}}],"collection":[{"href":"https:\/\/www.manabi.gob.ec\/index.php\/wp-json\/wp\/v2\/posts"}],"about":[{"href":"https:\/\/www.manabi.gob.ec\/index.php\/wp-json\/wp\/v2\/types\/post"}],"author":[{"embeddable":true,"href":"https:\/\/www.manabi.gob.ec\/index.php\/wp-json\/wp\/v2\/users\/10"}],"replies":[{"embeddable":true,"href":"https:\/\/www.manabi.gob.ec\/index.php\/wp-json\/wp\/v2\/comments?post=35433"}],"version-history":[{"count":1,"href":"https:\/\/www.manabi.gob.ec\/index.php\/wp-json\/wp\/v2\/posts\/35433\/revisions"}],"predecessor-version":[{"id":35435,"href":"https:\/\/www.manabi.gob.ec\/index.php\/wp-json\/wp\/v2\/posts\/35433\/revisions\/35435"}],"wp:featuredmedia":[{"embeddable":true,"href":"https:\/\/www.manabi.gob.ec\/index.php\/wp-json\/wp\/v2\/media\/35434"}],"wp:attachment":[{"href":"https:\/\/www.manabi.gob.ec\/index.php\/wp-json\/wp\/v2\/media?parent=35433"}],"wp:term":[{"taxonomy":"category","embeddable":true,"href":"https:\/\/www.manabi.gob.ec\/index.php\/wp-json\/wp\/v2\/categories?post=35433"},{"taxonomy":"post_tag","embeddable":true,"href":"https:\/\/www.manabi.gob.ec\/index.php\/wp-json\/wp\/v2\/tags?post=35433"}],"curies":[{"name":"wp","href":"https:\/\/api.w.org\/{rel}","templated":true}]}}