{"id":35436,"date":"2026-09-03T00:49:33","date_gmt":"2026-09-03T00:49:33","guid":{"rendered":"https:\/\/www.manabi.gob.ec\/?p=35436"},"modified":"2026-09-03T00:49:34","modified_gmt":"2026-09-03T00:49:34","slug":"plan-de-prevencion-avanza-en-las-riberas-del-rio-portoviejo-para-reducir-riesgos-ante-el-nino","status":"publish","type":"post","link":"https:\/\/www.manabi.gob.ec\/index.php\/plan-de-prevencion-avanza-en-las-riberas-del-rio-portoviejo-para-reducir-riesgos-ante-el-nino\/","title":{"rendered":"Plan de prevenci\u00f3n avanza en las riberas del r\u00edo Portoviejo para reducir riesgos ante El Ni\u00f1o"},"content":{"rendered":"\n<p class=\"wp-block-paragraph\">Cuatro frentes de trabajo est\u00e1n activos en el r\u00edo Portoviejo como parte del Plan de Prevenci\u00f3n que ejecuta la Prefectura de Manab\u00ed ante la temporada de lluvias. Las intervenciones se concentran en los sectores Puente Papagayo, Puente Mej\u00eda, Higuer\u00f3n Adentro y La Mocora, con trabajos de limpieza, desazolve y reconformaci\u00f3n de muros.<\/p>\n\n\n\n<p class=\"wp-block-paragraph\">Las labores buscan retirar sedimentos y material acumulado, ampliar las secciones necesarias del cauce y mejorar el flujo del agua. Hasta el momento se han desazolvado 42 kil\u00f3metros del r\u00edo Portoviejo. A estas acciones se suman alrededor de 22 kil\u00f3metros intervenidos en el r\u00edo Chico y la ejecuci\u00f3n de 67 albarradas en el cant\u00f3n Portoviejo. Estas intervenciones forman parte del Plan de Prevenci\u00f3n que la Prefectura de Manab\u00ed, liderada por el prefecto Leonardo Orlando, ejecuta desde octubre de 2025.<\/p>\n\n\n\n<p class=\"wp-block-paragraph\">Las acciones preventivas tambi\u00e9n avanzan en otros cantones de la provincia. Desde octubre de 2025 se han ejecutado 185 acciones y otras 21 permanecen en ejecuci\u00f3n, con m\u00e1s de 285 kil\u00f3metros intervenidos. Los trabajos incluyen limpieza y desazolve de cauces, reconformaci\u00f3n de muros y taludes, colocaci\u00f3n de piedra escollera, construcci\u00f3n de tapes, adem\u00e1s de construcci\u00f3n y rehabilitaci\u00f3n de albarradas.<\/p>\n\n\n\n<p class=\"wp-block-paragraph\">Con estas intervenciones, la Prefectura de Manab\u00ed busca mejorar el drenaje, reducir riesgos y atender puntos vulnerables ante el incremento de las lluvias. El Plan de Prevenci\u00f3n contin\u00faa activo en el territorio, con acciones planificadas y ejecutadas antes y durante la actual temporada invernal.<\/p>\n","protected":false},"excerpt":{"rendered":"<p>Cuatro frentes de trabajo est\u00e1n activos en el r\u00edo Portoviejo como parte del Plan de Prevenci\u00f3n que ejecuta la Prefectura de Manab\u00ed ante la temporada de lluvias. Las intervenciones se concentran en los sectores Puente Papagayo, Puente Mej\u00eda, Higuer\u00f3n Adentro y La Mocora, con trabajos de limpieza, desazolve y reconformaci\u00f3n de muros. Las labores buscan [&hellip;]<\/p>\n","protected":false},"author":10,"featured_media":35437,"comment_status":"closed","ping_status":"closed","sticky":false,"template":"","format":"standard","meta":{"_joinchat":[],"footnotes":""},"categories":[150,142,92,340,339,132,89,91],"tags":[],"class_list":["post-35436","post","type-post","status-publish","format-standard","has-post-thumbnail","hentry","category-ambiente","category-desarrollo-social","category-noticias-manabi","category-plan-invernal-plan-invernal","category-plan-invernal","category-portoviejo","category-riego-drenaje","category-todas"],"yoast_head":"<!-- This site is optimized with the Yoast SEO plugin v27.4 - https:\/\/yoast.com\/product\/yoast-seo-wordpress\/ -->\n<title>Plan de prevenci\u00f3n avanza en las riberas del r\u00edo Portoviejo para reducir riesgos ante El Ni\u00f1o - Prefectura de Manab\u00ed<\/title>\n<meta name=\"robots\" content=\"index, follow, max-snippet:-1, max-image-preview:large, max-video-preview:-1\" \/>\n<link rel=\"canonical\" href=\"https:\/\/www.manabi.gob.ec\/index.php\/plan-de-prevencion-avanza-en-las-riberas-del-rio-portoviejo-para-reducir-riesgos-ante-el-nino\/\" \/>\n<meta property=\"og:locale\" content=\"es_ES\" \/>\n<meta property=\"og:type\" content=\"article\" \/>\n<meta property=\"og:title\" content=\"Plan de prevenci\u00f3n avanza en las riberas del r\u00edo Portoviejo para reducir riesgos ante El Ni\u00f1o - Prefectura de Manab\u00ed\" \/>\n<meta property=\"og:description\" content=\"Cuatro frentes de trabajo est\u00e1n activos en el r\u00edo Portoviejo como parte del Plan de Prevenci\u00f3n que ejecuta la Prefectura de Manab\u00ed ante la temporada de lluvias. Las intervenciones se concentran en los sectores Puente Papagayo, Puente Mej\u00eda, Higuer\u00f3n Adentro y La Mocora, con trabajos de limpieza, desazolve y reconformaci\u00f3n de muros. Las labores buscan [&hellip;]\" \/>\n<meta property=\"og:url\" content=\"https:\/\/www.manabi.gob.ec\/index.php\/plan-de-prevencion-avanza-en-las-riberas-del-rio-portoviejo-para-reducir-riesgos-ante-el-nino\/\" \/>\n<meta property=\"og:site_name\" content=\"Prefectura de Manab\u00ed\" \/>\n<meta property=\"article:published_time\" content=\"2026-09-03T00:49:33+00:00\" \/>\n<meta property=\"article:modified_time\" content=\"2026-09-03T00:49:34+00:00\" \/>\n<meta property=\"og:image\" content=\"https:\/\/www.manabi.gob.ec\/wp-content\/uploads\/2026\/09\/0ecb887b-4907-43f5-a215-8aefc1fe7ec0-1024x682.png\" \/>\n\t<meta property=\"og:image:width\" content=\"1024\" \/>\n\t<meta property=\"og:image:height\" content=\"682\" \/>\n\t<meta property=\"og:image:type\" content=\"image\/png\" \/>\n<meta name=\"author\" content=\"Lui Ochoa\" \/>\n<meta name=\"twitter:card\" content=\"summary_large_image\" \/>\n<meta name=\"twitter:label1\" content=\"Escrito por\" \/>\n\t<meta name=\"twitter:data1\" content=\"Lui Ochoa\" \/>\n\t<meta name=\"twitter:label2\" content=\"Tiempo de lectura\" \/>\n\t<meta name=\"twitter:data2\" content=\"2 minutos\" \/>\n<script type=\"application\/ld+json\" class=\"yoast-schema-graph\">{\"@context\":\"https:\\\/\\\/schema.org\",\"@graph\":[{\"@type\":\"Article\",\"@id\":\"https:\\\/\\\/www.manabi.gob.ec\\\/index.php\\\/plan-de-prevencion-avanza-en-las-riberas-del-rio-portoviejo-para-reducir-riesgos-ante-el-nino\\\/#article\",\"isPartOf\":{\"@id\":\"https:\\\/\\\/www.manabi.gob.ec\\\/index.php\\\/plan-de-prevencion-avanza-en-las-riberas-del-rio-portoviejo-para-reducir-riesgos-ante-el-nino\\\/\"},\"author\":{\"name\":\"Lui Ochoa\",\"@id\":\"https:\\\/\\\/www.manabi.gob.ec\\\/#\\\/schema\\\/person\\\/c4f117989332ad723a6ced5994aa7d7a\"},\"headline\":\"Plan de prevenci\u00f3n avanza en las riberas del r\u00edo Portoviejo para reducir riesgos ante El Ni\u00f1o\",\"datePublished\":\"2026-09-03T00:49:33+00:00\",\"dateModified\":\"2026-09-03T00:49:34+00:00\",\"mainEntityOfPage\":{\"@id\":\"https:\\\/\\\/www.manabi.gob.ec\\\/index.php\\\/plan-de-prevencion-avanza-en-las-riberas-del-rio-portoviejo-para-reducir-riesgos-ante-el-nino\\\/\"},\"wordCount\":270,\"image\":{\"@id\":\"https:\\\/\\\/www.manabi.gob.ec\\\/index.php\\\/plan-de-prevencion-avanza-en-las-riberas-del-rio-portoviejo-para-reducir-riesgos-ante-el-nino\\\/#primaryimage\"},\"thumbnailUrl\":\"https:\\\/\\\/www.manabi.gob.ec\\\/wp-content\\\/uploads\\\/2026\\\/09\\\/0ecb887b-4907-43f5-a215-8aefc1fe7ec0.png\",\"articleSection\":[\"Ambiente\",\"Desarrollo Social\",\"Noticias\",\"PLAN INVERNAL\",\"Plan Invernal\",\"Portoviejo\",\"Riego y drenaje\",\"Todas\"],\"inLanguage\":\"es\"},{\"@type\":\"WebPage\",\"@id\":\"https:\\\/\\\/www.manabi.gob.ec\\\/index.php\\\/plan-de-prevencion-avanza-en-las-riberas-del-rio-portoviejo-para-reducir-riesgos-ante-el-nino\\\/\",\"url\":\"https:\\\/\\\/www.manabi.gob.ec\\\/index.php\\\/plan-de-prevencion-avanza-en-las-riberas-del-rio-portoviejo-para-reducir-riesgos-ante-el-nino\\\/\",\"name\":\"Plan de prevenci\u00f3n avanza en las riberas del r\u00edo Portoviejo para reducir riesgos ante El Ni\u00f1o - Prefectura de Manab\u00ed\",\"isPartOf\":{\"@id\":\"https:\\\/\\\/www.manabi.gob.ec\\\/#website\"},\"primaryImageOfPage\":{\"@id\":\"https:\\\/\\\/www.manabi.gob.ec\\\/index.php\\\/plan-de-prevencion-avanza-en-las-riberas-del-rio-portoviejo-para-reducir-riesgos-ante-el-nino\\\/#primaryimage\"},\"image\":{\"@id\":\"https:\\\/\\\/www.manabi.gob.ec\\\/index.php\\\/plan-de-prevencion-avanza-en-las-riberas-del-rio-portoviejo-para-reducir-riesgos-ante-el-nino\\\/#primaryimage\"},\"thumbnailUrl\":\"https:\\\/\\\/www.manabi.gob.ec\\\/wp-content\\\/uploads\\\/2026\\\/09\\\/0ecb887b-4907-43f5-a215-8aefc1fe7ec0.png\",\"datePublished\":\"2026-09-03T00:49:33+00:00\",\"dateModified\":\"2026-09-03T00:49:34+00:00\",\"author\":{\"@id\":\"https:\\\/\\\/www.manabi.gob.ec\\\/#\\\/schema\\\/person\\\/c4f117989332ad723a6ced5994aa7d7a\"},\"breadcrumb\":{\"@id\":\"https:\\\/\\\/www.manabi.gob.ec\\\/index.php\\\/plan-de-prevencion-avanza-en-las-riberas-del-rio-portoviejo-para-reducir-riesgos-ante-el-nino\\\/#breadcrumb\"},\"inLanguage\":\"es\",\"potentialAction\":[{\"@type\":\"ReadAction\",\"target\":[\"https:\\\/\\\/www.manabi.gob.ec\\\/index.php\\\/plan-de-prevencion-avanza-en-las-riberas-del-rio-portoviejo-para-reducir-riesgos-ante-el-nino\\\/\"]}]},{\"@type\":\"ImageObject\",\"inLanguage\":\"es\",\"@id\":\"https:\\\/\\\/www.manabi.gob.ec\\\/index.php\\\/plan-de-prevencion-avanza-en-las-riberas-del-rio-portoviejo-para-reducir-riesgos-ante-el-nino\\\/#primaryimage\",\"url\":\"https:\\\/\\\/www.manabi.gob.ec\\\/wp-content\\\/uploads\\\/2026\\\/09\\\/0ecb887b-4907-43f5-a215-8aefc1fe7ec0.png\",\"contentUrl\":\"https:\\\/\\\/www.manabi.gob.ec\\\/wp-content\\\/uploads\\\/2026\\\/09\\\/0ecb887b-4907-43f5-a215-8aefc1fe7ec0.png\",\"width\":1537,\"height\":1023},{\"@type\":\"BreadcrumbList\",\"@id\":\"https:\\\/\\\/www.manabi.gob.ec\\\/index.php\\\/plan-de-prevencion-avanza-en-las-riberas-del-rio-portoviejo-para-reducir-riesgos-ante-el-nino\\\/#breadcrumb\",\"itemListElement\":[{\"@type\":\"ListItem\",\"position\":1,\"name\":\"Portada\",\"item\":\"https:\\\/\\\/www.manabi.gob.ec\\\/\"},{\"@type\":\"ListItem\",\"position\":2,\"name\":\"Plan de prevenci\u00f3n avanza en las riberas del r\u00edo Portoviejo para reducir riesgos ante El Ni\u00f1o\"}]},{\"@type\":\"WebSite\",\"@id\":\"https:\\\/\\\/www.manabi.gob.ec\\\/#website\",\"url\":\"https:\\\/\\\/www.manabi.gob.ec\\\/\",\"name\":\"Prefectura de Manab\u00ed\",\"description\":\"P\u00e1gina web de la prefectura\",\"potentialAction\":[{\"@type\":\"SearchAction\",\"target\":{\"@type\":\"EntryPoint\",\"urlTemplate\":\"https:\\\/\\\/www.manabi.gob.ec\\\/?s={search_term_string}\"},\"query-input\":{\"@type\":\"PropertyValueSpecification\",\"valueRequired\":true,\"valueName\":\"search_term_string\"}}],\"inLanguage\":\"es\"},{\"@type\":\"Person\",\"@id\":\"https:\\\/\\\/www.manabi.gob.ec\\\/#\\\/schema\\\/person\\\/c4f117989332ad723a6ced5994aa7d7a\",\"name\":\"Lui Ochoa\",\"image\":{\"@type\":\"ImageObject\",\"inLanguage\":\"es\",\"@id\":\"https:\\\/\\\/secure.gravatar.com\\\/avatar\\\/6e8017d0fe69dead8a95864d2eb6e1e1d8bf8e01194ba49cf7b897ff038126ba?s=96&d=mm&r=g\",\"url\":\"https:\\\/\\\/secure.gravatar.com\\\/avatar\\\/6e8017d0fe69dead8a95864d2eb6e1e1d8bf8e01194ba49cf7b897ff038126ba?s=96&d=mm&r=g\",\"contentUrl\":\"https:\\\/\\\/secure.gravatar.com\\\/avatar\\\/6e8017d0fe69dead8a95864d2eb6e1e1d8bf8e01194ba49cf7b897ff038126ba?s=96&d=mm&r=g\",\"caption\":\"Lui Ochoa\"},\"url\":\"https:\\\/\\\/www.manabi.gob.ec\\\/index.php\\\/author\\\/lochoa\\\/\"}]}<\/script>\n<!-- \/ Yoast SEO plugin. -->","yoast_head_json":{"title":"Plan de prevenci\u00f3n avanza en las riberas del r\u00edo Portoviejo para reducir riesgos ante El Ni\u00f1o - Prefectura de Manab\u00ed","robots":{"index":"index","follow":"follow","max-snippet":"max-snippet:-1","max-image-preview":"max-image-preview:large","max-video-preview":"max-video-preview:-1"},"canonical":"https:\/\/www.manabi.gob.ec\/index.php\/plan-de-prevencion-avanza-en-las-riberas-del-rio-portoviejo-para-reducir-riesgos-ante-el-nino\/","og_locale":"es_ES","og_type":"article","og_title":"Plan de prevenci\u00f3n avanza en las riberas del r\u00edo Portoviejo para reducir riesgos ante El Ni\u00f1o - Prefectura de Manab\u00ed","og_description":"Cuatro frentes de trabajo est\u00e1n activos en el r\u00edo Portoviejo como parte del Plan de Prevenci\u00f3n que ejecuta la Prefectura de Manab\u00ed ante la temporada de lluvias. Las intervenciones se concentran en los sectores Puente Papagayo, Puente Mej\u00eda, Higuer\u00f3n Adentro y La Mocora, con trabajos de limpieza, desazolve y reconformaci\u00f3n de muros. Las labores buscan [&hellip;]","og_url":"https:\/\/www.manabi.gob.ec\/index.php\/plan-de-prevencion-avanza-en-las-riberas-del-rio-portoviejo-para-reducir-riesgos-ante-el-nino\/","og_site_name":"Prefectura de Manab\u00ed","article_published_time":"2026-09-03T00:49:33+00:00","article_modified_time":"2026-09-03T00:49:34+00:00","og_image":[{"width":1024,"height":682,"url":"https:\/\/www.manabi.gob.ec\/wp-content\/uploads\/2026\/09\/0ecb887b-4907-43f5-a215-8aefc1fe7ec0-1024x682.png","type":"image\/png"}],"author":"Lui Ochoa","twitter_card":"summary_large_image","twitter_misc":{"Escrito por":"Lui Ochoa","Tiempo de lectura":"2 minutos"},"schema":{"@context":"https:\/\/schema.org","@graph":[{"@type":"Article","@id":"https:\/\/www.manabi.gob.ec\/index.php\/plan-de-prevencion-avanza-en-las-riberas-del-rio-portoviejo-para-reducir-riesgos-ante-el-nino\/#article","isPartOf":{"@id":"https:\/\/www.manabi.gob.ec\/index.php\/plan-de-prevencion-avanza-en-las-riberas-del-rio-portoviejo-para-reducir-riesgos-ante-el-nino\/"},"author":{"name":"Lui Ochoa","@id":"https:\/\/www.manabi.gob.ec\/#\/schema\/person\/c4f117989332ad723a6ced5994aa7d7a"},"headline":"Plan de prevenci\u00f3n avanza en las riberas del r\u00edo Portoviejo para reducir riesgos ante El Ni\u00f1o","datePublished":"2026-09-03T00:49:33+00:00","dateModified":"2026-09-03T00:49:34+00:00","mainEntityOfPage":{"@id":"https:\/\/www.manabi.gob.ec\/index.php\/plan-de-prevencion-avanza-en-las-riberas-del-rio-portoviejo-para-reducir-riesgos-ante-el-nino\/"},"wordCount":270,"image":{"@id":"https:\/\/www.manabi.gob.ec\/index.php\/plan-de-prevencion-avanza-en-las-riberas-del-rio-portoviejo-para-reducir-riesgos-ante-el-nino\/#primaryimage"},"thumbnailUrl":"https:\/\/www.manabi.gob.ec\/wp-content\/uploads\/2026\/09\/0ecb887b-4907-43f5-a215-8aefc1fe7ec0.png","articleSection":["Ambiente","Desarrollo Social","Noticias","PLAN INVERNAL","Plan Invernal","Portoviejo","Riego y drenaje","Todas"],"inLanguage":"es"},{"@type":"WebPage","@id":"https:\/\/www.manabi.gob.ec\/index.php\/plan-de-prevencion-avanza-en-las-riberas-del-rio-portoviejo-para-reducir-riesgos-ante-el-nino\/","url":"https:\/\/www.manabi.gob.ec\/index.php\/plan-de-prevencion-avanza-en-las-riberas-del-rio-portoviejo-para-reducir-riesgos-ante-el-nino\/","name":"Plan de prevenci\u00f3n avanza en las riberas del r\u00edo Portoviejo para reducir riesgos ante El Ni\u00f1o - Prefectura de Manab\u00ed","isPartOf":{"@id":"https:\/\/www.manabi.gob.ec\/#website"},"primaryImageOfPage":{"@id":"https:\/\/www.manabi.gob.ec\/index.php\/plan-de-prevencion-avanza-en-las-riberas-del-rio-portoviejo-para-reducir-riesgos-ante-el-nino\/#primaryimage"},"image":{"@id":"https:\/\/www.manabi.gob.ec\/index.php\/plan-de-prevencion-avanza-en-las-riberas-del-rio-portoviejo-para-reducir-riesgos-ante-el-nino\/#primaryimage"},"thumbnailUrl":"https:\/\/www.manabi.gob.ec\/wp-content\/uploads\/2026\/09\/0ecb887b-4907-43f5-a215-8aefc1fe7ec0.png","datePublished":"2026-09-03T00:49:33+00:00","dateModified":"2026-09-03T00:49:34+00:00","author":{"@id":"https:\/\/www.manabi.gob.ec\/#\/schema\/person\/c4f117989332ad723a6ced5994aa7d7a"},"breadcrumb":{"@id":"https:\/\/www.manabi.gob.ec\/index.php\/plan-de-prevencion-avanza-en-las-riberas-del-rio-portoviejo-para-reducir-riesgos-ante-el-nino\/#breadcrumb"},"inLanguage":"es","potentialAction":[{"@type":"ReadAction","target":["https:\/\/www.manabi.gob.ec\/index.php\/plan-de-prevencion-avanza-en-las-riberas-del-rio-portoviejo-para-reducir-riesgos-ante-el-nino\/"]}]},{"@type":"ImageObject","inLanguage":"es","@id":"https:\/\/www.manabi.gob.ec\/index.php\/plan-de-prevencion-avanza-en-las-riberas-del-rio-portoviejo-para-reducir-riesgos-ante-el-nino\/#primaryimage","url":"https:\/\/www.manabi.gob.ec\/wp-content\/uploads\/2026\/09\/0ecb887b-4907-43f5-a215-8aefc1fe7ec0.png","contentUrl":"https:\/\/www.manabi.gob.ec\/wp-content\/uploads\/2026\/09\/0ecb887b-4907-43f5-a215-8aefc1fe7ec0.png","width":1537,"height":1023},{"@type":"BreadcrumbList","@id":"https:\/\/www.manabi.gob.ec\/index.php\/plan-de-prevencion-avanza-en-las-riberas-del-rio-portoviejo-para-reducir-riesgos-ante-el-nino\/#breadcrumb","itemListElement":[{"@type":"ListItem","position":1,"name":"Portada","item":"https:\/\/www.manabi.gob.ec\/"},{"@type":"ListItem","position":2,"name":"Plan de prevenci\u00f3n avanza en las riberas del r\u00edo Portoviejo para reducir riesgos ante El Ni\u00f1o"}]},{"@type":"WebSite","@id":"https:\/\/www.manabi.gob.ec\/#website","url":"https:\/\/www.manabi.gob.ec\/","name":"Prefectura de Manab\u00ed","description":"P\u00e1gina web de la prefectura","potentialAction":[{"@type":"SearchAction","target":{"@type":"EntryPoint","urlTemplate":"https:\/\/www.manabi.gob.ec\/?s={search_term_string}"},"query-input":{"@type":"PropertyValueSpecification","valueRequired":true,"valueName":"search_term_string"}}],"inLanguage":"es"},{"@type":"Person","@id":"https:\/\/www.manabi.gob.ec\/#\/schema\/person\/c4f117989332ad723a6ced5994aa7d7a","name":"Lui Ochoa","image":{"@type":"ImageObject","inLanguage":"es","@id":"https:\/\/secure.gravatar.com\/avatar\/6e8017d0fe69dead8a95864d2eb6e1e1d8bf8e01194ba49cf7b897ff038126ba?s=96&d=mm&r=g","url":"https:\/\/secure.gravatar.com\/avatar\/6e8017d0fe69dead8a95864d2eb6e1e1d8bf8e01194ba49cf7b897ff038126ba?s=96&d=mm&r=g","contentUrl":"https:\/\/secure.gravatar.com\/avatar\/6e8017d0fe69dead8a95864d2eb6e1e1d8bf8e01194ba49cf7b897ff038126ba?s=96&d=mm&r=g","caption":"Lui Ochoa"},"url":"https:\/\/www.manabi.gob.ec\/index.php\/author\/lochoa\/"}]}},"jetpack_featured_media_url":"https:\/\/www.manabi.gob.ec\/wp-content\/uploads\/2026\/09\/0ecb887b-4907-43f5-a215-8aefc1fe7ec0.png","_links":{"self":[{"href":"https:\/\/www.manabi.gob.ec\/index.php\/wp-json\/wp\/v2\/posts\/35436","targetHints":{"allow":["GET"]}}],"collection":[{"href":"https:\/\/www.manabi.gob.ec\/index.php\/wp-json\/wp\/v2\/posts"}],"about":[{"href":"https:\/\/www.manabi.gob.ec\/index.php\/wp-json\/wp\/v2\/types\/post"}],"author":[{"embeddable":true,"href":"https:\/\/www.manabi.gob.ec\/index.php\/wp-json\/wp\/v2\/users\/10"}],"replies":[{"embeddable":true,"href":"https:\/\/www.manabi.gob.ec\/index.php\/wp-json\/wp\/v2\/comments?post=35436"}],"version-history":[{"count":1,"href":"https:\/\/www.manabi.gob.ec\/index.php\/wp-json\/wp\/v2\/posts\/35436\/revisions"}],"predecessor-version":[{"id":35438,"href":"https:\/\/www.manabi.gob.ec\/index.php\/wp-json\/wp\/v2\/posts\/35436\/revisions\/35438"}],"wp:featuredmedia":[{"embeddable":true,"href":"https:\/\/www.manabi.gob.ec\/index.php\/wp-json\/wp\/v2\/media\/35437"}],"wp:attachment":[{"href":"https:\/\/www.manabi.gob.ec\/index.php\/wp-json\/wp\/v2\/media?parent=35436"}],"wp:term":[{"taxonomy":"category","embeddable":true,"href":"https:\/\/www.manabi.gob.ec\/index.php\/wp-json\/wp\/v2\/categories?post=35436"},{"taxonomy":"post_tag","embeddable":true,"href":"https:\/\/www.manabi.gob.ec\/index.php\/wp-json\/wp\/v2\/tags?post=35436"}],"curies":[{"name":"wp","href":"https:\/\/api.w.org\/{rel}","templated":true}]}}