{"id":35439,"date":"2026-09-03T01:04:39","date_gmt":"2026-09-03T01:04:39","guid":{"rendered":"https:\/\/www.manabi.gob.ec\/?p=35439"},"modified":"2026-09-03T01:07:56","modified_gmt":"2026-09-03T01:07:56","slug":"olmedo-conmemora-32-anos-de-cantonizacion-con-nuevas-obras-y-proyectos-para-fortalecer-su-desarrollo","status":"publish","type":"post","link":"https:\/\/www.manabi.gob.ec\/index.php\/olmedo-conmemora-32-anos-de-cantonizacion-con-nuevas-obras-y-proyectos-para-fortalecer-su-desarrollo\/","title":{"rendered":"Olmedo conmemora 32 a\u00f1os de cantonizaci\u00f3n con nuevas obras y proyectos para fortalecer su desarrollo"},"content":{"rendered":"\n<p class=\"wp-block-paragraph\">El 31 de agosto, Olmedo conmemor\u00f3 32 a\u00f1os de cantonizaci\u00f3n. La celebraci\u00f3n se adelant\u00f3 a la tarde y noche del domingo 30, con la sesi\u00f3n solemne organizada por el Gobierno Aut\u00f3nomo Descentralizado Municipal, acto al que asisti\u00f3 el prefecto de Manab\u00ed, Leonardo Orlando, junto a autoridades locales y representantes de distintos sectores del cant\u00f3n.<\/p>\n\n\n\n<p class=\"wp-block-paragraph\">Leonardo Orlando destac\u00f3 el trabajo articulado para atender las necesidades de las comunidades rurales y anunci\u00f3 nuevos proyectos para fortalecer la conectividad, la salud y la producci\u00f3n en este cant\u00f3n.<\/p>\n\n\n\n<p class=\"wp-block-paragraph\">Desde 2019, la Prefectura de Manab\u00ed ha ejecutado y mantiene en ejecuci\u00f3n una inversi\u00f3n superior a los 5,1 millones de d\u00f3lares en Olmedo, con \u00e9nfasis en vialidad. A trav\u00e9s de Manab\u00ed Vial EP, se ha planificado la intervenci\u00f3n de 49 kil\u00f3metros por cerca de 1 mill\u00f3n de d\u00f3lares, en distintos sectores del cant\u00f3n. La autoridad provincial se\u00f1al\u00f3 que en el caso de la v\u00eda Santana\u2013Olmedo se requiere una rehabilitaci\u00f3n integral, que contemple se\u00f1alizaci\u00f3n, drenaje y protecci\u00f3n de taludes.<\/p>\n\n\n\n<p class=\"wp-block-paragraph\">La conectividad entre provincias tendr\u00e1 tambi\u00e9n un nuevo impulso. El prefecto anunci\u00f3 que ya est\u00e1 aprobado, a trav\u00e9s del Banco de Desarrollo del Ecuador y con una l\u00ednea de cr\u00e9dito internacional del Banco Interamericano de Desarrollo (BID), el proyecto Olmedo\u2013l\u00edmite provincial en direcci\u00f3n a Colimes, de 6,6 kil\u00f3metros. La obra contempla un presupuesto referencial de 5,6 millones de d\u00f3lares para infraestructura vial y 357 mil d\u00f3lares para fiscalizaci\u00f3n, lo que representa una inversi\u00f3n superior a los 6 millones de d\u00f3lares para mejorar la integraci\u00f3n de Manab\u00ed con Guayas.<\/p>\n\n\n\n<p class=\"wp-block-paragraph\">En salud, la Prefectura participa en la repotenciaci\u00f3n del Centro de Salud Tipo B del distrito 13D04. La primera fase, ya entregada, demand\u00f3 m\u00e1s de 233 mil d\u00f3lares, mientras que el 28 de agosto se public\u00f3 en el portal de compras p\u00fablicas la contrataci\u00f3n de la tercera fase, correspondiente al cerramiento y obras exteriores, por 180 mil d\u00f3lares. A esto se suman m\u00e1s de 25.200 atenciones brindadas mediante acciones de salud coordinadas con el Municipio y l\u00edderes comunitarios, adem\u00e1s de 820 ni\u00f1as, ni\u00f1os y adolescentes beneficiarios del proyecto Entrenando Valores.<\/p>\n\n\n\n<p class=\"wp-block-paragraph\">El fortalecimiento de la econom\u00eda rural es otro componente de la gesti\u00f3n provincial. En Olmedo se han ejecutado y est\u00e1n en ejecuci\u00f3n ocho Escuelas del Productor, que benefician a 203 productores: siete corresponden al \u00e1mbito agr\u00edcola y ya recibieron insumos y herramientas, mientras la Escuela del Productor Ganadero avanza hacia la fase de inseminaci\u00f3n artificial. Estas iniciativas forman parte de un programa provincial que suma cerca de 450 escuelas y m\u00e1s de 15.000 productores beneficiarios en toda la provincia, bajo la metodolog\u00eda de \u201caprender haciendo\u201d.<\/p>\n\n\n\n<p class=\"wp-block-paragraph\">Durante la sesi\u00f3n solemne, Orlando destac\u00f3 que el desarrollo de Olmedo debe construirse desde sus comunidades, recintos y familias, con una atenci\u00f3n que considere tanto las necesidades actuales como las oportunidades para las nuevas generaciones.<\/p>\n","protected":false},"excerpt":{"rendered":"<p>El 31 de agosto, Olmedo conmemor\u00f3 32 a\u00f1os de cantonizaci\u00f3n. La celebraci\u00f3n se adelant\u00f3 a la tarde y noche del domingo 30, con la sesi\u00f3n solemne organizada por el Gobierno Aut\u00f3nomo Descentralizado Municipal, acto al que asisti\u00f3 el prefecto de Manab\u00ed, Leonardo Orlando, junto a autoridades locales y representantes de distintos sectores del cant\u00f3n. Leonardo [&hellip;]<\/p>\n","protected":false},"author":10,"featured_media":35440,"comment_status":"closed","ping_status":"closed","sticky":false,"template":"","format":"standard","meta":{"_joinchat":[],"footnotes":""},"categories":[150,142,92,220,91],"tags":[],"class_list":["post-35439","post","type-post","status-publish","format-standard","has-post-thumbnail","hentry","category-ambiente","category-desarrollo-social","category-noticias-manabi","category-olmedo","category-todas"],"yoast_head":"<!-- This site is optimized with the Yoast SEO plugin v27.4 - https:\/\/yoast.com\/product\/yoast-seo-wordpress\/ -->\n<title>Olmedo conmemora 32 a\u00f1os de cantonizaci\u00f3n con nuevas obras y proyectos para fortalecer su desarrollo - Prefectura de Manab\u00ed<\/title>\n<meta name=\"robots\" content=\"index, follow, max-snippet:-1, max-image-preview:large, max-video-preview:-1\" \/>\n<link rel=\"canonical\" href=\"https:\/\/www.manabi.gob.ec\/index.php\/olmedo-conmemora-32-anos-de-cantonizacion-con-nuevas-obras-y-proyectos-para-fortalecer-su-desarrollo\/\" \/>\n<meta property=\"og:locale\" content=\"es_ES\" \/>\n<meta property=\"og:type\" content=\"article\" \/>\n<meta property=\"og:title\" content=\"Olmedo conmemora 32 a\u00f1os de cantonizaci\u00f3n con nuevas obras y proyectos para fortalecer su desarrollo - Prefectura de Manab\u00ed\" \/>\n<meta property=\"og:description\" content=\"El 31 de agosto, Olmedo conmemor\u00f3 32 a\u00f1os de cantonizaci\u00f3n. La celebraci\u00f3n se adelant\u00f3 a la tarde y noche del domingo 30, con la sesi\u00f3n solemne organizada por el Gobierno Aut\u00f3nomo Descentralizado Municipal, acto al que asisti\u00f3 el prefecto de Manab\u00ed, Leonardo Orlando, junto a autoridades locales y representantes de distintos sectores del cant\u00f3n. Leonardo [&hellip;]\" \/>\n<meta property=\"og:url\" content=\"https:\/\/www.manabi.gob.ec\/index.php\/olmedo-conmemora-32-anos-de-cantonizacion-con-nuevas-obras-y-proyectos-para-fortalecer-su-desarrollo\/\" \/>\n<meta property=\"og:site_name\" content=\"Prefectura de Manab\u00ed\" \/>\n<meta property=\"article:published_time\" content=\"2026-09-03T01:04:39+00:00\" \/>\n<meta property=\"article:modified_time\" content=\"2026-09-03T01:07:56+00:00\" \/>\n<meta property=\"og:image\" content=\"https:\/\/www.manabi.gob.ec\/wp-content\/uploads\/2026\/09\/WhatsApp-Image-2026-09-01-at-8.55.00-AM.jpeg\" \/>\n\t<meta property=\"og:image:width\" content=\"1280\" \/>\n\t<meta property=\"og:image:height\" content=\"853\" \/>\n\t<meta property=\"og:image:type\" content=\"image\/jpeg\" \/>\n<meta name=\"author\" content=\"Lui Ochoa\" \/>\n<meta name=\"twitter:card\" content=\"summary_large_image\" \/>\n<meta name=\"twitter:label1\" content=\"Escrito por\" \/>\n\t<meta name=\"twitter:data1\" content=\"Lui Ochoa\" \/>\n\t<meta name=\"twitter:label2\" content=\"Tiempo de lectura\" \/>\n\t<meta name=\"twitter:data2\" content=\"3 minutos\" \/>\n<script type=\"application\/ld+json\" class=\"yoast-schema-graph\">{\"@context\":\"https:\\\/\\\/schema.org\",\"@graph\":[{\"@type\":\"Article\",\"@id\":\"https:\\\/\\\/www.manabi.gob.ec\\\/index.php\\\/olmedo-conmemora-32-anos-de-cantonizacion-con-nuevas-obras-y-proyectos-para-fortalecer-su-desarrollo\\\/#article\",\"isPartOf\":{\"@id\":\"https:\\\/\\\/www.manabi.gob.ec\\\/index.php\\\/olmedo-conmemora-32-anos-de-cantonizacion-con-nuevas-obras-y-proyectos-para-fortalecer-su-desarrollo\\\/\"},\"author\":{\"name\":\"Lui Ochoa\",\"@id\":\"https:\\\/\\\/www.manabi.gob.ec\\\/#\\\/schema\\\/person\\\/c4f117989332ad723a6ced5994aa7d7a\"},\"headline\":\"Olmedo conmemora 32 a\u00f1os de cantonizaci\u00f3n con nuevas obras y proyectos para fortalecer su desarrollo\",\"datePublished\":\"2026-09-03T01:04:39+00:00\",\"dateModified\":\"2026-09-03T01:07:56+00:00\",\"mainEntityOfPage\":{\"@id\":\"https:\\\/\\\/www.manabi.gob.ec\\\/index.php\\\/olmedo-conmemora-32-anos-de-cantonizacion-con-nuevas-obras-y-proyectos-para-fortalecer-su-desarrollo\\\/\"},\"wordCount\":516,\"image\":{\"@id\":\"https:\\\/\\\/www.manabi.gob.ec\\\/index.php\\\/olmedo-conmemora-32-anos-de-cantonizacion-con-nuevas-obras-y-proyectos-para-fortalecer-su-desarrollo\\\/#primaryimage\"},\"thumbnailUrl\":\"https:\\\/\\\/www.manabi.gob.ec\\\/wp-content\\\/uploads\\\/2026\\\/09\\\/WhatsApp-Image-2026-09-01-at-8.55.00-AM.jpeg\",\"articleSection\":[\"Ambiente\",\"Desarrollo Social\",\"Noticias\",\"Olmedo\",\"Todas\"],\"inLanguage\":\"es\"},{\"@type\":\"WebPage\",\"@id\":\"https:\\\/\\\/www.manabi.gob.ec\\\/index.php\\\/olmedo-conmemora-32-anos-de-cantonizacion-con-nuevas-obras-y-proyectos-para-fortalecer-su-desarrollo\\\/\",\"url\":\"https:\\\/\\\/www.manabi.gob.ec\\\/index.php\\\/olmedo-conmemora-32-anos-de-cantonizacion-con-nuevas-obras-y-proyectos-para-fortalecer-su-desarrollo\\\/\",\"name\":\"Olmedo conmemora 32 a\u00f1os de cantonizaci\u00f3n con nuevas obras y proyectos para fortalecer su desarrollo - Prefectura de Manab\u00ed\",\"isPartOf\":{\"@id\":\"https:\\\/\\\/www.manabi.gob.ec\\\/#website\"},\"primaryImageOfPage\":{\"@id\":\"https:\\\/\\\/www.manabi.gob.ec\\\/index.php\\\/olmedo-conmemora-32-anos-de-cantonizacion-con-nuevas-obras-y-proyectos-para-fortalecer-su-desarrollo\\\/#primaryimage\"},\"image\":{\"@id\":\"https:\\\/\\\/www.manabi.gob.ec\\\/index.php\\\/olmedo-conmemora-32-anos-de-cantonizacion-con-nuevas-obras-y-proyectos-para-fortalecer-su-desarrollo\\\/#primaryimage\"},\"thumbnailUrl\":\"https:\\\/\\\/www.manabi.gob.ec\\\/wp-content\\\/uploads\\\/2026\\\/09\\\/WhatsApp-Image-2026-09-01-at-8.55.00-AM.jpeg\",\"datePublished\":\"2026-09-03T01:04:39+00:00\",\"dateModified\":\"2026-09-03T01:07:56+00:00\",\"author\":{\"@id\":\"https:\\\/\\\/www.manabi.gob.ec\\\/#\\\/schema\\\/person\\\/c4f117989332ad723a6ced5994aa7d7a\"},\"breadcrumb\":{\"@id\":\"https:\\\/\\\/www.manabi.gob.ec\\\/index.php\\\/olmedo-conmemora-32-anos-de-cantonizacion-con-nuevas-obras-y-proyectos-para-fortalecer-su-desarrollo\\\/#breadcrumb\"},\"inLanguage\":\"es\",\"potentialAction\":[{\"@type\":\"ReadAction\",\"target\":[\"https:\\\/\\\/www.manabi.gob.ec\\\/index.php\\\/olmedo-conmemora-32-anos-de-cantonizacion-con-nuevas-obras-y-proyectos-para-fortalecer-su-desarrollo\\\/\"]}]},{\"@type\":\"ImageObject\",\"inLanguage\":\"es\",\"@id\":\"https:\\\/\\\/www.manabi.gob.ec\\\/index.php\\\/olmedo-conmemora-32-anos-de-cantonizacion-con-nuevas-obras-y-proyectos-para-fortalecer-su-desarrollo\\\/#primaryimage\",\"url\":\"https:\\\/\\\/www.manabi.gob.ec\\\/wp-content\\\/uploads\\\/2026\\\/09\\\/WhatsApp-Image-2026-09-01-at-8.55.00-AM.jpeg\",\"contentUrl\":\"https:\\\/\\\/www.manabi.gob.ec\\\/wp-content\\\/uploads\\\/2026\\\/09\\\/WhatsApp-Image-2026-09-01-at-8.55.00-AM.jpeg\",\"width\":1280,\"height\":853},{\"@type\":\"BreadcrumbList\",\"@id\":\"https:\\\/\\\/www.manabi.gob.ec\\\/index.php\\\/olmedo-conmemora-32-anos-de-cantonizacion-con-nuevas-obras-y-proyectos-para-fortalecer-su-desarrollo\\\/#breadcrumb\",\"itemListElement\":[{\"@type\":\"ListItem\",\"position\":1,\"name\":\"Portada\",\"item\":\"https:\\\/\\\/www.manabi.gob.ec\\\/\"},{\"@type\":\"ListItem\",\"position\":2,\"name\":\"Olmedo conmemora 32 a\u00f1os de cantonizaci\u00f3n con nuevas obras y proyectos para fortalecer su desarrollo\"}]},{\"@type\":\"WebSite\",\"@id\":\"https:\\\/\\\/www.manabi.gob.ec\\\/#website\",\"url\":\"https:\\\/\\\/www.manabi.gob.ec\\\/\",\"name\":\"Prefectura de Manab\u00ed\",\"description\":\"P\u00e1gina web de la prefectura\",\"potentialAction\":[{\"@type\":\"SearchAction\",\"target\":{\"@type\":\"EntryPoint\",\"urlTemplate\":\"https:\\\/\\\/www.manabi.gob.ec\\\/?s={search_term_string}\"},\"query-input\":{\"@type\":\"PropertyValueSpecification\",\"valueRequired\":true,\"valueName\":\"search_term_string\"}}],\"inLanguage\":\"es\"},{\"@type\":\"Person\",\"@id\":\"https:\\\/\\\/www.manabi.gob.ec\\\/#\\\/schema\\\/person\\\/c4f117989332ad723a6ced5994aa7d7a\",\"name\":\"Lui Ochoa\",\"image\":{\"@type\":\"ImageObject\",\"inLanguage\":\"es\",\"@id\":\"https:\\\/\\\/secure.gravatar.com\\\/avatar\\\/6e8017d0fe69dead8a95864d2eb6e1e1d8bf8e01194ba49cf7b897ff038126ba?s=96&d=mm&r=g\",\"url\":\"https:\\\/\\\/secure.gravatar.com\\\/avatar\\\/6e8017d0fe69dead8a95864d2eb6e1e1d8bf8e01194ba49cf7b897ff038126ba?s=96&d=mm&r=g\",\"contentUrl\":\"https:\\\/\\\/secure.gravatar.com\\\/avatar\\\/6e8017d0fe69dead8a95864d2eb6e1e1d8bf8e01194ba49cf7b897ff038126ba?s=96&d=mm&r=g\",\"caption\":\"Lui Ochoa\"},\"url\":\"https:\\\/\\\/www.manabi.gob.ec\\\/index.php\\\/author\\\/lochoa\\\/\"}]}<\/script>\n<!-- \/ Yoast SEO plugin. -->","yoast_head_json":{"title":"Olmedo conmemora 32 a\u00f1os de cantonizaci\u00f3n con nuevas obras y proyectos para fortalecer su desarrollo - Prefectura de Manab\u00ed","robots":{"index":"index","follow":"follow","max-snippet":"max-snippet:-1","max-image-preview":"max-image-preview:large","max-video-preview":"max-video-preview:-1"},"canonical":"https:\/\/www.manabi.gob.ec\/index.php\/olmedo-conmemora-32-anos-de-cantonizacion-con-nuevas-obras-y-proyectos-para-fortalecer-su-desarrollo\/","og_locale":"es_ES","og_type":"article","og_title":"Olmedo conmemora 32 a\u00f1os de cantonizaci\u00f3n con nuevas obras y proyectos para fortalecer su desarrollo - Prefectura de Manab\u00ed","og_description":"El 31 de agosto, Olmedo conmemor\u00f3 32 a\u00f1os de cantonizaci\u00f3n. La celebraci\u00f3n se adelant\u00f3 a la tarde y noche del domingo 30, con la sesi\u00f3n solemne organizada por el Gobierno Aut\u00f3nomo Descentralizado Municipal, acto al que asisti\u00f3 el prefecto de Manab\u00ed, Leonardo Orlando, junto a autoridades locales y representantes de distintos sectores del cant\u00f3n. Leonardo [&hellip;]","og_url":"https:\/\/www.manabi.gob.ec\/index.php\/olmedo-conmemora-32-anos-de-cantonizacion-con-nuevas-obras-y-proyectos-para-fortalecer-su-desarrollo\/","og_site_name":"Prefectura de Manab\u00ed","article_published_time":"2026-09-03T01:04:39+00:00","article_modified_time":"2026-09-03T01:07:56+00:00","og_image":[{"width":1280,"height":853,"url":"https:\/\/www.manabi.gob.ec\/wp-content\/uploads\/2026\/09\/WhatsApp-Image-2026-09-01-at-8.55.00-AM.jpeg","type":"image\/jpeg"}],"author":"Lui Ochoa","twitter_card":"summary_large_image","twitter_misc":{"Escrito por":"Lui Ochoa","Tiempo de lectura":"3 minutos"},"schema":{"@context":"https:\/\/schema.org","@graph":[{"@type":"Article","@id":"https:\/\/www.manabi.gob.ec\/index.php\/olmedo-conmemora-32-anos-de-cantonizacion-con-nuevas-obras-y-proyectos-para-fortalecer-su-desarrollo\/#article","isPartOf":{"@id":"https:\/\/www.manabi.gob.ec\/index.php\/olmedo-conmemora-32-anos-de-cantonizacion-con-nuevas-obras-y-proyectos-para-fortalecer-su-desarrollo\/"},"author":{"name":"Lui Ochoa","@id":"https:\/\/www.manabi.gob.ec\/#\/schema\/person\/c4f117989332ad723a6ced5994aa7d7a"},"headline":"Olmedo conmemora 32 a\u00f1os de cantonizaci\u00f3n con nuevas obras y proyectos para fortalecer su desarrollo","datePublished":"2026-09-03T01:04:39+00:00","dateModified":"2026-09-03T01:07:56+00:00","mainEntityOfPage":{"@id":"https:\/\/www.manabi.gob.ec\/index.php\/olmedo-conmemora-32-anos-de-cantonizacion-con-nuevas-obras-y-proyectos-para-fortalecer-su-desarrollo\/"},"wordCount":516,"image":{"@id":"https:\/\/www.manabi.gob.ec\/index.php\/olmedo-conmemora-32-anos-de-cantonizacion-con-nuevas-obras-y-proyectos-para-fortalecer-su-desarrollo\/#primaryimage"},"thumbnailUrl":"https:\/\/www.manabi.gob.ec\/wp-content\/uploads\/2026\/09\/WhatsApp-Image-2026-09-01-at-8.55.00-AM.jpeg","articleSection":["Ambiente","Desarrollo Social","Noticias","Olmedo","Todas"],"inLanguage":"es"},{"@type":"WebPage","@id":"https:\/\/www.manabi.gob.ec\/index.php\/olmedo-conmemora-32-anos-de-cantonizacion-con-nuevas-obras-y-proyectos-para-fortalecer-su-desarrollo\/","url":"https:\/\/www.manabi.gob.ec\/index.php\/olmedo-conmemora-32-anos-de-cantonizacion-con-nuevas-obras-y-proyectos-para-fortalecer-su-desarrollo\/","name":"Olmedo conmemora 32 a\u00f1os de cantonizaci\u00f3n con nuevas obras y proyectos para fortalecer su desarrollo - Prefectura de Manab\u00ed","isPartOf":{"@id":"https:\/\/www.manabi.gob.ec\/#website"},"primaryImageOfPage":{"@id":"https:\/\/www.manabi.gob.ec\/index.php\/olmedo-conmemora-32-anos-de-cantonizacion-con-nuevas-obras-y-proyectos-para-fortalecer-su-desarrollo\/#primaryimage"},"image":{"@id":"https:\/\/www.manabi.gob.ec\/index.php\/olmedo-conmemora-32-anos-de-cantonizacion-con-nuevas-obras-y-proyectos-para-fortalecer-su-desarrollo\/#primaryimage"},"thumbnailUrl":"https:\/\/www.manabi.gob.ec\/wp-content\/uploads\/2026\/09\/WhatsApp-Image-2026-09-01-at-8.55.00-AM.jpeg","datePublished":"2026-09-03T01:04:39+00:00","dateModified":"2026-09-03T01:07:56+00:00","author":{"@id":"https:\/\/www.manabi.gob.ec\/#\/schema\/person\/c4f117989332ad723a6ced5994aa7d7a"},"breadcrumb":{"@id":"https:\/\/www.manabi.gob.ec\/index.php\/olmedo-conmemora-32-anos-de-cantonizacion-con-nuevas-obras-y-proyectos-para-fortalecer-su-desarrollo\/#breadcrumb"},"inLanguage":"es","potentialAction":[{"@type":"ReadAction","target":["https:\/\/www.manabi.gob.ec\/index.php\/olmedo-conmemora-32-anos-de-cantonizacion-con-nuevas-obras-y-proyectos-para-fortalecer-su-desarrollo\/"]}]},{"@type":"ImageObject","inLanguage":"es","@id":"https:\/\/www.manabi.gob.ec\/index.php\/olmedo-conmemora-32-anos-de-cantonizacion-con-nuevas-obras-y-proyectos-para-fortalecer-su-desarrollo\/#primaryimage","url":"https:\/\/www.manabi.gob.ec\/wp-content\/uploads\/2026\/09\/WhatsApp-Image-2026-09-01-at-8.55.00-AM.jpeg","contentUrl":"https:\/\/www.manabi.gob.ec\/wp-content\/uploads\/2026\/09\/WhatsApp-Image-2026-09-01-at-8.55.00-AM.jpeg","width":1280,"height":853},{"@type":"BreadcrumbList","@id":"https:\/\/www.manabi.gob.ec\/index.php\/olmedo-conmemora-32-anos-de-cantonizacion-con-nuevas-obras-y-proyectos-para-fortalecer-su-desarrollo\/#breadcrumb","itemListElement":[{"@type":"ListItem","position":1,"name":"Portada","item":"https:\/\/www.manabi.gob.ec\/"},{"@type":"ListItem","position":2,"name":"Olmedo conmemora 32 a\u00f1os de cantonizaci\u00f3n con nuevas obras y proyectos para fortalecer su desarrollo"}]},{"@type":"WebSite","@id":"https:\/\/www.manabi.gob.ec\/#website","url":"https:\/\/www.manabi.gob.ec\/","name":"Prefectura de Manab\u00ed","description":"P\u00e1gina web de la prefectura","potentialAction":[{"@type":"SearchAction","target":{"@type":"EntryPoint","urlTemplate":"https:\/\/www.manabi.gob.ec\/?s={search_term_string}"},"query-input":{"@type":"PropertyValueSpecification","valueRequired":true,"valueName":"search_term_string"}}],"inLanguage":"es"},{"@type":"Person","@id":"https:\/\/www.manabi.gob.ec\/#\/schema\/person\/c4f117989332ad723a6ced5994aa7d7a","name":"Lui Ochoa","image":{"@type":"ImageObject","inLanguage":"es","@id":"https:\/\/secure.gravatar.com\/avatar\/6e8017d0fe69dead8a95864d2eb6e1e1d8bf8e01194ba49cf7b897ff038126ba?s=96&d=mm&r=g","url":"https:\/\/secure.gravatar.com\/avatar\/6e8017d0fe69dead8a95864d2eb6e1e1d8bf8e01194ba49cf7b897ff038126ba?s=96&d=mm&r=g","contentUrl":"https:\/\/secure.gravatar.com\/avatar\/6e8017d0fe69dead8a95864d2eb6e1e1d8bf8e01194ba49cf7b897ff038126ba?s=96&d=mm&r=g","caption":"Lui Ochoa"},"url":"https:\/\/www.manabi.gob.ec\/index.php\/author\/lochoa\/"}]}},"jetpack_featured_media_url":"https:\/\/www.manabi.gob.ec\/wp-content\/uploads\/2026\/09\/WhatsApp-Image-2026-09-01-at-8.55.00-AM.jpeg","_links":{"self":[{"href":"https:\/\/www.manabi.gob.ec\/index.php\/wp-json\/wp\/v2\/posts\/35439","targetHints":{"allow":["GET"]}}],"collection":[{"href":"https:\/\/www.manabi.gob.ec\/index.php\/wp-json\/wp\/v2\/posts"}],"about":[{"href":"https:\/\/www.manabi.gob.ec\/index.php\/wp-json\/wp\/v2\/types\/post"}],"author":[{"embeddable":true,"href":"https:\/\/www.manabi.gob.ec\/index.php\/wp-json\/wp\/v2\/users\/10"}],"replies":[{"embeddable":true,"href":"https:\/\/www.manabi.gob.ec\/index.php\/wp-json\/wp\/v2\/comments?post=35439"}],"version-history":[{"count":2,"href":"https:\/\/www.manabi.gob.ec\/index.php\/wp-json\/wp\/v2\/posts\/35439\/revisions"}],"predecessor-version":[{"id":35442,"href":"https:\/\/www.manabi.gob.ec\/index.php\/wp-json\/wp\/v2\/posts\/35439\/revisions\/35442"}],"wp:featuredmedia":[{"embeddable":true,"href":"https:\/\/www.manabi.gob.ec\/index.php\/wp-json\/wp\/v2\/media\/35440"}],"wp:attachment":[{"href":"https:\/\/www.manabi.gob.ec\/index.php\/wp-json\/wp\/v2\/media?parent=35439"}],"wp:term":[{"taxonomy":"category","embeddable":true,"href":"https:\/\/www.manabi.gob.ec\/index.php\/wp-json\/wp\/v2\/categories?post=35439"},{"taxonomy":"post_tag","embeddable":true,"href":"https:\/\/www.manabi.gob.ec\/index.php\/wp-json\/wp\/v2\/tags?post=35439"}],"curies":[{"name":"wp","href":"https:\/\/api.w.org\/{rel}","templated":true}]}}