{"id":35443,"date":"2026-09-03T01:11:07","date_gmt":"2026-09-03T01:11:07","guid":{"rendered":"https:\/\/www.manabi.gob.ec\/?p=35443"},"modified":"2026-09-03T01:11:08","modified_gmt":"2026-09-03T01:11:08","slug":"la-flor-de-septiembre-abre-su-edicion-61-con-arte-juventud-y-tradicion","status":"publish","type":"post","link":"https:\/\/www.manabi.gob.ec\/index.php\/la-flor-de-septiembre-abre-su-edicion-61-con-arte-juventud-y-tradicion\/","title":{"rendered":"La Flor de Septiembre abre su edici\u00f3n 61 con arte, juventud y tradici\u00f3n"},"content":{"rendered":"\n<p class=\"wp-block-paragraph\">Con un preg\u00f3n que recorri\u00f3 uno de los accesos a Portoviejo, en el que participaron&nbsp; delegaciones estudiantiles de distintos puntos de Manab\u00ed, se dio inicio a la edici\u00f3n 61 del Festival Cultural La Flor de Septiembre, una tradici\u00f3n que desde 1965 mantiene a las nuevas generaciones como protagonistas de la cultura manabita.<\/p>\n\n\n\n<p class=\"wp-block-paragraph\">La jornada de apertura, se desarroll\u00f3 el 1 de septiembre,&nbsp; y comenz\u00f3 en el sector de la Ciudadela Bellavista y concluy\u00f3 en la Unidad Educativa Olmedo, donde se desarroll\u00f3 el acto inaugural y el concurso de bastoneras. La programaci\u00f3n del Festival se extender\u00e1 durante todo septiembre e incluir\u00e1 concursos de oratoria, canto, cuentos y relatos, dibujo y otras expresiones art\u00edsticas, con la participaci\u00f3n de j\u00f3venes de diferentes instituciones de la provincia.<\/p>\n\n\n\n<p class=\"wp-block-paragraph\">Autoridades de la instituci\u00f3n educativa destacaron que este Festival constituye un encuentro intercolegial que re\u00fane a j\u00f3venes de toda Manab\u00ed alrededor de aquello que identifica a la provincia: su cultura. La Flor de Septiembre mantiene una agenda que busca ofrecer durante todo el mes espacios para que ni\u00f1os, adolescentes y j\u00f3venes desarrollen y compartan sus talentos.<\/p>\n\n\n\n<p class=\"wp-block-paragraph\">El prefecto, Leonardo Orlando, quien particip\u00f3 en la jornada inaugural, resalt\u00f3 la presencia activa de la comunidad estudiantil del plantel y de otros colegios de la provincia, y destac\u00f3 que las diferentes expresiones de arte y cultura permiten integrar a los cantones y fortalecer valores como la unidad y la cultura de paz. Confirm\u00f3 el acompa\u00f1amiento de la Prefectura en varias de las actividades&nbsp; y en su jornada central de cierre, prevista para el 1 de octubre.<\/p>\n\n\n\n<p class=\"wp-block-paragraph\">La Flor de Septiembre naci\u00f3 en 1965 por iniciativa del poeta y educador manabita Horacio Hidrovo Pe\u00f1aherrera, desde el entonces Colegio Nacional Olmedo, y a lo largo de seis d\u00e9cadas ha sido un referente de la promoci\u00f3n de la literatura, las artes y el talento juvenil. Su trayectoria incluso trascendi\u00f3 las fronteras provinciales, con la participaci\u00f3n de escritores, artistas e intelectuales nacionales e internacionales en distintas etapas de su historia.<\/p>\n\n\n\n<p class=\"wp-block-paragraph\">Durante la inauguraci\u00f3n, el prefecto recibi\u00f3 adem\u00e1s un homenaje de la comunidad educativa, que le entreg\u00f3 la boina y la pa\u00f1oleta distintivas de la instituci\u00f3n. Orlando agradeci\u00f3 el gesto y dijo, que se debe seguir promoviendo el arte y la cultura como herramientas para construir una cultura de paz.<\/p>\n\n\n\n<p class=\"wp-block-paragraph\">Con esta nueva edici\u00f3n, La Flor de Septiembre vuelve a abrir sus escenarios para que las nuevas generaciones mantengan viva una de las expresiones culturales estudiantiles m\u00e1s emblem\u00e1ticas de Manab\u00ed.<\/p>\n\n\n\n<p class=\"wp-block-paragraph\"><\/p>\n","protected":false},"excerpt":{"rendered":"<p>Con un preg\u00f3n que recorri\u00f3 uno de los accesos a Portoviejo, en el que participaron&nbsp; delegaciones estudiantiles de distintos puntos de Manab\u00ed, se dio inicio a la edici\u00f3n 61 del Festival Cultural La Flor de Septiembre, una tradici\u00f3n que desde 1965 mantiene a las nuevas generaciones como protagonistas de la cultura manabita. La jornada de [&hellip;]<\/p>\n","protected":false},"author":10,"featured_media":35444,"comment_status":"closed","ping_status":"closed","sticky":false,"template":"","format":"standard","meta":{"_joinchat":[],"footnotes":""},"categories":[150,142,92,132,91],"tags":[],"class_list":["post-35443","post","type-post","status-publish","format-standard","has-post-thumbnail","hentry","category-ambiente","category-desarrollo-social","category-noticias-manabi","category-portoviejo","category-todas"],"yoast_head":"<!-- This site is optimized with the Yoast SEO plugin v27.4 - https:\/\/yoast.com\/product\/yoast-seo-wordpress\/ -->\n<title>La Flor de Septiembre abre su edici\u00f3n 61 con arte, juventud y tradici\u00f3n - Prefectura de Manab\u00ed<\/title>\n<meta name=\"robots\" content=\"index, follow, max-snippet:-1, max-image-preview:large, max-video-preview:-1\" \/>\n<link rel=\"canonical\" href=\"https:\/\/www.manabi.gob.ec\/index.php\/la-flor-de-septiembre-abre-su-edicion-61-con-arte-juventud-y-tradicion\/\" \/>\n<meta property=\"og:locale\" content=\"es_ES\" \/>\n<meta property=\"og:type\" content=\"article\" \/>\n<meta property=\"og:title\" content=\"La Flor de Septiembre abre su edici\u00f3n 61 con arte, juventud y tradici\u00f3n - Prefectura de Manab\u00ed\" \/>\n<meta property=\"og:description\" content=\"Con un preg\u00f3n que recorri\u00f3 uno de los accesos a Portoviejo, en el que participaron&nbsp; delegaciones estudiantiles de distintos puntos de Manab\u00ed, se dio inicio a la edici\u00f3n 61 del Festival Cultural La Flor de Septiembre, una tradici\u00f3n que desde 1965 mantiene a las nuevas generaciones como protagonistas de la cultura manabita. La jornada de [&hellip;]\" \/>\n<meta property=\"og:url\" content=\"https:\/\/www.manabi.gob.ec\/index.php\/la-flor-de-septiembre-abre-su-edicion-61-con-arte-juventud-y-tradicion\/\" \/>\n<meta property=\"og:site_name\" content=\"Prefectura de Manab\u00ed\" \/>\n<meta property=\"article:published_time\" content=\"2026-09-03T01:11:07+00:00\" \/>\n<meta property=\"article:modified_time\" content=\"2026-09-03T01:11:08+00:00\" \/>\n<meta property=\"og:image\" content=\"https:\/\/www.manabi.gob.ec\/wp-content\/uploads\/2026\/09\/WhatsApp-Image-2026-09-01-at-10.45.03-AM.jpeg\" \/>\n\t<meta property=\"og:image:width\" content=\"1280\" \/>\n\t<meta property=\"og:image:height\" content=\"853\" \/>\n\t<meta property=\"og:image:type\" content=\"image\/jpeg\" \/>\n<meta name=\"author\" content=\"Lui Ochoa\" \/>\n<meta name=\"twitter:card\" content=\"summary_large_image\" \/>\n<meta name=\"twitter:label1\" content=\"Escrito por\" \/>\n\t<meta name=\"twitter:data1\" content=\"Lui Ochoa\" \/>\n\t<meta name=\"twitter:label2\" content=\"Tiempo de lectura\" \/>\n\t<meta name=\"twitter:data2\" content=\"3 minutos\" \/>\n<script type=\"application\/ld+json\" class=\"yoast-schema-graph\">{\"@context\":\"https:\\\/\\\/schema.org\",\"@graph\":[{\"@type\":\"Article\",\"@id\":\"https:\\\/\\\/www.manabi.gob.ec\\\/index.php\\\/la-flor-de-septiembre-abre-su-edicion-61-con-arte-juventud-y-tradicion\\\/#article\",\"isPartOf\":{\"@id\":\"https:\\\/\\\/www.manabi.gob.ec\\\/index.php\\\/la-flor-de-septiembre-abre-su-edicion-61-con-arte-juventud-y-tradicion\\\/\"},\"author\":{\"name\":\"Lui Ochoa\",\"@id\":\"https:\\\/\\\/www.manabi.gob.ec\\\/#\\\/schema\\\/person\\\/c4f117989332ad723a6ced5994aa7d7a\"},\"headline\":\"La Flor de Septiembre abre su edici\u00f3n 61 con arte, juventud y tradici\u00f3n\",\"datePublished\":\"2026-09-03T01:11:07+00:00\",\"dateModified\":\"2026-09-03T01:11:08+00:00\",\"mainEntityOfPage\":{\"@id\":\"https:\\\/\\\/www.manabi.gob.ec\\\/index.php\\\/la-flor-de-septiembre-abre-su-edicion-61-con-arte-juventud-y-tradicion\\\/\"},\"wordCount\":441,\"image\":{\"@id\":\"https:\\\/\\\/www.manabi.gob.ec\\\/index.php\\\/la-flor-de-septiembre-abre-su-edicion-61-con-arte-juventud-y-tradicion\\\/#primaryimage\"},\"thumbnailUrl\":\"https:\\\/\\\/www.manabi.gob.ec\\\/wp-content\\\/uploads\\\/2026\\\/09\\\/WhatsApp-Image-2026-09-01-at-10.45.03-AM.jpeg\",\"articleSection\":[\"Ambiente\",\"Desarrollo Social\",\"Noticias\",\"Portoviejo\",\"Todas\"],\"inLanguage\":\"es\"},{\"@type\":\"WebPage\",\"@id\":\"https:\\\/\\\/www.manabi.gob.ec\\\/index.php\\\/la-flor-de-septiembre-abre-su-edicion-61-con-arte-juventud-y-tradicion\\\/\",\"url\":\"https:\\\/\\\/www.manabi.gob.ec\\\/index.php\\\/la-flor-de-septiembre-abre-su-edicion-61-con-arte-juventud-y-tradicion\\\/\",\"name\":\"La Flor de Septiembre abre su edici\u00f3n 61 con arte, juventud y tradici\u00f3n - Prefectura de Manab\u00ed\",\"isPartOf\":{\"@id\":\"https:\\\/\\\/www.manabi.gob.ec\\\/#website\"},\"primaryImageOfPage\":{\"@id\":\"https:\\\/\\\/www.manabi.gob.ec\\\/index.php\\\/la-flor-de-septiembre-abre-su-edicion-61-con-arte-juventud-y-tradicion\\\/#primaryimage\"},\"image\":{\"@id\":\"https:\\\/\\\/www.manabi.gob.ec\\\/index.php\\\/la-flor-de-septiembre-abre-su-edicion-61-con-arte-juventud-y-tradicion\\\/#primaryimage\"},\"thumbnailUrl\":\"https:\\\/\\\/www.manabi.gob.ec\\\/wp-content\\\/uploads\\\/2026\\\/09\\\/WhatsApp-Image-2026-09-01-at-10.45.03-AM.jpeg\",\"datePublished\":\"2026-09-03T01:11:07+00:00\",\"dateModified\":\"2026-09-03T01:11:08+00:00\",\"author\":{\"@id\":\"https:\\\/\\\/www.manabi.gob.ec\\\/#\\\/schema\\\/person\\\/c4f117989332ad723a6ced5994aa7d7a\"},\"breadcrumb\":{\"@id\":\"https:\\\/\\\/www.manabi.gob.ec\\\/index.php\\\/la-flor-de-septiembre-abre-su-edicion-61-con-arte-juventud-y-tradicion\\\/#breadcrumb\"},\"inLanguage\":\"es\",\"potentialAction\":[{\"@type\":\"ReadAction\",\"target\":[\"https:\\\/\\\/www.manabi.gob.ec\\\/index.php\\\/la-flor-de-septiembre-abre-su-edicion-61-con-arte-juventud-y-tradicion\\\/\"]}]},{\"@type\":\"ImageObject\",\"inLanguage\":\"es\",\"@id\":\"https:\\\/\\\/www.manabi.gob.ec\\\/index.php\\\/la-flor-de-septiembre-abre-su-edicion-61-con-arte-juventud-y-tradicion\\\/#primaryimage\",\"url\":\"https:\\\/\\\/www.manabi.gob.ec\\\/wp-content\\\/uploads\\\/2026\\\/09\\\/WhatsApp-Image-2026-09-01-at-10.45.03-AM.jpeg\",\"contentUrl\":\"https:\\\/\\\/www.manabi.gob.ec\\\/wp-content\\\/uploads\\\/2026\\\/09\\\/WhatsApp-Image-2026-09-01-at-10.45.03-AM.jpeg\",\"width\":1280,\"height\":853},{\"@type\":\"BreadcrumbList\",\"@id\":\"https:\\\/\\\/www.manabi.gob.ec\\\/index.php\\\/la-flor-de-septiembre-abre-su-edicion-61-con-arte-juventud-y-tradicion\\\/#breadcrumb\",\"itemListElement\":[{\"@type\":\"ListItem\",\"position\":1,\"name\":\"Portada\",\"item\":\"https:\\\/\\\/www.manabi.gob.ec\\\/\"},{\"@type\":\"ListItem\",\"position\":2,\"name\":\"La Flor de Septiembre abre su edici\u00f3n 61 con arte, juventud y tradici\u00f3n\"}]},{\"@type\":\"WebSite\",\"@id\":\"https:\\\/\\\/www.manabi.gob.ec\\\/#website\",\"url\":\"https:\\\/\\\/www.manabi.gob.ec\\\/\",\"name\":\"Prefectura de Manab\u00ed\",\"description\":\"P\u00e1gina web de la prefectura\",\"potentialAction\":[{\"@type\":\"SearchAction\",\"target\":{\"@type\":\"EntryPoint\",\"urlTemplate\":\"https:\\\/\\\/www.manabi.gob.ec\\\/?s={search_term_string}\"},\"query-input\":{\"@type\":\"PropertyValueSpecification\",\"valueRequired\":true,\"valueName\":\"search_term_string\"}}],\"inLanguage\":\"es\"},{\"@type\":\"Person\",\"@id\":\"https:\\\/\\\/www.manabi.gob.ec\\\/#\\\/schema\\\/person\\\/c4f117989332ad723a6ced5994aa7d7a\",\"name\":\"Lui Ochoa\",\"image\":{\"@type\":\"ImageObject\",\"inLanguage\":\"es\",\"@id\":\"https:\\\/\\\/secure.gravatar.com\\\/avatar\\\/6e8017d0fe69dead8a95864d2eb6e1e1d8bf8e01194ba49cf7b897ff038126ba?s=96&d=mm&r=g\",\"url\":\"https:\\\/\\\/secure.gravatar.com\\\/avatar\\\/6e8017d0fe69dead8a95864d2eb6e1e1d8bf8e01194ba49cf7b897ff038126ba?s=96&d=mm&r=g\",\"contentUrl\":\"https:\\\/\\\/secure.gravatar.com\\\/avatar\\\/6e8017d0fe69dead8a95864d2eb6e1e1d8bf8e01194ba49cf7b897ff038126ba?s=96&d=mm&r=g\",\"caption\":\"Lui Ochoa\"},\"url\":\"https:\\\/\\\/www.manabi.gob.ec\\\/index.php\\\/author\\\/lochoa\\\/\"}]}<\/script>\n<!-- \/ Yoast SEO plugin. -->","yoast_head_json":{"title":"La Flor de Septiembre abre su edici\u00f3n 61 con arte, juventud y tradici\u00f3n - Prefectura de Manab\u00ed","robots":{"index":"index","follow":"follow","max-snippet":"max-snippet:-1","max-image-preview":"max-image-preview:large","max-video-preview":"max-video-preview:-1"},"canonical":"https:\/\/www.manabi.gob.ec\/index.php\/la-flor-de-septiembre-abre-su-edicion-61-con-arte-juventud-y-tradicion\/","og_locale":"es_ES","og_type":"article","og_title":"La Flor de Septiembre abre su edici\u00f3n 61 con arte, juventud y tradici\u00f3n - Prefectura de Manab\u00ed","og_description":"Con un preg\u00f3n que recorri\u00f3 uno de los accesos a Portoviejo, en el que participaron&nbsp; delegaciones estudiantiles de distintos puntos de Manab\u00ed, se dio inicio a la edici\u00f3n 61 del Festival Cultural La Flor de Septiembre, una tradici\u00f3n que desde 1965 mantiene a las nuevas generaciones como protagonistas de la cultura manabita. La jornada de [&hellip;]","og_url":"https:\/\/www.manabi.gob.ec\/index.php\/la-flor-de-septiembre-abre-su-edicion-61-con-arte-juventud-y-tradicion\/","og_site_name":"Prefectura de Manab\u00ed","article_published_time":"2026-09-03T01:11:07+00:00","article_modified_time":"2026-09-03T01:11:08+00:00","og_image":[{"width":1280,"height":853,"url":"https:\/\/www.manabi.gob.ec\/wp-content\/uploads\/2026\/09\/WhatsApp-Image-2026-09-01-at-10.45.03-AM.jpeg","type":"image\/jpeg"}],"author":"Lui Ochoa","twitter_card":"summary_large_image","twitter_misc":{"Escrito por":"Lui Ochoa","Tiempo de lectura":"3 minutos"},"schema":{"@context":"https:\/\/schema.org","@graph":[{"@type":"Article","@id":"https:\/\/www.manabi.gob.ec\/index.php\/la-flor-de-septiembre-abre-su-edicion-61-con-arte-juventud-y-tradicion\/#article","isPartOf":{"@id":"https:\/\/www.manabi.gob.ec\/index.php\/la-flor-de-septiembre-abre-su-edicion-61-con-arte-juventud-y-tradicion\/"},"author":{"name":"Lui Ochoa","@id":"https:\/\/www.manabi.gob.ec\/#\/schema\/person\/c4f117989332ad723a6ced5994aa7d7a"},"headline":"La Flor de Septiembre abre su edici\u00f3n 61 con arte, juventud y tradici\u00f3n","datePublished":"2026-09-03T01:11:07+00:00","dateModified":"2026-09-03T01:11:08+00:00","mainEntityOfPage":{"@id":"https:\/\/www.manabi.gob.ec\/index.php\/la-flor-de-septiembre-abre-su-edicion-61-con-arte-juventud-y-tradicion\/"},"wordCount":441,"image":{"@id":"https:\/\/www.manabi.gob.ec\/index.php\/la-flor-de-septiembre-abre-su-edicion-61-con-arte-juventud-y-tradicion\/#primaryimage"},"thumbnailUrl":"https:\/\/www.manabi.gob.ec\/wp-content\/uploads\/2026\/09\/WhatsApp-Image-2026-09-01-at-10.45.03-AM.jpeg","articleSection":["Ambiente","Desarrollo Social","Noticias","Portoviejo","Todas"],"inLanguage":"es"},{"@type":"WebPage","@id":"https:\/\/www.manabi.gob.ec\/index.php\/la-flor-de-septiembre-abre-su-edicion-61-con-arte-juventud-y-tradicion\/","url":"https:\/\/www.manabi.gob.ec\/index.php\/la-flor-de-septiembre-abre-su-edicion-61-con-arte-juventud-y-tradicion\/","name":"La Flor de Septiembre abre su edici\u00f3n 61 con arte, juventud y tradici\u00f3n - Prefectura de Manab\u00ed","isPartOf":{"@id":"https:\/\/www.manabi.gob.ec\/#website"},"primaryImageOfPage":{"@id":"https:\/\/www.manabi.gob.ec\/index.php\/la-flor-de-septiembre-abre-su-edicion-61-con-arte-juventud-y-tradicion\/#primaryimage"},"image":{"@id":"https:\/\/www.manabi.gob.ec\/index.php\/la-flor-de-septiembre-abre-su-edicion-61-con-arte-juventud-y-tradicion\/#primaryimage"},"thumbnailUrl":"https:\/\/www.manabi.gob.ec\/wp-content\/uploads\/2026\/09\/WhatsApp-Image-2026-09-01-at-10.45.03-AM.jpeg","datePublished":"2026-09-03T01:11:07+00:00","dateModified":"2026-09-03T01:11:08+00:00","author":{"@id":"https:\/\/www.manabi.gob.ec\/#\/schema\/person\/c4f117989332ad723a6ced5994aa7d7a"},"breadcrumb":{"@id":"https:\/\/www.manabi.gob.ec\/index.php\/la-flor-de-septiembre-abre-su-edicion-61-con-arte-juventud-y-tradicion\/#breadcrumb"},"inLanguage":"es","potentialAction":[{"@type":"ReadAction","target":["https:\/\/www.manabi.gob.ec\/index.php\/la-flor-de-septiembre-abre-su-edicion-61-con-arte-juventud-y-tradicion\/"]}]},{"@type":"ImageObject","inLanguage":"es","@id":"https:\/\/www.manabi.gob.ec\/index.php\/la-flor-de-septiembre-abre-su-edicion-61-con-arte-juventud-y-tradicion\/#primaryimage","url":"https:\/\/www.manabi.gob.ec\/wp-content\/uploads\/2026\/09\/WhatsApp-Image-2026-09-01-at-10.45.03-AM.jpeg","contentUrl":"https:\/\/www.manabi.gob.ec\/wp-content\/uploads\/2026\/09\/WhatsApp-Image-2026-09-01-at-10.45.03-AM.jpeg","width":1280,"height":853},{"@type":"BreadcrumbList","@id":"https:\/\/www.manabi.gob.ec\/index.php\/la-flor-de-septiembre-abre-su-edicion-61-con-arte-juventud-y-tradicion\/#breadcrumb","itemListElement":[{"@type":"ListItem","position":1,"name":"Portada","item":"https:\/\/www.manabi.gob.ec\/"},{"@type":"ListItem","position":2,"name":"La Flor de Septiembre abre su edici\u00f3n 61 con arte, juventud y tradici\u00f3n"}]},{"@type":"WebSite","@id":"https:\/\/www.manabi.gob.ec\/#website","url":"https:\/\/www.manabi.gob.ec\/","name":"Prefectura de Manab\u00ed","description":"P\u00e1gina web de la prefectura","potentialAction":[{"@type":"SearchAction","target":{"@type":"EntryPoint","urlTemplate":"https:\/\/www.manabi.gob.ec\/?s={search_term_string}"},"query-input":{"@type":"PropertyValueSpecification","valueRequired":true,"valueName":"search_term_string"}}],"inLanguage":"es"},{"@type":"Person","@id":"https:\/\/www.manabi.gob.ec\/#\/schema\/person\/c4f117989332ad723a6ced5994aa7d7a","name":"Lui Ochoa","image":{"@type":"ImageObject","inLanguage":"es","@id":"https:\/\/secure.gravatar.com\/avatar\/6e8017d0fe69dead8a95864d2eb6e1e1d8bf8e01194ba49cf7b897ff038126ba?s=96&d=mm&r=g","url":"https:\/\/secure.gravatar.com\/avatar\/6e8017d0fe69dead8a95864d2eb6e1e1d8bf8e01194ba49cf7b897ff038126ba?s=96&d=mm&r=g","contentUrl":"https:\/\/secure.gravatar.com\/avatar\/6e8017d0fe69dead8a95864d2eb6e1e1d8bf8e01194ba49cf7b897ff038126ba?s=96&d=mm&r=g","caption":"Lui Ochoa"},"url":"https:\/\/www.manabi.gob.ec\/index.php\/author\/lochoa\/"}]}},"jetpack_featured_media_url":"https:\/\/www.manabi.gob.ec\/wp-content\/uploads\/2026\/09\/WhatsApp-Image-2026-09-01-at-10.45.03-AM.jpeg","_links":{"self":[{"href":"https:\/\/www.manabi.gob.ec\/index.php\/wp-json\/wp\/v2\/posts\/35443","targetHints":{"allow":["GET"]}}],"collection":[{"href":"https:\/\/www.manabi.gob.ec\/index.php\/wp-json\/wp\/v2\/posts"}],"about":[{"href":"https:\/\/www.manabi.gob.ec\/index.php\/wp-json\/wp\/v2\/types\/post"}],"author":[{"embeddable":true,"href":"https:\/\/www.manabi.gob.ec\/index.php\/wp-json\/wp\/v2\/users\/10"}],"replies":[{"embeddable":true,"href":"https:\/\/www.manabi.gob.ec\/index.php\/wp-json\/wp\/v2\/comments?post=35443"}],"version-history":[{"count":1,"href":"https:\/\/www.manabi.gob.ec\/index.php\/wp-json\/wp\/v2\/posts\/35443\/revisions"}],"predecessor-version":[{"id":35445,"href":"https:\/\/www.manabi.gob.ec\/index.php\/wp-json\/wp\/v2\/posts\/35443\/revisions\/35445"}],"wp:featuredmedia":[{"embeddable":true,"href":"https:\/\/www.manabi.gob.ec\/index.php\/wp-json\/wp\/v2\/media\/35444"}],"wp:attachment":[{"href":"https:\/\/www.manabi.gob.ec\/index.php\/wp-json\/wp\/v2\/media?parent=35443"}],"wp:term":[{"taxonomy":"category","embeddable":true,"href":"https:\/\/www.manabi.gob.ec\/index.php\/wp-json\/wp\/v2\/categories?post=35443"},{"taxonomy":"post_tag","embeddable":true,"href":"https:\/\/www.manabi.gob.ec\/index.php\/wp-json\/wp\/v2\/tags?post=35443"}],"curies":[{"name":"wp","href":"https:\/\/api.w.org\/{rel}","templated":true}]}}